{"id":58043,"date":"2018-11-13T12:06:54","date_gmt":"2018-11-13T15:06:54","guid":{"rendered":"https:\/\/www.blogsoestado.com\/danielmatos\/?p=58043"},"modified":"2018-11-13T12:06:54","modified_gmt":"2018-11-13T15:06:54","slug":"tema-reune-se-com-cupula-da-ssp-e-trata-sobre-execucao-do-prefeito-de-davinopolis","status":"publish","type":"post","link":"https:\/\/www.blogsoestado.com\/danielmatos\/tema-reune-se-com-cupula-da-ssp-e-trata-sobre-execucao-do-prefeito-de-davinopolis\/","title":{"rendered":"Tema re\u00fane-se com c\u00fapula da SSP e trata sobre execu\u00e7\u00e3o do prefeito de Davin\u00f3polis"},"content":{"rendered":"<figure id=\"attachment_58044\" aria-describedby=\"caption-attachment-58044\" style=\"width: 650px\" class=\"wp-caption aligncenter\"><a href=\"https:\/\/www.blogsoestado.com\/danielmatos\/2018\/11\/13\/tema-reune-se-com-cupula-da-ssp-e-trata-sobre-execucao-do-prefeito-de-davinopolis\/tema-ssp\/\" rel=\"attachment wp-att-58044\"><img fetchpriority=\"high\" decoding=\"async\" class=\"wp-image-58044\" src=\"https:\/\/www.blogsoestado.com\/danielmatos\/files\/2018\/11\/tema-ssp.jpg\" alt=\"\" width=\"650\" height=\"488\" \/><\/a><figcaption id=\"caption-attachment-58044\" class=\"wp-caption-text\">Tema agradeceu a receptividade dispensada a ele pelos representantes da secretaria<\/figcaption><\/figure>\n<p>O presidente da Federa\u00e7\u00e3o dos Munic\u00edpios do Estado do Maranh\u00e3o (Famem), Cleomar Tema, reuniu-se, nesta segunda-feira (12), com representantes da c\u00fapula da Secretaria de Estado da Seguran\u00e7a P\u00fablica (SSP).<\/p>\n<p>Na oportunidade, o l\u00edder municipalista solicitou empenho e celeridade no que se refere a elucida\u00e7\u00e3o do assassinato do prefeito de Davin\u00f3polis, Ivanildo Paiva.<\/p>\n<p>O gestor foi encontrado morto em um terreno pr\u00f3ximo \u00e0 sua fazenda neste \u00faltimo domingo. Ele foi executado com pelo menos sete tiros.<\/p>\n<p>Tema foi recebido pelo subsecret\u00e1rio estadual de Seguran\u00e7a P\u00fablica, Saulo de Tarso, que representou o titular da pasta, Jefferson Portela, que est\u00e1 viajando a trabalho.<\/p>\n<p>Tamb\u00e9m participaram do encontro o delegado-geral Leonardo Diniz; Geraldo Nascimento, Marcelo Freitas e Ilan Kelson &#8212; diretor-executivo, chefe de gabinete e assessor jur\u00eddico da Federa\u00e7\u00e3o, respectivamente.<\/p>\n<p>Cleomar Tema, al\u00e9m de ratificar o pedido de celeridade nas investiga\u00e7\u00f5es, relatou ao subsecret\u00e1rio o sentimento de inseguran\u00e7a que, hoje, toma conta dos prefeitos e prefeitas maranhenses.<\/p>\n<p>\u201cO prefeito, na maioria dos casos, anda com medo, temeroso de que, a qualquer momento, pode ser abordado por um criminoso e tornar-se v\u00edtima de uma situa\u00e7\u00e3o pior. \u00c9 necess\u00e1rio que os gestores tomem precau\u00e7\u00f5es, reforcem sua seguran\u00e7a\u201d, comentou o prefeito de Tuntum.<\/p>\n<p>Saulo de Tarso informou que, t\u00e3o logo a SSP tomou conhecimento da morte de Ivanildo Paiva, foram mobilizadas equipes policiais que, no atual est\u00e1gio, est\u00e3o sendo coordenadas por quatro delegados da Pol\u00edcia Civil.<\/p>\n<p>\u201cJ\u00e1 possu\u00edmos uma linha definida de investiga\u00e7\u00e3o. O trabalho est\u00e1 sendo feito com cuidado, mas tamb\u00e9m obtendo celeridade. Temos profissionais qualificados trabalhando no caso. E em breve, garanto, faremos os an\u00fancios necess\u00e1rios. Agrade\u00e7o a visita do presidente Tema, que \u00e9 um defensor dos prefeitos e prefeitas do estado\u201d, disse.<\/p>\n<p>Tema agradeceu a receptividade dispensada a ele pelos representantes da secretaria.<\/p>\n<p>\u201cSou sempre muito bem recebido pelos profissionais que fazem a Secretaria de Estado da Seguran\u00e7a P\u00fablica, um dos setores que, sem d\u00favida, avan\u00e7ou muito no governo Fl\u00e1vio Dino\u201d.<\/p>\n","protected":false},"excerpt":{"rendered":"<p>O presidente da Federa\u00e7\u00e3o dos Munic\u00edpios do Estado do Maranh\u00e3o (Famem), Cleomar Tema, reuniu-se, nesta segunda-feira (12), com representantes da [&hellip;]<\/p>\n","protected":false},"author":0,"featured_media":0,"comment_status":"open","ping_status":"open","sticky":false,"template":"","format":"standard","meta":{"site-sidebar-layout":"default","site-content-layout":"","ast-site-content-layout":"default","site-content-style":"default","site-sidebar-style":"default","ast-global-header-display":"","ast-banner-title-visibility":"","ast-main-header-display":"","ast-hfb-above-header-display":"","ast-hfb-below-header-display":"","ast-hfb-mobile-header-display":"","site-post-title":"","ast-breadcrumbs-content":"","ast-featured-img":"","footer-sml-layout":"","ast-disable-related-posts":"","theme-transparent-header-meta":"","adv-header-id-meta":"","stick-header-meta":"","header-above-stick-meta":"","header-main-stick-meta":"","header-below-stick-meta":"","astra-migrate-meta-layouts":"default","ast-page-background-enabled":"default","ast-page-background-meta":{"desktop":{"background-color":"var(--ast-global-color-5)","background-image":"","background-repeat":"repeat","background-position":"center center","background-size":"auto","background-attachment":"scroll","background-type":"","background-media":"","overlay-type":"","overlay-color":"","overlay-opacity":"","overlay-gradient":""},"tablet":{"background-color":"","background-image":"","background-repeat":"repeat","background-position":"center center","background-size":"auto","background-attachment":"scroll","background-type":"","background-media":"","overlay-type":"","overlay-color":"","overlay-opacity":"","overlay-gradient":""},"mobile":{"background-color":"","background-image":"","background-repeat":"repeat","background-position":"center center","background-size":"auto","background-attachment":"scroll","background-type":"","background-media":"","overlay-type":"","overlay-color":"","overlay-opacity":"","overlay-gradient":""}},"ast-content-background-meta":{"desktop":{"background-color":"var(--ast-global-color-4)","background-image":"","background-repeat":"repeat","background-position":"center center","background-size":"auto","background-attachment":"scroll","background-type":"","background-media":"","overlay-type":"","overlay-color":"","overlay-opacity":"","overlay-gradient":""},"tablet":{"background-color":"var(--ast-global-color-4)","background-image":"","background-repeat":"repeat","background-position":"center center","background-size":"auto","background-attachment":"scroll","background-type":"","background-media":"","overlay-type":"","overlay-color":"","overlay-opacity":"","overlay-gradient":""},"mobile":{"background-color":"var(--ast-global-color-4)","background-image":"","background-repeat":"repeat","background-position":"center center","background-size":"auto","background-attachment":"scroll","background-type":"","background-media":"","overlay-type":"","overlay-color":"","overlay-opacity":"","overlay-gradient":""}},"footnotes":""},"categories":[1],"tags":[],"class_list":["post-58043","post","type-post","status-publish","format-standard","hentry","category-sem-categoria"],"yoast_head":"<!-- This site is optimized with the Yoast SEO plugin v26.6 - https:\/\/yoast.com\/wordpress\/plugins\/seo\/ -->\n<title>Tema re\u00fane-se com c\u00fapula da SSP e trata sobre execu\u00e7\u00e3o do prefeito de Davin\u00f3polis - Daniel Matos<\/title>\n<meta name=\"robots\" content=\"index, follow, max-snippet:-1, max-image-preview:large, max-video-preview:-1\" \/>\n<link rel=\"canonical\" href=\"https:\/\/www.blogsoestado.com\/danielmatos\/tema-reune-se-com-cupula-da-ssp-e-trata-sobre-execucao-do-prefeito-de-davinopolis\/\" \/>\n<meta property=\"og:locale\" content=\"pt_BR\" \/>\n<meta property=\"og:type\" content=\"article\" \/>\n<meta property=\"og:title\" content=\"Tema re\u00fane-se com c\u00fapula da SSP e trata sobre execu\u00e7\u00e3o do prefeito de Davin\u00f3polis - Daniel Matos\" \/>\n<meta property=\"og:description\" content=\"O presidente da Federa\u00e7\u00e3o dos Munic\u00edpios do Estado do Maranh\u00e3o (Famem), Cleomar Tema, reuniu-se, nesta segunda-feira (12), com representantes da [&hellip;]\" \/>\n<meta property=\"og:url\" content=\"https:\/\/www.blogsoestado.com\/danielmatos\/tema-reune-se-com-cupula-da-ssp-e-trata-sobre-execucao-do-prefeito-de-davinopolis\/\" \/>\n<meta property=\"og:site_name\" content=\"Daniel Matos\" \/>\n<meta property=\"article:published_time\" content=\"2018-11-13T15:06:54+00:00\" \/>\n<meta property=\"og:image\" content=\"https:\/\/www.blogsoestado.com\/danielmatos\/files\/2018\/11\/tema-ssp.jpg\" \/>\n<meta name=\"twitter:card\" content=\"summary_large_image\" \/>\n<meta name=\"twitter:label1\" content=\"Est. tempo de leitura\" \/>\n\t<meta name=\"twitter:data1\" content=\"2 minutos\" \/>\n<script type=\"application\/ld+json\" class=\"yoast-schema-graph\">{\"@context\":\"https:\/\/schema.org\",\"@graph\":[{\"@type\":\"WebPage\",\"@id\":\"https:\/\/www.blogsoestado.com\/danielmatos\/tema-reune-se-com-cupula-da-ssp-e-trata-sobre-execucao-do-prefeito-de-davinopolis\/\",\"url\":\"https:\/\/www.blogsoestado.com\/danielmatos\/tema-reune-se-com-cupula-da-ssp-e-trata-sobre-execucao-do-prefeito-de-davinopolis\/\",\"name\":\"Tema re\u00fane-se com c\u00fapula da SSP e trata sobre execu\u00e7\u00e3o do prefeito de Davin\u00f3polis - Daniel Matos\",\"isPartOf\":{\"@id\":\"https:\/\/www.blogsoestado.com\/danielmatos\/#website\"},\"primaryImageOfPage\":{\"@id\":\"https:\/\/www.blogsoestado.com\/danielmatos\/tema-reune-se-com-cupula-da-ssp-e-trata-sobre-execucao-do-prefeito-de-davinopolis\/#primaryimage\"},\"image\":{\"@id\":\"https:\/\/www.blogsoestado.com\/danielmatos\/tema-reune-se-com-cupula-da-ssp-e-trata-sobre-execucao-do-prefeito-de-davinopolis\/#primaryimage\"},\"thumbnailUrl\":\"https:\/\/www.blogsoestado.com\/danielmatos\/files\/2018\/11\/tema-ssp.jpg\",\"datePublished\":\"2018-11-13T15:06:54+00:00\",\"author\":{\"@id\":\"\"},\"breadcrumb\":{\"@id\":\"https:\/\/www.blogsoestado.com\/danielmatos\/tema-reune-se-com-cupula-da-ssp-e-trata-sobre-execucao-do-prefeito-de-davinopolis\/#breadcrumb\"},\"inLanguage\":\"pt-BR\",\"potentialAction\":[{\"@type\":\"ReadAction\",\"target\":[\"https:\/\/www.blogsoestado.com\/danielmatos\/tema-reune-se-com-cupula-da-ssp-e-trata-sobre-execucao-do-prefeito-de-davinopolis\/\"]}]},{\"@type\":\"ImageObject\",\"inLanguage\":\"pt-BR\",\"@id\":\"https:\/\/www.blogsoestado.com\/danielmatos\/tema-reune-se-com-cupula-da-ssp-e-trata-sobre-execucao-do-prefeito-de-davinopolis\/#primaryimage\",\"url\":\"https:\/\/www.blogsoestado.com\/danielmatos\/files\/2018\/11\/tema-ssp.jpg\",\"contentUrl\":\"https:\/\/www.blogsoestado.com\/danielmatos\/files\/2018\/11\/tema-ssp.jpg\"},{\"@type\":\"BreadcrumbList\",\"@id\":\"https:\/\/www.blogsoestado.com\/danielmatos\/tema-reune-se-com-cupula-da-ssp-e-trata-sobre-execucao-do-prefeito-de-davinopolis\/#breadcrumb\",\"itemListElement\":[{\"@type\":\"ListItem\",\"position\":1,\"name\":\"In\u00edcio\",\"item\":\"https:\/\/www.blogsoestado.com\/danielmatos\/\"},{\"@type\":\"ListItem\",\"position\":2,\"name\":\"Tema re\u00fane-se com c\u00fapula da SSP e trata sobre execu\u00e7\u00e3o do prefeito de Davin\u00f3polis\"}]},{\"@type\":\"WebSite\",\"@id\":\"https:\/\/www.blogsoestado.com\/danielmatos\/#website\",\"url\":\"https:\/\/www.blogsoestado.com\/danielmatos\/\",\"name\":\"Daniel Matos\",\"description\":\"\",\"potentialAction\":[{\"@type\":\"SearchAction\",\"target\":{\"@type\":\"EntryPoint\",\"urlTemplate\":\"https:\/\/www.blogsoestado.com\/danielmatos\/?s={search_term_string}\"},\"query-input\":{\"@type\":\"PropertyValueSpecification\",\"valueRequired\":true,\"valueName\":\"search_term_string\"}}],\"inLanguage\":\"pt-BR\"}]}<\/script>\n<!-- \/ Yoast SEO plugin. -->","yoast_head_json":{"title":"Tema re\u00fane-se com c\u00fapula da SSP e trata sobre execu\u00e7\u00e3o do prefeito de Davin\u00f3polis - Daniel Matos","robots":{"index":"index","follow":"follow","max-snippet":"max-snippet:-1","max-image-preview":"max-image-preview:large","max-video-preview":"max-video-preview:-1"},"canonical":"https:\/\/www.blogsoestado.com\/danielmatos\/tema-reune-se-com-cupula-da-ssp-e-trata-sobre-execucao-do-prefeito-de-davinopolis\/","og_locale":"pt_BR","og_type":"article","og_title":"Tema re\u00fane-se com c\u00fapula da SSP e trata sobre execu\u00e7\u00e3o do prefeito de Davin\u00f3polis - Daniel Matos","og_description":"O presidente da Federa\u00e7\u00e3o dos Munic\u00edpios do Estado do Maranh\u00e3o (Famem), Cleomar Tema, reuniu-se, nesta segunda-feira (12), com representantes da [&hellip;]","og_url":"https:\/\/www.blogsoestado.com\/danielmatos\/tema-reune-se-com-cupula-da-ssp-e-trata-sobre-execucao-do-prefeito-de-davinopolis\/","og_site_name":"Daniel Matos","article_published_time":"2018-11-13T15:06:54+00:00","og_image":[{"url":"https:\/\/www.blogsoestado.com\/danielmatos\/files\/2018\/11\/tema-ssp.jpg","type":"","width":"","height":""}],"twitter_card":"summary_large_image","twitter_misc":{"Est. tempo de leitura":"2 minutos"},"schema":{"@context":"https:\/\/schema.org","@graph":[{"@type":"WebPage","@id":"https:\/\/www.blogsoestado.com\/danielmatos\/tema-reune-se-com-cupula-da-ssp-e-trata-sobre-execucao-do-prefeito-de-davinopolis\/","url":"https:\/\/www.blogsoestado.com\/danielmatos\/tema-reune-se-com-cupula-da-ssp-e-trata-sobre-execucao-do-prefeito-de-davinopolis\/","name":"Tema re\u00fane-se com c\u00fapula da SSP e trata sobre execu\u00e7\u00e3o do prefeito de Davin\u00f3polis - Daniel Matos","isPartOf":{"@id":"https:\/\/www.blogsoestado.com\/danielmatos\/#website"},"primaryImageOfPage":{"@id":"https:\/\/www.blogsoestado.com\/danielmatos\/tema-reune-se-com-cupula-da-ssp-e-trata-sobre-execucao-do-prefeito-de-davinopolis\/#primaryimage"},"image":{"@id":"https:\/\/www.blogsoestado.com\/danielmatos\/tema-reune-se-com-cupula-da-ssp-e-trata-sobre-execucao-do-prefeito-de-davinopolis\/#primaryimage"},"thumbnailUrl":"https:\/\/www.blogsoestado.com\/danielmatos\/files\/2018\/11\/tema-ssp.jpg","datePublished":"2018-11-13T15:06:54+00:00","author":{"@id":""},"breadcrumb":{"@id":"https:\/\/www.blogsoestado.com\/danielmatos\/tema-reune-se-com-cupula-da-ssp-e-trata-sobre-execucao-do-prefeito-de-davinopolis\/#breadcrumb"},"inLanguage":"pt-BR","potentialAction":[{"@type":"ReadAction","target":["https:\/\/www.blogsoestado.com\/danielmatos\/tema-reune-se-com-cupula-da-ssp-e-trata-sobre-execucao-do-prefeito-de-davinopolis\/"]}]},{"@type":"ImageObject","inLanguage":"pt-BR","@id":"https:\/\/www.blogsoestado.com\/danielmatos\/tema-reune-se-com-cupula-da-ssp-e-trata-sobre-execucao-do-prefeito-de-davinopolis\/#primaryimage","url":"https:\/\/www.blogsoestado.com\/danielmatos\/files\/2018\/11\/tema-ssp.jpg","contentUrl":"https:\/\/www.blogsoestado.com\/danielmatos\/files\/2018\/11\/tema-ssp.jpg"},{"@type":"BreadcrumbList","@id":"https:\/\/www.blogsoestado.com\/danielmatos\/tema-reune-se-com-cupula-da-ssp-e-trata-sobre-execucao-do-prefeito-de-davinopolis\/#breadcrumb","itemListElement":[{"@type":"ListItem","position":1,"name":"In\u00edcio","item":"https:\/\/www.blogsoestado.com\/danielmatos\/"},{"@type":"ListItem","position":2,"name":"Tema re\u00fane-se com c\u00fapula da SSP e trata sobre execu\u00e7\u00e3o do prefeito de Davin\u00f3polis"}]},{"@type":"WebSite","@id":"https:\/\/www.blogsoestado.com\/danielmatos\/#website","url":"https:\/\/www.blogsoestado.com\/danielmatos\/","name":"Daniel Matos","description":"","potentialAction":[{"@type":"SearchAction","target":{"@type":"EntryPoint","urlTemplate":"https:\/\/www.blogsoestado.com\/danielmatos\/?s={search_term_string}"},"query-input":{"@type":"PropertyValueSpecification","valueRequired":true,"valueName":"search_term_string"}}],"inLanguage":"pt-BR"}]}},"jetpack_featured_media_url":"","_links":{"self":[{"href":"https:\/\/www.blogsoestado.com\/danielmatos\/wp-json\/wp\/v2\/posts\/58043","targetHints":{"allow":["GET"]}}],"collection":[{"href":"https:\/\/www.blogsoestado.com\/danielmatos\/wp-json\/wp\/v2\/posts"}],"about":[{"href":"https:\/\/www.blogsoestado.com\/danielmatos\/wp-json\/wp\/v2\/types\/post"}],"replies":[{"embeddable":true,"href":"https:\/\/www.blogsoestado.com\/danielmatos\/wp-json\/wp\/v2\/comments?post=58043"}],"version-history":[{"count":0,"href":"https:\/\/www.blogsoestado.com\/danielmatos\/wp-json\/wp\/v2\/posts\/58043\/revisions"}],"wp:attachment":[{"href":"https:\/\/www.blogsoestado.com\/danielmatos\/wp-json\/wp\/v2\/media?parent=58043"}],"wp:term":[{"taxonomy":"category","embeddable":true,"href":"https:\/\/www.blogsoestado.com\/danielmatos\/wp-json\/wp\/v2\/categories?post=58043"},{"taxonomy":"post_tag","embeddable":true,"href":"https:\/\/www.blogsoestado.com\/danielmatos\/wp-json\/wp\/v2\/tags?post=58043"}],"curies":[{"name":"wp","href":"https:\/\/api.w.org\/{rel}","templated":true}]}}