{"id":58075,"date":"2018-11-13T19:30:49","date_gmt":"2018-11-13T22:30:49","guid":{"rendered":"https:\/\/www.blogsoestado.com\/danielmatos\/?p=58075"},"modified":"2018-11-13T19:30:49","modified_gmt":"2018-11-13T22:30:49","slug":"adriano-sarney-afirma-que-decreto-do-sigilo-e-inconstitucional","status":"publish","type":"post","link":"https:\/\/www.blogsoestado.com\/danielmatos\/adriano-sarney-afirma-que-decreto-do-sigilo-e-inconstitucional\/","title":{"rendered":"Adriano Sarney afirma que \u201cDecreto do Sigilo\u201d \u00e9 inconstitucional"},"content":{"rendered":"<figure id=\"attachment_58077\" aria-describedby=\"caption-attachment-58077\" style=\"width: 450px\" class=\"wp-caption alignright\"><a href=\"https:\/\/www.blogsoestado.com\/danielmatos\/?attachment_id=58077\" rel=\"attachment wp-att-58077\"><img fetchpriority=\"high\" decoding=\"async\" class=\"wp-image-58077\" src=\"https:\/\/www.blogsoestado.com\/danielmatos\/files\/2018\/11\/adriano-na-tribuna.jpg\" alt=\"\" width=\"450\" height=\"298\" \/><\/a><figcaption id=\"caption-attachment-58077\" class=\"wp-caption-text\">Adriano alertou sobre a inconstitucionalidade do decreto e disse que a medida \u00e9 um \u201ctiro no p\u00e9\u201d do governo<\/figcaption><\/figure>\n<p>O deputado estadual Adriano Sarney (PV) fez duras cr\u00edticas ao chamado \u201cDecreto do Sigilo\u201d, um documento pol\u00eamico editado pelo governador Fl\u00e1vio Dino (PCdoB) que, entre outros pontos, limita a liberdade de grava\u00e7\u00e3o de \u00e1udios ou v\u00eddeos no ambiente escolar. \u201c\u00c9 um absurdo esta tentativa de utilizar-se do sistema educacional para tentar ganhar proje\u00e7\u00e3o pol\u00edtica junto \u00e0 esquerda brasileira\u201d, ressaltou Adriano.<\/p>\n<p>O parlamentar alertou sobre a inconstitucionalidade do decreto e disse que a medida \u00e9 um \u201ctiro no p\u00e9\u201d do governo, pois abrir\u00e1 precedentes perigosos e poder\u00e1 acobertar ocorr\u00eancias de bullying, desrespeito ao professor, casos de viol\u00eancia e at\u00e9 tr\u00e1fico de drogas, al\u00e9m da doutrina\u00e7\u00e3o \u00e0 esquerda e \u00e0 direita.<\/p>\n<p>\u201cA escola \u00e9 um lugar p\u00fablico e os alunos que acharem que est\u00e3o sendo agredidos ou doutrinados pelo professor, ou seja l\u00e1 por quem for, t\u00eam o direito sim de gravar, de filmar, de se defender e de formular provas para se defender no segundo momento. O professor que se sentir agredido por um aluno e o aluno que se sentir agredido por outro aluno, porque est\u00e1 sendo v\u00edtima de bullying, pode e deve gravar o fato, assim como um terceiro aluno que achar que o seu colega est\u00e1 sendo v\u00edtima de bullying, pode gravar. O aluno que quiser flagrar algu\u00e9m vendendo droga ou qualquer ato il\u00edcito dentro da escola pode, sim, filmar\u201d, explicou Adriano.<\/p>\n<p>De acordo com o decreto (Artigo n\u00ba 4), professores, estudantes ou funcion\u00e1rios somente poder\u00e3o gravar v\u00eddeos ou \u00e1udios durante as aulas e demais atividades de ensino, mediante consentimento de quem ser\u00e1 filmado ou gravado. Adriano declarou, na tribuna da Assembleia, que este dispositivo revela a vis\u00e3o retr\u00f3grada do governo comunista. O parlamentar afirmou que ir\u00e1 defender os interesses de alunos e professores que se sentirem tolhidos em seus direitos no ambiente escolar.<\/p>\n<p><strong>Assista:<\/strong><\/p>\n<div class=\"ast-oembed-container \" style=\"height: 100%;\"><iframe title=\"&quot;Decreto do Sigilo&quot; \u00e9 inconstitucional\" width=\"500\" height=\"375\" src=\"https:\/\/www.youtube.com\/embed\/vygn8Nb0ZJ4?feature=oembed\" frameborder=\"0\" allow=\"accelerometer; autoplay; clipboard-write; encrypted-media; gyroscope; picture-in-picture; web-share\" referrerpolicy=\"strict-origin-when-cross-origin\" allowfullscreen><\/iframe><\/div>\n","protected":false},"excerpt":{"rendered":"<p>O deputado estadual Adriano Sarney (PV) fez duras cr\u00edticas ao chamado \u201cDecreto do Sigilo\u201d, um documento pol\u00eamico editado pelo governador [&hellip;]<\/p>\n","protected":false},"author":0,"featured_media":0,"comment_status":"open","ping_status":"open","sticky":false,"template":"","format":"standard","meta":{"site-sidebar-layout":"default","site-content-layout":"","ast-site-content-layout":"default","site-content-style":"default","site-sidebar-style":"default","ast-global-header-display":"","ast-banner-title-visibility":"","ast-main-header-display":"","ast-hfb-above-header-display":"","ast-hfb-below-header-display":"","ast-hfb-mobile-header-display":"","site-post-title":"","ast-breadcrumbs-content":"","ast-featured-img":"","footer-sml-layout":"","ast-disable-related-posts":"","theme-transparent-header-meta":"","adv-header-id-meta":"","stick-header-meta":"","header-above-stick-meta":"","header-main-stick-meta":"","header-below-stick-meta":"","astra-migrate-meta-layouts":"default","ast-page-background-enabled":"default","ast-page-background-meta":{"desktop":{"background-color":"var(--ast-global-color-5)","background-image":"","background-repeat":"repeat","background-position":"center center","background-size":"auto","background-attachment":"scroll","background-type":"","background-media":"","overlay-type":"","overlay-color":"","overlay-opacity":"","overlay-gradient":""},"tablet":{"background-color":"","background-image":"","background-repeat":"repeat","background-position":"center center","background-size":"auto","background-attachment":"scroll","background-type":"","background-media":"","overlay-type":"","overlay-color":"","overlay-opacity":"","overlay-gradient":""},"mobile":{"background-color":"","background-image":"","background-repeat":"repeat","background-position":"center center","background-size":"auto","background-attachment":"scroll","background-type":"","background-media":"","overlay-type":"","overlay-color":"","overlay-opacity":"","overlay-gradient":""}},"ast-content-background-meta":{"desktop":{"background-color":"var(--ast-global-color-4)","background-image":"","background-repeat":"repeat","background-position":"center center","background-size":"auto","background-attachment":"scroll","background-type":"","background-media":"","overlay-type":"","overlay-color":"","overlay-opacity":"","overlay-gradient":""},"tablet":{"background-color":"var(--ast-global-color-4)","background-image":"","background-repeat":"repeat","background-position":"center center","background-size":"auto","background-attachment":"scroll","background-type":"","background-media":"","overlay-type":"","overlay-color":"","overlay-opacity":"","overlay-gradient":""},"mobile":{"background-color":"var(--ast-global-color-4)","background-image":"","background-repeat":"repeat","background-position":"center center","background-size":"auto","background-attachment":"scroll","background-type":"","background-media":"","overlay-type":"","overlay-color":"","overlay-opacity":"","overlay-gradient":""}},"footnotes":""},"categories":[1],"tags":[],"class_list":["post-58075","post","type-post","status-publish","format-standard","hentry","category-sem-categoria"],"yoast_head":"<!-- This site is optimized with the Yoast SEO plugin v26.6 - https:\/\/yoast.com\/wordpress\/plugins\/seo\/ -->\n<title>Adriano Sarney afirma que \u201cDecreto do Sigilo\u201d \u00e9 inconstitucional - Daniel Matos<\/title>\n<meta name=\"robots\" content=\"index, follow, max-snippet:-1, max-image-preview:large, max-video-preview:-1\" \/>\n<link rel=\"canonical\" href=\"https:\/\/www.blogsoestado.com\/danielmatos\/adriano-sarney-afirma-que-decreto-do-sigilo-e-inconstitucional\/\" \/>\n<meta property=\"og:locale\" content=\"pt_BR\" \/>\n<meta property=\"og:type\" content=\"article\" \/>\n<meta property=\"og:title\" content=\"Adriano Sarney afirma que \u201cDecreto do Sigilo\u201d \u00e9 inconstitucional - Daniel Matos\" \/>\n<meta property=\"og:description\" content=\"O deputado estadual Adriano Sarney (PV) fez duras cr\u00edticas ao chamado \u201cDecreto do Sigilo\u201d, um documento pol\u00eamico editado pelo governador [&hellip;]\" \/>\n<meta property=\"og:url\" content=\"https:\/\/www.blogsoestado.com\/danielmatos\/adriano-sarney-afirma-que-decreto-do-sigilo-e-inconstitucional\/\" \/>\n<meta property=\"og:site_name\" content=\"Daniel Matos\" \/>\n<meta property=\"article:published_time\" content=\"2018-11-13T22:30:49+00:00\" \/>\n<meta property=\"og:image\" content=\"https:\/\/www.blogsoestado.com\/danielmatos\/files\/2018\/11\/adriano-na-tribuna.jpg\" \/>\n<meta name=\"twitter:card\" content=\"summary_large_image\" \/>\n<meta name=\"twitter:label1\" content=\"Est. tempo de leitura\" \/>\n\t<meta name=\"twitter:data1\" content=\"2 minutos\" \/>\n<script type=\"application\/ld+json\" class=\"yoast-schema-graph\">{\"@context\":\"https:\/\/schema.org\",\"@graph\":[{\"@type\":\"WebPage\",\"@id\":\"https:\/\/www.blogsoestado.com\/danielmatos\/adriano-sarney-afirma-que-decreto-do-sigilo-e-inconstitucional\/\",\"url\":\"https:\/\/www.blogsoestado.com\/danielmatos\/adriano-sarney-afirma-que-decreto-do-sigilo-e-inconstitucional\/\",\"name\":\"Adriano Sarney afirma que \u201cDecreto do Sigilo\u201d \u00e9 inconstitucional - Daniel Matos\",\"isPartOf\":{\"@id\":\"https:\/\/www.blogsoestado.com\/danielmatos\/#website\"},\"primaryImageOfPage\":{\"@id\":\"https:\/\/www.blogsoestado.com\/danielmatos\/adriano-sarney-afirma-que-decreto-do-sigilo-e-inconstitucional\/#primaryimage\"},\"image\":{\"@id\":\"https:\/\/www.blogsoestado.com\/danielmatos\/adriano-sarney-afirma-que-decreto-do-sigilo-e-inconstitucional\/#primaryimage\"},\"thumbnailUrl\":\"https:\/\/www.blogsoestado.com\/danielmatos\/files\/2018\/11\/adriano-na-tribuna.jpg\",\"datePublished\":\"2018-11-13T22:30:49+00:00\",\"author\":{\"@id\":\"\"},\"breadcrumb\":{\"@id\":\"https:\/\/www.blogsoestado.com\/danielmatos\/adriano-sarney-afirma-que-decreto-do-sigilo-e-inconstitucional\/#breadcrumb\"},\"inLanguage\":\"pt-BR\",\"potentialAction\":[{\"@type\":\"ReadAction\",\"target\":[\"https:\/\/www.blogsoestado.com\/danielmatos\/adriano-sarney-afirma-que-decreto-do-sigilo-e-inconstitucional\/\"]}]},{\"@type\":\"ImageObject\",\"inLanguage\":\"pt-BR\",\"@id\":\"https:\/\/www.blogsoestado.com\/danielmatos\/adriano-sarney-afirma-que-decreto-do-sigilo-e-inconstitucional\/#primaryimage\",\"url\":\"https:\/\/www.blogsoestado.com\/danielmatos\/files\/2018\/11\/adriano-na-tribuna.jpg\",\"contentUrl\":\"https:\/\/www.blogsoestado.com\/danielmatos\/files\/2018\/11\/adriano-na-tribuna.jpg\"},{\"@type\":\"BreadcrumbList\",\"@id\":\"https:\/\/www.blogsoestado.com\/danielmatos\/adriano-sarney-afirma-que-decreto-do-sigilo-e-inconstitucional\/#breadcrumb\",\"itemListElement\":[{\"@type\":\"ListItem\",\"position\":1,\"name\":\"In\u00edcio\",\"item\":\"https:\/\/www.blogsoestado.com\/danielmatos\/\"},{\"@type\":\"ListItem\",\"position\":2,\"name\":\"Adriano Sarney afirma que \u201cDecreto do Sigilo\u201d \u00e9 inconstitucional\"}]},{\"@type\":\"WebSite\",\"@id\":\"https:\/\/www.blogsoestado.com\/danielmatos\/#website\",\"url\":\"https:\/\/www.blogsoestado.com\/danielmatos\/\",\"name\":\"Daniel Matos\",\"description\":\"\",\"potentialAction\":[{\"@type\":\"SearchAction\",\"target\":{\"@type\":\"EntryPoint\",\"urlTemplate\":\"https:\/\/www.blogsoestado.com\/danielmatos\/?s={search_term_string}\"},\"query-input\":{\"@type\":\"PropertyValueSpecification\",\"valueRequired\":true,\"valueName\":\"search_term_string\"}}],\"inLanguage\":\"pt-BR\"}]}<\/script>\n<!-- \/ Yoast SEO plugin. -->","yoast_head_json":{"title":"Adriano Sarney afirma que \u201cDecreto do Sigilo\u201d \u00e9 inconstitucional - Daniel Matos","robots":{"index":"index","follow":"follow","max-snippet":"max-snippet:-1","max-image-preview":"max-image-preview:large","max-video-preview":"max-video-preview:-1"},"canonical":"https:\/\/www.blogsoestado.com\/danielmatos\/adriano-sarney-afirma-que-decreto-do-sigilo-e-inconstitucional\/","og_locale":"pt_BR","og_type":"article","og_title":"Adriano Sarney afirma que \u201cDecreto do Sigilo\u201d \u00e9 inconstitucional - Daniel Matos","og_description":"O deputado estadual Adriano Sarney (PV) fez duras cr\u00edticas ao chamado \u201cDecreto do Sigilo\u201d, um documento pol\u00eamico editado pelo governador [&hellip;]","og_url":"https:\/\/www.blogsoestado.com\/danielmatos\/adriano-sarney-afirma-que-decreto-do-sigilo-e-inconstitucional\/","og_site_name":"Daniel Matos","article_published_time":"2018-11-13T22:30:49+00:00","og_image":[{"url":"https:\/\/www.blogsoestado.com\/danielmatos\/files\/2018\/11\/adriano-na-tribuna.jpg","type":"","width":"","height":""}],"twitter_card":"summary_large_image","twitter_misc":{"Est. tempo de leitura":"2 minutos"},"schema":{"@context":"https:\/\/schema.org","@graph":[{"@type":"WebPage","@id":"https:\/\/www.blogsoestado.com\/danielmatos\/adriano-sarney-afirma-que-decreto-do-sigilo-e-inconstitucional\/","url":"https:\/\/www.blogsoestado.com\/danielmatos\/adriano-sarney-afirma-que-decreto-do-sigilo-e-inconstitucional\/","name":"Adriano Sarney afirma que \u201cDecreto do Sigilo\u201d \u00e9 inconstitucional - Daniel Matos","isPartOf":{"@id":"https:\/\/www.blogsoestado.com\/danielmatos\/#website"},"primaryImageOfPage":{"@id":"https:\/\/www.blogsoestado.com\/danielmatos\/adriano-sarney-afirma-que-decreto-do-sigilo-e-inconstitucional\/#primaryimage"},"image":{"@id":"https:\/\/www.blogsoestado.com\/danielmatos\/adriano-sarney-afirma-que-decreto-do-sigilo-e-inconstitucional\/#primaryimage"},"thumbnailUrl":"https:\/\/www.blogsoestado.com\/danielmatos\/files\/2018\/11\/adriano-na-tribuna.jpg","datePublished":"2018-11-13T22:30:49+00:00","author":{"@id":""},"breadcrumb":{"@id":"https:\/\/www.blogsoestado.com\/danielmatos\/adriano-sarney-afirma-que-decreto-do-sigilo-e-inconstitucional\/#breadcrumb"},"inLanguage":"pt-BR","potentialAction":[{"@type":"ReadAction","target":["https:\/\/www.blogsoestado.com\/danielmatos\/adriano-sarney-afirma-que-decreto-do-sigilo-e-inconstitucional\/"]}]},{"@type":"ImageObject","inLanguage":"pt-BR","@id":"https:\/\/www.blogsoestado.com\/danielmatos\/adriano-sarney-afirma-que-decreto-do-sigilo-e-inconstitucional\/#primaryimage","url":"https:\/\/www.blogsoestado.com\/danielmatos\/files\/2018\/11\/adriano-na-tribuna.jpg","contentUrl":"https:\/\/www.blogsoestado.com\/danielmatos\/files\/2018\/11\/adriano-na-tribuna.jpg"},{"@type":"BreadcrumbList","@id":"https:\/\/www.blogsoestado.com\/danielmatos\/adriano-sarney-afirma-que-decreto-do-sigilo-e-inconstitucional\/#breadcrumb","itemListElement":[{"@type":"ListItem","position":1,"name":"In\u00edcio","item":"https:\/\/www.blogsoestado.com\/danielmatos\/"},{"@type":"ListItem","position":2,"name":"Adriano Sarney afirma que \u201cDecreto do Sigilo\u201d \u00e9 inconstitucional"}]},{"@type":"WebSite","@id":"https:\/\/www.blogsoestado.com\/danielmatos\/#website","url":"https:\/\/www.blogsoestado.com\/danielmatos\/","name":"Daniel Matos","description":"","potentialAction":[{"@type":"SearchAction","target":{"@type":"EntryPoint","urlTemplate":"https:\/\/www.blogsoestado.com\/danielmatos\/?s={search_term_string}"},"query-input":{"@type":"PropertyValueSpecification","valueRequired":true,"valueName":"search_term_string"}}],"inLanguage":"pt-BR"}]}},"jetpack_featured_media_url":"","_links":{"self":[{"href":"https:\/\/www.blogsoestado.com\/danielmatos\/wp-json\/wp\/v2\/posts\/58075","targetHints":{"allow":["GET"]}}],"collection":[{"href":"https:\/\/www.blogsoestado.com\/danielmatos\/wp-json\/wp\/v2\/posts"}],"about":[{"href":"https:\/\/www.blogsoestado.com\/danielmatos\/wp-json\/wp\/v2\/types\/post"}],"replies":[{"embeddable":true,"href":"https:\/\/www.blogsoestado.com\/danielmatos\/wp-json\/wp\/v2\/comments?post=58075"}],"version-history":[{"count":0,"href":"https:\/\/www.blogsoestado.com\/danielmatos\/wp-json\/wp\/v2\/posts\/58075\/revisions"}],"wp:attachment":[{"href":"https:\/\/www.blogsoestado.com\/danielmatos\/wp-json\/wp\/v2\/media?parent=58075"}],"wp:term":[{"taxonomy":"category","embeddable":true,"href":"https:\/\/www.blogsoestado.com\/danielmatos\/wp-json\/wp\/v2\/categories?post=58075"},{"taxonomy":"post_tag","embeddable":true,"href":"https:\/\/www.blogsoestado.com\/danielmatos\/wp-json\/wp\/v2\/tags?post=58075"}],"curies":[{"name":"wp","href":"https:\/\/api.w.org\/{rel}","templated":true}]}}