{"id":58079,"date":"2018-11-13T21:00:35","date_gmt":"2018-11-14T00:00:35","guid":{"rendered":"https:\/\/www.blogsoestado.com\/danielmatos\/?p=58079"},"modified":"2018-11-13T21:00:35","modified_gmt":"2018-11-14T00:00:35","slug":"famem-aged-e-sagrima-buscam-solucoes-para-regularizar-abatedouros-municipais","status":"publish","type":"post","link":"https:\/\/www.blogsoestado.com\/danielmatos\/famem-aged-e-sagrima-buscam-solucoes-para-regularizar-abatedouros-municipais\/","title":{"rendered":"Famem, Aged e Sagrima buscam solu\u00e7\u00f5es para regularizar abatedouros municipais"},"content":{"rendered":"<figure id=\"attachment_58080\" aria-describedby=\"caption-attachment-58080\" style=\"width: 650px\" class=\"wp-caption aligncenter\"><a href=\"https:\/\/www.blogsoestado.com\/danielmatos\/?attachment_id=58080\" rel=\"attachment wp-att-58080\"><img fetchpriority=\"high\" decoding=\"async\" class=\"wp-image-58080\" src=\"https:\/\/www.blogsoestado.com\/danielmatos\/files\/2018\/11\/famem-aged.jpg\" alt=\"\" width=\"650\" height=\"366\" \/><\/a><figcaption id=\"caption-attachment-58080\" class=\"wp-caption-text\">Na ocasi\u00e3o, os participantes tiveram a oportunidade de visitar e conhecerem pessoalmente os princ\u00edpios de funcionamento e as instala\u00e7\u00f5es necess\u00e1rias para a regulariza\u00e7\u00e3o dos abatedouros<\/figcaption><\/figure>\n<p>Custos elevados, entraves da legisla\u00e7\u00e3o e falta de informa\u00e7\u00f5es tem impedido as prefeituras de constru\u00edrem ou de regularizarem os abatedouros municipais. O caso \u00e9 grave e foi levado ao conhecimento da Federa\u00e7\u00e3o dos Munic\u00edpios do Estado do Maranh\u00e3o (Famem) pelo presidente do Sindicado dos Fiscais Agropecu\u00e1rios \u2013 SINFA.<\/p>\n<p>Para se ter uma ideia da situa\u00e7\u00e3o, nenhum dos 217 munic\u00edpios maranhenses possuem abatedouros municipais regularizados pelos \u00f3rg\u00e3os de inspe\u00e7\u00e3o animal (AGED), sendo a maioria dos abates feitos de forma clandestina, sem higiene e que pode causar danos a sa\u00fade dos consumidores, visto que n\u00e3o h\u00e1 um acompanhamento por parte de um veterin\u00e1rio para atestar a sa\u00fade do animal.<\/p>\n<p>Outra preocupa\u00e7\u00e3o dos \u00f3rg\u00e3os com os matadouros clandestinos \u00e9 que n\u00e3o h\u00e1 cuidado com o bem estar do animal, causando-lhe enorme sofrimento no momento do abate.<\/p>\n<p>Apreensiva com esta situa\u00e7\u00e3o, a Federa\u00e7\u00e3o encabe\u00e7ou uma reuni\u00e3o em sua sede com todos os respons\u00e1veis diretamente no processo de fiscaliza\u00e7\u00e3o e controle, os quais se fizeram presentes na ocasi\u00e3o a AGED, a SAGRIMA, o Minist\u00e9rio P\u00fablico, SINPA e todo o corpo t\u00e9cnico dos setores de sa\u00fade, projetos, agricultura e meio ambiente da federa\u00e7\u00e3o.<\/p>\n<p>Ap\u00f3s uma ampla discuss\u00e3o entre os \u00f3rg\u00e3os, chegou-se a conclus\u00e3o que os tr\u00e2mites burocr\u00e1ticos n\u00e3o permitiriam a regulariza\u00e7\u00e3o em curto prazo. E que diante dos elevados custos de constru\u00e7\u00e3o e de manuten\u00e7\u00e3o, nem que todos os munic\u00edpios possu\u00edam disponibilidade or\u00e7ament\u00e1ria para t\u00ea-los em sua estrutura administrativa.<\/p>\n<p>Com um enorme desafio pela frente, a entidade e os \u00f3rg\u00e3os governamentais organizaram-se em um grupo de trabalho que vem buscando modelos e experi\u00eancias de outros estados para tentar adequar a nossa realidade, al\u00e9m de estar realizando visitas t\u00e9cnicas aos abatedouros privados localizados nos munic\u00edpios.<\/p>\n<p>J\u00e1 tendo realizado a primeira visita t\u00e9cnica a um abatedouro de S\u00e3o Lu\u00eds no dia 31\/10, nesta quinta(8\/11) e sexta-feira(9\/11) foi a vez da equipe da FAMEM, AGED e do cons\u00f3rcio do CIM fazerem o acompanhamento dos abatedouros privados das cidades de S\u00e3o Bernardo e Tutoia, respectivamente, no qual estiveram presentes a convite da federa\u00e7\u00e3o os prefeitos Alberto Rocha(Prefeito de Santa Quit\u00e9ria) e Leonardo Caldas(Prefeito de Milagres do Maranh\u00e3o), al\u00e9m do chefe de gabinete de Anapurus, Pedro Francisco e dos secret\u00e1rios de agricultura de Tut\u00f3ia e de Santana do Maranh\u00e3o.<\/p>\n<p>Na ocasi\u00e3o, os participantes tiveram a oportunidade de visitarem e conhecerem pessoalmente os princ\u00edpios de funcionamento e as instala\u00e7\u00f5es necess\u00e1rias para a regulariza\u00e7\u00e3o destes locais a partir de abatedouros privados da regi\u00e3o que est\u00e3o em funcionamento e que contam com a certifica\u00e7\u00e3o SIE (Selo de Inspe\u00e7\u00e3o Estadual).<\/p>\n<p>\u201cEstamos buscando auxiliar os munic\u00edpios que j\u00e1 possuem uma estrutura com viabilidade a se regularizarem, e assim, servirem de apoio regional aos demais da sua proximidade. Outra possibilidade tamb\u00e9m que estamos estudando, seria atrav\u00e9s de cons\u00f3rcios p\u00fablicos, onde ter\u00edamos um abatedouro constru\u00eddo em um ponto estrat\u00e9gico para o abate e transporte, e nos demais consorciados seria constru\u00eddo somente um entreposto(c\u00e2maras frigor\u00edficas) para receberem as carca\u00e7as dos animais. A parceria p\u00fablico privada tamb\u00e9m poder\u00e1 ser uma sa\u00edda para esse embr\u00f3lio\u201d, defende a coordenadora do setor de Agricultura e Meio Ambiente da entidade, Rita de C\u00e1ssia.<\/p>\n<p>A Famem est\u00e1 desenvolvendo o projeto base com o menor custo\/benef\u00edcio para as prefeituras, obedecendo todos os crit\u00e9rios dos \u00f3rg\u00e3os de fiscaliza\u00e7\u00e3o e controle para disponibilizar aos munic\u00edpios interessados na constru\u00e7\u00e3o.<\/p>\n<p>Diante da abertura de programa para constru\u00e7\u00e3o, amplia\u00e7\u00e3o e reforma de abatedouro pelo Minist\u00e9rio da Agricultura, Pecu\u00e1ria e Abastecimento \u2013 MAPA, com prazo de apresenta\u00e7\u00e3o de proposta at\u00e9 o final do m\u00eas de novembro, o presidente da Famem, Cleomar Tema, solicitou que o Setor de Projetos e Conv\u00eanios realize um mutir\u00e3o para auxiliar os prefeitos municipais no cadastramento das propostas por meio do SICONV.<\/p>\n","protected":false},"excerpt":{"rendered":"<p>Custos elevados, entraves da legisla\u00e7\u00e3o e falta de informa\u00e7\u00f5es tem impedido as prefeituras de constru\u00edrem ou de regularizarem os abatedouros [&hellip;]<\/p>\n","protected":false},"author":0,"featured_media":0,"comment_status":"open","ping_status":"open","sticky":false,"template":"","format":"standard","meta":{"site-sidebar-layout":"default","site-content-layout":"","ast-site-content-layout":"default","site-content-style":"default","site-sidebar-style":"default","ast-global-header-display":"","ast-banner-title-visibility":"","ast-main-header-display":"","ast-hfb-above-header-display":"","ast-hfb-below-header-display":"","ast-hfb-mobile-header-display":"","site-post-title":"","ast-breadcrumbs-content":"","ast-featured-img":"","footer-sml-layout":"","ast-disable-related-posts":"","theme-transparent-header-meta":"","adv-header-id-meta":"","stick-header-meta":"","header-above-stick-meta":"","header-main-stick-meta":"","header-below-stick-meta":"","astra-migrate-meta-layouts":"default","ast-page-background-enabled":"default","ast-page-background-meta":{"desktop":{"background-color":"var(--ast-global-color-5)","background-image":"","background-repeat":"repeat","background-position":"center center","background-size":"auto","background-attachment":"scroll","background-type":"","background-media":"","overlay-type":"","overlay-color":"","overlay-opacity":"","overlay-gradient":""},"tablet":{"background-color":"","background-image":"","background-repeat":"repeat","background-position":"center center","background-size":"auto","background-attachment":"scroll","background-type":"","background-media":"","overlay-type":"","overlay-color":"","overlay-opacity":"","overlay-gradient":""},"mobile":{"background-color":"","background-image":"","background-repeat":"repeat","background-position":"center center","background-size":"auto","background-attachment":"scroll","background-type":"","background-media":"","overlay-type":"","overlay-color":"","overlay-opacity":"","overlay-gradient":""}},"ast-content-background-meta":{"desktop":{"background-color":"var(--ast-global-color-4)","background-image":"","background-repeat":"repeat","background-position":"center center","background-size":"auto","background-attachment":"scroll","background-type":"","background-media":"","overlay-type":"","overlay-color":"","overlay-opacity":"","overlay-gradient":""},"tablet":{"background-color":"var(--ast-global-color-4)","background-image":"","background-repeat":"repeat","background-position":"center center","background-size":"auto","background-attachment":"scroll","background-type":"","background-media":"","overlay-type":"","overlay-color":"","overlay-opacity":"","overlay-gradient":""},"mobile":{"background-color":"var(--ast-global-color-4)","background-image":"","background-repeat":"repeat","background-position":"center center","background-size":"auto","background-attachment":"scroll","background-type":"","background-media":"","overlay-type":"","overlay-color":"","overlay-opacity":"","overlay-gradient":""}},"footnotes":""},"categories":[1],"tags":[],"class_list":["post-58079","post","type-post","status-publish","format-standard","hentry","category-sem-categoria"],"yoast_head":"<!-- This site is optimized with the Yoast SEO plugin v26.6 - https:\/\/yoast.com\/wordpress\/plugins\/seo\/ -->\n<title>Famem, Aged e Sagrima buscam solu\u00e7\u00f5es para regularizar abatedouros municipais - Daniel Matos<\/title>\n<meta name=\"robots\" content=\"index, follow, max-snippet:-1, max-image-preview:large, max-video-preview:-1\" \/>\n<link rel=\"canonical\" href=\"https:\/\/www.blogsoestado.com\/danielmatos\/famem-aged-e-sagrima-buscam-solucoes-para-regularizar-abatedouros-municipais\/\" \/>\n<meta property=\"og:locale\" content=\"pt_BR\" \/>\n<meta property=\"og:type\" content=\"article\" \/>\n<meta property=\"og:title\" content=\"Famem, Aged e Sagrima buscam solu\u00e7\u00f5es para regularizar abatedouros municipais - Daniel Matos\" \/>\n<meta property=\"og:description\" content=\"Custos elevados, entraves da legisla\u00e7\u00e3o e falta de informa\u00e7\u00f5es tem impedido as prefeituras de constru\u00edrem ou de regularizarem os abatedouros [&hellip;]\" \/>\n<meta property=\"og:url\" content=\"https:\/\/www.blogsoestado.com\/danielmatos\/famem-aged-e-sagrima-buscam-solucoes-para-regularizar-abatedouros-municipais\/\" \/>\n<meta property=\"og:site_name\" content=\"Daniel Matos\" \/>\n<meta property=\"article:published_time\" content=\"2018-11-14T00:00:35+00:00\" \/>\n<meta property=\"og:image\" content=\"https:\/\/www.blogsoestado.com\/danielmatos\/files\/2018\/11\/famem-aged.jpg\" \/>\n<meta name=\"twitter:card\" content=\"summary_large_image\" \/>\n<meta name=\"twitter:label1\" content=\"Est. tempo de leitura\" \/>\n\t<meta name=\"twitter:data1\" content=\"4 minutos\" \/>\n<script type=\"application\/ld+json\" class=\"yoast-schema-graph\">{\"@context\":\"https:\/\/schema.org\",\"@graph\":[{\"@type\":\"WebPage\",\"@id\":\"https:\/\/www.blogsoestado.com\/danielmatos\/famem-aged-e-sagrima-buscam-solucoes-para-regularizar-abatedouros-municipais\/\",\"url\":\"https:\/\/www.blogsoestado.com\/danielmatos\/famem-aged-e-sagrima-buscam-solucoes-para-regularizar-abatedouros-municipais\/\",\"name\":\"Famem, Aged e Sagrima buscam solu\u00e7\u00f5es para regularizar abatedouros municipais - Daniel Matos\",\"isPartOf\":{\"@id\":\"https:\/\/www.blogsoestado.com\/danielmatos\/#website\"},\"primaryImageOfPage\":{\"@id\":\"https:\/\/www.blogsoestado.com\/danielmatos\/famem-aged-e-sagrima-buscam-solucoes-para-regularizar-abatedouros-municipais\/#primaryimage\"},\"image\":{\"@id\":\"https:\/\/www.blogsoestado.com\/danielmatos\/famem-aged-e-sagrima-buscam-solucoes-para-regularizar-abatedouros-municipais\/#primaryimage\"},\"thumbnailUrl\":\"https:\/\/www.blogsoestado.com\/danielmatos\/files\/2018\/11\/famem-aged.jpg\",\"datePublished\":\"2018-11-14T00:00:35+00:00\",\"author\":{\"@id\":\"\"},\"breadcrumb\":{\"@id\":\"https:\/\/www.blogsoestado.com\/danielmatos\/famem-aged-e-sagrima-buscam-solucoes-para-regularizar-abatedouros-municipais\/#breadcrumb\"},\"inLanguage\":\"pt-BR\",\"potentialAction\":[{\"@type\":\"ReadAction\",\"target\":[\"https:\/\/www.blogsoestado.com\/danielmatos\/famem-aged-e-sagrima-buscam-solucoes-para-regularizar-abatedouros-municipais\/\"]}]},{\"@type\":\"ImageObject\",\"inLanguage\":\"pt-BR\",\"@id\":\"https:\/\/www.blogsoestado.com\/danielmatos\/famem-aged-e-sagrima-buscam-solucoes-para-regularizar-abatedouros-municipais\/#primaryimage\",\"url\":\"https:\/\/www.blogsoestado.com\/danielmatos\/files\/2018\/11\/famem-aged.jpg\",\"contentUrl\":\"https:\/\/www.blogsoestado.com\/danielmatos\/files\/2018\/11\/famem-aged.jpg\"},{\"@type\":\"BreadcrumbList\",\"@id\":\"https:\/\/www.blogsoestado.com\/danielmatos\/famem-aged-e-sagrima-buscam-solucoes-para-regularizar-abatedouros-municipais\/#breadcrumb\",\"itemListElement\":[{\"@type\":\"ListItem\",\"position\":1,\"name\":\"In\u00edcio\",\"item\":\"https:\/\/www.blogsoestado.com\/danielmatos\/\"},{\"@type\":\"ListItem\",\"position\":2,\"name\":\"Famem, Aged e Sagrima buscam solu\u00e7\u00f5es para regularizar abatedouros municipais\"}]},{\"@type\":\"WebSite\",\"@id\":\"https:\/\/www.blogsoestado.com\/danielmatos\/#website\",\"url\":\"https:\/\/www.blogsoestado.com\/danielmatos\/\",\"name\":\"Daniel Matos\",\"description\":\"\",\"potentialAction\":[{\"@type\":\"SearchAction\",\"target\":{\"@type\":\"EntryPoint\",\"urlTemplate\":\"https:\/\/www.blogsoestado.com\/danielmatos\/?s={search_term_string}\"},\"query-input\":{\"@type\":\"PropertyValueSpecification\",\"valueRequired\":true,\"valueName\":\"search_term_string\"}}],\"inLanguage\":\"pt-BR\"}]}<\/script>\n<!-- \/ Yoast SEO plugin. -->","yoast_head_json":{"title":"Famem, Aged e Sagrima buscam solu\u00e7\u00f5es para regularizar abatedouros municipais - Daniel Matos","robots":{"index":"index","follow":"follow","max-snippet":"max-snippet:-1","max-image-preview":"max-image-preview:large","max-video-preview":"max-video-preview:-1"},"canonical":"https:\/\/www.blogsoestado.com\/danielmatos\/famem-aged-e-sagrima-buscam-solucoes-para-regularizar-abatedouros-municipais\/","og_locale":"pt_BR","og_type":"article","og_title":"Famem, Aged e Sagrima buscam solu\u00e7\u00f5es para regularizar abatedouros municipais - Daniel Matos","og_description":"Custos elevados, entraves da legisla\u00e7\u00e3o e falta de informa\u00e7\u00f5es tem impedido as prefeituras de constru\u00edrem ou de regularizarem os abatedouros [&hellip;]","og_url":"https:\/\/www.blogsoestado.com\/danielmatos\/famem-aged-e-sagrima-buscam-solucoes-para-regularizar-abatedouros-municipais\/","og_site_name":"Daniel Matos","article_published_time":"2018-11-14T00:00:35+00:00","og_image":[{"url":"https:\/\/www.blogsoestado.com\/danielmatos\/files\/2018\/11\/famem-aged.jpg","type":"","width":"","height":""}],"twitter_card":"summary_large_image","twitter_misc":{"Est. tempo de leitura":"4 minutos"},"schema":{"@context":"https:\/\/schema.org","@graph":[{"@type":"WebPage","@id":"https:\/\/www.blogsoestado.com\/danielmatos\/famem-aged-e-sagrima-buscam-solucoes-para-regularizar-abatedouros-municipais\/","url":"https:\/\/www.blogsoestado.com\/danielmatos\/famem-aged-e-sagrima-buscam-solucoes-para-regularizar-abatedouros-municipais\/","name":"Famem, Aged e Sagrima buscam solu\u00e7\u00f5es para regularizar abatedouros municipais - Daniel Matos","isPartOf":{"@id":"https:\/\/www.blogsoestado.com\/danielmatos\/#website"},"primaryImageOfPage":{"@id":"https:\/\/www.blogsoestado.com\/danielmatos\/famem-aged-e-sagrima-buscam-solucoes-para-regularizar-abatedouros-municipais\/#primaryimage"},"image":{"@id":"https:\/\/www.blogsoestado.com\/danielmatos\/famem-aged-e-sagrima-buscam-solucoes-para-regularizar-abatedouros-municipais\/#primaryimage"},"thumbnailUrl":"https:\/\/www.blogsoestado.com\/danielmatos\/files\/2018\/11\/famem-aged.jpg","datePublished":"2018-11-14T00:00:35+00:00","author":{"@id":""},"breadcrumb":{"@id":"https:\/\/www.blogsoestado.com\/danielmatos\/famem-aged-e-sagrima-buscam-solucoes-para-regularizar-abatedouros-municipais\/#breadcrumb"},"inLanguage":"pt-BR","potentialAction":[{"@type":"ReadAction","target":["https:\/\/www.blogsoestado.com\/danielmatos\/famem-aged-e-sagrima-buscam-solucoes-para-regularizar-abatedouros-municipais\/"]}]},{"@type":"ImageObject","inLanguage":"pt-BR","@id":"https:\/\/www.blogsoestado.com\/danielmatos\/famem-aged-e-sagrima-buscam-solucoes-para-regularizar-abatedouros-municipais\/#primaryimage","url":"https:\/\/www.blogsoestado.com\/danielmatos\/files\/2018\/11\/famem-aged.jpg","contentUrl":"https:\/\/www.blogsoestado.com\/danielmatos\/files\/2018\/11\/famem-aged.jpg"},{"@type":"BreadcrumbList","@id":"https:\/\/www.blogsoestado.com\/danielmatos\/famem-aged-e-sagrima-buscam-solucoes-para-regularizar-abatedouros-municipais\/#breadcrumb","itemListElement":[{"@type":"ListItem","position":1,"name":"In\u00edcio","item":"https:\/\/www.blogsoestado.com\/danielmatos\/"},{"@type":"ListItem","position":2,"name":"Famem, Aged e Sagrima buscam solu\u00e7\u00f5es para regularizar abatedouros municipais"}]},{"@type":"WebSite","@id":"https:\/\/www.blogsoestado.com\/danielmatos\/#website","url":"https:\/\/www.blogsoestado.com\/danielmatos\/","name":"Daniel Matos","description":"","potentialAction":[{"@type":"SearchAction","target":{"@type":"EntryPoint","urlTemplate":"https:\/\/www.blogsoestado.com\/danielmatos\/?s={search_term_string}"},"query-input":{"@type":"PropertyValueSpecification","valueRequired":true,"valueName":"search_term_string"}}],"inLanguage":"pt-BR"}]}},"jetpack_featured_media_url":"","_links":{"self":[{"href":"https:\/\/www.blogsoestado.com\/danielmatos\/wp-json\/wp\/v2\/posts\/58079","targetHints":{"allow":["GET"]}}],"collection":[{"href":"https:\/\/www.blogsoestado.com\/danielmatos\/wp-json\/wp\/v2\/posts"}],"about":[{"href":"https:\/\/www.blogsoestado.com\/danielmatos\/wp-json\/wp\/v2\/types\/post"}],"replies":[{"embeddable":true,"href":"https:\/\/www.blogsoestado.com\/danielmatos\/wp-json\/wp\/v2\/comments?post=58079"}],"version-history":[{"count":0,"href":"https:\/\/www.blogsoestado.com\/danielmatos\/wp-json\/wp\/v2\/posts\/58079\/revisions"}],"wp:attachment":[{"href":"https:\/\/www.blogsoestado.com\/danielmatos\/wp-json\/wp\/v2\/media?parent=58079"}],"wp:term":[{"taxonomy":"category","embeddable":true,"href":"https:\/\/www.blogsoestado.com\/danielmatos\/wp-json\/wp\/v2\/categories?post=58079"},{"taxonomy":"post_tag","embeddable":true,"href":"https:\/\/www.blogsoestado.com\/danielmatos\/wp-json\/wp\/v2\/tags?post=58079"}],"curies":[{"name":"wp","href":"https:\/\/api.w.org\/{rel}","templated":true}]}}