{"id":58083,"date":"2018-11-14T15:58:35","date_gmt":"2018-11-14T18:58:35","guid":{"rendered":"https:\/\/www.blogsoestado.com\/danielmatos\/?p=58083"},"modified":"2018-11-14T15:58:35","modified_gmt":"2018-11-14T18:58:35","slug":"conselho-seccional-da-oab-decide-hoje-a-tarde-destino-da-chapa-de-thiago-diaz","status":"publish","type":"post","link":"https:\/\/www.blogsoestado.com\/danielmatos\/conselho-seccional-da-oab-decide-hoje-a-tarde-destino-da-chapa-de-thiago-diaz\/","title":{"rendered":"Conselho Seccional da OAB decide hoje \u00e0 tarde destino da chapa de Thiago Diaz"},"content":{"rendered":"<figure id=\"attachment_58084\" aria-describedby=\"caption-attachment-58084\" style=\"width: 471px\" class=\"wp-caption alignleft\"><a href=\"https:\/\/www.blogsoestado.com\/danielmatos\/2018\/11\/14\/conselho-seccional-da-oab-decide-hoje-a-tarde-destino-da-chapa-de-thiago-diaz\/diaz-thiago\/\" rel=\"attachment wp-att-58084\"><img fetchpriority=\"high\" decoding=\"async\" class=\"size-full wp-image-58084\" src=\"https:\/\/www.blogsoestado.com\/danielmatos\/files\/2018\/11\/diaz-thiago.jpg\" alt=\"\" width=\"471\" height=\"268\" \/><\/a><figcaption id=\"caption-attachment-58084\" class=\"wp-caption-text\">Poss\u00edvel inelegibilidade de Thiago Diaz resvalaria em dois integrantes da Chapa 2<\/figcaption><\/figure>\n<p>Est\u00e1 marcada para acontecer agora \u00e0 tarde uma sess\u00e3o do Conselho Seccional da OAB que pode mudar os rumos da corrida para a presid\u00eancia da seccional maranhense, j\u00e1 que os conselheiros v\u00e3o julgar as contas do atual presidente e candidato \u00e0 reelei\u00e7\u00e3o, Thiago Diaz.<\/p>\n<p>O atual presidente da Ordem teve sua candidatura ineleg\u00edvel por n\u00e3o ter tido as contas de sua gest\u00e3o aprovadas pelo Conselho. Embora tenha apresentado uma certid\u00e3o, assinada pela presidente da Comiss\u00e3o Tempor\u00e1ria Eleitoral da OAB, Cynthia Teresa Jorge Lago, afirmando que n\u00e3o consta qualquer decis\u00e3o que retire de Diaz as condi\u00e7\u00f5es de elegibilidade para concorrer ao cargo de Presidente da Ordem, o conselheiro Wagner Ara\u00fajo garante que Thiago, como cabe\u00e7a de chapa, est\u00e1 ineleg\u00edvel. &#8220;J\u00e1 existe um precedente onde mesmo o candidato sendo eleito, a chapa inteira foi impugnada por n\u00e3o estar em condi\u00e7\u00f5es de elegibilidade no ato da inscri\u00e7\u00e3o da chapa&#8221;, garante Ara\u00fajo.<\/p>\n<p>O conselheiro afirma que ainda em caso de eventual vit\u00f3ria de Diaz, a chapa n\u00e3o poder\u00e1 assumir, o que deve ocasionar a realiza\u00e7\u00e3o de uma nova elei\u00e7\u00e3o na seccional maranhense. Wagner chama a aten\u00e7\u00e3o ainda para um outro detalhe: a falta de isen\u00e7\u00e3o da Comiss\u00e3o Eleitoral para a sess\u00e3o de julgamento. &#8220;Podemos colocar em xeque a credibilidade dos membros por serem ligados a Thiago Diaz, por isso a import\u00e2ncia dessa sess\u00e3o&#8221;, destaca o conselheiro.<\/p>\n<p>Wagner esclarece ainda a not\u00edcia de que a inelegibilidade de Diaz resvalaria em dois membros da chapa 2 OAB de Verdade, e que acabaria por tornar a chapa encabe\u00e7ada por Carlos Brissac tamb\u00e9m ineleg\u00edvel. &#8220;Os dois membros da chapa que fazem parte da diretoria da gest\u00e3o atual de Thiago Diaz, n\u00e3o est\u00e3o ineleg\u00edveis, pois, diferente de Diaz, Pedro de Alencar e Alice Salmito Cavalcanti n\u00e3o participaram da sess\u00e3o de julgamento das contas e oficializaram suas ressalvas em rela\u00e7\u00e3o \u00e0s contas de Diaz, o que os resguardaram de quaisquer responsabilidades &#8220;, garante Wagner, que finaliza dizendo que, &#8220;ainda que os advogados estivessem ineleg\u00edveis, como n\u00e3o s\u00e3o cabe\u00e7a de chapa, podem ter seus nomes substitu\u00eddos dentro do prazo estabelecido de cinco dias \u00fateis, como prev\u00ea o Provimento 146\/2011 da OAB&#8221;.<\/p>\n","protected":false},"excerpt":{"rendered":"<p>Est\u00e1 marcada para acontecer agora \u00e0 tarde uma sess\u00e3o do Conselho Seccional da OAB que pode mudar os rumos da [&hellip;]<\/p>\n","protected":false},"author":0,"featured_media":0,"comment_status":"open","ping_status":"open","sticky":false,"template":"","format":"standard","meta":{"site-sidebar-layout":"default","site-content-layout":"","ast-site-content-layout":"default","site-content-style":"default","site-sidebar-style":"default","ast-global-header-display":"","ast-banner-title-visibility":"","ast-main-header-display":"","ast-hfb-above-header-display":"","ast-hfb-below-header-display":"","ast-hfb-mobile-header-display":"","site-post-title":"","ast-breadcrumbs-content":"","ast-featured-img":"","footer-sml-layout":"","ast-disable-related-posts":"","theme-transparent-header-meta":"","adv-header-id-meta":"","stick-header-meta":"","header-above-stick-meta":"","header-main-stick-meta":"","header-below-stick-meta":"","astra-migrate-meta-layouts":"default","ast-page-background-enabled":"default","ast-page-background-meta":{"desktop":{"background-color":"var(--ast-global-color-5)","background-image":"","background-repeat":"repeat","background-position":"center center","background-size":"auto","background-attachment":"scroll","background-type":"","background-media":"","overlay-type":"","overlay-color":"","overlay-opacity":"","overlay-gradient":""},"tablet":{"background-color":"","background-image":"","background-repeat":"repeat","background-position":"center center","background-size":"auto","background-attachment":"scroll","background-type":"","background-media":"","overlay-type":"","overlay-color":"","overlay-opacity":"","overlay-gradient":""},"mobile":{"background-color":"","background-image":"","background-repeat":"repeat","background-position":"center center","background-size":"auto","background-attachment":"scroll","background-type":"","background-media":"","overlay-type":"","overlay-color":"","overlay-opacity":"","overlay-gradient":""}},"ast-content-background-meta":{"desktop":{"background-color":"var(--ast-global-color-4)","background-image":"","background-repeat":"repeat","background-position":"center center","background-size":"auto","background-attachment":"scroll","background-type":"","background-media":"","overlay-type":"","overlay-color":"","overlay-opacity":"","overlay-gradient":""},"tablet":{"background-color":"var(--ast-global-color-4)","background-image":"","background-repeat":"repeat","background-position":"center center","background-size":"auto","background-attachment":"scroll","background-type":"","background-media":"","overlay-type":"","overlay-color":"","overlay-opacity":"","overlay-gradient":""},"mobile":{"background-color":"var(--ast-global-color-4)","background-image":"","background-repeat":"repeat","background-position":"center center","background-size":"auto","background-attachment":"scroll","background-type":"","background-media":"","overlay-type":"","overlay-color":"","overlay-opacity":"","overlay-gradient":""}},"footnotes":""},"categories":[1],"tags":[],"class_list":["post-58083","post","type-post","status-publish","format-standard","hentry","category-sem-categoria"],"yoast_head":"<!-- This site is optimized with the Yoast SEO plugin v26.6 - https:\/\/yoast.com\/wordpress\/plugins\/seo\/ -->\n<title>Conselho Seccional da OAB decide hoje \u00e0 tarde destino da chapa de Thiago Diaz - Daniel Matos<\/title>\n<meta name=\"robots\" content=\"index, follow, max-snippet:-1, max-image-preview:large, max-video-preview:-1\" \/>\n<link rel=\"canonical\" href=\"https:\/\/www.blogsoestado.com\/danielmatos\/conselho-seccional-da-oab-decide-hoje-a-tarde-destino-da-chapa-de-thiago-diaz\/\" \/>\n<meta property=\"og:locale\" content=\"pt_BR\" \/>\n<meta property=\"og:type\" content=\"article\" \/>\n<meta property=\"og:title\" content=\"Conselho Seccional da OAB decide hoje \u00e0 tarde destino da chapa de Thiago Diaz - Daniel Matos\" \/>\n<meta property=\"og:description\" content=\"Est\u00e1 marcada para acontecer agora \u00e0 tarde uma sess\u00e3o do Conselho Seccional da OAB que pode mudar os rumos da [&hellip;]\" \/>\n<meta property=\"og:url\" content=\"https:\/\/www.blogsoestado.com\/danielmatos\/conselho-seccional-da-oab-decide-hoje-a-tarde-destino-da-chapa-de-thiago-diaz\/\" \/>\n<meta property=\"og:site_name\" content=\"Daniel Matos\" \/>\n<meta property=\"article:published_time\" content=\"2018-11-14T18:58:35+00:00\" \/>\n<meta property=\"og:image\" content=\"https:\/\/www.blogsoestado.com\/danielmatos\/files\/2018\/11\/diaz-thiago.jpg\" \/>\n<meta name=\"twitter:card\" content=\"summary_large_image\" \/>\n<meta name=\"twitter:label1\" content=\"Est. tempo de leitura\" \/>\n\t<meta name=\"twitter:data1\" content=\"2 minutos\" \/>\n<script type=\"application\/ld+json\" class=\"yoast-schema-graph\">{\"@context\":\"https:\/\/schema.org\",\"@graph\":[{\"@type\":\"WebPage\",\"@id\":\"https:\/\/www.blogsoestado.com\/danielmatos\/conselho-seccional-da-oab-decide-hoje-a-tarde-destino-da-chapa-de-thiago-diaz\/\",\"url\":\"https:\/\/www.blogsoestado.com\/danielmatos\/conselho-seccional-da-oab-decide-hoje-a-tarde-destino-da-chapa-de-thiago-diaz\/\",\"name\":\"Conselho Seccional da OAB decide hoje \u00e0 tarde destino da chapa de Thiago Diaz - Daniel Matos\",\"isPartOf\":{\"@id\":\"https:\/\/www.blogsoestado.com\/danielmatos\/#website\"},\"primaryImageOfPage\":{\"@id\":\"https:\/\/www.blogsoestado.com\/danielmatos\/conselho-seccional-da-oab-decide-hoje-a-tarde-destino-da-chapa-de-thiago-diaz\/#primaryimage\"},\"image\":{\"@id\":\"https:\/\/www.blogsoestado.com\/danielmatos\/conselho-seccional-da-oab-decide-hoje-a-tarde-destino-da-chapa-de-thiago-diaz\/#primaryimage\"},\"thumbnailUrl\":\"https:\/\/www.blogsoestado.com\/danielmatos\/files\/2018\/11\/diaz-thiago.jpg\",\"datePublished\":\"2018-11-14T18:58:35+00:00\",\"author\":{\"@id\":\"\"},\"breadcrumb\":{\"@id\":\"https:\/\/www.blogsoestado.com\/danielmatos\/conselho-seccional-da-oab-decide-hoje-a-tarde-destino-da-chapa-de-thiago-diaz\/#breadcrumb\"},\"inLanguage\":\"pt-BR\",\"potentialAction\":[{\"@type\":\"ReadAction\",\"target\":[\"https:\/\/www.blogsoestado.com\/danielmatos\/conselho-seccional-da-oab-decide-hoje-a-tarde-destino-da-chapa-de-thiago-diaz\/\"]}]},{\"@type\":\"ImageObject\",\"inLanguage\":\"pt-BR\",\"@id\":\"https:\/\/www.blogsoestado.com\/danielmatos\/conselho-seccional-da-oab-decide-hoje-a-tarde-destino-da-chapa-de-thiago-diaz\/#primaryimage\",\"url\":\"https:\/\/www.blogsoestado.com\/danielmatos\/files\/2018\/11\/diaz-thiago.jpg\",\"contentUrl\":\"https:\/\/www.blogsoestado.com\/danielmatos\/files\/2018\/11\/diaz-thiago.jpg\"},{\"@type\":\"BreadcrumbList\",\"@id\":\"https:\/\/www.blogsoestado.com\/danielmatos\/conselho-seccional-da-oab-decide-hoje-a-tarde-destino-da-chapa-de-thiago-diaz\/#breadcrumb\",\"itemListElement\":[{\"@type\":\"ListItem\",\"position\":1,\"name\":\"In\u00edcio\",\"item\":\"https:\/\/www.blogsoestado.com\/danielmatos\/\"},{\"@type\":\"ListItem\",\"position\":2,\"name\":\"Conselho Seccional da OAB decide hoje \u00e0 tarde destino da chapa de Thiago Diaz\"}]},{\"@type\":\"WebSite\",\"@id\":\"https:\/\/www.blogsoestado.com\/danielmatos\/#website\",\"url\":\"https:\/\/www.blogsoestado.com\/danielmatos\/\",\"name\":\"Daniel Matos\",\"description\":\"\",\"potentialAction\":[{\"@type\":\"SearchAction\",\"target\":{\"@type\":\"EntryPoint\",\"urlTemplate\":\"https:\/\/www.blogsoestado.com\/danielmatos\/?s={search_term_string}\"},\"query-input\":{\"@type\":\"PropertyValueSpecification\",\"valueRequired\":true,\"valueName\":\"search_term_string\"}}],\"inLanguage\":\"pt-BR\"}]}<\/script>\n<!-- \/ Yoast SEO plugin. -->","yoast_head_json":{"title":"Conselho Seccional da OAB decide hoje \u00e0 tarde destino da chapa de Thiago Diaz - Daniel Matos","robots":{"index":"index","follow":"follow","max-snippet":"max-snippet:-1","max-image-preview":"max-image-preview:large","max-video-preview":"max-video-preview:-1"},"canonical":"https:\/\/www.blogsoestado.com\/danielmatos\/conselho-seccional-da-oab-decide-hoje-a-tarde-destino-da-chapa-de-thiago-diaz\/","og_locale":"pt_BR","og_type":"article","og_title":"Conselho Seccional da OAB decide hoje \u00e0 tarde destino da chapa de Thiago Diaz - Daniel Matos","og_description":"Est\u00e1 marcada para acontecer agora \u00e0 tarde uma sess\u00e3o do Conselho Seccional da OAB que pode mudar os rumos da [&hellip;]","og_url":"https:\/\/www.blogsoestado.com\/danielmatos\/conselho-seccional-da-oab-decide-hoje-a-tarde-destino-da-chapa-de-thiago-diaz\/","og_site_name":"Daniel Matos","article_published_time":"2018-11-14T18:58:35+00:00","og_image":[{"url":"https:\/\/www.blogsoestado.com\/danielmatos\/files\/2018\/11\/diaz-thiago.jpg","type":"","width":"","height":""}],"twitter_card":"summary_large_image","twitter_misc":{"Est. tempo de leitura":"2 minutos"},"schema":{"@context":"https:\/\/schema.org","@graph":[{"@type":"WebPage","@id":"https:\/\/www.blogsoestado.com\/danielmatos\/conselho-seccional-da-oab-decide-hoje-a-tarde-destino-da-chapa-de-thiago-diaz\/","url":"https:\/\/www.blogsoestado.com\/danielmatos\/conselho-seccional-da-oab-decide-hoje-a-tarde-destino-da-chapa-de-thiago-diaz\/","name":"Conselho Seccional da OAB decide hoje \u00e0 tarde destino da chapa de Thiago Diaz - Daniel Matos","isPartOf":{"@id":"https:\/\/www.blogsoestado.com\/danielmatos\/#website"},"primaryImageOfPage":{"@id":"https:\/\/www.blogsoestado.com\/danielmatos\/conselho-seccional-da-oab-decide-hoje-a-tarde-destino-da-chapa-de-thiago-diaz\/#primaryimage"},"image":{"@id":"https:\/\/www.blogsoestado.com\/danielmatos\/conselho-seccional-da-oab-decide-hoje-a-tarde-destino-da-chapa-de-thiago-diaz\/#primaryimage"},"thumbnailUrl":"https:\/\/www.blogsoestado.com\/danielmatos\/files\/2018\/11\/diaz-thiago.jpg","datePublished":"2018-11-14T18:58:35+00:00","author":{"@id":""},"breadcrumb":{"@id":"https:\/\/www.blogsoestado.com\/danielmatos\/conselho-seccional-da-oab-decide-hoje-a-tarde-destino-da-chapa-de-thiago-diaz\/#breadcrumb"},"inLanguage":"pt-BR","potentialAction":[{"@type":"ReadAction","target":["https:\/\/www.blogsoestado.com\/danielmatos\/conselho-seccional-da-oab-decide-hoje-a-tarde-destino-da-chapa-de-thiago-diaz\/"]}]},{"@type":"ImageObject","inLanguage":"pt-BR","@id":"https:\/\/www.blogsoestado.com\/danielmatos\/conselho-seccional-da-oab-decide-hoje-a-tarde-destino-da-chapa-de-thiago-diaz\/#primaryimage","url":"https:\/\/www.blogsoestado.com\/danielmatos\/files\/2018\/11\/diaz-thiago.jpg","contentUrl":"https:\/\/www.blogsoestado.com\/danielmatos\/files\/2018\/11\/diaz-thiago.jpg"},{"@type":"BreadcrumbList","@id":"https:\/\/www.blogsoestado.com\/danielmatos\/conselho-seccional-da-oab-decide-hoje-a-tarde-destino-da-chapa-de-thiago-diaz\/#breadcrumb","itemListElement":[{"@type":"ListItem","position":1,"name":"In\u00edcio","item":"https:\/\/www.blogsoestado.com\/danielmatos\/"},{"@type":"ListItem","position":2,"name":"Conselho Seccional da OAB decide hoje \u00e0 tarde destino da chapa de Thiago Diaz"}]},{"@type":"WebSite","@id":"https:\/\/www.blogsoestado.com\/danielmatos\/#website","url":"https:\/\/www.blogsoestado.com\/danielmatos\/","name":"Daniel Matos","description":"","potentialAction":[{"@type":"SearchAction","target":{"@type":"EntryPoint","urlTemplate":"https:\/\/www.blogsoestado.com\/danielmatos\/?s={search_term_string}"},"query-input":{"@type":"PropertyValueSpecification","valueRequired":true,"valueName":"search_term_string"}}],"inLanguage":"pt-BR"}]}},"jetpack_featured_media_url":"","_links":{"self":[{"href":"https:\/\/www.blogsoestado.com\/danielmatos\/wp-json\/wp\/v2\/posts\/58083","targetHints":{"allow":["GET"]}}],"collection":[{"href":"https:\/\/www.blogsoestado.com\/danielmatos\/wp-json\/wp\/v2\/posts"}],"about":[{"href":"https:\/\/www.blogsoestado.com\/danielmatos\/wp-json\/wp\/v2\/types\/post"}],"replies":[{"embeddable":true,"href":"https:\/\/www.blogsoestado.com\/danielmatos\/wp-json\/wp\/v2\/comments?post=58083"}],"version-history":[{"count":0,"href":"https:\/\/www.blogsoestado.com\/danielmatos\/wp-json\/wp\/v2\/posts\/58083\/revisions"}],"wp:attachment":[{"href":"https:\/\/www.blogsoestado.com\/danielmatos\/wp-json\/wp\/v2\/media?parent=58083"}],"wp:term":[{"taxonomy":"category","embeddable":true,"href":"https:\/\/www.blogsoestado.com\/danielmatos\/wp-json\/wp\/v2\/categories?post=58083"},{"taxonomy":"post_tag","embeddable":true,"href":"https:\/\/www.blogsoestado.com\/danielmatos\/wp-json\/wp\/v2\/tags?post=58083"}],"curies":[{"name":"wp","href":"https:\/\/api.w.org\/{rel}","templated":true}]}}