{"id":58090,"date":"2018-11-14T19:09:35","date_gmt":"2018-11-14T22:09:35","guid":{"rendered":"https:\/\/www.blogsoestado.com\/danielmatos\/?p=58090"},"modified":"2018-11-14T19:09:35","modified_gmt":"2018-11-14T22:09:35","slug":"maranhao-de-flavio-dino-a-beira-do-abismo","status":"publish","type":"post","link":"https:\/\/www.blogsoestado.com\/danielmatos\/maranhao-de-flavio-dino-a-beira-do-abismo\/","title":{"rendered":"Maranh\u00e3o de Fl\u00e1vio Dino \u00e0 beira do abismo"},"content":{"rendered":"<figure id=\"attachment_52455\" aria-describedby=\"caption-attachment-52455\" style=\"width: 330px\" class=\"wp-caption alignright\"><a href=\"https:\/\/www.blogsoestado.com\/danielmatos\/2018\/06\/19\/revista-especializada-em-educacao-acusa-flavio-dino-de-divulgar-fake-news-sobre-salario-de-professores\/dino-fake-news\/\" rel=\"attachment wp-att-52455\"><img fetchpriority=\"high\" decoding=\"async\" class=\"size-full wp-image-52455\" src=\"https:\/\/www.blogsoestado.com\/danielmatos\/files\/2018\/06\/dino-fake-news.jpg\" alt=\"\" width=\"330\" height=\"333\" \/><\/a><figcaption id=\"caption-attachment-52455\" class=\"wp-caption-text\">Fl\u00e1vio Dino conseguiu a fa\u00e7anha de arruinar as finan\u00e7as do Maranh\u00e3o em menos de um mandato<\/figcaption><\/figure>\n<p>Em pouco mais de tr\u00eas anos e meio, o governador Fl\u00e1vio Dino (PCdoB) rebaixou o Maranh\u00e3o da condi\u00e7\u00e3o de estado promissor economicamente para um ambiente de risco financeiro, prestes a entrar em colapso. \u00c9 o que revelam dados do Tesouro Nacional, que v\u00eam tendo ampla divulga\u00e7\u00e3o na imprensa local e na m\u00eddia pa\u00eds afora.<\/p>\n<p>Reportagem veiculada em 2 de mar\u00e7o de 2015 pelo Bom Dia Brasil, da TV Globo, comprovou a situa\u00e7\u00e3o financeira confort\u00e1vel que o comunista encontrou ao assumir o governo, em 1\u00ba de janeiro daquele mesmo ano, com a promessa de mudar o Maranh\u00e3o. A mat\u00e9ria trouxe um levantamento que revelou que o estado foi um dos cinco, al\u00e9m do Distrito Federal, que n\u00e3o haviam aumentando gastos com pessoal em 2014.<\/p>\n<p>Outro n\u00famero refor\u00e7ou o cen\u00e1rio favor\u00e1vel do Maranh\u00e3o ao ser entregue nas m\u00e3os do comunismo: os gastos com a folha n\u00e3o chegavam a 39%, bem longe do limite prudencial estabelecido pela Lei de Responsabilidade Fiscal, de 46,55%, e muito mais distante, ainda, do limite m\u00e1ximo, de 60%. Antes mesmo do fim do primeiro mandato do governador reeleito, as despesas com a folha j\u00e1 atingem 57% da receita corrente l\u00edquida, segundo n\u00fameros do Tesouro Nacional, o que fez acender o alerta de perigo, tamanha a proximidade do abismo.<\/p>\n<p>O aumento de mais de 18% dos gastos com pessoal em apenas tr\u00eas anos e meio exp\u00f4s o descontrole da gest\u00e3o comunista em rela\u00e7\u00e3o \u00e0s finan\u00e7as do Estado. A constata\u00e7\u00e3o foi assustadora, j\u00e1 que o quadro pode evoluir para a insolv\u00eancia (incapacidade de recuperar-se financeiramente), conforme os par\u00e2metros do pr\u00f3prio Tesouro.<\/p>\n<p>Desesperado, o governo tenta, a todo custo, evitar o pior. Mas a f\u00f3rmula adotada \u00e9 um duro golpe na popula\u00e7\u00e3o, um pacote de maldades que inclui a retirada de direitos de servidores p\u00fablicos, por meio de a\u00e7\u00f5es judiciais, a exemplo da diferen\u00e7a de 21,7%, que Fl\u00e1vio Dino insiste em tentar barrar, mesmo j\u00e1 estando esgotadas todas as possibilidades de recurso nos tribunais, e a descompress\u00e3o salarial dos professores, benef\u00edcio concedido por meio de um acordo firmado entre a categoria e a gest\u00e3o que antecedeu a do comunista.<\/p>\n<p>Com os cofres vazios e j\u00e1 tendo consumido, at\u00e9 mesmo, as reservas do Fundo Estadual de Pens\u00e3o e Aposentadoria (Fepa), a gest\u00e3o comunista recorreu, tamb\u00e9m, \u00e0 cria\u00e7\u00e3o de uma taxa que incidir\u00e1 sobre o transporte de min\u00e9rios. E fontes bem situadas j\u00e1 sinalizam que haver\u00e1 aumento de tributos, dando como certa a alta do Imposto sobre Circula\u00e7\u00e3o de Mercadorias e Servi\u00e7os (ICMS) para determinados itens.<\/p>\n<p>At\u00e9 ent\u00e3o um celeiro de oportunidades de neg\u00f3cios, o Maranh\u00e3o foi perdendo f\u00f4lego desde que\u00a0Fl\u00e1vio Dino assumiu o comando do Pal\u00e1cio dos Le\u00f5es, at\u00e9 ficar \u00e0 beira da ru\u00edna, situa\u00e7\u00e3o em que se encontra hoje, para desgosto dos que alimentavam a esperan\u00e7a de dias melhores.<\/p>\n","protected":false},"excerpt":{"rendered":"<p>Em pouco mais de tr\u00eas anos e meio, o governador Fl\u00e1vio Dino (PCdoB) rebaixou o Maranh\u00e3o da condi\u00e7\u00e3o de estado [&hellip;]<\/p>\n","protected":false},"author":0,"featured_media":0,"comment_status":"open","ping_status":"open","sticky":false,"template":"","format":"standard","meta":{"site-sidebar-layout":"default","site-content-layout":"","ast-site-content-layout":"default","site-content-style":"default","site-sidebar-style":"default","ast-global-header-display":"","ast-banner-title-visibility":"","ast-main-header-display":"","ast-hfb-above-header-display":"","ast-hfb-below-header-display":"","ast-hfb-mobile-header-display":"","site-post-title":"","ast-breadcrumbs-content":"","ast-featured-img":"","footer-sml-layout":"","ast-disable-related-posts":"","theme-transparent-header-meta":"","adv-header-id-meta":"","stick-header-meta":"","header-above-stick-meta":"","header-main-stick-meta":"","header-below-stick-meta":"","astra-migrate-meta-layouts":"default","ast-page-background-enabled":"default","ast-page-background-meta":{"desktop":{"background-color":"var(--ast-global-color-5)","background-image":"","background-repeat":"repeat","background-position":"center center","background-size":"auto","background-attachment":"scroll","background-type":"","background-media":"","overlay-type":"","overlay-color":"","overlay-opacity":"","overlay-gradient":""},"tablet":{"background-color":"","background-image":"","background-repeat":"repeat","background-position":"center center","background-size":"auto","background-attachment":"scroll","background-type":"","background-media":"","overlay-type":"","overlay-color":"","overlay-opacity":"","overlay-gradient":""},"mobile":{"background-color":"","background-image":"","background-repeat":"repeat","background-position":"center center","background-size":"auto","background-attachment":"scroll","background-type":"","background-media":"","overlay-type":"","overlay-color":"","overlay-opacity":"","overlay-gradient":""}},"ast-content-background-meta":{"desktop":{"background-color":"var(--ast-global-color-4)","background-image":"","background-repeat":"repeat","background-position":"center center","background-size":"auto","background-attachment":"scroll","background-type":"","background-media":"","overlay-type":"","overlay-color":"","overlay-opacity":"","overlay-gradient":""},"tablet":{"background-color":"var(--ast-global-color-4)","background-image":"","background-repeat":"repeat","background-position":"center center","background-size":"auto","background-attachment":"scroll","background-type":"","background-media":"","overlay-type":"","overlay-color":"","overlay-opacity":"","overlay-gradient":""},"mobile":{"background-color":"var(--ast-global-color-4)","background-image":"","background-repeat":"repeat","background-position":"center center","background-size":"auto","background-attachment":"scroll","background-type":"","background-media":"","overlay-type":"","overlay-color":"","overlay-opacity":"","overlay-gradient":""}},"footnotes":""},"categories":[1],"tags":[],"class_list":["post-58090","post","type-post","status-publish","format-standard","hentry","category-sem-categoria"],"yoast_head":"<!-- This site is optimized with the Yoast SEO plugin v26.6 - https:\/\/yoast.com\/wordpress\/plugins\/seo\/ -->\n<title>Maranh\u00e3o de Fl\u00e1vio Dino \u00e0 beira do abismo - Daniel Matos<\/title>\n<meta name=\"robots\" content=\"index, follow, max-snippet:-1, max-image-preview:large, max-video-preview:-1\" \/>\n<link rel=\"canonical\" href=\"https:\/\/www.blogsoestado.com\/danielmatos\/maranhao-de-flavio-dino-a-beira-do-abismo\/\" \/>\n<meta property=\"og:locale\" content=\"pt_BR\" \/>\n<meta property=\"og:type\" content=\"article\" \/>\n<meta property=\"og:title\" content=\"Maranh\u00e3o de Fl\u00e1vio Dino \u00e0 beira do abismo - Daniel Matos\" \/>\n<meta property=\"og:description\" content=\"Em pouco mais de tr\u00eas anos e meio, o governador Fl\u00e1vio Dino (PCdoB) rebaixou o Maranh\u00e3o da condi\u00e7\u00e3o de estado [&hellip;]\" \/>\n<meta property=\"og:url\" content=\"https:\/\/www.blogsoestado.com\/danielmatos\/maranhao-de-flavio-dino-a-beira-do-abismo\/\" \/>\n<meta property=\"og:site_name\" content=\"Daniel Matos\" \/>\n<meta property=\"article:published_time\" content=\"2018-11-14T22:09:35+00:00\" \/>\n<meta property=\"og:image\" content=\"https:\/\/www.blogsoestado.com\/danielmatos\/files\/2018\/06\/dino-fake-news.jpg\" \/>\n<meta name=\"twitter:card\" content=\"summary_large_image\" \/>\n<meta name=\"twitter:label1\" content=\"Est. tempo de leitura\" \/>\n\t<meta name=\"twitter:data1\" content=\"3 minutos\" \/>\n<script type=\"application\/ld+json\" class=\"yoast-schema-graph\">{\"@context\":\"https:\/\/schema.org\",\"@graph\":[{\"@type\":\"WebPage\",\"@id\":\"https:\/\/www.blogsoestado.com\/danielmatos\/maranhao-de-flavio-dino-a-beira-do-abismo\/\",\"url\":\"https:\/\/www.blogsoestado.com\/danielmatos\/maranhao-de-flavio-dino-a-beira-do-abismo\/\",\"name\":\"Maranh\u00e3o de Fl\u00e1vio Dino \u00e0 beira do abismo - Daniel Matos\",\"isPartOf\":{\"@id\":\"https:\/\/www.blogsoestado.com\/danielmatos\/#website\"},\"primaryImageOfPage\":{\"@id\":\"https:\/\/www.blogsoestado.com\/danielmatos\/maranhao-de-flavio-dino-a-beira-do-abismo\/#primaryimage\"},\"image\":{\"@id\":\"https:\/\/www.blogsoestado.com\/danielmatos\/maranhao-de-flavio-dino-a-beira-do-abismo\/#primaryimage\"},\"thumbnailUrl\":\"https:\/\/www.blogsoestado.com\/danielmatos\/files\/2018\/06\/dino-fake-news.jpg\",\"datePublished\":\"2018-11-14T22:09:35+00:00\",\"author\":{\"@id\":\"\"},\"breadcrumb\":{\"@id\":\"https:\/\/www.blogsoestado.com\/danielmatos\/maranhao-de-flavio-dino-a-beira-do-abismo\/#breadcrumb\"},\"inLanguage\":\"pt-BR\",\"potentialAction\":[{\"@type\":\"ReadAction\",\"target\":[\"https:\/\/www.blogsoestado.com\/danielmatos\/maranhao-de-flavio-dino-a-beira-do-abismo\/\"]}]},{\"@type\":\"ImageObject\",\"inLanguage\":\"pt-BR\",\"@id\":\"https:\/\/www.blogsoestado.com\/danielmatos\/maranhao-de-flavio-dino-a-beira-do-abismo\/#primaryimage\",\"url\":\"https:\/\/www.blogsoestado.com\/danielmatos\/files\/2018\/06\/dino-fake-news.jpg\",\"contentUrl\":\"https:\/\/www.blogsoestado.com\/danielmatos\/files\/2018\/06\/dino-fake-news.jpg\"},{\"@type\":\"BreadcrumbList\",\"@id\":\"https:\/\/www.blogsoestado.com\/danielmatos\/maranhao-de-flavio-dino-a-beira-do-abismo\/#breadcrumb\",\"itemListElement\":[{\"@type\":\"ListItem\",\"position\":1,\"name\":\"In\u00edcio\",\"item\":\"https:\/\/www.blogsoestado.com\/danielmatos\/\"},{\"@type\":\"ListItem\",\"position\":2,\"name\":\"Maranh\u00e3o de Fl\u00e1vio Dino \u00e0 beira do abismo\"}]},{\"@type\":\"WebSite\",\"@id\":\"https:\/\/www.blogsoestado.com\/danielmatos\/#website\",\"url\":\"https:\/\/www.blogsoestado.com\/danielmatos\/\",\"name\":\"Daniel Matos\",\"description\":\"\",\"potentialAction\":[{\"@type\":\"SearchAction\",\"target\":{\"@type\":\"EntryPoint\",\"urlTemplate\":\"https:\/\/www.blogsoestado.com\/danielmatos\/?s={search_term_string}\"},\"query-input\":{\"@type\":\"PropertyValueSpecification\",\"valueRequired\":true,\"valueName\":\"search_term_string\"}}],\"inLanguage\":\"pt-BR\"}]}<\/script>\n<!-- \/ Yoast SEO plugin. -->","yoast_head_json":{"title":"Maranh\u00e3o de Fl\u00e1vio Dino \u00e0 beira do abismo - Daniel Matos","robots":{"index":"index","follow":"follow","max-snippet":"max-snippet:-1","max-image-preview":"max-image-preview:large","max-video-preview":"max-video-preview:-1"},"canonical":"https:\/\/www.blogsoestado.com\/danielmatos\/maranhao-de-flavio-dino-a-beira-do-abismo\/","og_locale":"pt_BR","og_type":"article","og_title":"Maranh\u00e3o de Fl\u00e1vio Dino \u00e0 beira do abismo - Daniel Matos","og_description":"Em pouco mais de tr\u00eas anos e meio, o governador Fl\u00e1vio Dino (PCdoB) rebaixou o Maranh\u00e3o da condi\u00e7\u00e3o de estado [&hellip;]","og_url":"https:\/\/www.blogsoestado.com\/danielmatos\/maranhao-de-flavio-dino-a-beira-do-abismo\/","og_site_name":"Daniel Matos","article_published_time":"2018-11-14T22:09:35+00:00","og_image":[{"url":"https:\/\/www.blogsoestado.com\/danielmatos\/files\/2018\/06\/dino-fake-news.jpg","type":"","width":"","height":""}],"twitter_card":"summary_large_image","twitter_misc":{"Est. tempo de leitura":"3 minutos"},"schema":{"@context":"https:\/\/schema.org","@graph":[{"@type":"WebPage","@id":"https:\/\/www.blogsoestado.com\/danielmatos\/maranhao-de-flavio-dino-a-beira-do-abismo\/","url":"https:\/\/www.blogsoestado.com\/danielmatos\/maranhao-de-flavio-dino-a-beira-do-abismo\/","name":"Maranh\u00e3o de Fl\u00e1vio Dino \u00e0 beira do abismo - Daniel Matos","isPartOf":{"@id":"https:\/\/www.blogsoestado.com\/danielmatos\/#website"},"primaryImageOfPage":{"@id":"https:\/\/www.blogsoestado.com\/danielmatos\/maranhao-de-flavio-dino-a-beira-do-abismo\/#primaryimage"},"image":{"@id":"https:\/\/www.blogsoestado.com\/danielmatos\/maranhao-de-flavio-dino-a-beira-do-abismo\/#primaryimage"},"thumbnailUrl":"https:\/\/www.blogsoestado.com\/danielmatos\/files\/2018\/06\/dino-fake-news.jpg","datePublished":"2018-11-14T22:09:35+00:00","author":{"@id":""},"breadcrumb":{"@id":"https:\/\/www.blogsoestado.com\/danielmatos\/maranhao-de-flavio-dino-a-beira-do-abismo\/#breadcrumb"},"inLanguage":"pt-BR","potentialAction":[{"@type":"ReadAction","target":["https:\/\/www.blogsoestado.com\/danielmatos\/maranhao-de-flavio-dino-a-beira-do-abismo\/"]}]},{"@type":"ImageObject","inLanguage":"pt-BR","@id":"https:\/\/www.blogsoestado.com\/danielmatos\/maranhao-de-flavio-dino-a-beira-do-abismo\/#primaryimage","url":"https:\/\/www.blogsoestado.com\/danielmatos\/files\/2018\/06\/dino-fake-news.jpg","contentUrl":"https:\/\/www.blogsoestado.com\/danielmatos\/files\/2018\/06\/dino-fake-news.jpg"},{"@type":"BreadcrumbList","@id":"https:\/\/www.blogsoestado.com\/danielmatos\/maranhao-de-flavio-dino-a-beira-do-abismo\/#breadcrumb","itemListElement":[{"@type":"ListItem","position":1,"name":"In\u00edcio","item":"https:\/\/www.blogsoestado.com\/danielmatos\/"},{"@type":"ListItem","position":2,"name":"Maranh\u00e3o de Fl\u00e1vio Dino \u00e0 beira do abismo"}]},{"@type":"WebSite","@id":"https:\/\/www.blogsoestado.com\/danielmatos\/#website","url":"https:\/\/www.blogsoestado.com\/danielmatos\/","name":"Daniel Matos","description":"","potentialAction":[{"@type":"SearchAction","target":{"@type":"EntryPoint","urlTemplate":"https:\/\/www.blogsoestado.com\/danielmatos\/?s={search_term_string}"},"query-input":{"@type":"PropertyValueSpecification","valueRequired":true,"valueName":"search_term_string"}}],"inLanguage":"pt-BR"}]}},"jetpack_featured_media_url":"","_links":{"self":[{"href":"https:\/\/www.blogsoestado.com\/danielmatos\/wp-json\/wp\/v2\/posts\/58090","targetHints":{"allow":["GET"]}}],"collection":[{"href":"https:\/\/www.blogsoestado.com\/danielmatos\/wp-json\/wp\/v2\/posts"}],"about":[{"href":"https:\/\/www.blogsoestado.com\/danielmatos\/wp-json\/wp\/v2\/types\/post"}],"replies":[{"embeddable":true,"href":"https:\/\/www.blogsoestado.com\/danielmatos\/wp-json\/wp\/v2\/comments?post=58090"}],"version-history":[{"count":0,"href":"https:\/\/www.blogsoestado.com\/danielmatos\/wp-json\/wp\/v2\/posts\/58090\/revisions"}],"wp:attachment":[{"href":"https:\/\/www.blogsoestado.com\/danielmatos\/wp-json\/wp\/v2\/media?parent=58090"}],"wp:term":[{"taxonomy":"category","embeddable":true,"href":"https:\/\/www.blogsoestado.com\/danielmatos\/wp-json\/wp\/v2\/categories?post=58090"},{"taxonomy":"post_tag","embeddable":true,"href":"https:\/\/www.blogsoestado.com\/danielmatos\/wp-json\/wp\/v2\/tags?post=58090"}],"curies":[{"name":"wp","href":"https:\/\/api.w.org\/{rel}","templated":true}]}}