{"id":58092,"date":"2018-11-16T10:32:00","date_gmt":"2018-11-16T13:32:00","guid":{"rendered":"https:\/\/www.blogsoestado.com\/danielmatos\/?p=58092"},"modified":"2018-11-16T10:32:00","modified_gmt":"2018-11-16T13:32:00","slug":"indicado-ao-grammy-latino-mundo-bita-faz-show-pela-primeira-vez-em-sao-luis","status":"publish","type":"post","link":"https:\/\/www.blogsoestado.com\/danielmatos\/indicado-ao-grammy-latino-mundo-bita-faz-show-pela-primeira-vez-em-sao-luis\/","title":{"rendered":"Indicado ao Grammy Latino, Mundo Bita faz show pela primeira vez em S\u00e3o Lu\u00eds"},"content":{"rendered":"<h2><span style=\"color: #ff0000;\">\u201cViva as Descobertas\u201d re\u00fane os principais sucessos do personagem e m\u00fasicas in\u00e9ditas em nova turn\u00ea nacional<\/span><\/h2>\n<p><a href=\"https:\/\/www.blogsoestado.com\/danielmatos\/2018\/11\/16\/indicado-ao-grammy-latino-mundo-bita-faz-show-pela-primeira-vez-em-sao-luis\/mundo-bita\/\" rel=\"attachment wp-att-58093\"><img fetchpriority=\"high\" decoding=\"async\" class=\"alignleft size-full wp-image-58093\" src=\"https:\/\/www.blogsoestado.com\/danielmatos\/files\/2018\/11\/mundo-bita.jpg\" alt=\"\" width=\"275\" height=\"183\" \/><\/a>Ele vem do Mundo da Imagina\u00e7\u00e3o, que fica entre o Planeta Circo e o Planeta M\u00fasica. Usa uma cartola de m\u00e1gico e a roupa de maestro, al\u00e9m de um grande bigode laranja, que o torna muito engra\u00e7ado. Assim \u00e9 o Bita, personagem que tem atra\u00eddo cada vez mais crian\u00e7as e adultos ao misturar o l\u00fadico e o imagin\u00e1rio em doses generosas de muito aprendizado.<\/p>\n<p>Pela primeira vez, Bita e a turma v\u00e3o se apresentar em S\u00e3o Lu\u00eds, onde ir\u00e3o celebrar com o p\u00fablico maranhense a recente indica\u00e7\u00e3o ao pr\u00eamio Grammy Latino, um dos maiores reconhecimentos art\u00edsticos do mundo. \u201cViva as Descobertas\u201d \u00e9 um musical repleto de encanto que valoriza as surpresas da inf\u00e2ncia.<\/p>\n<p>O show in\u00e9dito ser\u00e1 no Rio Anil Shopping, cujo tema da temporada natalina \u00e9 o Mundo Bita. Em um espa\u00e7o confort\u00e1vel, adaptado e exclusivo, os f\u00e3s do Bita ver\u00e3o a apresenta\u00e7\u00e3o de m\u00fasicas in\u00e9ditas, al\u00e9m de novos di\u00e1logos entre os personagens e muita intera\u00e7\u00e3o com o p\u00fablico, estimulando o que h\u00e1 de mais importante nessa fase: as descobertas em rela\u00e7\u00e3o ao mundo.<\/p>\n<p><strong>Cen\u00e1rio<\/strong><\/p>\n<p><a href=\"https:\/\/www.blogsoestado.com\/danielmatos\/2018\/11\/16\/indicado-ao-grammy-latino-mundo-bita-faz-show-pela-primeira-vez-em-sao-luis\/mundo-bita2\/\" rel=\"attachment wp-att-58094\"><img decoding=\"async\" class=\"alignright size-full wp-image-58094\" src=\"https:\/\/www.blogsoestado.com\/danielmatos\/files\/2018\/11\/mundo-bita2.jpg\" alt=\"\" width=\"271\" height=\"186\" \/><\/a>O cen\u00e1rio \u00e9 todo montado para permitir uma viagem do p\u00fablico ao mundo da imagina\u00e7\u00e3o. Adultos e crian\u00e7as de todas as idades ir\u00e3o se divertir com um repert\u00f3rio musical que destaca melodias e conte\u00fados autorais sobre o universo infantil, como os cl\u00e1ssicos \u201cFazendinha\u201d \u2013 que, de forma criativa e educacional, apresenta para as crian\u00e7as o dia a dia na fazenda &#8211; e \u201cDinossauros\u201d &#8211; que conta, de maneira l\u00fadica, a hist\u00f3ria do per\u00edodo em que os dinossauros habitaram a Terra.<\/p>\n<p>Como novidades, tem o \u201cTrem das Esta\u00e7\u00f5es\u201d, al\u00e9m de m\u00fasicas do \u00e1lbum \u201cBita e Nosso Mundo\u201d, como \u201cNossa Casa\u201d e \u201cT\u00f4 Dod\u00f3i\u201d, que deixam os momentos de aprendizado ainda mais divertidos. Para Chaps Melo, diretor de cria\u00e7\u00e3o do Mundo Bita e um dos s\u00f3cios da Mr. Plot, est\u00fadio que desenvolve e produz todo o conte\u00fado da marca, o show surpreender\u00e1 os papais e as mam\u00e3es que s\u00e3o ansiosos por novidades. \u201cTemos uma apresenta\u00e7\u00e3o totalmente nova, pensada para aquele p\u00fablico que j\u00e1 \u00e9 f\u00e3 do Mundo Bita e para aqueles que acabaram de chegar!\u201d, comenta Chaps.<\/p>\n<p><strong>Espet\u00e1culo<\/strong><\/p>\n<p><a href=\"https:\/\/www.blogsoestado.com\/danielmatos\/2018\/11\/16\/indicado-ao-grammy-latino-mundo-bita-faz-show-pela-primeira-vez-em-sao-luis\/mundo-bita3\/\" rel=\"attachment wp-att-58095\"><img decoding=\"async\" class=\"alignleft size-full wp-image-58095\" src=\"https:\/\/www.blogsoestado.com\/danielmatos\/files\/2018\/11\/mundo-bita3.jpg\" alt=\"\" width=\"303\" height=\"166\" \/><\/a>\u201cViva as Descobertas\u201d tem dura\u00e7\u00e3o de, aproximadamente, uma hora e dez minutos. Durante todo o espet\u00e1culo, Bita e os outros personagens da turma, Tito, Dan, Lila e Flora, recebem no palco alguns personagens surpresa, como a vaquinha, o dinossauro e o bichinho do dod\u00f3i. &#8220;O Bita aparece como personagem principal, e o restante da turminha ganha ainda mais espa\u00e7o na narrativa, fazendo com que as crian\u00e7as mergulhem na hist\u00f3ria&#8221;, explica o roteirista Jo\u00e3o Henrique Souza.<\/p>\n<p>Ao todo, s\u00e3o 14 hits interpretados por Flora, personagem que d\u00e1 voz \u00e0s can\u00e7\u00f5es. \u201cAs m\u00fasicas do novo espet\u00e1culo foram definidas com a ajuda dos espectadores, que elegeram suas can\u00e7\u00f5es preferidas por meio de enquetes nas redes sociais da anima\u00e7\u00e3o.<\/p>\n<p>Hoje, o Mundo Bita acumula mais de 2 bilh\u00f5es de visualiza\u00e7\u00f5es no Youtube em seu canal em portugu\u00eas. Al\u00e9m disso, det\u00e9m outro canal com conte\u00fado em espanhol e est\u00e1 presente em plataformas como Discovery Kids, Netflix, TV Brasil, Deezer e Spotify.<\/p>\n<p><strong>Assista ao v\u00eddeo:<\/strong><\/p>\n<div class=\"ast-oembed-container \" style=\"height: 100%;\"><iframe title=\"V\u00eddeo   Show Mundo Bita\" width=\"500\" height=\"375\" src=\"https:\/\/www.youtube.com\/embed\/uJmBMwm3l84?feature=oembed\" frameborder=\"0\" allow=\"accelerometer; autoplay; clipboard-write; encrypted-media; gyroscope; picture-in-picture; web-share\" referrerpolicy=\"strict-origin-when-cross-origin\" allowfullscreen><\/iframe><\/div>\n<p><strong>SERVI\u00c7O<\/strong><\/p>\n<p>O QUE: Espet\u00e1culo Mundo Bita \u2013 \u201cViva as Descobertas\u201d<\/p>\n<p>QUANDO: 17.11 \u2013 S\u00e1bado \u2013 \u00c0s 17h<\/p>\n<p>ONDE: Rio Anil Shopping \u2013 Estacionamento G2 (Cobertura)<\/p>\n<p>CENSURA: Livre<\/p>\n<p><strong>INGRESSOS:<\/strong><\/p>\n<p>&#8211; Inteira \u2013 R$70<\/p>\n<p>&#8211; Meia Entrada &#8211; R$35<\/p>\n<p>&#8211; Solid\u00e1rio &#8211; R$45,00 + 1kg de alimento (entrega na entrada do evento)*<\/p>\n<p>&#8211; Gratuito para crian\u00e7as de at\u00e9 1 ano e 11 meses (ficam no colo dos respons\u00e1veis durante a apresenta\u00e7\u00e3o)<\/p>\n<p>*Qualquer pessoa que n\u00e3o comprove direito \u00e0 meia entrada e queira fazer uma boa a\u00e7\u00e3o pode adquirir o ingresso solid\u00e1rio.<\/p>\n<p><strong>MEIA ENTRADA:<\/strong><\/p>\n<p>&#8211; 50% de desconto para crian\u00e7as de 02 a 12 anos<\/p>\n<p>&#8211; 50% de desconto para estudantes, pessoas com defici\u00eancia, idosos e jovens entre 15 e 29 anos comprovadamente carentes, em conformidade com a Lei Federal N\u00b012.933 de 26 de dezembro de 2013, Lei Federal 10.741\/03 e Decreto Federal 8.537\/15;<\/p>\n<p>&#8211; 50% de desconto para professores da rede p\u00fablica municipal e particular de ensino em conformidade com a Lei. Apresentar a carteira funcional e documento oficial com foto.<\/p>\n<p><strong>OBS:<\/strong> S\u00f3 ser\u00e1 permitido o acesso ao evento da Meia Entrada mediante apresenta\u00e7\u00e3o de documento que comprove o direito da mesma.<\/p>\n<p><strong>PONTOS DE VENDA EXCLUSIVA<\/strong><\/p>\n<p>Bilheteria Digital \u2013 (Shopping Rio Anil)<\/p>\n<p>&#8211; Segunda a s\u00e1bado: 10h \u00e0s 22h<\/p>\n<p>&#8211; Domingo: 14h \u00e0s 20h<\/p>\n<p>Ou pelo site:<\/p>\n<p>www.bilheteriadigital.com\/showdobitasaoluis<\/p>\n<p><strong>Informa\u00e7\u00f5es:<\/strong> (98) 3015-3017<\/p>\n","protected":false},"excerpt":{"rendered":"<p>\u201cViva as Descobertas\u201d re\u00fane os principais sucessos do personagem e m\u00fasicas in\u00e9ditas em nova turn\u00ea nacional Ele vem do Mundo [&hellip;]<\/p>\n","protected":false},"author":0,"featured_media":0,"comment_status":"open","ping_status":"open","sticky":false,"template":"","format":"standard","meta":{"site-sidebar-layout":"default","site-content-layout":"","ast-site-content-layout":"default","site-content-style":"default","site-sidebar-style":"default","ast-global-header-display":"","ast-banner-title-visibility":"","ast-main-header-display":"","ast-hfb-above-header-display":"","ast-hfb-below-header-display":"","ast-hfb-mobile-header-display":"","site-post-title":"","ast-breadcrumbs-content":"","ast-featured-img":"","footer-sml-layout":"","ast-disable-related-posts":"","theme-transparent-header-meta":"","adv-header-id-meta":"","stick-header-meta":"","header-above-stick-meta":"","header-main-stick-meta":"","header-below-stick-meta":"","astra-migrate-meta-layouts":"default","ast-page-background-enabled":"default","ast-page-background-meta":{"desktop":{"background-color":"var(--ast-global-color-5)","background-image":"","background-repeat":"repeat","background-position":"center center","background-size":"auto","background-attachment":"scroll","background-type":"","background-media":"","overlay-type":"","overlay-color":"","overlay-opacity":"","overlay-gradient":""},"tablet":{"background-color":"","background-image":"","background-repeat":"repeat","background-position":"center center","background-size":"auto","background-attachment":"scroll","background-type":"","background-media":"","overlay-type":"","overlay-color":"","overlay-opacity":"","overlay-gradient":""},"mobile":{"background-color":"","background-image":"","background-repeat":"repeat","background-position":"center center","background-size":"auto","background-attachment":"scroll","background-type":"","background-media":"","overlay-type":"","overlay-color":"","overlay-opacity":"","overlay-gradient":""}},"ast-content-background-meta":{"desktop":{"background-color":"var(--ast-global-color-4)","background-image":"","background-repeat":"repeat","background-position":"center center","background-size":"auto","background-attachment":"scroll","background-type":"","background-media":"","overlay-type":"","overlay-color":"","overlay-opacity":"","overlay-gradient":""},"tablet":{"background-color":"var(--ast-global-color-4)","background-image":"","background-repeat":"repeat","background-position":"center center","background-size":"auto","background-attachment":"scroll","background-type":"","background-media":"","overlay-type":"","overlay-color":"","overlay-opacity":"","overlay-gradient":""},"mobile":{"background-color":"var(--ast-global-color-4)","background-image":"","background-repeat":"repeat","background-position":"center center","background-size":"auto","background-attachment":"scroll","background-type":"","background-media":"","overlay-type":"","overlay-color":"","overlay-opacity":"","overlay-gradient":""}},"footnotes":""},"categories":[1],"tags":[],"class_list":["post-58092","post","type-post","status-publish","format-standard","hentry","category-sem-categoria"],"yoast_head":"<!-- This site is optimized with the Yoast SEO plugin v26.6 - https:\/\/yoast.com\/wordpress\/plugins\/seo\/ -->\n<title>Indicado ao Grammy Latino, Mundo Bita faz show pela primeira vez em S\u00e3o Lu\u00eds - Daniel Matos<\/title>\n<meta name=\"robots\" content=\"index, follow, max-snippet:-1, max-image-preview:large, max-video-preview:-1\" \/>\n<link rel=\"canonical\" href=\"https:\/\/www.blogsoestado.com\/danielmatos\/indicado-ao-grammy-latino-mundo-bita-faz-show-pela-primeira-vez-em-sao-luis\/\" \/>\n<meta property=\"og:locale\" content=\"pt_BR\" \/>\n<meta property=\"og:type\" content=\"article\" \/>\n<meta property=\"og:title\" content=\"Indicado ao Grammy Latino, Mundo Bita faz show pela primeira vez em S\u00e3o Lu\u00eds - Daniel Matos\" \/>\n<meta property=\"og:description\" content=\"\u201cViva as Descobertas\u201d re\u00fane os principais sucessos do personagem e m\u00fasicas in\u00e9ditas em nova turn\u00ea nacional Ele vem do Mundo [&hellip;]\" \/>\n<meta property=\"og:url\" content=\"https:\/\/www.blogsoestado.com\/danielmatos\/indicado-ao-grammy-latino-mundo-bita-faz-show-pela-primeira-vez-em-sao-luis\/\" \/>\n<meta property=\"og:site_name\" content=\"Daniel Matos\" \/>\n<meta property=\"article:published_time\" content=\"2018-11-16T13:32:00+00:00\" \/>\n<meta property=\"og:image\" content=\"https:\/\/www.blogsoestado.com\/danielmatos\/files\/2018\/11\/mundo-bita.jpg\" \/>\n<meta name=\"twitter:card\" content=\"summary_large_image\" \/>\n<meta name=\"twitter:label1\" content=\"Est. tempo de leitura\" \/>\n\t<meta name=\"twitter:data1\" content=\"4 minutos\" \/>\n<script type=\"application\/ld+json\" class=\"yoast-schema-graph\">{\"@context\":\"https:\/\/schema.org\",\"@graph\":[{\"@type\":\"WebPage\",\"@id\":\"https:\/\/www.blogsoestado.com\/danielmatos\/indicado-ao-grammy-latino-mundo-bita-faz-show-pela-primeira-vez-em-sao-luis\/\",\"url\":\"https:\/\/www.blogsoestado.com\/danielmatos\/indicado-ao-grammy-latino-mundo-bita-faz-show-pela-primeira-vez-em-sao-luis\/\",\"name\":\"Indicado ao Grammy Latino, Mundo Bita faz show pela primeira vez em S\u00e3o Lu\u00eds - Daniel Matos\",\"isPartOf\":{\"@id\":\"https:\/\/www.blogsoestado.com\/danielmatos\/#website\"},\"primaryImageOfPage\":{\"@id\":\"https:\/\/www.blogsoestado.com\/danielmatos\/indicado-ao-grammy-latino-mundo-bita-faz-show-pela-primeira-vez-em-sao-luis\/#primaryimage\"},\"image\":{\"@id\":\"https:\/\/www.blogsoestado.com\/danielmatos\/indicado-ao-grammy-latino-mundo-bita-faz-show-pela-primeira-vez-em-sao-luis\/#primaryimage\"},\"thumbnailUrl\":\"https:\/\/www.blogsoestado.com\/danielmatos\/files\/2018\/11\/mundo-bita.jpg\",\"datePublished\":\"2018-11-16T13:32:00+00:00\",\"author\":{\"@id\":\"\"},\"breadcrumb\":{\"@id\":\"https:\/\/www.blogsoestado.com\/danielmatos\/indicado-ao-grammy-latino-mundo-bita-faz-show-pela-primeira-vez-em-sao-luis\/#breadcrumb\"},\"inLanguage\":\"pt-BR\",\"potentialAction\":[{\"@type\":\"ReadAction\",\"target\":[\"https:\/\/www.blogsoestado.com\/danielmatos\/indicado-ao-grammy-latino-mundo-bita-faz-show-pela-primeira-vez-em-sao-luis\/\"]}]},{\"@type\":\"ImageObject\",\"inLanguage\":\"pt-BR\",\"@id\":\"https:\/\/www.blogsoestado.com\/danielmatos\/indicado-ao-grammy-latino-mundo-bita-faz-show-pela-primeira-vez-em-sao-luis\/#primaryimage\",\"url\":\"https:\/\/www.blogsoestado.com\/danielmatos\/files\/2018\/11\/mundo-bita.jpg\",\"contentUrl\":\"https:\/\/www.blogsoestado.com\/danielmatos\/files\/2018\/11\/mundo-bita.jpg\"},{\"@type\":\"BreadcrumbList\",\"@id\":\"https:\/\/www.blogsoestado.com\/danielmatos\/indicado-ao-grammy-latino-mundo-bita-faz-show-pela-primeira-vez-em-sao-luis\/#breadcrumb\",\"itemListElement\":[{\"@type\":\"ListItem\",\"position\":1,\"name\":\"In\u00edcio\",\"item\":\"https:\/\/www.blogsoestado.com\/danielmatos\/\"},{\"@type\":\"ListItem\",\"position\":2,\"name\":\"Indicado ao Grammy Latino, Mundo Bita faz show pela primeira vez em S\u00e3o Lu\u00eds\"}]},{\"@type\":\"WebSite\",\"@id\":\"https:\/\/www.blogsoestado.com\/danielmatos\/#website\",\"url\":\"https:\/\/www.blogsoestado.com\/danielmatos\/\",\"name\":\"Daniel Matos\",\"description\":\"\",\"potentialAction\":[{\"@type\":\"SearchAction\",\"target\":{\"@type\":\"EntryPoint\",\"urlTemplate\":\"https:\/\/www.blogsoestado.com\/danielmatos\/?s={search_term_string}\"},\"query-input\":{\"@type\":\"PropertyValueSpecification\",\"valueRequired\":true,\"valueName\":\"search_term_string\"}}],\"inLanguage\":\"pt-BR\"}]}<\/script>\n<!-- \/ Yoast SEO plugin. -->","yoast_head_json":{"title":"Indicado ao Grammy Latino, Mundo Bita faz show pela primeira vez em S\u00e3o Lu\u00eds - Daniel Matos","robots":{"index":"index","follow":"follow","max-snippet":"max-snippet:-1","max-image-preview":"max-image-preview:large","max-video-preview":"max-video-preview:-1"},"canonical":"https:\/\/www.blogsoestado.com\/danielmatos\/indicado-ao-grammy-latino-mundo-bita-faz-show-pela-primeira-vez-em-sao-luis\/","og_locale":"pt_BR","og_type":"article","og_title":"Indicado ao Grammy Latino, Mundo Bita faz show pela primeira vez em S\u00e3o Lu\u00eds - Daniel Matos","og_description":"\u201cViva as Descobertas\u201d re\u00fane os principais sucessos do personagem e m\u00fasicas in\u00e9ditas em nova turn\u00ea nacional Ele vem do Mundo [&hellip;]","og_url":"https:\/\/www.blogsoestado.com\/danielmatos\/indicado-ao-grammy-latino-mundo-bita-faz-show-pela-primeira-vez-em-sao-luis\/","og_site_name":"Daniel Matos","article_published_time":"2018-11-16T13:32:00+00:00","og_image":[{"url":"https:\/\/www.blogsoestado.com\/danielmatos\/files\/2018\/11\/mundo-bita.jpg","type":"","width":"","height":""}],"twitter_card":"summary_large_image","twitter_misc":{"Est. tempo de leitura":"4 minutos"},"schema":{"@context":"https:\/\/schema.org","@graph":[{"@type":"WebPage","@id":"https:\/\/www.blogsoestado.com\/danielmatos\/indicado-ao-grammy-latino-mundo-bita-faz-show-pela-primeira-vez-em-sao-luis\/","url":"https:\/\/www.blogsoestado.com\/danielmatos\/indicado-ao-grammy-latino-mundo-bita-faz-show-pela-primeira-vez-em-sao-luis\/","name":"Indicado ao Grammy Latino, Mundo Bita faz show pela primeira vez em S\u00e3o Lu\u00eds - Daniel Matos","isPartOf":{"@id":"https:\/\/www.blogsoestado.com\/danielmatos\/#website"},"primaryImageOfPage":{"@id":"https:\/\/www.blogsoestado.com\/danielmatos\/indicado-ao-grammy-latino-mundo-bita-faz-show-pela-primeira-vez-em-sao-luis\/#primaryimage"},"image":{"@id":"https:\/\/www.blogsoestado.com\/danielmatos\/indicado-ao-grammy-latino-mundo-bita-faz-show-pela-primeira-vez-em-sao-luis\/#primaryimage"},"thumbnailUrl":"https:\/\/www.blogsoestado.com\/danielmatos\/files\/2018\/11\/mundo-bita.jpg","datePublished":"2018-11-16T13:32:00+00:00","author":{"@id":""},"breadcrumb":{"@id":"https:\/\/www.blogsoestado.com\/danielmatos\/indicado-ao-grammy-latino-mundo-bita-faz-show-pela-primeira-vez-em-sao-luis\/#breadcrumb"},"inLanguage":"pt-BR","potentialAction":[{"@type":"ReadAction","target":["https:\/\/www.blogsoestado.com\/danielmatos\/indicado-ao-grammy-latino-mundo-bita-faz-show-pela-primeira-vez-em-sao-luis\/"]}]},{"@type":"ImageObject","inLanguage":"pt-BR","@id":"https:\/\/www.blogsoestado.com\/danielmatos\/indicado-ao-grammy-latino-mundo-bita-faz-show-pela-primeira-vez-em-sao-luis\/#primaryimage","url":"https:\/\/www.blogsoestado.com\/danielmatos\/files\/2018\/11\/mundo-bita.jpg","contentUrl":"https:\/\/www.blogsoestado.com\/danielmatos\/files\/2018\/11\/mundo-bita.jpg"},{"@type":"BreadcrumbList","@id":"https:\/\/www.blogsoestado.com\/danielmatos\/indicado-ao-grammy-latino-mundo-bita-faz-show-pela-primeira-vez-em-sao-luis\/#breadcrumb","itemListElement":[{"@type":"ListItem","position":1,"name":"In\u00edcio","item":"https:\/\/www.blogsoestado.com\/danielmatos\/"},{"@type":"ListItem","position":2,"name":"Indicado ao Grammy Latino, Mundo Bita faz show pela primeira vez em S\u00e3o Lu\u00eds"}]},{"@type":"WebSite","@id":"https:\/\/www.blogsoestado.com\/danielmatos\/#website","url":"https:\/\/www.blogsoestado.com\/danielmatos\/","name":"Daniel Matos","description":"","potentialAction":[{"@type":"SearchAction","target":{"@type":"EntryPoint","urlTemplate":"https:\/\/www.blogsoestado.com\/danielmatos\/?s={search_term_string}"},"query-input":{"@type":"PropertyValueSpecification","valueRequired":true,"valueName":"search_term_string"}}],"inLanguage":"pt-BR"}]}},"jetpack_featured_media_url":"","_links":{"self":[{"href":"https:\/\/www.blogsoestado.com\/danielmatos\/wp-json\/wp\/v2\/posts\/58092","targetHints":{"allow":["GET"]}}],"collection":[{"href":"https:\/\/www.blogsoestado.com\/danielmatos\/wp-json\/wp\/v2\/posts"}],"about":[{"href":"https:\/\/www.blogsoestado.com\/danielmatos\/wp-json\/wp\/v2\/types\/post"}],"replies":[{"embeddable":true,"href":"https:\/\/www.blogsoestado.com\/danielmatos\/wp-json\/wp\/v2\/comments?post=58092"}],"version-history":[{"count":0,"href":"https:\/\/www.blogsoestado.com\/danielmatos\/wp-json\/wp\/v2\/posts\/58092\/revisions"}],"wp:attachment":[{"href":"https:\/\/www.blogsoestado.com\/danielmatos\/wp-json\/wp\/v2\/media?parent=58092"}],"wp:term":[{"taxonomy":"category","embeddable":true,"href":"https:\/\/www.blogsoestado.com\/danielmatos\/wp-json\/wp\/v2\/categories?post=58092"},{"taxonomy":"post_tag","embeddable":true,"href":"https:\/\/www.blogsoestado.com\/danielmatos\/wp-json\/wp\/v2\/tags?post=58092"}],"curies":[{"name":"wp","href":"https:\/\/api.w.org\/{rel}","templated":true}]}}