{"id":58099,"date":"2018-11-16T11:08:05","date_gmt":"2018-11-16T14:08:05","guid":{"rendered":"https:\/\/www.blogsoestado.com\/danielmatos\/?p=58099"},"modified":"2018-11-16T11:08:05","modified_gmt":"2018-11-16T14:08:05","slug":"brissac-desafia-diaz-para-debate-durante-evento-com-jovens-advogados","status":"publish","type":"post","link":"https:\/\/www.blogsoestado.com\/danielmatos\/brissac-desafia-diaz-para-debate-durante-evento-com-jovens-advogados\/","title":{"rendered":"Brissac desafia Diaz para debate durante evento com jovens advogados"},"content":{"rendered":"<figure id=\"attachment_58100\" aria-describedby=\"caption-attachment-58100\" style=\"width: 450px\" class=\"wp-caption alignleft\"><a href=\"https:\/\/www.blogsoestado.com\/danielmatos\/2018\/11\/16\/brissac-desafia-diaz-para-debate-durante-evento-com-jovens-advogados\/brissac-oab\/\" rel=\"attachment wp-att-58100\"><img fetchpriority=\"high\" decoding=\"async\" class=\"wp-image-58100\" src=\"https:\/\/www.blogsoestado.com\/danielmatos\/files\/2018\/11\/brissac-oab.jpg\" alt=\"\" width=\"450\" height=\"300\" \/><\/a><figcaption id=\"caption-attachment-58100\" class=\"wp-caption-text\">Brissac teve calorosa recep\u00e7\u00e3o de jovens advogados e se comprometeu a oferecer todo o amparo da OAB aos colegas, caso seja eleito<\/figcaption><\/figure>\n<p>O candidato \u00e0 presid\u00eancia da OAB-MA pela Chapa 2 \u201cOAB de Verdade, Carlos Brissac, desafiou o atual presidente e candidato \u00e0 reelei\u00e7\u00e3o, Thiago Diaz, para um debate. O desafio aconteceu durante a fala de Brissac em um evento, realizado na tarde desta quinta-feira (15) para os jovens advogados. O local estava lotado de jovens caus\u00eddicos, que ovacionaram o candidato.<\/p>\n<p>A fala de Brissac, assim como de outros colegas de chapa, recha\u00e7ou a maneira baixa como o candidato \u00e0 reelei\u00e7\u00e3o vem agindo. \u201cNosso advers\u00e1rio prefere pagar blogueiros e atacar mulheres e familiares que tratar sobre propostas, por isso estou lan\u00e7ando o desafio para que ele venha para um debate\u201d, pontuou Brissac, que mostrou ter muita aceita\u00e7\u00e3o entre os jovens advogados.<\/p>\n<p>Vanessa Silva, advogada h\u00e1 apenas dois anos, explica os motivos de estar apoiando a chapa OAB de Verdade. \u201cN\u00f3s n\u00e3o nos sentimos representados na atual gest\u00e3o e a chapa de Brissac tem as melhores propostas para a gente que est\u00e1 come\u00e7ando a carreira\u201d, garantiu a jovem.<\/p>\n<p>Gutemberg Braga, que participou da organiza\u00e7\u00e3o do evento com os jovens advogados, se surpreendeu com a ades\u00e3o. \u201cN\u00f3s t\u00ednhamos pensado o evento para um determinado n\u00famero de pessoas e fomos surpreendidos positivamente com o triplo de p\u00fablico, isso mostra que a chapa de Brissac representa o desejo da classe de resgatar a OAB e seu protagonismo n\u00e3o s\u00f3 com a sociedade, mas tamb\u00e9m com os advogados\u201d, destacou Braga.<\/p>\n<p>A elei\u00e7\u00e3o para a presid\u00eancia da seccional maranhense da OAB acontece no pr\u00f3ximo dia 23 de novembro para o tri\u00eanio 2019-2021.<\/p>\n","protected":false},"excerpt":{"rendered":"<p>O candidato \u00e0 presid\u00eancia da OAB-MA pela Chapa 2 \u201cOAB de Verdade, Carlos Brissac, desafiou o atual presidente e candidato [&hellip;]<\/p>\n","protected":false},"author":0,"featured_media":0,"comment_status":"open","ping_status":"open","sticky":false,"template":"","format":"standard","meta":{"site-sidebar-layout":"default","site-content-layout":"","ast-site-content-layout":"default","site-content-style":"default","site-sidebar-style":"default","ast-global-header-display":"","ast-banner-title-visibility":"","ast-main-header-display":"","ast-hfb-above-header-display":"","ast-hfb-below-header-display":"","ast-hfb-mobile-header-display":"","site-post-title":"","ast-breadcrumbs-content":"","ast-featured-img":"","footer-sml-layout":"","ast-disable-related-posts":"","theme-transparent-header-meta":"","adv-header-id-meta":"","stick-header-meta":"","header-above-stick-meta":"","header-main-stick-meta":"","header-below-stick-meta":"","astra-migrate-meta-layouts":"default","ast-page-background-enabled":"default","ast-page-background-meta":{"desktop":{"background-color":"var(--ast-global-color-5)","background-image":"","background-repeat":"repeat","background-position":"center center","background-size":"auto","background-attachment":"scroll","background-type":"","background-media":"","overlay-type":"","overlay-color":"","overlay-opacity":"","overlay-gradient":""},"tablet":{"background-color":"","background-image":"","background-repeat":"repeat","background-position":"center center","background-size":"auto","background-attachment":"scroll","background-type":"","background-media":"","overlay-type":"","overlay-color":"","overlay-opacity":"","overlay-gradient":""},"mobile":{"background-color":"","background-image":"","background-repeat":"repeat","background-position":"center center","background-size":"auto","background-attachment":"scroll","background-type":"","background-media":"","overlay-type":"","overlay-color":"","overlay-opacity":"","overlay-gradient":""}},"ast-content-background-meta":{"desktop":{"background-color":"var(--ast-global-color-4)","background-image":"","background-repeat":"repeat","background-position":"center center","background-size":"auto","background-attachment":"scroll","background-type":"","background-media":"","overlay-type":"","overlay-color":"","overlay-opacity":"","overlay-gradient":""},"tablet":{"background-color":"var(--ast-global-color-4)","background-image":"","background-repeat":"repeat","background-position":"center center","background-size":"auto","background-attachment":"scroll","background-type":"","background-media":"","overlay-type":"","overlay-color":"","overlay-opacity":"","overlay-gradient":""},"mobile":{"background-color":"var(--ast-global-color-4)","background-image":"","background-repeat":"repeat","background-position":"center center","background-size":"auto","background-attachment":"scroll","background-type":"","background-media":"","overlay-type":"","overlay-color":"","overlay-opacity":"","overlay-gradient":""}},"footnotes":""},"categories":[1],"tags":[],"class_list":["post-58099","post","type-post","status-publish","format-standard","hentry","category-sem-categoria"],"yoast_head":"<!-- This site is optimized with the Yoast SEO plugin v26.6 - https:\/\/yoast.com\/wordpress\/plugins\/seo\/ -->\n<title>Brissac desafia Diaz para debate durante evento com jovens advogados - Daniel Matos<\/title>\n<meta name=\"robots\" content=\"index, follow, max-snippet:-1, max-image-preview:large, max-video-preview:-1\" \/>\n<link rel=\"canonical\" href=\"https:\/\/www.blogsoestado.com\/danielmatos\/brissac-desafia-diaz-para-debate-durante-evento-com-jovens-advogados\/\" \/>\n<meta property=\"og:locale\" content=\"pt_BR\" \/>\n<meta property=\"og:type\" content=\"article\" \/>\n<meta property=\"og:title\" content=\"Brissac desafia Diaz para debate durante evento com jovens advogados - Daniel Matos\" \/>\n<meta property=\"og:description\" content=\"O candidato \u00e0 presid\u00eancia da OAB-MA pela Chapa 2 \u201cOAB de Verdade, Carlos Brissac, desafiou o atual presidente e candidato [&hellip;]\" \/>\n<meta property=\"og:url\" content=\"https:\/\/www.blogsoestado.com\/danielmatos\/brissac-desafia-diaz-para-debate-durante-evento-com-jovens-advogados\/\" \/>\n<meta property=\"og:site_name\" content=\"Daniel Matos\" \/>\n<meta property=\"article:published_time\" content=\"2018-11-16T14:08:05+00:00\" \/>\n<meta property=\"og:image\" content=\"https:\/\/www.blogsoestado.com\/danielmatos\/files\/2018\/11\/brissac-oab.jpg\" \/>\n<meta name=\"twitter:card\" content=\"summary_large_image\" \/>\n<meta name=\"twitter:label1\" content=\"Est. tempo de leitura\" \/>\n\t<meta name=\"twitter:data1\" content=\"2 minutos\" \/>\n<script type=\"application\/ld+json\" class=\"yoast-schema-graph\">{\"@context\":\"https:\/\/schema.org\",\"@graph\":[{\"@type\":\"WebPage\",\"@id\":\"https:\/\/www.blogsoestado.com\/danielmatos\/brissac-desafia-diaz-para-debate-durante-evento-com-jovens-advogados\/\",\"url\":\"https:\/\/www.blogsoestado.com\/danielmatos\/brissac-desafia-diaz-para-debate-durante-evento-com-jovens-advogados\/\",\"name\":\"Brissac desafia Diaz para debate durante evento com jovens advogados - Daniel Matos\",\"isPartOf\":{\"@id\":\"https:\/\/www.blogsoestado.com\/danielmatos\/#website\"},\"primaryImageOfPage\":{\"@id\":\"https:\/\/www.blogsoestado.com\/danielmatos\/brissac-desafia-diaz-para-debate-durante-evento-com-jovens-advogados\/#primaryimage\"},\"image\":{\"@id\":\"https:\/\/www.blogsoestado.com\/danielmatos\/brissac-desafia-diaz-para-debate-durante-evento-com-jovens-advogados\/#primaryimage\"},\"thumbnailUrl\":\"https:\/\/www.blogsoestado.com\/danielmatos\/files\/2018\/11\/brissac-oab.jpg\",\"datePublished\":\"2018-11-16T14:08:05+00:00\",\"author\":{\"@id\":\"\"},\"breadcrumb\":{\"@id\":\"https:\/\/www.blogsoestado.com\/danielmatos\/brissac-desafia-diaz-para-debate-durante-evento-com-jovens-advogados\/#breadcrumb\"},\"inLanguage\":\"pt-BR\",\"potentialAction\":[{\"@type\":\"ReadAction\",\"target\":[\"https:\/\/www.blogsoestado.com\/danielmatos\/brissac-desafia-diaz-para-debate-durante-evento-com-jovens-advogados\/\"]}]},{\"@type\":\"ImageObject\",\"inLanguage\":\"pt-BR\",\"@id\":\"https:\/\/www.blogsoestado.com\/danielmatos\/brissac-desafia-diaz-para-debate-durante-evento-com-jovens-advogados\/#primaryimage\",\"url\":\"https:\/\/www.blogsoestado.com\/danielmatos\/files\/2018\/11\/brissac-oab.jpg\",\"contentUrl\":\"https:\/\/www.blogsoestado.com\/danielmatos\/files\/2018\/11\/brissac-oab.jpg\"},{\"@type\":\"BreadcrumbList\",\"@id\":\"https:\/\/www.blogsoestado.com\/danielmatos\/brissac-desafia-diaz-para-debate-durante-evento-com-jovens-advogados\/#breadcrumb\",\"itemListElement\":[{\"@type\":\"ListItem\",\"position\":1,\"name\":\"In\u00edcio\",\"item\":\"https:\/\/www.blogsoestado.com\/danielmatos\/\"},{\"@type\":\"ListItem\",\"position\":2,\"name\":\"Brissac desafia Diaz para debate durante evento com jovens advogados\"}]},{\"@type\":\"WebSite\",\"@id\":\"https:\/\/www.blogsoestado.com\/danielmatos\/#website\",\"url\":\"https:\/\/www.blogsoestado.com\/danielmatos\/\",\"name\":\"Daniel Matos\",\"description\":\"\",\"potentialAction\":[{\"@type\":\"SearchAction\",\"target\":{\"@type\":\"EntryPoint\",\"urlTemplate\":\"https:\/\/www.blogsoestado.com\/danielmatos\/?s={search_term_string}\"},\"query-input\":{\"@type\":\"PropertyValueSpecification\",\"valueRequired\":true,\"valueName\":\"search_term_string\"}}],\"inLanguage\":\"pt-BR\"}]}<\/script>\n<!-- \/ Yoast SEO plugin. -->","yoast_head_json":{"title":"Brissac desafia Diaz para debate durante evento com jovens advogados - Daniel Matos","robots":{"index":"index","follow":"follow","max-snippet":"max-snippet:-1","max-image-preview":"max-image-preview:large","max-video-preview":"max-video-preview:-1"},"canonical":"https:\/\/www.blogsoestado.com\/danielmatos\/brissac-desafia-diaz-para-debate-durante-evento-com-jovens-advogados\/","og_locale":"pt_BR","og_type":"article","og_title":"Brissac desafia Diaz para debate durante evento com jovens advogados - Daniel Matos","og_description":"O candidato \u00e0 presid\u00eancia da OAB-MA pela Chapa 2 \u201cOAB de Verdade, Carlos Brissac, desafiou o atual presidente e candidato [&hellip;]","og_url":"https:\/\/www.blogsoestado.com\/danielmatos\/brissac-desafia-diaz-para-debate-durante-evento-com-jovens-advogados\/","og_site_name":"Daniel Matos","article_published_time":"2018-11-16T14:08:05+00:00","og_image":[{"url":"https:\/\/www.blogsoestado.com\/danielmatos\/files\/2018\/11\/brissac-oab.jpg","type":"","width":"","height":""}],"twitter_card":"summary_large_image","twitter_misc":{"Est. tempo de leitura":"2 minutos"},"schema":{"@context":"https:\/\/schema.org","@graph":[{"@type":"WebPage","@id":"https:\/\/www.blogsoestado.com\/danielmatos\/brissac-desafia-diaz-para-debate-durante-evento-com-jovens-advogados\/","url":"https:\/\/www.blogsoestado.com\/danielmatos\/brissac-desafia-diaz-para-debate-durante-evento-com-jovens-advogados\/","name":"Brissac desafia Diaz para debate durante evento com jovens advogados - Daniel Matos","isPartOf":{"@id":"https:\/\/www.blogsoestado.com\/danielmatos\/#website"},"primaryImageOfPage":{"@id":"https:\/\/www.blogsoestado.com\/danielmatos\/brissac-desafia-diaz-para-debate-durante-evento-com-jovens-advogados\/#primaryimage"},"image":{"@id":"https:\/\/www.blogsoestado.com\/danielmatos\/brissac-desafia-diaz-para-debate-durante-evento-com-jovens-advogados\/#primaryimage"},"thumbnailUrl":"https:\/\/www.blogsoestado.com\/danielmatos\/files\/2018\/11\/brissac-oab.jpg","datePublished":"2018-11-16T14:08:05+00:00","author":{"@id":""},"breadcrumb":{"@id":"https:\/\/www.blogsoestado.com\/danielmatos\/brissac-desafia-diaz-para-debate-durante-evento-com-jovens-advogados\/#breadcrumb"},"inLanguage":"pt-BR","potentialAction":[{"@type":"ReadAction","target":["https:\/\/www.blogsoestado.com\/danielmatos\/brissac-desafia-diaz-para-debate-durante-evento-com-jovens-advogados\/"]}]},{"@type":"ImageObject","inLanguage":"pt-BR","@id":"https:\/\/www.blogsoestado.com\/danielmatos\/brissac-desafia-diaz-para-debate-durante-evento-com-jovens-advogados\/#primaryimage","url":"https:\/\/www.blogsoestado.com\/danielmatos\/files\/2018\/11\/brissac-oab.jpg","contentUrl":"https:\/\/www.blogsoestado.com\/danielmatos\/files\/2018\/11\/brissac-oab.jpg"},{"@type":"BreadcrumbList","@id":"https:\/\/www.blogsoestado.com\/danielmatos\/brissac-desafia-diaz-para-debate-durante-evento-com-jovens-advogados\/#breadcrumb","itemListElement":[{"@type":"ListItem","position":1,"name":"In\u00edcio","item":"https:\/\/www.blogsoestado.com\/danielmatos\/"},{"@type":"ListItem","position":2,"name":"Brissac desafia Diaz para debate durante evento com jovens advogados"}]},{"@type":"WebSite","@id":"https:\/\/www.blogsoestado.com\/danielmatos\/#website","url":"https:\/\/www.blogsoestado.com\/danielmatos\/","name":"Daniel Matos","description":"","potentialAction":[{"@type":"SearchAction","target":{"@type":"EntryPoint","urlTemplate":"https:\/\/www.blogsoestado.com\/danielmatos\/?s={search_term_string}"},"query-input":{"@type":"PropertyValueSpecification","valueRequired":true,"valueName":"search_term_string"}}],"inLanguage":"pt-BR"}]}},"jetpack_featured_media_url":"","_links":{"self":[{"href":"https:\/\/www.blogsoestado.com\/danielmatos\/wp-json\/wp\/v2\/posts\/58099","targetHints":{"allow":["GET"]}}],"collection":[{"href":"https:\/\/www.blogsoestado.com\/danielmatos\/wp-json\/wp\/v2\/posts"}],"about":[{"href":"https:\/\/www.blogsoestado.com\/danielmatos\/wp-json\/wp\/v2\/types\/post"}],"replies":[{"embeddable":true,"href":"https:\/\/www.blogsoestado.com\/danielmatos\/wp-json\/wp\/v2\/comments?post=58099"}],"version-history":[{"count":0,"href":"https:\/\/www.blogsoestado.com\/danielmatos\/wp-json\/wp\/v2\/posts\/58099\/revisions"}],"wp:attachment":[{"href":"https:\/\/www.blogsoestado.com\/danielmatos\/wp-json\/wp\/v2\/media?parent=58099"}],"wp:term":[{"taxonomy":"category","embeddable":true,"href":"https:\/\/www.blogsoestado.com\/danielmatos\/wp-json\/wp\/v2\/categories?post=58099"},{"taxonomy":"post_tag","embeddable":true,"href":"https:\/\/www.blogsoestado.com\/danielmatos\/wp-json\/wp\/v2\/tags?post=58099"}],"curies":[{"name":"wp","href":"https:\/\/api.w.org\/{rel}","templated":true}]}}