{"id":58107,"date":"2018-11-16T13:00:08","date_gmt":"2018-11-16T16:00:08","guid":{"rendered":"https:\/\/www.blogsoestado.com\/danielmatos\/?p=58107"},"modified":"2018-11-16T13:00:08","modified_gmt":"2018-11-16T16:00:08","slug":"caravana-do-pacto-pela-ufma-percorrera-campus-sao-bernardo-e-chapadinha-21-e-22-de-novembro-saiba-como-participar","status":"publish","type":"post","link":"https:\/\/www.blogsoestado.com\/danielmatos\/caravana-do-pacto-pela-ufma-percorrera-campus-sao-bernardo-e-chapadinha-21-e-22-de-novembro-saiba-como-participar\/","title":{"rendered":"Caravana do Pacto pela UFMA percorrer\u00e1 campus S\u00e3o Bernardo e Chapadinha 21 e 22 de novembro; saiba como participar!"},"content":{"rendered":"<p><a href=\"https:\/\/www.blogsoestado.com\/danielmatos\/?attachment_id=58108\" rel=\"attachment wp-att-58108\"><img fetchpriority=\"high\" decoding=\"async\" class=\"alignright size-full wp-image-58108\" src=\"https:\/\/www.blogsoestado.com\/danielmatos\/files\/2018\/11\/pacto-ufma-caravana.jpg\" alt=\"\" width=\"289\" height=\"320\" \/><\/a>O movimento Pacto pela UFMA j\u00e1 ouviu cerca de 1000 pessoas em seus lan\u00e7amentos nos campis da UFMA nas cidades de Pinheiro, Cod\u00f3 e Bacabal. A caravana agora se prepara para visitar os campus S\u00e3o Bernardo e Chapadinha, nos pr\u00f3ximos dias 21 e 22 de novembro do corrente ano.<\/p>\n<p><a href=\"https:\/\/www.blogsoestado.com\/danielmatos\/?attachment_id=58109\" rel=\"attachment wp-att-58109\"><img decoding=\"async\" class=\"alignleft size-full wp-image-58109\" src=\"https:\/\/www.blogsoestado.com\/danielmatos\/files\/2018\/11\/pacto-ufma-caravana2.jpg\" alt=\"\" width=\"289\" height=\"320\" \/><\/a>Estudantes, professores, t\u00e9cnicos administrativos e comunidades locais j\u00e1 se preparam para receber a caravana, que objetivar\u00e1 alavancar discuss\u00f5es em torno das necessidades que a UFMA tem enfrentado nos \u00faltimos anos, assim como reunir pessoas em torno da proje\u00e7\u00e3o de uma universidade que queremos SER no futuro.<\/p>\n<p>Para isto, a caravana tem se organizado com contribui\u00e7\u00f5es e doa\u00e7\u00f5es volunt\u00e1rias de professores, estudantes e t\u00e9cnicos administrativos, juntos, para que o objetivo efetivo seja alcan\u00e7ado: debater a UFMA que temos para a UFMA que queremos SER.<\/p>\n<p>Para participar, basta procurar a equipe do PACTO PELA UFMA, atrav\u00e9s das nossas redes sociais.<\/p>\n","protected":false},"excerpt":{"rendered":"<p>O movimento Pacto pela UFMA j\u00e1 ouviu cerca de 1000 pessoas em seus lan\u00e7amentos nos campis da UFMA nas cidades [&hellip;]<\/p>\n","protected":false},"author":0,"featured_media":0,"comment_status":"open","ping_status":"open","sticky":false,"template":"","format":"standard","meta":{"site-sidebar-layout":"default","site-content-layout":"","ast-site-content-layout":"default","site-content-style":"default","site-sidebar-style":"default","ast-global-header-display":"","ast-banner-title-visibility":"","ast-main-header-display":"","ast-hfb-above-header-display":"","ast-hfb-below-header-display":"","ast-hfb-mobile-header-display":"","site-post-title":"","ast-breadcrumbs-content":"","ast-featured-img":"","footer-sml-layout":"","ast-disable-related-posts":"","theme-transparent-header-meta":"","adv-header-id-meta":"","stick-header-meta":"","header-above-stick-meta":"","header-main-stick-meta":"","header-below-stick-meta":"","astra-migrate-meta-layouts":"default","ast-page-background-enabled":"default","ast-page-background-meta":{"desktop":{"background-color":"var(--ast-global-color-5)","background-image":"","background-repeat":"repeat","background-position":"center center","background-size":"auto","background-attachment":"scroll","background-type":"","background-media":"","overlay-type":"","overlay-color":"","overlay-opacity":"","overlay-gradient":""},"tablet":{"background-color":"","background-image":"","background-repeat":"repeat","background-position":"center center","background-size":"auto","background-attachment":"scroll","background-type":"","background-media":"","overlay-type":"","overlay-color":"","overlay-opacity":"","overlay-gradient":""},"mobile":{"background-color":"","background-image":"","background-repeat":"repeat","background-position":"center center","background-size":"auto","background-attachment":"scroll","background-type":"","background-media":"","overlay-type":"","overlay-color":"","overlay-opacity":"","overlay-gradient":""}},"ast-content-background-meta":{"desktop":{"background-color":"var(--ast-global-color-4)","background-image":"","background-repeat":"repeat","background-position":"center center","background-size":"auto","background-attachment":"scroll","background-type":"","background-media":"","overlay-type":"","overlay-color":"","overlay-opacity":"","overlay-gradient":""},"tablet":{"background-color":"var(--ast-global-color-4)","background-image":"","background-repeat":"repeat","background-position":"center center","background-size":"auto","background-attachment":"scroll","background-type":"","background-media":"","overlay-type":"","overlay-color":"","overlay-opacity":"","overlay-gradient":""},"mobile":{"background-color":"var(--ast-global-color-4)","background-image":"","background-repeat":"repeat","background-position":"center center","background-size":"auto","background-attachment":"scroll","background-type":"","background-media":"","overlay-type":"","overlay-color":"","overlay-opacity":"","overlay-gradient":""}},"footnotes":""},"categories":[1],"tags":[],"class_list":["post-58107","post","type-post","status-publish","format-standard","hentry","category-sem-categoria"],"yoast_head":"<!-- This site is optimized with the Yoast SEO plugin v26.6 - https:\/\/yoast.com\/wordpress\/plugins\/seo\/ -->\n<title>Caravana do Pacto pela UFMA percorrer\u00e1 campus S\u00e3o Bernardo e Chapadinha 21 e 22 de novembro; saiba como participar! - Daniel Matos<\/title>\n<meta name=\"robots\" content=\"index, follow, max-snippet:-1, max-image-preview:large, max-video-preview:-1\" \/>\n<link rel=\"canonical\" href=\"https:\/\/www.blogsoestado.com\/danielmatos\/caravana-do-pacto-pela-ufma-percorrera-campus-sao-bernardo-e-chapadinha-21-e-22-de-novembro-saiba-como-participar\/\" \/>\n<meta property=\"og:locale\" content=\"pt_BR\" \/>\n<meta property=\"og:type\" content=\"article\" \/>\n<meta property=\"og:title\" content=\"Caravana do Pacto pela UFMA percorrer\u00e1 campus S\u00e3o Bernardo e Chapadinha 21 e 22 de novembro; saiba como participar! - Daniel Matos\" \/>\n<meta property=\"og:description\" content=\"O movimento Pacto pela UFMA j\u00e1 ouviu cerca de 1000 pessoas em seus lan\u00e7amentos nos campis da UFMA nas cidades [&hellip;]\" \/>\n<meta property=\"og:url\" content=\"https:\/\/www.blogsoestado.com\/danielmatos\/caravana-do-pacto-pela-ufma-percorrera-campus-sao-bernardo-e-chapadinha-21-e-22-de-novembro-saiba-como-participar\/\" \/>\n<meta property=\"og:site_name\" content=\"Daniel Matos\" \/>\n<meta property=\"article:published_time\" content=\"2018-11-16T16:00:08+00:00\" \/>\n<meta property=\"og:image\" content=\"https:\/\/www.blogsoestado.com\/danielmatos\/files\/2018\/11\/pacto-ufma-caravana.jpg\" \/>\n<meta name=\"twitter:card\" content=\"summary_large_image\" \/>\n<meta name=\"twitter:label1\" content=\"Est. tempo de leitura\" \/>\n\t<meta name=\"twitter:data1\" content=\"1 minuto\" \/>\n<script type=\"application\/ld+json\" class=\"yoast-schema-graph\">{\"@context\":\"https:\/\/schema.org\",\"@graph\":[{\"@type\":\"WebPage\",\"@id\":\"https:\/\/www.blogsoestado.com\/danielmatos\/caravana-do-pacto-pela-ufma-percorrera-campus-sao-bernardo-e-chapadinha-21-e-22-de-novembro-saiba-como-participar\/\",\"url\":\"https:\/\/www.blogsoestado.com\/danielmatos\/caravana-do-pacto-pela-ufma-percorrera-campus-sao-bernardo-e-chapadinha-21-e-22-de-novembro-saiba-como-participar\/\",\"name\":\"Caravana do Pacto pela UFMA percorrer\u00e1 campus S\u00e3o Bernardo e Chapadinha 21 e 22 de novembro; saiba como participar! - Daniel Matos\",\"isPartOf\":{\"@id\":\"https:\/\/www.blogsoestado.com\/danielmatos\/#website\"},\"primaryImageOfPage\":{\"@id\":\"https:\/\/www.blogsoestado.com\/danielmatos\/caravana-do-pacto-pela-ufma-percorrera-campus-sao-bernardo-e-chapadinha-21-e-22-de-novembro-saiba-como-participar\/#primaryimage\"},\"image\":{\"@id\":\"https:\/\/www.blogsoestado.com\/danielmatos\/caravana-do-pacto-pela-ufma-percorrera-campus-sao-bernardo-e-chapadinha-21-e-22-de-novembro-saiba-como-participar\/#primaryimage\"},\"thumbnailUrl\":\"https:\/\/www.blogsoestado.com\/danielmatos\/files\/2018\/11\/pacto-ufma-caravana.jpg\",\"datePublished\":\"2018-11-16T16:00:08+00:00\",\"author\":{\"@id\":\"\"},\"breadcrumb\":{\"@id\":\"https:\/\/www.blogsoestado.com\/danielmatos\/caravana-do-pacto-pela-ufma-percorrera-campus-sao-bernardo-e-chapadinha-21-e-22-de-novembro-saiba-como-participar\/#breadcrumb\"},\"inLanguage\":\"pt-BR\",\"potentialAction\":[{\"@type\":\"ReadAction\",\"target\":[\"https:\/\/www.blogsoestado.com\/danielmatos\/caravana-do-pacto-pela-ufma-percorrera-campus-sao-bernardo-e-chapadinha-21-e-22-de-novembro-saiba-como-participar\/\"]}]},{\"@type\":\"ImageObject\",\"inLanguage\":\"pt-BR\",\"@id\":\"https:\/\/www.blogsoestado.com\/danielmatos\/caravana-do-pacto-pela-ufma-percorrera-campus-sao-bernardo-e-chapadinha-21-e-22-de-novembro-saiba-como-participar\/#primaryimage\",\"url\":\"https:\/\/www.blogsoestado.com\/danielmatos\/files\/2018\/11\/pacto-ufma-caravana.jpg\",\"contentUrl\":\"https:\/\/www.blogsoestado.com\/danielmatos\/files\/2018\/11\/pacto-ufma-caravana.jpg\"},{\"@type\":\"BreadcrumbList\",\"@id\":\"https:\/\/www.blogsoestado.com\/danielmatos\/caravana-do-pacto-pela-ufma-percorrera-campus-sao-bernardo-e-chapadinha-21-e-22-de-novembro-saiba-como-participar\/#breadcrumb\",\"itemListElement\":[{\"@type\":\"ListItem\",\"position\":1,\"name\":\"In\u00edcio\",\"item\":\"https:\/\/www.blogsoestado.com\/danielmatos\/\"},{\"@type\":\"ListItem\",\"position\":2,\"name\":\"Caravana do Pacto pela UFMA percorrer\u00e1 campus S\u00e3o Bernardo e Chapadinha 21 e 22 de novembro; saiba como participar!\"}]},{\"@type\":\"WebSite\",\"@id\":\"https:\/\/www.blogsoestado.com\/danielmatos\/#website\",\"url\":\"https:\/\/www.blogsoestado.com\/danielmatos\/\",\"name\":\"Daniel Matos\",\"description\":\"\",\"potentialAction\":[{\"@type\":\"SearchAction\",\"target\":{\"@type\":\"EntryPoint\",\"urlTemplate\":\"https:\/\/www.blogsoestado.com\/danielmatos\/?s={search_term_string}\"},\"query-input\":{\"@type\":\"PropertyValueSpecification\",\"valueRequired\":true,\"valueName\":\"search_term_string\"}}],\"inLanguage\":\"pt-BR\"}]}<\/script>\n<!-- \/ Yoast SEO plugin. -->","yoast_head_json":{"title":"Caravana do Pacto pela UFMA percorrer\u00e1 campus S\u00e3o Bernardo e Chapadinha 21 e 22 de novembro; saiba como participar! - Daniel Matos","robots":{"index":"index","follow":"follow","max-snippet":"max-snippet:-1","max-image-preview":"max-image-preview:large","max-video-preview":"max-video-preview:-1"},"canonical":"https:\/\/www.blogsoestado.com\/danielmatos\/caravana-do-pacto-pela-ufma-percorrera-campus-sao-bernardo-e-chapadinha-21-e-22-de-novembro-saiba-como-participar\/","og_locale":"pt_BR","og_type":"article","og_title":"Caravana do Pacto pela UFMA percorrer\u00e1 campus S\u00e3o Bernardo e Chapadinha 21 e 22 de novembro; saiba como participar! - Daniel Matos","og_description":"O movimento Pacto pela UFMA j\u00e1 ouviu cerca de 1000 pessoas em seus lan\u00e7amentos nos campis da UFMA nas cidades [&hellip;]","og_url":"https:\/\/www.blogsoestado.com\/danielmatos\/caravana-do-pacto-pela-ufma-percorrera-campus-sao-bernardo-e-chapadinha-21-e-22-de-novembro-saiba-como-participar\/","og_site_name":"Daniel Matos","article_published_time":"2018-11-16T16:00:08+00:00","og_image":[{"url":"https:\/\/www.blogsoestado.com\/danielmatos\/files\/2018\/11\/pacto-ufma-caravana.jpg","type":"","width":"","height":""}],"twitter_card":"summary_large_image","twitter_misc":{"Est. tempo de leitura":"1 minuto"},"schema":{"@context":"https:\/\/schema.org","@graph":[{"@type":"WebPage","@id":"https:\/\/www.blogsoestado.com\/danielmatos\/caravana-do-pacto-pela-ufma-percorrera-campus-sao-bernardo-e-chapadinha-21-e-22-de-novembro-saiba-como-participar\/","url":"https:\/\/www.blogsoestado.com\/danielmatos\/caravana-do-pacto-pela-ufma-percorrera-campus-sao-bernardo-e-chapadinha-21-e-22-de-novembro-saiba-como-participar\/","name":"Caravana do Pacto pela UFMA percorrer\u00e1 campus S\u00e3o Bernardo e Chapadinha 21 e 22 de novembro; saiba como participar! - Daniel Matos","isPartOf":{"@id":"https:\/\/www.blogsoestado.com\/danielmatos\/#website"},"primaryImageOfPage":{"@id":"https:\/\/www.blogsoestado.com\/danielmatos\/caravana-do-pacto-pela-ufma-percorrera-campus-sao-bernardo-e-chapadinha-21-e-22-de-novembro-saiba-como-participar\/#primaryimage"},"image":{"@id":"https:\/\/www.blogsoestado.com\/danielmatos\/caravana-do-pacto-pela-ufma-percorrera-campus-sao-bernardo-e-chapadinha-21-e-22-de-novembro-saiba-como-participar\/#primaryimage"},"thumbnailUrl":"https:\/\/www.blogsoestado.com\/danielmatos\/files\/2018\/11\/pacto-ufma-caravana.jpg","datePublished":"2018-11-16T16:00:08+00:00","author":{"@id":""},"breadcrumb":{"@id":"https:\/\/www.blogsoestado.com\/danielmatos\/caravana-do-pacto-pela-ufma-percorrera-campus-sao-bernardo-e-chapadinha-21-e-22-de-novembro-saiba-como-participar\/#breadcrumb"},"inLanguage":"pt-BR","potentialAction":[{"@type":"ReadAction","target":["https:\/\/www.blogsoestado.com\/danielmatos\/caravana-do-pacto-pela-ufma-percorrera-campus-sao-bernardo-e-chapadinha-21-e-22-de-novembro-saiba-como-participar\/"]}]},{"@type":"ImageObject","inLanguage":"pt-BR","@id":"https:\/\/www.blogsoestado.com\/danielmatos\/caravana-do-pacto-pela-ufma-percorrera-campus-sao-bernardo-e-chapadinha-21-e-22-de-novembro-saiba-como-participar\/#primaryimage","url":"https:\/\/www.blogsoestado.com\/danielmatos\/files\/2018\/11\/pacto-ufma-caravana.jpg","contentUrl":"https:\/\/www.blogsoestado.com\/danielmatos\/files\/2018\/11\/pacto-ufma-caravana.jpg"},{"@type":"BreadcrumbList","@id":"https:\/\/www.blogsoestado.com\/danielmatos\/caravana-do-pacto-pela-ufma-percorrera-campus-sao-bernardo-e-chapadinha-21-e-22-de-novembro-saiba-como-participar\/#breadcrumb","itemListElement":[{"@type":"ListItem","position":1,"name":"In\u00edcio","item":"https:\/\/www.blogsoestado.com\/danielmatos\/"},{"@type":"ListItem","position":2,"name":"Caravana do Pacto pela UFMA percorrer\u00e1 campus S\u00e3o Bernardo e Chapadinha 21 e 22 de novembro; saiba como participar!"}]},{"@type":"WebSite","@id":"https:\/\/www.blogsoestado.com\/danielmatos\/#website","url":"https:\/\/www.blogsoestado.com\/danielmatos\/","name":"Daniel Matos","description":"","potentialAction":[{"@type":"SearchAction","target":{"@type":"EntryPoint","urlTemplate":"https:\/\/www.blogsoestado.com\/danielmatos\/?s={search_term_string}"},"query-input":{"@type":"PropertyValueSpecification","valueRequired":true,"valueName":"search_term_string"}}],"inLanguage":"pt-BR"}]}},"jetpack_featured_media_url":"","_links":{"self":[{"href":"https:\/\/www.blogsoestado.com\/danielmatos\/wp-json\/wp\/v2\/posts\/58107","targetHints":{"allow":["GET"]}}],"collection":[{"href":"https:\/\/www.blogsoestado.com\/danielmatos\/wp-json\/wp\/v2\/posts"}],"about":[{"href":"https:\/\/www.blogsoestado.com\/danielmatos\/wp-json\/wp\/v2\/types\/post"}],"replies":[{"embeddable":true,"href":"https:\/\/www.blogsoestado.com\/danielmatos\/wp-json\/wp\/v2\/comments?post=58107"}],"version-history":[{"count":0,"href":"https:\/\/www.blogsoestado.com\/danielmatos\/wp-json\/wp\/v2\/posts\/58107\/revisions"}],"wp:attachment":[{"href":"https:\/\/www.blogsoestado.com\/danielmatos\/wp-json\/wp\/v2\/media?parent=58107"}],"wp:term":[{"taxonomy":"category","embeddable":true,"href":"https:\/\/www.blogsoestado.com\/danielmatos\/wp-json\/wp\/v2\/categories?post=58107"},{"taxonomy":"post_tag","embeddable":true,"href":"https:\/\/www.blogsoestado.com\/danielmatos\/wp-json\/wp\/v2\/tags?post=58107"}],"curies":[{"name":"wp","href":"https:\/\/api.w.org\/{rel}","templated":true}]}}