{"id":58115,"date":"2018-11-16T15:05:24","date_gmt":"2018-11-16T18:05:24","guid":{"rendered":"https:\/\/www.blogsoestado.com\/danielmatos\/?p=58115"},"modified":"2018-11-16T15:05:24","modified_gmt":"2018-11-16T18:05:24","slug":"gastos-com-medicos-dobrarao-e-atencao-basica-ficara-prejudicada-nos-municipios-avalia-cleomar-tema","status":"publish","type":"post","link":"https:\/\/www.blogsoestado.com\/danielmatos\/gastos-com-medicos-dobrarao-e-atencao-basica-ficara-prejudicada-nos-municipios-avalia-cleomar-tema\/","title":{"rendered":"&#8220;Gastos com m\u00e9dicos dobrar\u00e3o e aten\u00e7\u00e3o b\u00e1sica ficar\u00e1 prejudicada nos munic\u00edpios&#8221;, avalia Cleomar Tema"},"content":{"rendered":"<figure id=\"attachment_58116\" aria-describedby=\"caption-attachment-58116\" style=\"width: 450px\" class=\"wp-caption alignleft\"><a href=\"https:\/\/www.blogsoestado.com\/danielmatos\/2018\/11\/16\/gastos-com-medicos-dobrarao-e-atencao-basica-ficara-prejudicada-nos-municipios-avalia-cleomar-tema\/tema-cubanos\/\" rel=\"attachment wp-att-58116\"><img fetchpriority=\"high\" decoding=\"async\" class=\"wp-image-58116\" src=\"https:\/\/www.blogsoestado.com\/danielmatos\/files\/2018\/11\/tema-cubanos.jpg\" alt=\"\" width=\"450\" height=\"372\" \/><\/a><figcaption id=\"caption-attachment-58116\" class=\"wp-caption-text\">Para Tema, a substitui\u00e7\u00e3o dos m\u00e9dicos cubanos n\u00e3o ser\u00e1 uma tarefa das mais f\u00e1ceis para o Governo Federal, visto que o Maranh\u00e3o possui uma grande car\u00eancia desses profissionais<\/figcaption><\/figure>\n<p>O presidente da Federa\u00e7\u00e3o dos Munic\u00edpios do Estado do Maranh\u00e3o (Famem), prefeito Cleomar Tema, mostrou-se preocupado com as \u00faltimas not\u00edcias sobre a sa\u00edda dos m\u00e9dicos cubanos do programa Mais M\u00e9dicos, ap\u00f3s diverg\u00eancia do governo de Cuba com as novas diretrizes adotadas pelo presidente eleito Jair Bolsonaro.<\/p>\n<p>Para Tema, a substitui\u00e7\u00e3o dos m\u00e9dicos cubanos n\u00e3o ser\u00e1 uma tarefa das mais f\u00e1ceis para o Governo Federal, visto que o Maranh\u00e3o possui uma grande car\u00eancia desses profissionais, al\u00e9m do que poucos querem se submeter a morar nos povoados das pequenas cidades para cumprir carga hor\u00e1ria de 40h e ganhar R$ 10 mil de sal\u00e1rio.<\/p>\n<p>\u201cCaso o MS n\u00e3o encontre uma estrat\u00e9gia imediata para suprir essa car\u00eancia deixada com a iminente sa\u00edda dos cubanos, os munic\u00edpios maranhenses v\u00e3o enfrentar s\u00e9rios problemas, dentre os quais: a eleva\u00e7\u00e3o significativa dos custos de contrata\u00e7\u00e3o de novos m\u00e9dicos e a custos mais altos em fun\u00e7\u00e3o da baixa oferta desses profissionais; dificuldade de cumprimento da carga hor\u00e1ria exigida pelo MS expondo os gestores as auditorias do DENASUS e as consequ\u00eancias decorrentes destas, dentre outros j\u00e1 de amplo conhecimento dos gestores maranhenses\u201d, enfatizou o presidente.<\/p>\n<p>O d\u00e9ficit de m\u00e9dicos relatado pelo por Cleomar Tema \u00e9 confirmado pela pesquisa \u201cDemografia M\u00e9dica 2018\u201d, do Conselho Federal de Medicina-CFM.<\/p>\n<p>A mesma informa que para o atendimento de uma popula\u00e7\u00e3o de 7 milh\u00f5es de habitantes, o Maranh\u00e3o tem apenas 6.096 m\u00e9dicos, o que d\u00e1 uma propor\u00e7\u00e3o de 0,87 profissionais por mil habitantes, sendo esta a menor propor\u00e7\u00e3o do pa\u00eds entre os estados.<\/p>\n<p>A m\u00e9dia recomendada pela OMS (Organiza\u00e7\u00e3o Mundial da Sa\u00fade) \u00e9 de um m\u00e9dico para cada 1.000 habitantes.<\/p>\n<p>Tema finalizou dizendo que pedir\u00e1 a inclus\u00e3o do assunto na pauta municipalista que ser\u00e1 debatida na capital federal no dia 19\/11, durante evento organizado pela Confedera\u00e7\u00e3o Nacional dos Munic\u00edpios (CNM).<\/p>\n<p>O encontro contar\u00e1 com a presen\u00e7a do presidente Michel Temer; membros da equipe de transi\u00e7\u00e3o de Jair Bolsonaro; al\u00e9m da presen\u00e7a de milhares de prefeitos de todo o Brasil.<\/p>\n<p>Criado em 2013, o programa Mais M\u00e9dicos ampliou a assist\u00eancia m\u00e9dica nos munic\u00edpios, refor\u00e7ando o atendimento regular nas Unidades B\u00e1sicas de Sa\u00fade e na composi\u00e7\u00e3o das equipes da Sa\u00fade da Fam\u00edlia.<\/p>\n<p>No Maranh\u00e3o, 2,4 milh\u00f5es de pessoas s\u00e3o beneficiadas com o trabalho dos 710 profissionais do programa, onde mais de 450 s\u00e3o cubanos.<\/p>\n","protected":false},"excerpt":{"rendered":"<p>O presidente da Federa\u00e7\u00e3o dos Munic\u00edpios do Estado do Maranh\u00e3o (Famem), prefeito Cleomar Tema, mostrou-se preocupado com as \u00faltimas not\u00edcias [&hellip;]<\/p>\n","protected":false},"author":0,"featured_media":0,"comment_status":"open","ping_status":"open","sticky":false,"template":"","format":"standard","meta":{"site-sidebar-layout":"default","site-content-layout":"","ast-site-content-layout":"default","site-content-style":"default","site-sidebar-style":"default","ast-global-header-display":"","ast-banner-title-visibility":"","ast-main-header-display":"","ast-hfb-above-header-display":"","ast-hfb-below-header-display":"","ast-hfb-mobile-header-display":"","site-post-title":"","ast-breadcrumbs-content":"","ast-featured-img":"","footer-sml-layout":"","ast-disable-related-posts":"","theme-transparent-header-meta":"","adv-header-id-meta":"","stick-header-meta":"","header-above-stick-meta":"","header-main-stick-meta":"","header-below-stick-meta":"","astra-migrate-meta-layouts":"default","ast-page-background-enabled":"default","ast-page-background-meta":{"desktop":{"background-color":"var(--ast-global-color-5)","background-image":"","background-repeat":"repeat","background-position":"center center","background-size":"auto","background-attachment":"scroll","background-type":"","background-media":"","overlay-type":"","overlay-color":"","overlay-opacity":"","overlay-gradient":""},"tablet":{"background-color":"","background-image":"","background-repeat":"repeat","background-position":"center center","background-size":"auto","background-attachment":"scroll","background-type":"","background-media":"","overlay-type":"","overlay-color":"","overlay-opacity":"","overlay-gradient":""},"mobile":{"background-color":"","background-image":"","background-repeat":"repeat","background-position":"center center","background-size":"auto","background-attachment":"scroll","background-type":"","background-media":"","overlay-type":"","overlay-color":"","overlay-opacity":"","overlay-gradient":""}},"ast-content-background-meta":{"desktop":{"background-color":"var(--ast-global-color-4)","background-image":"","background-repeat":"repeat","background-position":"center center","background-size":"auto","background-attachment":"scroll","background-type":"","background-media":"","overlay-type":"","overlay-color":"","overlay-opacity":"","overlay-gradient":""},"tablet":{"background-color":"var(--ast-global-color-4)","background-image":"","background-repeat":"repeat","background-position":"center center","background-size":"auto","background-attachment":"scroll","background-type":"","background-media":"","overlay-type":"","overlay-color":"","overlay-opacity":"","overlay-gradient":""},"mobile":{"background-color":"var(--ast-global-color-4)","background-image":"","background-repeat":"repeat","background-position":"center center","background-size":"auto","background-attachment":"scroll","background-type":"","background-media":"","overlay-type":"","overlay-color":"","overlay-opacity":"","overlay-gradient":""}},"footnotes":""},"categories":[1],"tags":[],"class_list":["post-58115","post","type-post","status-publish","format-standard","hentry","category-sem-categoria"],"yoast_head":"<!-- This site is optimized with the Yoast SEO plugin v26.6 - https:\/\/yoast.com\/wordpress\/plugins\/seo\/ -->\n<title>&quot;Gastos com m\u00e9dicos dobrar\u00e3o e aten\u00e7\u00e3o b\u00e1sica ficar\u00e1 prejudicada nos munic\u00edpios&quot;, avalia Cleomar Tema - Daniel Matos<\/title>\n<meta name=\"robots\" content=\"index, follow, max-snippet:-1, max-image-preview:large, max-video-preview:-1\" \/>\n<link rel=\"canonical\" href=\"https:\/\/www.blogsoestado.com\/danielmatos\/gastos-com-medicos-dobrarao-e-atencao-basica-ficara-prejudicada-nos-municipios-avalia-cleomar-tema\/\" \/>\n<meta property=\"og:locale\" content=\"pt_BR\" \/>\n<meta property=\"og:type\" content=\"article\" \/>\n<meta property=\"og:title\" content=\"&quot;Gastos com m\u00e9dicos dobrar\u00e3o e aten\u00e7\u00e3o b\u00e1sica ficar\u00e1 prejudicada nos munic\u00edpios&quot;, avalia Cleomar Tema - Daniel Matos\" \/>\n<meta property=\"og:description\" content=\"O presidente da Federa\u00e7\u00e3o dos Munic\u00edpios do Estado do Maranh\u00e3o (Famem), prefeito Cleomar Tema, mostrou-se preocupado com as \u00faltimas not\u00edcias [&hellip;]\" \/>\n<meta property=\"og:url\" content=\"https:\/\/www.blogsoestado.com\/danielmatos\/gastos-com-medicos-dobrarao-e-atencao-basica-ficara-prejudicada-nos-municipios-avalia-cleomar-tema\/\" \/>\n<meta property=\"og:site_name\" content=\"Daniel Matos\" \/>\n<meta property=\"article:published_time\" content=\"2018-11-16T18:05:24+00:00\" \/>\n<meta property=\"og:image\" content=\"https:\/\/www.blogsoestado.com\/danielmatos\/files\/2018\/11\/tema-cubanos.jpg\" \/>\n<meta name=\"twitter:card\" content=\"summary_large_image\" \/>\n<meta name=\"twitter:label1\" content=\"Est. tempo de leitura\" \/>\n\t<meta name=\"twitter:data1\" content=\"2 minutos\" \/>\n<script type=\"application\/ld+json\" class=\"yoast-schema-graph\">{\"@context\":\"https:\/\/schema.org\",\"@graph\":[{\"@type\":\"WebPage\",\"@id\":\"https:\/\/www.blogsoestado.com\/danielmatos\/gastos-com-medicos-dobrarao-e-atencao-basica-ficara-prejudicada-nos-municipios-avalia-cleomar-tema\/\",\"url\":\"https:\/\/www.blogsoestado.com\/danielmatos\/gastos-com-medicos-dobrarao-e-atencao-basica-ficara-prejudicada-nos-municipios-avalia-cleomar-tema\/\",\"name\":\"\\\"Gastos com m\u00e9dicos dobrar\u00e3o e aten\u00e7\u00e3o b\u00e1sica ficar\u00e1 prejudicada nos munic\u00edpios\\\", avalia Cleomar Tema - Daniel Matos\",\"isPartOf\":{\"@id\":\"https:\/\/www.blogsoestado.com\/danielmatos\/#website\"},\"primaryImageOfPage\":{\"@id\":\"https:\/\/www.blogsoestado.com\/danielmatos\/gastos-com-medicos-dobrarao-e-atencao-basica-ficara-prejudicada-nos-municipios-avalia-cleomar-tema\/#primaryimage\"},\"image\":{\"@id\":\"https:\/\/www.blogsoestado.com\/danielmatos\/gastos-com-medicos-dobrarao-e-atencao-basica-ficara-prejudicada-nos-municipios-avalia-cleomar-tema\/#primaryimage\"},\"thumbnailUrl\":\"https:\/\/www.blogsoestado.com\/danielmatos\/files\/2018\/11\/tema-cubanos.jpg\",\"datePublished\":\"2018-11-16T18:05:24+00:00\",\"author\":{\"@id\":\"\"},\"breadcrumb\":{\"@id\":\"https:\/\/www.blogsoestado.com\/danielmatos\/gastos-com-medicos-dobrarao-e-atencao-basica-ficara-prejudicada-nos-municipios-avalia-cleomar-tema\/#breadcrumb\"},\"inLanguage\":\"pt-BR\",\"potentialAction\":[{\"@type\":\"ReadAction\",\"target\":[\"https:\/\/www.blogsoestado.com\/danielmatos\/gastos-com-medicos-dobrarao-e-atencao-basica-ficara-prejudicada-nos-municipios-avalia-cleomar-tema\/\"]}]},{\"@type\":\"ImageObject\",\"inLanguage\":\"pt-BR\",\"@id\":\"https:\/\/www.blogsoestado.com\/danielmatos\/gastos-com-medicos-dobrarao-e-atencao-basica-ficara-prejudicada-nos-municipios-avalia-cleomar-tema\/#primaryimage\",\"url\":\"https:\/\/www.blogsoestado.com\/danielmatos\/files\/2018\/11\/tema-cubanos.jpg\",\"contentUrl\":\"https:\/\/www.blogsoestado.com\/danielmatos\/files\/2018\/11\/tema-cubanos.jpg\"},{\"@type\":\"BreadcrumbList\",\"@id\":\"https:\/\/www.blogsoestado.com\/danielmatos\/gastos-com-medicos-dobrarao-e-atencao-basica-ficara-prejudicada-nos-municipios-avalia-cleomar-tema\/#breadcrumb\",\"itemListElement\":[{\"@type\":\"ListItem\",\"position\":1,\"name\":\"In\u00edcio\",\"item\":\"https:\/\/www.blogsoestado.com\/danielmatos\/\"},{\"@type\":\"ListItem\",\"position\":2,\"name\":\"&#8220;Gastos com m\u00e9dicos dobrar\u00e3o e aten\u00e7\u00e3o b\u00e1sica ficar\u00e1 prejudicada nos munic\u00edpios&#8221;, avalia Cleomar Tema\"}]},{\"@type\":\"WebSite\",\"@id\":\"https:\/\/www.blogsoestado.com\/danielmatos\/#website\",\"url\":\"https:\/\/www.blogsoestado.com\/danielmatos\/\",\"name\":\"Daniel Matos\",\"description\":\"\",\"potentialAction\":[{\"@type\":\"SearchAction\",\"target\":{\"@type\":\"EntryPoint\",\"urlTemplate\":\"https:\/\/www.blogsoestado.com\/danielmatos\/?s={search_term_string}\"},\"query-input\":{\"@type\":\"PropertyValueSpecification\",\"valueRequired\":true,\"valueName\":\"search_term_string\"}}],\"inLanguage\":\"pt-BR\"}]}<\/script>\n<!-- \/ Yoast SEO plugin. -->","yoast_head_json":{"title":"\"Gastos com m\u00e9dicos dobrar\u00e3o e aten\u00e7\u00e3o b\u00e1sica ficar\u00e1 prejudicada nos munic\u00edpios\", avalia Cleomar Tema - Daniel Matos","robots":{"index":"index","follow":"follow","max-snippet":"max-snippet:-1","max-image-preview":"max-image-preview:large","max-video-preview":"max-video-preview:-1"},"canonical":"https:\/\/www.blogsoestado.com\/danielmatos\/gastos-com-medicos-dobrarao-e-atencao-basica-ficara-prejudicada-nos-municipios-avalia-cleomar-tema\/","og_locale":"pt_BR","og_type":"article","og_title":"\"Gastos com m\u00e9dicos dobrar\u00e3o e aten\u00e7\u00e3o b\u00e1sica ficar\u00e1 prejudicada nos munic\u00edpios\", avalia Cleomar Tema - Daniel Matos","og_description":"O presidente da Federa\u00e7\u00e3o dos Munic\u00edpios do Estado do Maranh\u00e3o (Famem), prefeito Cleomar Tema, mostrou-se preocupado com as \u00faltimas not\u00edcias [&hellip;]","og_url":"https:\/\/www.blogsoestado.com\/danielmatos\/gastos-com-medicos-dobrarao-e-atencao-basica-ficara-prejudicada-nos-municipios-avalia-cleomar-tema\/","og_site_name":"Daniel Matos","article_published_time":"2018-11-16T18:05:24+00:00","og_image":[{"url":"https:\/\/www.blogsoestado.com\/danielmatos\/files\/2018\/11\/tema-cubanos.jpg","type":"","width":"","height":""}],"twitter_card":"summary_large_image","twitter_misc":{"Est. tempo de leitura":"2 minutos"},"schema":{"@context":"https:\/\/schema.org","@graph":[{"@type":"WebPage","@id":"https:\/\/www.blogsoestado.com\/danielmatos\/gastos-com-medicos-dobrarao-e-atencao-basica-ficara-prejudicada-nos-municipios-avalia-cleomar-tema\/","url":"https:\/\/www.blogsoestado.com\/danielmatos\/gastos-com-medicos-dobrarao-e-atencao-basica-ficara-prejudicada-nos-municipios-avalia-cleomar-tema\/","name":"\"Gastos com m\u00e9dicos dobrar\u00e3o e aten\u00e7\u00e3o b\u00e1sica ficar\u00e1 prejudicada nos munic\u00edpios\", avalia Cleomar Tema - Daniel Matos","isPartOf":{"@id":"https:\/\/www.blogsoestado.com\/danielmatos\/#website"},"primaryImageOfPage":{"@id":"https:\/\/www.blogsoestado.com\/danielmatos\/gastos-com-medicos-dobrarao-e-atencao-basica-ficara-prejudicada-nos-municipios-avalia-cleomar-tema\/#primaryimage"},"image":{"@id":"https:\/\/www.blogsoestado.com\/danielmatos\/gastos-com-medicos-dobrarao-e-atencao-basica-ficara-prejudicada-nos-municipios-avalia-cleomar-tema\/#primaryimage"},"thumbnailUrl":"https:\/\/www.blogsoestado.com\/danielmatos\/files\/2018\/11\/tema-cubanos.jpg","datePublished":"2018-11-16T18:05:24+00:00","author":{"@id":""},"breadcrumb":{"@id":"https:\/\/www.blogsoestado.com\/danielmatos\/gastos-com-medicos-dobrarao-e-atencao-basica-ficara-prejudicada-nos-municipios-avalia-cleomar-tema\/#breadcrumb"},"inLanguage":"pt-BR","potentialAction":[{"@type":"ReadAction","target":["https:\/\/www.blogsoestado.com\/danielmatos\/gastos-com-medicos-dobrarao-e-atencao-basica-ficara-prejudicada-nos-municipios-avalia-cleomar-tema\/"]}]},{"@type":"ImageObject","inLanguage":"pt-BR","@id":"https:\/\/www.blogsoestado.com\/danielmatos\/gastos-com-medicos-dobrarao-e-atencao-basica-ficara-prejudicada-nos-municipios-avalia-cleomar-tema\/#primaryimage","url":"https:\/\/www.blogsoestado.com\/danielmatos\/files\/2018\/11\/tema-cubanos.jpg","contentUrl":"https:\/\/www.blogsoestado.com\/danielmatos\/files\/2018\/11\/tema-cubanos.jpg"},{"@type":"BreadcrumbList","@id":"https:\/\/www.blogsoestado.com\/danielmatos\/gastos-com-medicos-dobrarao-e-atencao-basica-ficara-prejudicada-nos-municipios-avalia-cleomar-tema\/#breadcrumb","itemListElement":[{"@type":"ListItem","position":1,"name":"In\u00edcio","item":"https:\/\/www.blogsoestado.com\/danielmatos\/"},{"@type":"ListItem","position":2,"name":"&#8220;Gastos com m\u00e9dicos dobrar\u00e3o e aten\u00e7\u00e3o b\u00e1sica ficar\u00e1 prejudicada nos munic\u00edpios&#8221;, avalia Cleomar Tema"}]},{"@type":"WebSite","@id":"https:\/\/www.blogsoestado.com\/danielmatos\/#website","url":"https:\/\/www.blogsoestado.com\/danielmatos\/","name":"Daniel Matos","description":"","potentialAction":[{"@type":"SearchAction","target":{"@type":"EntryPoint","urlTemplate":"https:\/\/www.blogsoestado.com\/danielmatos\/?s={search_term_string}"},"query-input":{"@type":"PropertyValueSpecification","valueRequired":true,"valueName":"search_term_string"}}],"inLanguage":"pt-BR"}]}},"jetpack_featured_media_url":"","_links":{"self":[{"href":"https:\/\/www.blogsoestado.com\/danielmatos\/wp-json\/wp\/v2\/posts\/58115","targetHints":{"allow":["GET"]}}],"collection":[{"href":"https:\/\/www.blogsoestado.com\/danielmatos\/wp-json\/wp\/v2\/posts"}],"about":[{"href":"https:\/\/www.blogsoestado.com\/danielmatos\/wp-json\/wp\/v2\/types\/post"}],"replies":[{"embeddable":true,"href":"https:\/\/www.blogsoestado.com\/danielmatos\/wp-json\/wp\/v2\/comments?post=58115"}],"version-history":[{"count":0,"href":"https:\/\/www.blogsoestado.com\/danielmatos\/wp-json\/wp\/v2\/posts\/58115\/revisions"}],"wp:attachment":[{"href":"https:\/\/www.blogsoestado.com\/danielmatos\/wp-json\/wp\/v2\/media?parent=58115"}],"wp:term":[{"taxonomy":"category","embeddable":true,"href":"https:\/\/www.blogsoestado.com\/danielmatos\/wp-json\/wp\/v2\/categories?post=58115"},{"taxonomy":"post_tag","embeddable":true,"href":"https:\/\/www.blogsoestado.com\/danielmatos\/wp-json\/wp\/v2\/tags?post=58115"}],"curies":[{"name":"wp","href":"https:\/\/api.w.org\/{rel}","templated":true}]}}