{"id":58123,"date":"2018-11-16T16:35:36","date_gmt":"2018-11-16T19:35:36","guid":{"rendered":"https:\/\/www.blogsoestado.com\/danielmatos\/?p=58123"},"modified":"2018-11-16T16:35:36","modified_gmt":"2018-11-16T19:35:36","slug":"academicos-da-universidade-ceuma-tem-artigos-aprovados-no-v-congresso-brasileiro-psicologia","status":"publish","type":"post","link":"https:\/\/www.blogsoestado.com\/danielmatos\/academicos-da-universidade-ceuma-tem-artigos-aprovados-no-v-congresso-brasileiro-psicologia\/","title":{"rendered":"Acad\u00eamicos da Universidade Ceuma t\u00eam artigos aprovados no V Congresso Brasileiro Psicologia"},"content":{"rendered":"<figure id=\"attachment_58124\" aria-describedby=\"caption-attachment-58124\" style=\"width: 478px\" class=\"wp-caption aligncenter\"><a href=\"https:\/\/www.blogsoestado.com\/danielmatos\/2018\/11\/16\/academicos-da-universidade-ceuma-tem-artigos-aprovados-no-v-congresso-brasileiro-psicologia\/ceuma-psicologia\/\" rel=\"attachment wp-att-58124\"><img fetchpriority=\"high\" decoding=\"async\" class=\"size-full wp-image-58124\" src=\"https:\/\/www.blogsoestado.com\/danielmatos\/files\/2018\/11\/ceuma-psicologia.jpg\" alt=\"\" width=\"478\" height=\"321\" \/><\/a><figcaption id=\"caption-attachment-58124\" class=\"wp-caption-text\">Trabalhos cient\u00edficos de acad\u00eamicos da Universidade Ceuma tiveram destaque nacional<\/figcaption><\/figure>\n<p>Um grupo de 14 acad\u00eamicos do curso de Psicologia, Campus Imperatriz, destacaram-se com a aprova\u00e7\u00e3o dos seus artigos cient\u00edficos no V Congresso Brasileiro Psicologia: Ci\u00eancia e Profiss\u00e3o (CBP), que acontece no per\u00edodo de 14 a 18 de novembro, em S\u00e3o Paulo.<\/p>\n<p>Este ano, o evento tem como tema \u201cPsicologia, Direitos Sociais e Pol\u00edticas P\u00fablicas: Avan\u00e7os e Desafios\u201d. Para a coordenadora do curso, profa. Ma. Sherylani Tatiany, este \u00e9 um momento muito especial.<\/p>\n<p>\u201cIsto \u00e9 muito bacana, porque estimulamos a produ\u00e7\u00e3o cient\u00edfica desde o primeiro per\u00edodo e nossos alunos ter\u00e3o a oportunidade de compartilhar suas experi\u00eancias com o p\u00fablico do evento\u201d.<\/p>\n","protected":false},"excerpt":{"rendered":"<p>Um grupo de 14 acad\u00eamicos do curso de Psicologia, Campus Imperatriz, destacaram-se com a aprova\u00e7\u00e3o dos seus artigos cient\u00edficos no [&hellip;]<\/p>\n","protected":false},"author":0,"featured_media":0,"comment_status":"open","ping_status":"open","sticky":false,"template":"","format":"standard","meta":{"site-sidebar-layout":"default","site-content-layout":"","ast-site-content-layout":"default","site-content-style":"default","site-sidebar-style":"default","ast-global-header-display":"","ast-banner-title-visibility":"","ast-main-header-display":"","ast-hfb-above-header-display":"","ast-hfb-below-header-display":"","ast-hfb-mobile-header-display":"","site-post-title":"","ast-breadcrumbs-content":"","ast-featured-img":"","footer-sml-layout":"","ast-disable-related-posts":"","theme-transparent-header-meta":"","adv-header-id-meta":"","stick-header-meta":"","header-above-stick-meta":"","header-main-stick-meta":"","header-below-stick-meta":"","astra-migrate-meta-layouts":"default","ast-page-background-enabled":"default","ast-page-background-meta":{"desktop":{"background-color":"var(--ast-global-color-5)","background-image":"","background-repeat":"repeat","background-position":"center center","background-size":"auto","background-attachment":"scroll","background-type":"","background-media":"","overlay-type":"","overlay-color":"","overlay-opacity":"","overlay-gradient":""},"tablet":{"background-color":"","background-image":"","background-repeat":"repeat","background-position":"center center","background-size":"auto","background-attachment":"scroll","background-type":"","background-media":"","overlay-type":"","overlay-color":"","overlay-opacity":"","overlay-gradient":""},"mobile":{"background-color":"","background-image":"","background-repeat":"repeat","background-position":"center center","background-size":"auto","background-attachment":"scroll","background-type":"","background-media":"","overlay-type":"","overlay-color":"","overlay-opacity":"","overlay-gradient":""}},"ast-content-background-meta":{"desktop":{"background-color":"var(--ast-global-color-4)","background-image":"","background-repeat":"repeat","background-position":"center center","background-size":"auto","background-attachment":"scroll","background-type":"","background-media":"","overlay-type":"","overlay-color":"","overlay-opacity":"","overlay-gradient":""},"tablet":{"background-color":"var(--ast-global-color-4)","background-image":"","background-repeat":"repeat","background-position":"center center","background-size":"auto","background-attachment":"scroll","background-type":"","background-media":"","overlay-type":"","overlay-color":"","overlay-opacity":"","overlay-gradient":""},"mobile":{"background-color":"var(--ast-global-color-4)","background-image":"","background-repeat":"repeat","background-position":"center center","background-size":"auto","background-attachment":"scroll","background-type":"","background-media":"","overlay-type":"","overlay-color":"","overlay-opacity":"","overlay-gradient":""}},"footnotes":""},"categories":[1],"tags":[],"class_list":["post-58123","post","type-post","status-publish","format-standard","hentry","category-sem-categoria"],"yoast_head":"<!-- This site is optimized with the Yoast SEO plugin v26.6 - https:\/\/yoast.com\/wordpress\/plugins\/seo\/ -->\n<title>Acad\u00eamicos da Universidade Ceuma t\u00eam artigos aprovados no V Congresso Brasileiro Psicologia - Daniel Matos<\/title>\n<meta name=\"robots\" content=\"index, follow, max-snippet:-1, max-image-preview:large, max-video-preview:-1\" \/>\n<link rel=\"canonical\" href=\"https:\/\/www.blogsoestado.com\/danielmatos\/academicos-da-universidade-ceuma-tem-artigos-aprovados-no-v-congresso-brasileiro-psicologia\/\" \/>\n<meta property=\"og:locale\" content=\"pt_BR\" \/>\n<meta property=\"og:type\" content=\"article\" \/>\n<meta property=\"og:title\" content=\"Acad\u00eamicos da Universidade Ceuma t\u00eam artigos aprovados no V Congresso Brasileiro Psicologia - Daniel Matos\" \/>\n<meta property=\"og:description\" content=\"Um grupo de 14 acad\u00eamicos do curso de Psicologia, Campus Imperatriz, destacaram-se com a aprova\u00e7\u00e3o dos seus artigos cient\u00edficos no [&hellip;]\" \/>\n<meta property=\"og:url\" content=\"https:\/\/www.blogsoestado.com\/danielmatos\/academicos-da-universidade-ceuma-tem-artigos-aprovados-no-v-congresso-brasileiro-psicologia\/\" \/>\n<meta property=\"og:site_name\" content=\"Daniel Matos\" \/>\n<meta property=\"article:published_time\" content=\"2018-11-16T19:35:36+00:00\" \/>\n<meta property=\"og:image\" content=\"https:\/\/www.blogsoestado.com\/danielmatos\/files\/2018\/11\/ceuma-psicologia.jpg\" \/>\n<meta name=\"twitter:card\" content=\"summary_large_image\" \/>\n<meta name=\"twitter:label1\" content=\"Est. tempo de leitura\" \/>\n\t<meta name=\"twitter:data1\" content=\"1 minuto\" \/>\n<script type=\"application\/ld+json\" class=\"yoast-schema-graph\">{\"@context\":\"https:\/\/schema.org\",\"@graph\":[{\"@type\":\"WebPage\",\"@id\":\"https:\/\/www.blogsoestado.com\/danielmatos\/academicos-da-universidade-ceuma-tem-artigos-aprovados-no-v-congresso-brasileiro-psicologia\/\",\"url\":\"https:\/\/www.blogsoestado.com\/danielmatos\/academicos-da-universidade-ceuma-tem-artigos-aprovados-no-v-congresso-brasileiro-psicologia\/\",\"name\":\"Acad\u00eamicos da Universidade Ceuma t\u00eam artigos aprovados no V Congresso Brasileiro Psicologia - Daniel Matos\",\"isPartOf\":{\"@id\":\"https:\/\/www.blogsoestado.com\/danielmatos\/#website\"},\"primaryImageOfPage\":{\"@id\":\"https:\/\/www.blogsoestado.com\/danielmatos\/academicos-da-universidade-ceuma-tem-artigos-aprovados-no-v-congresso-brasileiro-psicologia\/#primaryimage\"},\"image\":{\"@id\":\"https:\/\/www.blogsoestado.com\/danielmatos\/academicos-da-universidade-ceuma-tem-artigos-aprovados-no-v-congresso-brasileiro-psicologia\/#primaryimage\"},\"thumbnailUrl\":\"https:\/\/www.blogsoestado.com\/danielmatos\/files\/2018\/11\/ceuma-psicologia.jpg\",\"datePublished\":\"2018-11-16T19:35:36+00:00\",\"author\":{\"@id\":\"\"},\"breadcrumb\":{\"@id\":\"https:\/\/www.blogsoestado.com\/danielmatos\/academicos-da-universidade-ceuma-tem-artigos-aprovados-no-v-congresso-brasileiro-psicologia\/#breadcrumb\"},\"inLanguage\":\"pt-BR\",\"potentialAction\":[{\"@type\":\"ReadAction\",\"target\":[\"https:\/\/www.blogsoestado.com\/danielmatos\/academicos-da-universidade-ceuma-tem-artigos-aprovados-no-v-congresso-brasileiro-psicologia\/\"]}]},{\"@type\":\"ImageObject\",\"inLanguage\":\"pt-BR\",\"@id\":\"https:\/\/www.blogsoestado.com\/danielmatos\/academicos-da-universidade-ceuma-tem-artigos-aprovados-no-v-congresso-brasileiro-psicologia\/#primaryimage\",\"url\":\"https:\/\/www.blogsoestado.com\/danielmatos\/files\/2018\/11\/ceuma-psicologia.jpg\",\"contentUrl\":\"https:\/\/www.blogsoestado.com\/danielmatos\/files\/2018\/11\/ceuma-psicologia.jpg\"},{\"@type\":\"BreadcrumbList\",\"@id\":\"https:\/\/www.blogsoestado.com\/danielmatos\/academicos-da-universidade-ceuma-tem-artigos-aprovados-no-v-congresso-brasileiro-psicologia\/#breadcrumb\",\"itemListElement\":[{\"@type\":\"ListItem\",\"position\":1,\"name\":\"In\u00edcio\",\"item\":\"https:\/\/www.blogsoestado.com\/danielmatos\/\"},{\"@type\":\"ListItem\",\"position\":2,\"name\":\"Acad\u00eamicos da Universidade Ceuma t\u00eam artigos aprovados no V Congresso Brasileiro Psicologia\"}]},{\"@type\":\"WebSite\",\"@id\":\"https:\/\/www.blogsoestado.com\/danielmatos\/#website\",\"url\":\"https:\/\/www.blogsoestado.com\/danielmatos\/\",\"name\":\"Daniel Matos\",\"description\":\"\",\"potentialAction\":[{\"@type\":\"SearchAction\",\"target\":{\"@type\":\"EntryPoint\",\"urlTemplate\":\"https:\/\/www.blogsoestado.com\/danielmatos\/?s={search_term_string}\"},\"query-input\":{\"@type\":\"PropertyValueSpecification\",\"valueRequired\":true,\"valueName\":\"search_term_string\"}}],\"inLanguage\":\"pt-BR\"}]}<\/script>\n<!-- \/ Yoast SEO plugin. -->","yoast_head_json":{"title":"Acad\u00eamicos da Universidade Ceuma t\u00eam artigos aprovados no V Congresso Brasileiro Psicologia - Daniel Matos","robots":{"index":"index","follow":"follow","max-snippet":"max-snippet:-1","max-image-preview":"max-image-preview:large","max-video-preview":"max-video-preview:-1"},"canonical":"https:\/\/www.blogsoestado.com\/danielmatos\/academicos-da-universidade-ceuma-tem-artigos-aprovados-no-v-congresso-brasileiro-psicologia\/","og_locale":"pt_BR","og_type":"article","og_title":"Acad\u00eamicos da Universidade Ceuma t\u00eam artigos aprovados no V Congresso Brasileiro Psicologia - Daniel Matos","og_description":"Um grupo de 14 acad\u00eamicos do curso de Psicologia, Campus Imperatriz, destacaram-se com a aprova\u00e7\u00e3o dos seus artigos cient\u00edficos no [&hellip;]","og_url":"https:\/\/www.blogsoestado.com\/danielmatos\/academicos-da-universidade-ceuma-tem-artigos-aprovados-no-v-congresso-brasileiro-psicologia\/","og_site_name":"Daniel Matos","article_published_time":"2018-11-16T19:35:36+00:00","og_image":[{"url":"https:\/\/www.blogsoestado.com\/danielmatos\/files\/2018\/11\/ceuma-psicologia.jpg","type":"","width":"","height":""}],"twitter_card":"summary_large_image","twitter_misc":{"Est. tempo de leitura":"1 minuto"},"schema":{"@context":"https:\/\/schema.org","@graph":[{"@type":"WebPage","@id":"https:\/\/www.blogsoestado.com\/danielmatos\/academicos-da-universidade-ceuma-tem-artigos-aprovados-no-v-congresso-brasileiro-psicologia\/","url":"https:\/\/www.blogsoestado.com\/danielmatos\/academicos-da-universidade-ceuma-tem-artigos-aprovados-no-v-congresso-brasileiro-psicologia\/","name":"Acad\u00eamicos da Universidade Ceuma t\u00eam artigos aprovados no V Congresso Brasileiro Psicologia - Daniel Matos","isPartOf":{"@id":"https:\/\/www.blogsoestado.com\/danielmatos\/#website"},"primaryImageOfPage":{"@id":"https:\/\/www.blogsoestado.com\/danielmatos\/academicos-da-universidade-ceuma-tem-artigos-aprovados-no-v-congresso-brasileiro-psicologia\/#primaryimage"},"image":{"@id":"https:\/\/www.blogsoestado.com\/danielmatos\/academicos-da-universidade-ceuma-tem-artigos-aprovados-no-v-congresso-brasileiro-psicologia\/#primaryimage"},"thumbnailUrl":"https:\/\/www.blogsoestado.com\/danielmatos\/files\/2018\/11\/ceuma-psicologia.jpg","datePublished":"2018-11-16T19:35:36+00:00","author":{"@id":""},"breadcrumb":{"@id":"https:\/\/www.blogsoestado.com\/danielmatos\/academicos-da-universidade-ceuma-tem-artigos-aprovados-no-v-congresso-brasileiro-psicologia\/#breadcrumb"},"inLanguage":"pt-BR","potentialAction":[{"@type":"ReadAction","target":["https:\/\/www.blogsoestado.com\/danielmatos\/academicos-da-universidade-ceuma-tem-artigos-aprovados-no-v-congresso-brasileiro-psicologia\/"]}]},{"@type":"ImageObject","inLanguage":"pt-BR","@id":"https:\/\/www.blogsoestado.com\/danielmatos\/academicos-da-universidade-ceuma-tem-artigos-aprovados-no-v-congresso-brasileiro-psicologia\/#primaryimage","url":"https:\/\/www.blogsoestado.com\/danielmatos\/files\/2018\/11\/ceuma-psicologia.jpg","contentUrl":"https:\/\/www.blogsoestado.com\/danielmatos\/files\/2018\/11\/ceuma-psicologia.jpg"},{"@type":"BreadcrumbList","@id":"https:\/\/www.blogsoestado.com\/danielmatos\/academicos-da-universidade-ceuma-tem-artigos-aprovados-no-v-congresso-brasileiro-psicologia\/#breadcrumb","itemListElement":[{"@type":"ListItem","position":1,"name":"In\u00edcio","item":"https:\/\/www.blogsoestado.com\/danielmatos\/"},{"@type":"ListItem","position":2,"name":"Acad\u00eamicos da Universidade Ceuma t\u00eam artigos aprovados no V Congresso Brasileiro Psicologia"}]},{"@type":"WebSite","@id":"https:\/\/www.blogsoestado.com\/danielmatos\/#website","url":"https:\/\/www.blogsoestado.com\/danielmatos\/","name":"Daniel Matos","description":"","potentialAction":[{"@type":"SearchAction","target":{"@type":"EntryPoint","urlTemplate":"https:\/\/www.blogsoestado.com\/danielmatos\/?s={search_term_string}"},"query-input":{"@type":"PropertyValueSpecification","valueRequired":true,"valueName":"search_term_string"}}],"inLanguage":"pt-BR"}]}},"jetpack_featured_media_url":"","_links":{"self":[{"href":"https:\/\/www.blogsoestado.com\/danielmatos\/wp-json\/wp\/v2\/posts\/58123","targetHints":{"allow":["GET"]}}],"collection":[{"href":"https:\/\/www.blogsoestado.com\/danielmatos\/wp-json\/wp\/v2\/posts"}],"about":[{"href":"https:\/\/www.blogsoestado.com\/danielmatos\/wp-json\/wp\/v2\/types\/post"}],"replies":[{"embeddable":true,"href":"https:\/\/www.blogsoestado.com\/danielmatos\/wp-json\/wp\/v2\/comments?post=58123"}],"version-history":[{"count":0,"href":"https:\/\/www.blogsoestado.com\/danielmatos\/wp-json\/wp\/v2\/posts\/58123\/revisions"}],"wp:attachment":[{"href":"https:\/\/www.blogsoestado.com\/danielmatos\/wp-json\/wp\/v2\/media?parent=58123"}],"wp:term":[{"taxonomy":"category","embeddable":true,"href":"https:\/\/www.blogsoestado.com\/danielmatos\/wp-json\/wp\/v2\/categories?post=58123"},{"taxonomy":"post_tag","embeddable":true,"href":"https:\/\/www.blogsoestado.com\/danielmatos\/wp-json\/wp\/v2\/tags?post=58123"}],"curies":[{"name":"wp","href":"https:\/\/api.w.org\/{rel}","templated":true}]}}