{"id":58128,"date":"2018-11-16T19:15:55","date_gmt":"2018-11-16T22:15:55","guid":{"rendered":"https:\/\/www.blogsoestado.com\/danielmatos\/?p=58128"},"modified":"2018-11-16T19:15:55","modified_gmt":"2018-11-16T22:15:55","slug":"projeto-de-osmar-filho-ampliara-dialogo-entre-poder-legislativo-de-sao-luis-e-a-populacao","status":"publish","type":"post","link":"https:\/\/www.blogsoestado.com\/danielmatos\/projeto-de-osmar-filho-ampliara-dialogo-entre-poder-legislativo-de-sao-luis-e-a-populacao\/","title":{"rendered":"Projeto de Osmar Filho ampliar\u00e1 di\u00e1logo entre Poder Legislativo de S\u00e3o Lu\u00eds e a popula\u00e7\u00e3o"},"content":{"rendered":"<h2><span style=\"color: #ff0000;\">Em entrevista, o vereador destacou a implanta\u00e7\u00e3o do projeto C\u00e2mara em Movimento para a sua gest\u00e3o como presidente<\/span><\/h2>\n<figure id=\"attachment_58129\" aria-describedby=\"caption-attachment-58129\" style=\"width: 450px\" class=\"wp-caption alignright\"><a href=\"https:\/\/www.blogsoestado.com\/danielmatos\/?attachment_id=58129\" rel=\"attachment wp-att-58129\"><img fetchpriority=\"high\" decoding=\"async\" class=\"wp-image-58129\" src=\"https:\/\/www.blogsoestado.com\/danielmatos\/files\/2018\/11\/osmar-preside.jpg\" alt=\"\" width=\"450\" height=\"236\" \/><\/a><figcaption id=\"caption-attachment-58129\" class=\"wp-caption-text\">Osmar Filho quer dirigir a C\u00e2mara Municipal com comprometimento, agilidade e unindo for\u00e7as em prol da sociedade<\/figcaption><\/figure>\n<p>O futuro presidente da C\u00e2mara Municipal de S\u00e3o Lu\u00eds, o vereador Osmar\u00a0 Filho (PDT), foi o entrevistado da \u00faltima ter\u00e7a-feira (13), do programa\u00a0 Na Hora da R\u00e1dio 92,3 FM, apresentado pelos radialistas Fl\u00e1vio Chocolate<br \/>\ne Isa\u00edas Rocha.<\/p>\n<p>Durante a entrevista ele foi questionado sobre os principais desafios\u00a0 que poder\u00e1 enfrentar como presidente do Legislativo. Em resposta, Osmar pontuou que n\u00e3o ser\u00e1 uma gest\u00e3o dif\u00edcil, desde que trabalhe com\u00a0 comprometimento, agilidade e unindo for\u00e7as em prol do bem-estar da cidade.<\/p>\n<p>Em seu mandato, disse priorizar as rela\u00e7\u00f5es com as institui\u00e7\u00f5es\u00a0 p\u00fablicas, principalmente articular com os poderes a implanta\u00e7\u00e3o de\u00a0 projetos pol\u00edticos e sociais para o andamento dos trabalhos entre as\u00a0 esferas. Um exemplo disso, segundo o parlamentar, \u00e9 manter o di\u00e1logo com\u00a0 a Assembleia Legislativa do Estado, \u2018\u2019 e assim unir for\u00e7as\u2019\u2019 por S\u00e3o = Lu\u00eds. Outro ponto sublinhado, \u00e9 estreitar as rela\u00e7\u00f5es com o parlamento\u00a0 metropolitano e fortalecer o municipalismo.<\/p>\n<p>Aproximar o parlamento do cidad\u00e3o comum \u00e9 prioridade para Osmar Filho. Para isso, ir\u00e1 instituir, durante sua gest\u00e3o, o projeto \u2018\u2019C\u00e2mara em Movimento\u2019\u2019, uma ideia itinerante de levar para os v\u00e1rios pontos da\u00a0cidade sess\u00f5es plen\u00e1rias com a participa\u00e7\u00e3o dos moradores, que poder\u00e3o sugerir pautas, fazer solicita\u00e7\u00f5es e requerimentos.<\/p>\n<p>\u2018\u2019Queremos trazer a popula\u00e7\u00e3o \u00e0 C\u00e2mara ou levar o Legislativo para perto\u00a0 das pessoas, como \u00e9 o caso do projeto piloto C\u00e2mara em Movimento, que existe em outras cidades, e tem dado certo, apresentando resultados<br \/>\nconcretos. Por isso, uma marca da nossa gest\u00e3o \u00e9 consagrar o parlamento como um espa\u00e7o ocupado pelo povo\u2019\u2019, destacou ele.<\/p>\n","protected":false},"excerpt":{"rendered":"<p>Em entrevista, o vereador destacou a implanta\u00e7\u00e3o do projeto C\u00e2mara em Movimento para a sua gest\u00e3o como presidente O futuro [&hellip;]<\/p>\n","protected":false},"author":0,"featured_media":0,"comment_status":"open","ping_status":"open","sticky":false,"template":"","format":"standard","meta":{"site-sidebar-layout":"default","site-content-layout":"","ast-site-content-layout":"default","site-content-style":"default","site-sidebar-style":"default","ast-global-header-display":"","ast-banner-title-visibility":"","ast-main-header-display":"","ast-hfb-above-header-display":"","ast-hfb-below-header-display":"","ast-hfb-mobile-header-display":"","site-post-title":"","ast-breadcrumbs-content":"","ast-featured-img":"","footer-sml-layout":"","ast-disable-related-posts":"","theme-transparent-header-meta":"","adv-header-id-meta":"","stick-header-meta":"","header-above-stick-meta":"","header-main-stick-meta":"","header-below-stick-meta":"","astra-migrate-meta-layouts":"default","ast-page-background-enabled":"default","ast-page-background-meta":{"desktop":{"background-color":"var(--ast-global-color-5)","background-image":"","background-repeat":"repeat","background-position":"center center","background-size":"auto","background-attachment":"scroll","background-type":"","background-media":"","overlay-type":"","overlay-color":"","overlay-opacity":"","overlay-gradient":""},"tablet":{"background-color":"","background-image":"","background-repeat":"repeat","background-position":"center center","background-size":"auto","background-attachment":"scroll","background-type":"","background-media":"","overlay-type":"","overlay-color":"","overlay-opacity":"","overlay-gradient":""},"mobile":{"background-color":"","background-image":"","background-repeat":"repeat","background-position":"center center","background-size":"auto","background-attachment":"scroll","background-type":"","background-media":"","overlay-type":"","overlay-color":"","overlay-opacity":"","overlay-gradient":""}},"ast-content-background-meta":{"desktop":{"background-color":"var(--ast-global-color-4)","background-image":"","background-repeat":"repeat","background-position":"center center","background-size":"auto","background-attachment":"scroll","background-type":"","background-media":"","overlay-type":"","overlay-color":"","overlay-opacity":"","overlay-gradient":""},"tablet":{"background-color":"var(--ast-global-color-4)","background-image":"","background-repeat":"repeat","background-position":"center center","background-size":"auto","background-attachment":"scroll","background-type":"","background-media":"","overlay-type":"","overlay-color":"","overlay-opacity":"","overlay-gradient":""},"mobile":{"background-color":"var(--ast-global-color-4)","background-image":"","background-repeat":"repeat","background-position":"center center","background-size":"auto","background-attachment":"scroll","background-type":"","background-media":"","overlay-type":"","overlay-color":"","overlay-opacity":"","overlay-gradient":""}},"footnotes":""},"categories":[1],"tags":[],"class_list":["post-58128","post","type-post","status-publish","format-standard","hentry","category-sem-categoria"],"yoast_head":"<!-- This site is optimized with the Yoast SEO plugin v26.6 - https:\/\/yoast.com\/wordpress\/plugins\/seo\/ -->\n<title>Projeto de Osmar Filho ampliar\u00e1 di\u00e1logo entre Poder Legislativo de S\u00e3o Lu\u00eds e a popula\u00e7\u00e3o - Daniel Matos<\/title>\n<meta name=\"robots\" content=\"index, follow, max-snippet:-1, max-image-preview:large, max-video-preview:-1\" \/>\n<link rel=\"canonical\" href=\"https:\/\/www.blogsoestado.com\/danielmatos\/projeto-de-osmar-filho-ampliara-dialogo-entre-poder-legislativo-de-sao-luis-e-a-populacao\/\" \/>\n<meta property=\"og:locale\" content=\"pt_BR\" \/>\n<meta property=\"og:type\" content=\"article\" \/>\n<meta property=\"og:title\" content=\"Projeto de Osmar Filho ampliar\u00e1 di\u00e1logo entre Poder Legislativo de S\u00e3o Lu\u00eds e a popula\u00e7\u00e3o - Daniel Matos\" \/>\n<meta property=\"og:description\" content=\"Em entrevista, o vereador destacou a implanta\u00e7\u00e3o do projeto C\u00e2mara em Movimento para a sua gest\u00e3o como presidente O futuro [&hellip;]\" \/>\n<meta property=\"og:url\" content=\"https:\/\/www.blogsoestado.com\/danielmatos\/projeto-de-osmar-filho-ampliara-dialogo-entre-poder-legislativo-de-sao-luis-e-a-populacao\/\" \/>\n<meta property=\"og:site_name\" content=\"Daniel Matos\" \/>\n<meta property=\"article:published_time\" content=\"2018-11-16T22:15:55+00:00\" \/>\n<meta property=\"og:image\" content=\"https:\/\/www.blogsoestado.com\/danielmatos\/files\/2018\/11\/osmar-preside.jpg\" \/>\n<meta name=\"twitter:card\" content=\"summary_large_image\" \/>\n<meta name=\"twitter:label1\" content=\"Est. tempo de leitura\" \/>\n\t<meta name=\"twitter:data1\" content=\"2 minutos\" \/>\n<script type=\"application\/ld+json\" class=\"yoast-schema-graph\">{\"@context\":\"https:\/\/schema.org\",\"@graph\":[{\"@type\":\"WebPage\",\"@id\":\"https:\/\/www.blogsoestado.com\/danielmatos\/projeto-de-osmar-filho-ampliara-dialogo-entre-poder-legislativo-de-sao-luis-e-a-populacao\/\",\"url\":\"https:\/\/www.blogsoestado.com\/danielmatos\/projeto-de-osmar-filho-ampliara-dialogo-entre-poder-legislativo-de-sao-luis-e-a-populacao\/\",\"name\":\"Projeto de Osmar Filho ampliar\u00e1 di\u00e1logo entre Poder Legislativo de S\u00e3o Lu\u00eds e a popula\u00e7\u00e3o - Daniel Matos\",\"isPartOf\":{\"@id\":\"https:\/\/www.blogsoestado.com\/danielmatos\/#website\"},\"primaryImageOfPage\":{\"@id\":\"https:\/\/www.blogsoestado.com\/danielmatos\/projeto-de-osmar-filho-ampliara-dialogo-entre-poder-legislativo-de-sao-luis-e-a-populacao\/#primaryimage\"},\"image\":{\"@id\":\"https:\/\/www.blogsoestado.com\/danielmatos\/projeto-de-osmar-filho-ampliara-dialogo-entre-poder-legislativo-de-sao-luis-e-a-populacao\/#primaryimage\"},\"thumbnailUrl\":\"https:\/\/www.blogsoestado.com\/danielmatos\/files\/2018\/11\/osmar-preside.jpg\",\"datePublished\":\"2018-11-16T22:15:55+00:00\",\"author\":{\"@id\":\"\"},\"breadcrumb\":{\"@id\":\"https:\/\/www.blogsoestado.com\/danielmatos\/projeto-de-osmar-filho-ampliara-dialogo-entre-poder-legislativo-de-sao-luis-e-a-populacao\/#breadcrumb\"},\"inLanguage\":\"pt-BR\",\"potentialAction\":[{\"@type\":\"ReadAction\",\"target\":[\"https:\/\/www.blogsoestado.com\/danielmatos\/projeto-de-osmar-filho-ampliara-dialogo-entre-poder-legislativo-de-sao-luis-e-a-populacao\/\"]}]},{\"@type\":\"ImageObject\",\"inLanguage\":\"pt-BR\",\"@id\":\"https:\/\/www.blogsoestado.com\/danielmatos\/projeto-de-osmar-filho-ampliara-dialogo-entre-poder-legislativo-de-sao-luis-e-a-populacao\/#primaryimage\",\"url\":\"https:\/\/www.blogsoestado.com\/danielmatos\/files\/2018\/11\/osmar-preside.jpg\",\"contentUrl\":\"https:\/\/www.blogsoestado.com\/danielmatos\/files\/2018\/11\/osmar-preside.jpg\"},{\"@type\":\"BreadcrumbList\",\"@id\":\"https:\/\/www.blogsoestado.com\/danielmatos\/projeto-de-osmar-filho-ampliara-dialogo-entre-poder-legislativo-de-sao-luis-e-a-populacao\/#breadcrumb\",\"itemListElement\":[{\"@type\":\"ListItem\",\"position\":1,\"name\":\"In\u00edcio\",\"item\":\"https:\/\/www.blogsoestado.com\/danielmatos\/\"},{\"@type\":\"ListItem\",\"position\":2,\"name\":\"Projeto de Osmar Filho ampliar\u00e1 di\u00e1logo entre Poder Legislativo de S\u00e3o Lu\u00eds e a popula\u00e7\u00e3o\"}]},{\"@type\":\"WebSite\",\"@id\":\"https:\/\/www.blogsoestado.com\/danielmatos\/#website\",\"url\":\"https:\/\/www.blogsoestado.com\/danielmatos\/\",\"name\":\"Daniel Matos\",\"description\":\"\",\"potentialAction\":[{\"@type\":\"SearchAction\",\"target\":{\"@type\":\"EntryPoint\",\"urlTemplate\":\"https:\/\/www.blogsoestado.com\/danielmatos\/?s={search_term_string}\"},\"query-input\":{\"@type\":\"PropertyValueSpecification\",\"valueRequired\":true,\"valueName\":\"search_term_string\"}}],\"inLanguage\":\"pt-BR\"}]}<\/script>\n<!-- \/ Yoast SEO plugin. -->","yoast_head_json":{"title":"Projeto de Osmar Filho ampliar\u00e1 di\u00e1logo entre Poder Legislativo de S\u00e3o Lu\u00eds e a popula\u00e7\u00e3o - Daniel Matos","robots":{"index":"index","follow":"follow","max-snippet":"max-snippet:-1","max-image-preview":"max-image-preview:large","max-video-preview":"max-video-preview:-1"},"canonical":"https:\/\/www.blogsoestado.com\/danielmatos\/projeto-de-osmar-filho-ampliara-dialogo-entre-poder-legislativo-de-sao-luis-e-a-populacao\/","og_locale":"pt_BR","og_type":"article","og_title":"Projeto de Osmar Filho ampliar\u00e1 di\u00e1logo entre Poder Legislativo de S\u00e3o Lu\u00eds e a popula\u00e7\u00e3o - Daniel Matos","og_description":"Em entrevista, o vereador destacou a implanta\u00e7\u00e3o do projeto C\u00e2mara em Movimento para a sua gest\u00e3o como presidente O futuro [&hellip;]","og_url":"https:\/\/www.blogsoestado.com\/danielmatos\/projeto-de-osmar-filho-ampliara-dialogo-entre-poder-legislativo-de-sao-luis-e-a-populacao\/","og_site_name":"Daniel Matos","article_published_time":"2018-11-16T22:15:55+00:00","og_image":[{"url":"https:\/\/www.blogsoestado.com\/danielmatos\/files\/2018\/11\/osmar-preside.jpg","type":"","width":"","height":""}],"twitter_card":"summary_large_image","twitter_misc":{"Est. tempo de leitura":"2 minutos"},"schema":{"@context":"https:\/\/schema.org","@graph":[{"@type":"WebPage","@id":"https:\/\/www.blogsoestado.com\/danielmatos\/projeto-de-osmar-filho-ampliara-dialogo-entre-poder-legislativo-de-sao-luis-e-a-populacao\/","url":"https:\/\/www.blogsoestado.com\/danielmatos\/projeto-de-osmar-filho-ampliara-dialogo-entre-poder-legislativo-de-sao-luis-e-a-populacao\/","name":"Projeto de Osmar Filho ampliar\u00e1 di\u00e1logo entre Poder Legislativo de S\u00e3o Lu\u00eds e a popula\u00e7\u00e3o - Daniel Matos","isPartOf":{"@id":"https:\/\/www.blogsoestado.com\/danielmatos\/#website"},"primaryImageOfPage":{"@id":"https:\/\/www.blogsoestado.com\/danielmatos\/projeto-de-osmar-filho-ampliara-dialogo-entre-poder-legislativo-de-sao-luis-e-a-populacao\/#primaryimage"},"image":{"@id":"https:\/\/www.blogsoestado.com\/danielmatos\/projeto-de-osmar-filho-ampliara-dialogo-entre-poder-legislativo-de-sao-luis-e-a-populacao\/#primaryimage"},"thumbnailUrl":"https:\/\/www.blogsoestado.com\/danielmatos\/files\/2018\/11\/osmar-preside.jpg","datePublished":"2018-11-16T22:15:55+00:00","author":{"@id":""},"breadcrumb":{"@id":"https:\/\/www.blogsoestado.com\/danielmatos\/projeto-de-osmar-filho-ampliara-dialogo-entre-poder-legislativo-de-sao-luis-e-a-populacao\/#breadcrumb"},"inLanguage":"pt-BR","potentialAction":[{"@type":"ReadAction","target":["https:\/\/www.blogsoestado.com\/danielmatos\/projeto-de-osmar-filho-ampliara-dialogo-entre-poder-legislativo-de-sao-luis-e-a-populacao\/"]}]},{"@type":"ImageObject","inLanguage":"pt-BR","@id":"https:\/\/www.blogsoestado.com\/danielmatos\/projeto-de-osmar-filho-ampliara-dialogo-entre-poder-legislativo-de-sao-luis-e-a-populacao\/#primaryimage","url":"https:\/\/www.blogsoestado.com\/danielmatos\/files\/2018\/11\/osmar-preside.jpg","contentUrl":"https:\/\/www.blogsoestado.com\/danielmatos\/files\/2018\/11\/osmar-preside.jpg"},{"@type":"BreadcrumbList","@id":"https:\/\/www.blogsoestado.com\/danielmatos\/projeto-de-osmar-filho-ampliara-dialogo-entre-poder-legislativo-de-sao-luis-e-a-populacao\/#breadcrumb","itemListElement":[{"@type":"ListItem","position":1,"name":"In\u00edcio","item":"https:\/\/www.blogsoestado.com\/danielmatos\/"},{"@type":"ListItem","position":2,"name":"Projeto de Osmar Filho ampliar\u00e1 di\u00e1logo entre Poder Legislativo de S\u00e3o Lu\u00eds e a popula\u00e7\u00e3o"}]},{"@type":"WebSite","@id":"https:\/\/www.blogsoestado.com\/danielmatos\/#website","url":"https:\/\/www.blogsoestado.com\/danielmatos\/","name":"Daniel Matos","description":"","potentialAction":[{"@type":"SearchAction","target":{"@type":"EntryPoint","urlTemplate":"https:\/\/www.blogsoestado.com\/danielmatos\/?s={search_term_string}"},"query-input":{"@type":"PropertyValueSpecification","valueRequired":true,"valueName":"search_term_string"}}],"inLanguage":"pt-BR"}]}},"jetpack_featured_media_url":"","_links":{"self":[{"href":"https:\/\/www.blogsoestado.com\/danielmatos\/wp-json\/wp\/v2\/posts\/58128","targetHints":{"allow":["GET"]}}],"collection":[{"href":"https:\/\/www.blogsoestado.com\/danielmatos\/wp-json\/wp\/v2\/posts"}],"about":[{"href":"https:\/\/www.blogsoestado.com\/danielmatos\/wp-json\/wp\/v2\/types\/post"}],"replies":[{"embeddable":true,"href":"https:\/\/www.blogsoestado.com\/danielmatos\/wp-json\/wp\/v2\/comments?post=58128"}],"version-history":[{"count":0,"href":"https:\/\/www.blogsoestado.com\/danielmatos\/wp-json\/wp\/v2\/posts\/58128\/revisions"}],"wp:attachment":[{"href":"https:\/\/www.blogsoestado.com\/danielmatos\/wp-json\/wp\/v2\/media?parent=58128"}],"wp:term":[{"taxonomy":"category","embeddable":true,"href":"https:\/\/www.blogsoestado.com\/danielmatos\/wp-json\/wp\/v2\/categories?post=58128"},{"taxonomy":"post_tag","embeddable":true,"href":"https:\/\/www.blogsoestado.com\/danielmatos\/wp-json\/wp\/v2\/tags?post=58128"}],"curies":[{"name":"wp","href":"https:\/\/api.w.org\/{rel}","templated":true}]}}