{"id":58147,"date":"2018-11-18T10:37:02","date_gmt":"2018-11-18T13:37:02","guid":{"rendered":"https:\/\/www.blogsoestado.com\/danielmatos\/?p=58147"},"modified":"2018-11-18T10:37:02","modified_gmt":"2018-11-18T13:37:02","slug":"entidades-firmam-acordo-e-comercio-de-sao-luis-funcionara-no-feriado-da-consciencia-negra","status":"publish","type":"post","link":"https:\/\/www.blogsoestado.com\/danielmatos\/entidades-firmam-acordo-e-comercio-de-sao-luis-funcionara-no-feriado-da-consciencia-negra\/","title":{"rendered":"Entidades firmam acordo e com\u00e9rcio de S\u00e3o Lu\u00eds funcionar\u00e1 no feriado da &#8220;Consci\u00eancia Negra&#8221;"},"content":{"rendered":"<figure id=\"attachment_45541\" aria-describedby=\"caption-attachment-45541\" style=\"width: 640px\" class=\"wp-caption aligncenter\"><a href=\"https:\/\/www.blogsoestado.com\/danielmatos\/2017\/10\/09\/lojas-abrirao-em-horario-especial-e-supermercados-funcionarao-normalmente-no-feriado\/rua-grande-obra\/\" rel=\"attachment wp-att-45541\"><img fetchpriority=\"high\" decoding=\"async\" class=\"size-full wp-image-45541\" src=\"https:\/\/www.blogsoestado.com\/danielmatos\/files\/2017\/10\/rua-grande-obra.jpg\" alt=\"\" width=\"640\" height=\"427\" \/><\/a><figcaption id=\"caption-attachment-45541\" class=\"wp-caption-text\">Com\u00e9rcio.lojista abrir\u00e1 as portas no feriado estadual do Dia da.Consci\u00eancia Negra gra\u00e7as a acordo<\/figcaption><\/figure>\n<p>A Fecom\u00e9rcio-MA e os sindicatos patronais filiados informam que promoveram ajuste especial com o Sindicato dos Empregados no Com\u00e9rcio de S\u00e3o Lu\u00eds no sentido de autorizarem o funcionamento das empresas do com\u00e9rcio na capital em regime de hor\u00e1rio livre, no dia 20 de novembro (ter\u00e7a-feira), feriado estadual do Dia da Consci\u00eancia Negra.<\/p>\n<p>No entanto, o trabalho nesse dia \u00e9 considerado extraordin\u00e1rio e dever\u00e1 ser pago com acr\u00e9scimo de 100% sobre o valor da hora normal trabalhada, al\u00e9m de gratifica\u00e7\u00e3o no valor de R$ 60,00 (sessenta reais) para cada empregado que assim trabalhar nesse dia.<\/p>\n<p>As atividades essenciais, tais como farm\u00e1cias e supermercados, que j\u00e1 possuem autoriza\u00e7\u00e3o para funcionar em dias de feriados mediante pagamento de horas extras, n\u00e3o fazem parte do ajuste e ficam isentas do pagamento da gratifica\u00e7\u00e3o acertada entre as entidades sindicais das empresas comerciais e dos empregados.<\/p>\n","protected":false},"excerpt":{"rendered":"<p>A Fecom\u00e9rcio-MA e os sindicatos patronais filiados informam que promoveram ajuste especial com o Sindicato dos Empregados no Com\u00e9rcio de [&hellip;]<\/p>\n","protected":false},"author":0,"featured_media":0,"comment_status":"open","ping_status":"open","sticky":false,"template":"","format":"standard","meta":{"site-sidebar-layout":"default","site-content-layout":"","ast-site-content-layout":"default","site-content-style":"default","site-sidebar-style":"default","ast-global-header-display":"","ast-banner-title-visibility":"","ast-main-header-display":"","ast-hfb-above-header-display":"","ast-hfb-below-header-display":"","ast-hfb-mobile-header-display":"","site-post-title":"","ast-breadcrumbs-content":"","ast-featured-img":"","footer-sml-layout":"","ast-disable-related-posts":"","theme-transparent-header-meta":"","adv-header-id-meta":"","stick-header-meta":"","header-above-stick-meta":"","header-main-stick-meta":"","header-below-stick-meta":"","astra-migrate-meta-layouts":"default","ast-page-background-enabled":"default","ast-page-background-meta":{"desktop":{"background-color":"var(--ast-global-color-5)","background-image":"","background-repeat":"repeat","background-position":"center center","background-size":"auto","background-attachment":"scroll","background-type":"","background-media":"","overlay-type":"","overlay-color":"","overlay-opacity":"","overlay-gradient":""},"tablet":{"background-color":"","background-image":"","background-repeat":"repeat","background-position":"center center","background-size":"auto","background-attachment":"scroll","background-type":"","background-media":"","overlay-type":"","overlay-color":"","overlay-opacity":"","overlay-gradient":""},"mobile":{"background-color":"","background-image":"","background-repeat":"repeat","background-position":"center center","background-size":"auto","background-attachment":"scroll","background-type":"","background-media":"","overlay-type":"","overlay-color":"","overlay-opacity":"","overlay-gradient":""}},"ast-content-background-meta":{"desktop":{"background-color":"var(--ast-global-color-4)","background-image":"","background-repeat":"repeat","background-position":"center center","background-size":"auto","background-attachment":"scroll","background-type":"","background-media":"","overlay-type":"","overlay-color":"","overlay-opacity":"","overlay-gradient":""},"tablet":{"background-color":"var(--ast-global-color-4)","background-image":"","background-repeat":"repeat","background-position":"center center","background-size":"auto","background-attachment":"scroll","background-type":"","background-media":"","overlay-type":"","overlay-color":"","overlay-opacity":"","overlay-gradient":""},"mobile":{"background-color":"var(--ast-global-color-4)","background-image":"","background-repeat":"repeat","background-position":"center center","background-size":"auto","background-attachment":"scroll","background-type":"","background-media":"","overlay-type":"","overlay-color":"","overlay-opacity":"","overlay-gradient":""}},"footnotes":""},"categories":[1],"tags":[],"class_list":["post-58147","post","type-post","status-publish","format-standard","hentry","category-sem-categoria"],"yoast_head":"<!-- This site is optimized with the Yoast SEO plugin v26.6 - https:\/\/yoast.com\/wordpress\/plugins\/seo\/ -->\n<title>Entidades firmam acordo e com\u00e9rcio de S\u00e3o Lu\u00eds funcionar\u00e1 no feriado da &quot;Consci\u00eancia Negra&quot; - Daniel Matos<\/title>\n<meta name=\"robots\" content=\"index, follow, max-snippet:-1, max-image-preview:large, max-video-preview:-1\" \/>\n<link rel=\"canonical\" href=\"https:\/\/www.blogsoestado.com\/danielmatos\/entidades-firmam-acordo-e-comercio-de-sao-luis-funcionara-no-feriado-da-consciencia-negra\/\" \/>\n<meta property=\"og:locale\" content=\"pt_BR\" \/>\n<meta property=\"og:type\" content=\"article\" \/>\n<meta property=\"og:title\" content=\"Entidades firmam acordo e com\u00e9rcio de S\u00e3o Lu\u00eds funcionar\u00e1 no feriado da &quot;Consci\u00eancia Negra&quot; - Daniel Matos\" \/>\n<meta property=\"og:description\" content=\"A Fecom\u00e9rcio-MA e os sindicatos patronais filiados informam que promoveram ajuste especial com o Sindicato dos Empregados no Com\u00e9rcio de [&hellip;]\" \/>\n<meta property=\"og:url\" content=\"https:\/\/www.blogsoestado.com\/danielmatos\/entidades-firmam-acordo-e-comercio-de-sao-luis-funcionara-no-feriado-da-consciencia-negra\/\" \/>\n<meta property=\"og:site_name\" content=\"Daniel Matos\" \/>\n<meta property=\"article:published_time\" content=\"2018-11-18T13:37:02+00:00\" \/>\n<meta property=\"og:image\" content=\"https:\/\/www.blogsoestado.com\/danielmatos\/files\/2017\/10\/rua-grande-obra.jpg\" \/>\n<meta name=\"twitter:card\" content=\"summary_large_image\" \/>\n<meta name=\"twitter:label1\" content=\"Est. tempo de leitura\" \/>\n\t<meta name=\"twitter:data1\" content=\"1 minuto\" \/>\n<script type=\"application\/ld+json\" class=\"yoast-schema-graph\">{\"@context\":\"https:\/\/schema.org\",\"@graph\":[{\"@type\":\"WebPage\",\"@id\":\"https:\/\/www.blogsoestado.com\/danielmatos\/entidades-firmam-acordo-e-comercio-de-sao-luis-funcionara-no-feriado-da-consciencia-negra\/\",\"url\":\"https:\/\/www.blogsoestado.com\/danielmatos\/entidades-firmam-acordo-e-comercio-de-sao-luis-funcionara-no-feriado-da-consciencia-negra\/\",\"name\":\"Entidades firmam acordo e com\u00e9rcio de S\u00e3o Lu\u00eds funcionar\u00e1 no feriado da \\\"Consci\u00eancia Negra\\\" - Daniel Matos\",\"isPartOf\":{\"@id\":\"https:\/\/www.blogsoestado.com\/danielmatos\/#website\"},\"primaryImageOfPage\":{\"@id\":\"https:\/\/www.blogsoestado.com\/danielmatos\/entidades-firmam-acordo-e-comercio-de-sao-luis-funcionara-no-feriado-da-consciencia-negra\/#primaryimage\"},\"image\":{\"@id\":\"https:\/\/www.blogsoestado.com\/danielmatos\/entidades-firmam-acordo-e-comercio-de-sao-luis-funcionara-no-feriado-da-consciencia-negra\/#primaryimage\"},\"thumbnailUrl\":\"https:\/\/www.blogsoestado.com\/danielmatos\/files\/2017\/10\/rua-grande-obra.jpg\",\"datePublished\":\"2018-11-18T13:37:02+00:00\",\"author\":{\"@id\":\"\"},\"breadcrumb\":{\"@id\":\"https:\/\/www.blogsoestado.com\/danielmatos\/entidades-firmam-acordo-e-comercio-de-sao-luis-funcionara-no-feriado-da-consciencia-negra\/#breadcrumb\"},\"inLanguage\":\"pt-BR\",\"potentialAction\":[{\"@type\":\"ReadAction\",\"target\":[\"https:\/\/www.blogsoestado.com\/danielmatos\/entidades-firmam-acordo-e-comercio-de-sao-luis-funcionara-no-feriado-da-consciencia-negra\/\"]}]},{\"@type\":\"ImageObject\",\"inLanguage\":\"pt-BR\",\"@id\":\"https:\/\/www.blogsoestado.com\/danielmatos\/entidades-firmam-acordo-e-comercio-de-sao-luis-funcionara-no-feriado-da-consciencia-negra\/#primaryimage\",\"url\":\"https:\/\/www.blogsoestado.com\/danielmatos\/files\/2017\/10\/rua-grande-obra.jpg\",\"contentUrl\":\"https:\/\/www.blogsoestado.com\/danielmatos\/files\/2017\/10\/rua-grande-obra.jpg\"},{\"@type\":\"BreadcrumbList\",\"@id\":\"https:\/\/www.blogsoestado.com\/danielmatos\/entidades-firmam-acordo-e-comercio-de-sao-luis-funcionara-no-feriado-da-consciencia-negra\/#breadcrumb\",\"itemListElement\":[{\"@type\":\"ListItem\",\"position\":1,\"name\":\"In\u00edcio\",\"item\":\"https:\/\/www.blogsoestado.com\/danielmatos\/\"},{\"@type\":\"ListItem\",\"position\":2,\"name\":\"Entidades firmam acordo e com\u00e9rcio de S\u00e3o Lu\u00eds funcionar\u00e1 no feriado da &#8220;Consci\u00eancia Negra&#8221;\"}]},{\"@type\":\"WebSite\",\"@id\":\"https:\/\/www.blogsoestado.com\/danielmatos\/#website\",\"url\":\"https:\/\/www.blogsoestado.com\/danielmatos\/\",\"name\":\"Daniel Matos\",\"description\":\"\",\"potentialAction\":[{\"@type\":\"SearchAction\",\"target\":{\"@type\":\"EntryPoint\",\"urlTemplate\":\"https:\/\/www.blogsoestado.com\/danielmatos\/?s={search_term_string}\"},\"query-input\":{\"@type\":\"PropertyValueSpecification\",\"valueRequired\":true,\"valueName\":\"search_term_string\"}}],\"inLanguage\":\"pt-BR\"}]}<\/script>\n<!-- \/ Yoast SEO plugin. -->","yoast_head_json":{"title":"Entidades firmam acordo e com\u00e9rcio de S\u00e3o Lu\u00eds funcionar\u00e1 no feriado da \"Consci\u00eancia Negra\" - Daniel Matos","robots":{"index":"index","follow":"follow","max-snippet":"max-snippet:-1","max-image-preview":"max-image-preview:large","max-video-preview":"max-video-preview:-1"},"canonical":"https:\/\/www.blogsoestado.com\/danielmatos\/entidades-firmam-acordo-e-comercio-de-sao-luis-funcionara-no-feriado-da-consciencia-negra\/","og_locale":"pt_BR","og_type":"article","og_title":"Entidades firmam acordo e com\u00e9rcio de S\u00e3o Lu\u00eds funcionar\u00e1 no feriado da \"Consci\u00eancia Negra\" - Daniel Matos","og_description":"A Fecom\u00e9rcio-MA e os sindicatos patronais filiados informam que promoveram ajuste especial com o Sindicato dos Empregados no Com\u00e9rcio de [&hellip;]","og_url":"https:\/\/www.blogsoestado.com\/danielmatos\/entidades-firmam-acordo-e-comercio-de-sao-luis-funcionara-no-feriado-da-consciencia-negra\/","og_site_name":"Daniel Matos","article_published_time":"2018-11-18T13:37:02+00:00","og_image":[{"url":"https:\/\/www.blogsoestado.com\/danielmatos\/files\/2017\/10\/rua-grande-obra.jpg","type":"","width":"","height":""}],"twitter_card":"summary_large_image","twitter_misc":{"Est. tempo de leitura":"1 minuto"},"schema":{"@context":"https:\/\/schema.org","@graph":[{"@type":"WebPage","@id":"https:\/\/www.blogsoestado.com\/danielmatos\/entidades-firmam-acordo-e-comercio-de-sao-luis-funcionara-no-feriado-da-consciencia-negra\/","url":"https:\/\/www.blogsoestado.com\/danielmatos\/entidades-firmam-acordo-e-comercio-de-sao-luis-funcionara-no-feriado-da-consciencia-negra\/","name":"Entidades firmam acordo e com\u00e9rcio de S\u00e3o Lu\u00eds funcionar\u00e1 no feriado da \"Consci\u00eancia Negra\" - Daniel Matos","isPartOf":{"@id":"https:\/\/www.blogsoestado.com\/danielmatos\/#website"},"primaryImageOfPage":{"@id":"https:\/\/www.blogsoestado.com\/danielmatos\/entidades-firmam-acordo-e-comercio-de-sao-luis-funcionara-no-feriado-da-consciencia-negra\/#primaryimage"},"image":{"@id":"https:\/\/www.blogsoestado.com\/danielmatos\/entidades-firmam-acordo-e-comercio-de-sao-luis-funcionara-no-feriado-da-consciencia-negra\/#primaryimage"},"thumbnailUrl":"https:\/\/www.blogsoestado.com\/danielmatos\/files\/2017\/10\/rua-grande-obra.jpg","datePublished":"2018-11-18T13:37:02+00:00","author":{"@id":""},"breadcrumb":{"@id":"https:\/\/www.blogsoestado.com\/danielmatos\/entidades-firmam-acordo-e-comercio-de-sao-luis-funcionara-no-feriado-da-consciencia-negra\/#breadcrumb"},"inLanguage":"pt-BR","potentialAction":[{"@type":"ReadAction","target":["https:\/\/www.blogsoestado.com\/danielmatos\/entidades-firmam-acordo-e-comercio-de-sao-luis-funcionara-no-feriado-da-consciencia-negra\/"]}]},{"@type":"ImageObject","inLanguage":"pt-BR","@id":"https:\/\/www.blogsoestado.com\/danielmatos\/entidades-firmam-acordo-e-comercio-de-sao-luis-funcionara-no-feriado-da-consciencia-negra\/#primaryimage","url":"https:\/\/www.blogsoestado.com\/danielmatos\/files\/2017\/10\/rua-grande-obra.jpg","contentUrl":"https:\/\/www.blogsoestado.com\/danielmatos\/files\/2017\/10\/rua-grande-obra.jpg"},{"@type":"BreadcrumbList","@id":"https:\/\/www.blogsoestado.com\/danielmatos\/entidades-firmam-acordo-e-comercio-de-sao-luis-funcionara-no-feriado-da-consciencia-negra\/#breadcrumb","itemListElement":[{"@type":"ListItem","position":1,"name":"In\u00edcio","item":"https:\/\/www.blogsoestado.com\/danielmatos\/"},{"@type":"ListItem","position":2,"name":"Entidades firmam acordo e com\u00e9rcio de S\u00e3o Lu\u00eds funcionar\u00e1 no feriado da &#8220;Consci\u00eancia Negra&#8221;"}]},{"@type":"WebSite","@id":"https:\/\/www.blogsoestado.com\/danielmatos\/#website","url":"https:\/\/www.blogsoestado.com\/danielmatos\/","name":"Daniel Matos","description":"","potentialAction":[{"@type":"SearchAction","target":{"@type":"EntryPoint","urlTemplate":"https:\/\/www.blogsoestado.com\/danielmatos\/?s={search_term_string}"},"query-input":{"@type":"PropertyValueSpecification","valueRequired":true,"valueName":"search_term_string"}}],"inLanguage":"pt-BR"}]}},"jetpack_featured_media_url":"","_links":{"self":[{"href":"https:\/\/www.blogsoestado.com\/danielmatos\/wp-json\/wp\/v2\/posts\/58147","targetHints":{"allow":["GET"]}}],"collection":[{"href":"https:\/\/www.blogsoestado.com\/danielmatos\/wp-json\/wp\/v2\/posts"}],"about":[{"href":"https:\/\/www.blogsoestado.com\/danielmatos\/wp-json\/wp\/v2\/types\/post"}],"replies":[{"embeddable":true,"href":"https:\/\/www.blogsoestado.com\/danielmatos\/wp-json\/wp\/v2\/comments?post=58147"}],"version-history":[{"count":0,"href":"https:\/\/www.blogsoestado.com\/danielmatos\/wp-json\/wp\/v2\/posts\/58147\/revisions"}],"wp:attachment":[{"href":"https:\/\/www.blogsoestado.com\/danielmatos\/wp-json\/wp\/v2\/media?parent=58147"}],"wp:term":[{"taxonomy":"category","embeddable":true,"href":"https:\/\/www.blogsoestado.com\/danielmatos\/wp-json\/wp\/v2\/categories?post=58147"},{"taxonomy":"post_tag","embeddable":true,"href":"https:\/\/www.blogsoestado.com\/danielmatos\/wp-json\/wp\/v2\/tags?post=58147"}],"curies":[{"name":"wp","href":"https:\/\/api.w.org\/{rel}","templated":true}]}}