{"id":58157,"date":"2018-11-19T07:06:58","date_gmt":"2018-11-19T10:06:58","guid":{"rendered":"https:\/\/www.blogsoestado.com\/danielmatos\/?p=58157"},"modified":"2018-11-19T07:06:58","modified_gmt":"2018-11-19T10:06:58","slug":"osmar-filho-exalta-trabalho-dos-conselheiros-tutelares-de-sao-luis","status":"publish","type":"post","link":"https:\/\/www.blogsoestado.com\/danielmatos\/osmar-filho-exalta-trabalho-dos-conselheiros-tutelares-de-sao-luis\/","title":{"rendered":"Osmar Filho exalta trabalho dos conselheiros tutelares de S\u00e3o Lu\u00eds"},"content":{"rendered":"<h2 dir=\"auto\"><span style=\"color: #ff0000;\"><i>Em sua conta no instaram, o edil pontuou a import\u00e2ncia da fun\u00e7\u00e3o desses profissionais<\/i><\/span><\/h2>\n<div dir=\"auto\">\n<figure id=\"attachment_58158\" aria-describedby=\"caption-attachment-58158\" style=\"width: 650px\" class=\"wp-caption aligncenter\"><a href=\"https:\/\/www.blogsoestado.com\/danielmatos\/2018\/11\/19\/osmar-filho-exalta-trabalho-dos-conselheiros-tutelares-de-sao-luis\/img-20180519-wa0056\/\" rel=\"attachment wp-att-58158\"><img fetchpriority=\"high\" decoding=\"async\" class=\"wp-image-58158\" src=\"https:\/\/www.blogsoestado.com\/danielmatos\/files\/2018\/11\/IMG-20180519-WA0056.jpg\" alt=\"\" width=\"650\" height=\"433\" \/><\/a><figcaption id=\"caption-attachment-58158\" class=\"wp-caption-text\">Vereador Osmar Filho participou de ato em comemora\u00e7\u00e3o ao Dia do Conselheiro Tutelar<\/figcaption><\/figure>\n<\/div>\n<div dir=\"auto\">\n<p>O dia 18 de novembro \u00e9 celebrado em todo Brasil em prol dos Conselheiros Tutelares. A fun\u00e7\u00e3o foi criada em Julho de 1990, juntamente com o ECA (Estatuto da Crian\u00e7a e do Adolescente). O compromisso desse profissional \u00e9 lutar pelos direitos da juventude da sua comunidade.<\/p>\n<p>Com o objetivo de homenagear esses profissionais, o futuro presidente da C\u00e2mara Municipal de S\u00e3o Lu\u00eds, o vereador Osmar Filho (PDT), postou em sua rede social o apre\u00e7o e reconhecimento pelos conselheiros da cidade.<\/p>\n<p>&#8220;Registro minha admira\u00e7\u00e3o e reconhecimento a todos&#8221;, enfatizou ele.<\/p>\n<p><strong>Vereador que apoia a causa<\/strong><\/p>\n<p>O parlamentar possui trabalhos paralelos em conjunto com os conselheiros e apoia a defesa e preserva\u00e7\u00e3o das crian\u00e7as e dos adolescentes.<\/p>\n<p>\u00daltimo movimento que teve a participa\u00e7\u00e3o do vereador, foi a I Caminhada em defesa desse p\u00fablico realizado no bairro do Cohatrac\/Cohab no m\u00eas de maio deste ano, atrav\u00e9s do conselho da comunidade.<\/p>\n<p>Para Osmar, \u00e9 necess\u00e1rio o parlamento planejar projetos e sanar dificuldades desse setor em busca da garantia de direitos de cidadania dos infanto-juvenil.<\/p>\n<p>&#8220;Exaltar a relev\u00e2ncia que esses profissionais realizam no dia a dia \u00e9 fundamental, pois \u00e9 atrav\u00e9s deles que conhecemos a realidade social da comunidade, e trabalhamos pela plena garantia dos direitos da nossa futura gera\u00e7\u00e3o. Um trabalho louv\u00e1vel e admir\u00e1vel. O parlamento estar\u00e1 de portas abertas para pensar essa pauta dentro do plen\u00e1rio, na constante busca de pol\u00edticas p\u00fablicas para esse setor social,&#8221; destacou ele.<\/p>\n<\/div>\n","protected":false},"excerpt":{"rendered":"<p>Em sua conta no instaram, o edil pontuou a import\u00e2ncia da fun\u00e7\u00e3o desses profissionais O dia 18 de novembro \u00e9 [&hellip;]<\/p>\n","protected":false},"author":0,"featured_media":0,"comment_status":"open","ping_status":"open","sticky":false,"template":"","format":"standard","meta":{"site-sidebar-layout":"default","site-content-layout":"","ast-site-content-layout":"default","site-content-style":"default","site-sidebar-style":"default","ast-global-header-display":"","ast-banner-title-visibility":"","ast-main-header-display":"","ast-hfb-above-header-display":"","ast-hfb-below-header-display":"","ast-hfb-mobile-header-display":"","site-post-title":"","ast-breadcrumbs-content":"","ast-featured-img":"","footer-sml-layout":"","ast-disable-related-posts":"","theme-transparent-header-meta":"","adv-header-id-meta":"","stick-header-meta":"","header-above-stick-meta":"","header-main-stick-meta":"","header-below-stick-meta":"","astra-migrate-meta-layouts":"default","ast-page-background-enabled":"default","ast-page-background-meta":{"desktop":{"background-color":"var(--ast-global-color-5)","background-image":"","background-repeat":"repeat","background-position":"center center","background-size":"auto","background-attachment":"scroll","background-type":"","background-media":"","overlay-type":"","overlay-color":"","overlay-opacity":"","overlay-gradient":""},"tablet":{"background-color":"","background-image":"","background-repeat":"repeat","background-position":"center center","background-size":"auto","background-attachment":"scroll","background-type":"","background-media":"","overlay-type":"","overlay-color":"","overlay-opacity":"","overlay-gradient":""},"mobile":{"background-color":"","background-image":"","background-repeat":"repeat","background-position":"center center","background-size":"auto","background-attachment":"scroll","background-type":"","background-media":"","overlay-type":"","overlay-color":"","overlay-opacity":"","overlay-gradient":""}},"ast-content-background-meta":{"desktop":{"background-color":"var(--ast-global-color-4)","background-image":"","background-repeat":"repeat","background-position":"center center","background-size":"auto","background-attachment":"scroll","background-type":"","background-media":"","overlay-type":"","overlay-color":"","overlay-opacity":"","overlay-gradient":""},"tablet":{"background-color":"var(--ast-global-color-4)","background-image":"","background-repeat":"repeat","background-position":"center center","background-size":"auto","background-attachment":"scroll","background-type":"","background-media":"","overlay-type":"","overlay-color":"","overlay-opacity":"","overlay-gradient":""},"mobile":{"background-color":"var(--ast-global-color-4)","background-image":"","background-repeat":"repeat","background-position":"center center","background-size":"auto","background-attachment":"scroll","background-type":"","background-media":"","overlay-type":"","overlay-color":"","overlay-opacity":"","overlay-gradient":""}},"footnotes":""},"categories":[1],"tags":[],"class_list":["post-58157","post","type-post","status-publish","format-standard","hentry","category-sem-categoria"],"yoast_head":"<!-- This site is optimized with the Yoast SEO plugin v26.6 - https:\/\/yoast.com\/wordpress\/plugins\/seo\/ -->\n<title>Osmar Filho exalta trabalho dos conselheiros tutelares de S\u00e3o Lu\u00eds - Daniel Matos<\/title>\n<meta name=\"robots\" content=\"index, follow, max-snippet:-1, max-image-preview:large, max-video-preview:-1\" \/>\n<link rel=\"canonical\" href=\"https:\/\/www.blogsoestado.com\/danielmatos\/osmar-filho-exalta-trabalho-dos-conselheiros-tutelares-de-sao-luis\/\" \/>\n<meta property=\"og:locale\" content=\"pt_BR\" \/>\n<meta property=\"og:type\" content=\"article\" \/>\n<meta property=\"og:title\" content=\"Osmar Filho exalta trabalho dos conselheiros tutelares de S\u00e3o Lu\u00eds - Daniel Matos\" \/>\n<meta property=\"og:description\" content=\"Em sua conta no instaram, o edil pontuou a import\u00e2ncia da fun\u00e7\u00e3o desses profissionais O dia 18 de novembro \u00e9 [&hellip;]\" \/>\n<meta property=\"og:url\" content=\"https:\/\/www.blogsoestado.com\/danielmatos\/osmar-filho-exalta-trabalho-dos-conselheiros-tutelares-de-sao-luis\/\" \/>\n<meta property=\"og:site_name\" content=\"Daniel Matos\" \/>\n<meta property=\"article:published_time\" content=\"2018-11-19T10:06:58+00:00\" \/>\n<meta property=\"og:image\" content=\"https:\/\/www.blogsoestado.com\/danielmatos\/files\/2018\/11\/IMG-20180519-WA0056.jpg\" \/>\n<meta name=\"twitter:card\" content=\"summary_large_image\" \/>\n<meta name=\"twitter:label1\" content=\"Est. tempo de leitura\" \/>\n\t<meta name=\"twitter:data1\" content=\"1 minuto\" \/>\n<script type=\"application\/ld+json\" class=\"yoast-schema-graph\">{\"@context\":\"https:\/\/schema.org\",\"@graph\":[{\"@type\":\"WebPage\",\"@id\":\"https:\/\/www.blogsoestado.com\/danielmatos\/osmar-filho-exalta-trabalho-dos-conselheiros-tutelares-de-sao-luis\/\",\"url\":\"https:\/\/www.blogsoestado.com\/danielmatos\/osmar-filho-exalta-trabalho-dos-conselheiros-tutelares-de-sao-luis\/\",\"name\":\"Osmar Filho exalta trabalho dos conselheiros tutelares de S\u00e3o Lu\u00eds - Daniel Matos\",\"isPartOf\":{\"@id\":\"https:\/\/www.blogsoestado.com\/danielmatos\/#website\"},\"primaryImageOfPage\":{\"@id\":\"https:\/\/www.blogsoestado.com\/danielmatos\/osmar-filho-exalta-trabalho-dos-conselheiros-tutelares-de-sao-luis\/#primaryimage\"},\"image\":{\"@id\":\"https:\/\/www.blogsoestado.com\/danielmatos\/osmar-filho-exalta-trabalho-dos-conselheiros-tutelares-de-sao-luis\/#primaryimage\"},\"thumbnailUrl\":\"https:\/\/www.blogsoestado.com\/danielmatos\/files\/2018\/11\/IMG-20180519-WA0056.jpg\",\"datePublished\":\"2018-11-19T10:06:58+00:00\",\"author\":{\"@id\":\"\"},\"breadcrumb\":{\"@id\":\"https:\/\/www.blogsoestado.com\/danielmatos\/osmar-filho-exalta-trabalho-dos-conselheiros-tutelares-de-sao-luis\/#breadcrumb\"},\"inLanguage\":\"pt-BR\",\"potentialAction\":[{\"@type\":\"ReadAction\",\"target\":[\"https:\/\/www.blogsoestado.com\/danielmatos\/osmar-filho-exalta-trabalho-dos-conselheiros-tutelares-de-sao-luis\/\"]}]},{\"@type\":\"ImageObject\",\"inLanguage\":\"pt-BR\",\"@id\":\"https:\/\/www.blogsoestado.com\/danielmatos\/osmar-filho-exalta-trabalho-dos-conselheiros-tutelares-de-sao-luis\/#primaryimage\",\"url\":\"https:\/\/www.blogsoestado.com\/danielmatos\/files\/2018\/11\/IMG-20180519-WA0056.jpg\",\"contentUrl\":\"https:\/\/www.blogsoestado.com\/danielmatos\/files\/2018\/11\/IMG-20180519-WA0056.jpg\"},{\"@type\":\"BreadcrumbList\",\"@id\":\"https:\/\/www.blogsoestado.com\/danielmatos\/osmar-filho-exalta-trabalho-dos-conselheiros-tutelares-de-sao-luis\/#breadcrumb\",\"itemListElement\":[{\"@type\":\"ListItem\",\"position\":1,\"name\":\"In\u00edcio\",\"item\":\"https:\/\/www.blogsoestado.com\/danielmatos\/\"},{\"@type\":\"ListItem\",\"position\":2,\"name\":\"Osmar Filho exalta trabalho dos conselheiros tutelares de S\u00e3o Lu\u00eds\"}]},{\"@type\":\"WebSite\",\"@id\":\"https:\/\/www.blogsoestado.com\/danielmatos\/#website\",\"url\":\"https:\/\/www.blogsoestado.com\/danielmatos\/\",\"name\":\"Daniel Matos\",\"description\":\"\",\"potentialAction\":[{\"@type\":\"SearchAction\",\"target\":{\"@type\":\"EntryPoint\",\"urlTemplate\":\"https:\/\/www.blogsoestado.com\/danielmatos\/?s={search_term_string}\"},\"query-input\":{\"@type\":\"PropertyValueSpecification\",\"valueRequired\":true,\"valueName\":\"search_term_string\"}}],\"inLanguage\":\"pt-BR\"}]}<\/script>\n<!-- \/ Yoast SEO plugin. -->","yoast_head_json":{"title":"Osmar Filho exalta trabalho dos conselheiros tutelares de S\u00e3o Lu\u00eds - Daniel Matos","robots":{"index":"index","follow":"follow","max-snippet":"max-snippet:-1","max-image-preview":"max-image-preview:large","max-video-preview":"max-video-preview:-1"},"canonical":"https:\/\/www.blogsoestado.com\/danielmatos\/osmar-filho-exalta-trabalho-dos-conselheiros-tutelares-de-sao-luis\/","og_locale":"pt_BR","og_type":"article","og_title":"Osmar Filho exalta trabalho dos conselheiros tutelares de S\u00e3o Lu\u00eds - Daniel Matos","og_description":"Em sua conta no instaram, o edil pontuou a import\u00e2ncia da fun\u00e7\u00e3o desses profissionais O dia 18 de novembro \u00e9 [&hellip;]","og_url":"https:\/\/www.blogsoestado.com\/danielmatos\/osmar-filho-exalta-trabalho-dos-conselheiros-tutelares-de-sao-luis\/","og_site_name":"Daniel Matos","article_published_time":"2018-11-19T10:06:58+00:00","og_image":[{"url":"https:\/\/www.blogsoestado.com\/danielmatos\/files\/2018\/11\/IMG-20180519-WA0056.jpg","type":"","width":"","height":""}],"twitter_card":"summary_large_image","twitter_misc":{"Est. tempo de leitura":"1 minuto"},"schema":{"@context":"https:\/\/schema.org","@graph":[{"@type":"WebPage","@id":"https:\/\/www.blogsoestado.com\/danielmatos\/osmar-filho-exalta-trabalho-dos-conselheiros-tutelares-de-sao-luis\/","url":"https:\/\/www.blogsoestado.com\/danielmatos\/osmar-filho-exalta-trabalho-dos-conselheiros-tutelares-de-sao-luis\/","name":"Osmar Filho exalta trabalho dos conselheiros tutelares de S\u00e3o Lu\u00eds - Daniel Matos","isPartOf":{"@id":"https:\/\/www.blogsoestado.com\/danielmatos\/#website"},"primaryImageOfPage":{"@id":"https:\/\/www.blogsoestado.com\/danielmatos\/osmar-filho-exalta-trabalho-dos-conselheiros-tutelares-de-sao-luis\/#primaryimage"},"image":{"@id":"https:\/\/www.blogsoestado.com\/danielmatos\/osmar-filho-exalta-trabalho-dos-conselheiros-tutelares-de-sao-luis\/#primaryimage"},"thumbnailUrl":"https:\/\/www.blogsoestado.com\/danielmatos\/files\/2018\/11\/IMG-20180519-WA0056.jpg","datePublished":"2018-11-19T10:06:58+00:00","author":{"@id":""},"breadcrumb":{"@id":"https:\/\/www.blogsoestado.com\/danielmatos\/osmar-filho-exalta-trabalho-dos-conselheiros-tutelares-de-sao-luis\/#breadcrumb"},"inLanguage":"pt-BR","potentialAction":[{"@type":"ReadAction","target":["https:\/\/www.blogsoestado.com\/danielmatos\/osmar-filho-exalta-trabalho-dos-conselheiros-tutelares-de-sao-luis\/"]}]},{"@type":"ImageObject","inLanguage":"pt-BR","@id":"https:\/\/www.blogsoestado.com\/danielmatos\/osmar-filho-exalta-trabalho-dos-conselheiros-tutelares-de-sao-luis\/#primaryimage","url":"https:\/\/www.blogsoestado.com\/danielmatos\/files\/2018\/11\/IMG-20180519-WA0056.jpg","contentUrl":"https:\/\/www.blogsoestado.com\/danielmatos\/files\/2018\/11\/IMG-20180519-WA0056.jpg"},{"@type":"BreadcrumbList","@id":"https:\/\/www.blogsoestado.com\/danielmatos\/osmar-filho-exalta-trabalho-dos-conselheiros-tutelares-de-sao-luis\/#breadcrumb","itemListElement":[{"@type":"ListItem","position":1,"name":"In\u00edcio","item":"https:\/\/www.blogsoestado.com\/danielmatos\/"},{"@type":"ListItem","position":2,"name":"Osmar Filho exalta trabalho dos conselheiros tutelares de S\u00e3o Lu\u00eds"}]},{"@type":"WebSite","@id":"https:\/\/www.blogsoestado.com\/danielmatos\/#website","url":"https:\/\/www.blogsoestado.com\/danielmatos\/","name":"Daniel Matos","description":"","potentialAction":[{"@type":"SearchAction","target":{"@type":"EntryPoint","urlTemplate":"https:\/\/www.blogsoestado.com\/danielmatos\/?s={search_term_string}"},"query-input":{"@type":"PropertyValueSpecification","valueRequired":true,"valueName":"search_term_string"}}],"inLanguage":"pt-BR"}]}},"jetpack_featured_media_url":"","_links":{"self":[{"href":"https:\/\/www.blogsoestado.com\/danielmatos\/wp-json\/wp\/v2\/posts\/58157","targetHints":{"allow":["GET"]}}],"collection":[{"href":"https:\/\/www.blogsoestado.com\/danielmatos\/wp-json\/wp\/v2\/posts"}],"about":[{"href":"https:\/\/www.blogsoestado.com\/danielmatos\/wp-json\/wp\/v2\/types\/post"}],"replies":[{"embeddable":true,"href":"https:\/\/www.blogsoestado.com\/danielmatos\/wp-json\/wp\/v2\/comments?post=58157"}],"version-history":[{"count":0,"href":"https:\/\/www.blogsoestado.com\/danielmatos\/wp-json\/wp\/v2\/posts\/58157\/revisions"}],"wp:attachment":[{"href":"https:\/\/www.blogsoestado.com\/danielmatos\/wp-json\/wp\/v2\/media?parent=58157"}],"wp:term":[{"taxonomy":"category","embeddable":true,"href":"https:\/\/www.blogsoestado.com\/danielmatos\/wp-json\/wp\/v2\/categories?post=58157"},{"taxonomy":"post_tag","embeddable":true,"href":"https:\/\/www.blogsoestado.com\/danielmatos\/wp-json\/wp\/v2\/tags?post=58157"}],"curies":[{"name":"wp","href":"https:\/\/api.w.org\/{rel}","templated":true}]}}