{"id":58161,"date":"2018-11-19T11:35:07","date_gmt":"2018-11-19T14:35:07","guid":{"rendered":"https:\/\/www.blogsoestado.com\/danielmatos\/?p=58161"},"modified":"2018-11-19T11:35:07","modified_gmt":"2018-11-19T14:35:07","slug":"camara-municipal-de-primeira-cruz-afasta-prefeito-aliado-de-flavio-dino-por-ma-aplicacao-de-recursos-federais","status":"publish","type":"post","link":"https:\/\/www.blogsoestado.com\/danielmatos\/camara-municipal-de-primeira-cruz-afasta-prefeito-aliado-de-flavio-dino-por-ma-aplicacao-de-recursos-federais\/","title":{"rendered":"C\u00e2mara Municipal de Primeira Cruz afasta prefeito aliado de Fl\u00e1vio Dino por m\u00e1 aplica\u00e7\u00e3o de recursos federais"},"content":{"rendered":"<h2 dir=\"auto\"><span style=\"color: #ff0000;\">O vice-prefeito j\u00e1 foi empossado, enquanto o gestor afastado recorre fora do cargo<\/span><\/h2>\n<figure id=\"attachment_58162\" aria-describedby=\"caption-attachment-58162\" style=\"width: 300px\" class=\"wp-caption alignright\"><a href=\"https:\/\/www.blogsoestado.com\/danielmatos\/2018\/11\/19\/camara-municipal-de-primeira-cruz-afasta-prefeito-aliado-de-flavio-dino-por-ma-aplicacao-de-recursos-federais\/img-20181119-wa0072\/\" rel=\"attachment wp-att-58162\"><img fetchpriority=\"high\" decoding=\"async\" class=\"wp-image-58162 size-medium\" src=\"https:\/\/www.blogsoestado.com\/danielmatos\/files\/2018\/11\/IMG-20181119-WA0072-300x300.jpg\" alt=\"\" width=\"300\" height=\"300\" \/><\/a><figcaption id=\"caption-attachment-58162\" class=\"wp-caption-text\">O prefeito George Luiz foi afastado sumariamente, acusado de inchar a folha de pagamento do Munic\u00edpio<\/figcaption><\/figure>\n<p>A\u00a0C\u00e2mara Municipal de Primeira Cruz a 196 km de S\u00e3o Lu\u00eds, afastou George Luiz (PRB) do cargo de prefeito municipal por unanimidade. O gestor, aliado do governador Fl\u00e1vio Dino (PCdoB) e apoiador do Chefe da Casa Civil do Estado do Maranh\u00e3o e deputado estadual eleito, Marcelo Tavares, \u00e9 acusado de irregularidades na aplica\u00e7\u00e3o de recursos federais. Tr\u00eas vereadores se ausentaram da sess\u00e3o que cautelarmente afastou o prefeito.<\/p>\n<p>Dissidente do grupo que lhe elegeu prefeito, \u00e9 conhecido na Regi\u00e3o do Munim por sua profunda ingratid\u00e3o a quem lhe apadrinhou politicamente em 2016. Na pol\u00edtica de 2018, segundo informa\u00e7\u00f5es que recebemos, o prefeito usou da m\u00e1quina p\u00fablica para contratar servidores como medida eleitoreira, para dar votos ao governador eleito e seu deputado estadual Marcelo Tavares, onerando a folha de pagamento, que chegou a cerca de 700 cargos comissionados.<\/p>\n<p>As acusa\u00e7\u00f5es s\u00e3o de irregularidades na aplica\u00e7\u00e3o de recurso federais, incluindo o Fundo de Manuten\u00e7\u00e3o e Desenvolvimento da Educa\u00e7\u00e3o B\u00e1sica (FUNDEB), e suspeita de crime de responsabilidade. Segundo den\u00fancias, a administra\u00e7\u00e3o municipal de Primeira Cruz cont\u00e9m mais cargos comissionados do que efetivos, contrariando os dispositivos constitucionais e a pr\u00f3pria Lei de Responsabilidade Fiscal.<\/p>\n<figure id=\"attachment_58163\" aria-describedby=\"caption-attachment-58163\" style=\"width: 600px\" class=\"wp-caption aligncenter\"><a href=\"https:\/\/www.blogsoestado.com\/danielmatos\/2018\/11\/19\/camara-municipal-de-primeira-cruz-afasta-prefeito-aliado-de-flavio-dino-por-ma-aplicacao-de-recursos-federais\/img-20181119-wa0070\/\" rel=\"attachment wp-att-58163\"><img decoding=\"async\" class=\"wp-image-58163\" src=\"https:\/\/www.blogsoestado.com\/danielmatos\/files\/2018\/11\/IMG-20181119-WA0070.jpg\" alt=\"\" width=\"600\" height=\"450\" \/><\/a><figcaption id=\"caption-attachment-58163\" class=\"wp-caption-text\">Geroge Luiz em ato.politico, na \u00faltima campanha, com o aliado Marcelo Tavares, eleito deputado estadual<\/figcaption><\/figure>\n<p>A sess\u00e3o ordin\u00e1ria aconteceu nesta sexta-feira (16\/11\/18). O afastamento \u00e9 de forma cautelar e tem dura\u00e7\u00e3o de 90 dias, prazo este para que sejam conclu\u00eddas\u00a0as investiga\u00e7\u00f5es sobre as irregularidades apresentadas.<\/p>\n<figure id=\"attachment_58164\" aria-describedby=\"caption-attachment-58164\" style=\"width: 650px\" class=\"wp-caption aligncenter\"><a href=\"https:\/\/www.blogsoestado.com\/danielmatos\/2018\/11\/19\/camara-municipal-de-primeira-cruz-afasta-prefeito-aliado-de-flavio-dino-por-ma-aplicacao-de-recursos-federais\/img-20181119-wa0071\/\" rel=\"attachment wp-att-58164\"><img decoding=\"async\" class=\"wp-image-58164\" src=\"https:\/\/www.blogsoestado.com\/danielmatos\/files\/2018\/11\/IMG-20181119-WA0071.jpg\" alt=\"\" width=\"650\" height=\"867\" \/><\/a><figcaption id=\"caption-attachment-58164\" class=\"wp-caption-text\">Documento com a den\u00fancia que levou ao afastamento imediato do prefeito Cruz<\/figcaption><\/figure>\n<p>O vice-prefeito Ronilson Ara\u00fajo, conhecido como Nilson do Cass\u00f3, foi empossado imediatamente ao cargo de Prefeito ap\u00f3s a vota\u00e7\u00e3o que procedeu o afastamento de George Luiz.<\/p>\n","protected":false},"excerpt":{"rendered":"<p>O vice-prefeito j\u00e1 foi empossado, enquanto o gestor afastado recorre fora do cargo A\u00a0C\u00e2mara Municipal de Primeira Cruz a 196 [&hellip;]<\/p>\n","protected":false},"author":0,"featured_media":0,"comment_status":"open","ping_status":"open","sticky":false,"template":"","format":"standard","meta":{"site-sidebar-layout":"default","site-content-layout":"","ast-site-content-layout":"default","site-content-style":"default","site-sidebar-style":"default","ast-global-header-display":"","ast-banner-title-visibility":"","ast-main-header-display":"","ast-hfb-above-header-display":"","ast-hfb-below-header-display":"","ast-hfb-mobile-header-display":"","site-post-title":"","ast-breadcrumbs-content":"","ast-featured-img":"","footer-sml-layout":"","ast-disable-related-posts":"","theme-transparent-header-meta":"","adv-header-id-meta":"","stick-header-meta":"","header-above-stick-meta":"","header-main-stick-meta":"","header-below-stick-meta":"","astra-migrate-meta-layouts":"default","ast-page-background-enabled":"default","ast-page-background-meta":{"desktop":{"background-color":"var(--ast-global-color-5)","background-image":"","background-repeat":"repeat","background-position":"center center","background-size":"auto","background-attachment":"scroll","background-type":"","background-media":"","overlay-type":"","overlay-color":"","overlay-opacity":"","overlay-gradient":""},"tablet":{"background-color":"","background-image":"","background-repeat":"repeat","background-position":"center center","background-size":"auto","background-attachment":"scroll","background-type":"","background-media":"","overlay-type":"","overlay-color":"","overlay-opacity":"","overlay-gradient":""},"mobile":{"background-color":"","background-image":"","background-repeat":"repeat","background-position":"center center","background-size":"auto","background-attachment":"scroll","background-type":"","background-media":"","overlay-type":"","overlay-color":"","overlay-opacity":"","overlay-gradient":""}},"ast-content-background-meta":{"desktop":{"background-color":"var(--ast-global-color-4)","background-image":"","background-repeat":"repeat","background-position":"center center","background-size":"auto","background-attachment":"scroll","background-type":"","background-media":"","overlay-type":"","overlay-color":"","overlay-opacity":"","overlay-gradient":""},"tablet":{"background-color":"var(--ast-global-color-4)","background-image":"","background-repeat":"repeat","background-position":"center center","background-size":"auto","background-attachment":"scroll","background-type":"","background-media":"","overlay-type":"","overlay-color":"","overlay-opacity":"","overlay-gradient":""},"mobile":{"background-color":"var(--ast-global-color-4)","background-image":"","background-repeat":"repeat","background-position":"center center","background-size":"auto","background-attachment":"scroll","background-type":"","background-media":"","overlay-type":"","overlay-color":"","overlay-opacity":"","overlay-gradient":""}},"footnotes":""},"categories":[1],"tags":[],"class_list":["post-58161","post","type-post","status-publish","format-standard","hentry","category-sem-categoria"],"yoast_head":"<!-- This site is optimized with the Yoast SEO plugin v26.6 - https:\/\/yoast.com\/wordpress\/plugins\/seo\/ -->\n<title>C\u00e2mara Municipal de Primeira Cruz afasta prefeito aliado de Fl\u00e1vio Dino por m\u00e1 aplica\u00e7\u00e3o de recursos federais - Daniel Matos<\/title>\n<meta name=\"robots\" content=\"index, follow, max-snippet:-1, max-image-preview:large, max-video-preview:-1\" \/>\n<link rel=\"canonical\" href=\"https:\/\/www.blogsoestado.com\/danielmatos\/camara-municipal-de-primeira-cruz-afasta-prefeito-aliado-de-flavio-dino-por-ma-aplicacao-de-recursos-federais\/\" \/>\n<meta property=\"og:locale\" content=\"pt_BR\" \/>\n<meta property=\"og:type\" content=\"article\" \/>\n<meta property=\"og:title\" content=\"C\u00e2mara Municipal de Primeira Cruz afasta prefeito aliado de Fl\u00e1vio Dino por m\u00e1 aplica\u00e7\u00e3o de recursos federais - Daniel Matos\" \/>\n<meta property=\"og:description\" content=\"O vice-prefeito j\u00e1 foi empossado, enquanto o gestor afastado recorre fora do cargo A\u00a0C\u00e2mara Municipal de Primeira Cruz a 196 [&hellip;]\" \/>\n<meta property=\"og:url\" content=\"https:\/\/www.blogsoestado.com\/danielmatos\/camara-municipal-de-primeira-cruz-afasta-prefeito-aliado-de-flavio-dino-por-ma-aplicacao-de-recursos-federais\/\" \/>\n<meta property=\"og:site_name\" content=\"Daniel Matos\" \/>\n<meta property=\"article:published_time\" content=\"2018-11-19T14:35:07+00:00\" \/>\n<meta property=\"og:image\" content=\"https:\/\/www.blogsoestado.com\/danielmatos\/files\/2018\/11\/IMG-20181119-WA0072-300x300.jpg\" \/>\n<meta name=\"twitter:card\" content=\"summary_large_image\" \/>\n<meta name=\"twitter:label1\" content=\"Est. tempo de leitura\" \/>\n\t<meta name=\"twitter:data1\" content=\"2 minutos\" \/>\n<script type=\"application\/ld+json\" class=\"yoast-schema-graph\">{\"@context\":\"https:\/\/schema.org\",\"@graph\":[{\"@type\":\"WebPage\",\"@id\":\"https:\/\/www.blogsoestado.com\/danielmatos\/camara-municipal-de-primeira-cruz-afasta-prefeito-aliado-de-flavio-dino-por-ma-aplicacao-de-recursos-federais\/\",\"url\":\"https:\/\/www.blogsoestado.com\/danielmatos\/camara-municipal-de-primeira-cruz-afasta-prefeito-aliado-de-flavio-dino-por-ma-aplicacao-de-recursos-federais\/\",\"name\":\"C\u00e2mara Municipal de Primeira Cruz afasta prefeito aliado de Fl\u00e1vio Dino por m\u00e1 aplica\u00e7\u00e3o de recursos federais - Daniel Matos\",\"isPartOf\":{\"@id\":\"https:\/\/www.blogsoestado.com\/danielmatos\/#website\"},\"primaryImageOfPage\":{\"@id\":\"https:\/\/www.blogsoestado.com\/danielmatos\/camara-municipal-de-primeira-cruz-afasta-prefeito-aliado-de-flavio-dino-por-ma-aplicacao-de-recursos-federais\/#primaryimage\"},\"image\":{\"@id\":\"https:\/\/www.blogsoestado.com\/danielmatos\/camara-municipal-de-primeira-cruz-afasta-prefeito-aliado-de-flavio-dino-por-ma-aplicacao-de-recursos-federais\/#primaryimage\"},\"thumbnailUrl\":\"https:\/\/www.blogsoestado.com\/danielmatos\/files\/2018\/11\/IMG-20181119-WA0072-300x300.jpg\",\"datePublished\":\"2018-11-19T14:35:07+00:00\",\"author\":{\"@id\":\"\"},\"breadcrumb\":{\"@id\":\"https:\/\/www.blogsoestado.com\/danielmatos\/camara-municipal-de-primeira-cruz-afasta-prefeito-aliado-de-flavio-dino-por-ma-aplicacao-de-recursos-federais\/#breadcrumb\"},\"inLanguage\":\"pt-BR\",\"potentialAction\":[{\"@type\":\"ReadAction\",\"target\":[\"https:\/\/www.blogsoestado.com\/danielmatos\/camara-municipal-de-primeira-cruz-afasta-prefeito-aliado-de-flavio-dino-por-ma-aplicacao-de-recursos-federais\/\"]}]},{\"@type\":\"ImageObject\",\"inLanguage\":\"pt-BR\",\"@id\":\"https:\/\/www.blogsoestado.com\/danielmatos\/camara-municipal-de-primeira-cruz-afasta-prefeito-aliado-de-flavio-dino-por-ma-aplicacao-de-recursos-federais\/#primaryimage\",\"url\":\"https:\/\/www.blogsoestado.com\/danielmatos\/files\/2018\/11\/IMG-20181119-WA0072-300x300.jpg\",\"contentUrl\":\"https:\/\/www.blogsoestado.com\/danielmatos\/files\/2018\/11\/IMG-20181119-WA0072-300x300.jpg\"},{\"@type\":\"BreadcrumbList\",\"@id\":\"https:\/\/www.blogsoestado.com\/danielmatos\/camara-municipal-de-primeira-cruz-afasta-prefeito-aliado-de-flavio-dino-por-ma-aplicacao-de-recursos-federais\/#breadcrumb\",\"itemListElement\":[{\"@type\":\"ListItem\",\"position\":1,\"name\":\"In\u00edcio\",\"item\":\"https:\/\/www.blogsoestado.com\/danielmatos\/\"},{\"@type\":\"ListItem\",\"position\":2,\"name\":\"C\u00e2mara Municipal de Primeira Cruz afasta prefeito aliado de Fl\u00e1vio Dino por m\u00e1 aplica\u00e7\u00e3o de recursos federais\"}]},{\"@type\":\"WebSite\",\"@id\":\"https:\/\/www.blogsoestado.com\/danielmatos\/#website\",\"url\":\"https:\/\/www.blogsoestado.com\/danielmatos\/\",\"name\":\"Daniel Matos\",\"description\":\"\",\"potentialAction\":[{\"@type\":\"SearchAction\",\"target\":{\"@type\":\"EntryPoint\",\"urlTemplate\":\"https:\/\/www.blogsoestado.com\/danielmatos\/?s={search_term_string}\"},\"query-input\":{\"@type\":\"PropertyValueSpecification\",\"valueRequired\":true,\"valueName\":\"search_term_string\"}}],\"inLanguage\":\"pt-BR\"}]}<\/script>\n<!-- \/ Yoast SEO plugin. -->","yoast_head_json":{"title":"C\u00e2mara Municipal de Primeira Cruz afasta prefeito aliado de Fl\u00e1vio Dino por m\u00e1 aplica\u00e7\u00e3o de recursos federais - Daniel Matos","robots":{"index":"index","follow":"follow","max-snippet":"max-snippet:-1","max-image-preview":"max-image-preview:large","max-video-preview":"max-video-preview:-1"},"canonical":"https:\/\/www.blogsoestado.com\/danielmatos\/camara-municipal-de-primeira-cruz-afasta-prefeito-aliado-de-flavio-dino-por-ma-aplicacao-de-recursos-federais\/","og_locale":"pt_BR","og_type":"article","og_title":"C\u00e2mara Municipal de Primeira Cruz afasta prefeito aliado de Fl\u00e1vio Dino por m\u00e1 aplica\u00e7\u00e3o de recursos federais - Daniel Matos","og_description":"O vice-prefeito j\u00e1 foi empossado, enquanto o gestor afastado recorre fora do cargo A\u00a0C\u00e2mara Municipal de Primeira Cruz a 196 [&hellip;]","og_url":"https:\/\/www.blogsoestado.com\/danielmatos\/camara-municipal-de-primeira-cruz-afasta-prefeito-aliado-de-flavio-dino-por-ma-aplicacao-de-recursos-federais\/","og_site_name":"Daniel Matos","article_published_time":"2018-11-19T14:35:07+00:00","og_image":[{"url":"https:\/\/www.blogsoestado.com\/danielmatos\/files\/2018\/11\/IMG-20181119-WA0072-300x300.jpg","type":"","width":"","height":""}],"twitter_card":"summary_large_image","twitter_misc":{"Est. tempo de leitura":"2 minutos"},"schema":{"@context":"https:\/\/schema.org","@graph":[{"@type":"WebPage","@id":"https:\/\/www.blogsoestado.com\/danielmatos\/camara-municipal-de-primeira-cruz-afasta-prefeito-aliado-de-flavio-dino-por-ma-aplicacao-de-recursos-federais\/","url":"https:\/\/www.blogsoestado.com\/danielmatos\/camara-municipal-de-primeira-cruz-afasta-prefeito-aliado-de-flavio-dino-por-ma-aplicacao-de-recursos-federais\/","name":"C\u00e2mara Municipal de Primeira Cruz afasta prefeito aliado de Fl\u00e1vio Dino por m\u00e1 aplica\u00e7\u00e3o de recursos federais - Daniel Matos","isPartOf":{"@id":"https:\/\/www.blogsoestado.com\/danielmatos\/#website"},"primaryImageOfPage":{"@id":"https:\/\/www.blogsoestado.com\/danielmatos\/camara-municipal-de-primeira-cruz-afasta-prefeito-aliado-de-flavio-dino-por-ma-aplicacao-de-recursos-federais\/#primaryimage"},"image":{"@id":"https:\/\/www.blogsoestado.com\/danielmatos\/camara-municipal-de-primeira-cruz-afasta-prefeito-aliado-de-flavio-dino-por-ma-aplicacao-de-recursos-federais\/#primaryimage"},"thumbnailUrl":"https:\/\/www.blogsoestado.com\/danielmatos\/files\/2018\/11\/IMG-20181119-WA0072-300x300.jpg","datePublished":"2018-11-19T14:35:07+00:00","author":{"@id":""},"breadcrumb":{"@id":"https:\/\/www.blogsoestado.com\/danielmatos\/camara-municipal-de-primeira-cruz-afasta-prefeito-aliado-de-flavio-dino-por-ma-aplicacao-de-recursos-federais\/#breadcrumb"},"inLanguage":"pt-BR","potentialAction":[{"@type":"ReadAction","target":["https:\/\/www.blogsoestado.com\/danielmatos\/camara-municipal-de-primeira-cruz-afasta-prefeito-aliado-de-flavio-dino-por-ma-aplicacao-de-recursos-federais\/"]}]},{"@type":"ImageObject","inLanguage":"pt-BR","@id":"https:\/\/www.blogsoestado.com\/danielmatos\/camara-municipal-de-primeira-cruz-afasta-prefeito-aliado-de-flavio-dino-por-ma-aplicacao-de-recursos-federais\/#primaryimage","url":"https:\/\/www.blogsoestado.com\/danielmatos\/files\/2018\/11\/IMG-20181119-WA0072-300x300.jpg","contentUrl":"https:\/\/www.blogsoestado.com\/danielmatos\/files\/2018\/11\/IMG-20181119-WA0072-300x300.jpg"},{"@type":"BreadcrumbList","@id":"https:\/\/www.blogsoestado.com\/danielmatos\/camara-municipal-de-primeira-cruz-afasta-prefeito-aliado-de-flavio-dino-por-ma-aplicacao-de-recursos-federais\/#breadcrumb","itemListElement":[{"@type":"ListItem","position":1,"name":"In\u00edcio","item":"https:\/\/www.blogsoestado.com\/danielmatos\/"},{"@type":"ListItem","position":2,"name":"C\u00e2mara Municipal de Primeira Cruz afasta prefeito aliado de Fl\u00e1vio Dino por m\u00e1 aplica\u00e7\u00e3o de recursos federais"}]},{"@type":"WebSite","@id":"https:\/\/www.blogsoestado.com\/danielmatos\/#website","url":"https:\/\/www.blogsoestado.com\/danielmatos\/","name":"Daniel Matos","description":"","potentialAction":[{"@type":"SearchAction","target":{"@type":"EntryPoint","urlTemplate":"https:\/\/www.blogsoestado.com\/danielmatos\/?s={search_term_string}"},"query-input":{"@type":"PropertyValueSpecification","valueRequired":true,"valueName":"search_term_string"}}],"inLanguage":"pt-BR"}]}},"jetpack_featured_media_url":"","_links":{"self":[{"href":"https:\/\/www.blogsoestado.com\/danielmatos\/wp-json\/wp\/v2\/posts\/58161","targetHints":{"allow":["GET"]}}],"collection":[{"href":"https:\/\/www.blogsoestado.com\/danielmatos\/wp-json\/wp\/v2\/posts"}],"about":[{"href":"https:\/\/www.blogsoestado.com\/danielmatos\/wp-json\/wp\/v2\/types\/post"}],"replies":[{"embeddable":true,"href":"https:\/\/www.blogsoestado.com\/danielmatos\/wp-json\/wp\/v2\/comments?post=58161"}],"version-history":[{"count":0,"href":"https:\/\/www.blogsoestado.com\/danielmatos\/wp-json\/wp\/v2\/posts\/58161\/revisions"}],"wp:attachment":[{"href":"https:\/\/www.blogsoestado.com\/danielmatos\/wp-json\/wp\/v2\/media?parent=58161"}],"wp:term":[{"taxonomy":"category","embeddable":true,"href":"https:\/\/www.blogsoestado.com\/danielmatos\/wp-json\/wp\/v2\/categories?post=58161"},{"taxonomy":"post_tag","embeddable":true,"href":"https:\/\/www.blogsoestado.com\/danielmatos\/wp-json\/wp\/v2\/tags?post=58161"}],"curies":[{"name":"wp","href":"https:\/\/api.w.org\/{rel}","templated":true}]}}