{"id":58179,"date":"2018-11-20T11:39:14","date_gmt":"2018-11-20T14:39:14","guid":{"rendered":"https:\/\/www.blogsoestado.com\/danielmatos\/?p=58179"},"modified":"2018-11-20T11:39:14","modified_gmt":"2018-11-20T14:39:14","slug":"cleomar-tema-destaca-como-positivo-encontro-do-presidente-temer-com-prefeitos","status":"publish","type":"post","link":"https:\/\/www.blogsoestado.com\/danielmatos\/cleomar-tema-destaca-como-positivo-encontro-do-presidente-temer-com-prefeitos\/","title":{"rendered":"Cleomar Tema destaca como positivo encontro do presidente Temer com prefeitos"},"content":{"rendered":"<figure id=\"attachment_58180\" aria-describedby=\"caption-attachment-58180\" style=\"width: 640px\" class=\"wp-caption aligncenter\"><a href=\"https:\/\/www.blogsoestado.com\/danielmatos\/2018\/11\/20\/cleomar-tema-destaca-como-positivo-encontro-do-presidente-temer-com-prefeitos\/tema-e-temer\/\" rel=\"attachment wp-att-58180\"><img fetchpriority=\"high\" decoding=\"async\" class=\"wp-image-58180 size-full\" src=\"https:\/\/www.blogsoestado.com\/danielmatos\/files\/2018\/11\/tema-e-temer.jpg\" alt=\"\" width=\"640\" height=\"476\" \/><\/a><figcaption id=\"caption-attachment-58180\" class=\"wp-caption-text\">Cleomar Tema e outros prefeitos brasileiros cumprimentam o presidente Michel Temer no encontro de prefeitos<\/figcaption><\/figure>\n<p>Acompanhado de dezenas de colegas, o presidente da Federa\u00e7\u00e3o dos Munic\u00edpios do Estado do Maranh\u00e3o (FAMEM), Cleomar Tema, participou, segunda-feira (19), em Bras\u00edlia, do encontro com o presidente Michel Temer, na sede da Confedera\u00e7\u00e3o Nacional dos Munic\u00edpios (CNM), autora do Movimento Municipalista que se estende at\u00e9 ter\u00e7a-feira (20).<\/p>\n<p>De acordo com Tema, o evento teve pontos positivos no primeiro dia, por conta dos resultados obtidos.<\/p>\n<p>O l\u00edder municipalista relatou que o presidente Temer anunciou o novo edital para o Programa Mais M\u00e9dicos (PMM), al\u00e9m de destacar a edi\u00e7\u00e3o de decreto regulamentando o comit\u00ea de revis\u00e3o da d\u00edvida previdenci\u00e1ria municipal para o t\u00e3o esperado Encontro de Contas de d\u00e9bitos e cr\u00e9ditos dos Munic\u00edpios e da Uni\u00e3o.<\/p>\n<p>Tema assegurou ainda que a normativa que vai regulamentar o art. 11 da Lei 13.485\/2017, referente ao Encontro, aguardava delibera\u00e7\u00e3o da Presid\u00eancia e era um dos dez pleitos apresentados ao Executivo na XXI Marcha \u00e0 Bras\u00edlia em Defesa dos Munic\u00edpios. O Encontro de Contas representa uma luta de mais de 15 anos do movimento e vai permitir aos Munic\u00edpios conhecerem os reais d\u00e9bitos e cr\u00e9ditos junto \u00e0 Uni\u00e3o.<\/p>\n<p>Conforme Tema, agora, a normativa vai permitir que os Munic\u00edpios conhe\u00e7am seus d\u00e9bitos e cr\u00e9ditos com a previd\u00eancia. A terceira medida assinada pelo presidente Temer foi a concess\u00e3o de direito real de uso gratuito de im\u00f3vel da sede da Confedera\u00e7\u00e3o.<\/p>\n<p>Homenagem &#8211; Antes dos an\u00fancios, gestores e autoridades assistiram a um v\u00eddeo com os avan\u00e7os e as conquistas de dois anos de governo. A equipe abriu di\u00e1logo com gestores e lideran\u00e7as do movimento municipalista, atualizou programas e incentivos financeiros federais que estavam defasados; prorrogou prazos, como os do Plano de Mobilidade Urbana; realizou repasses e compensa\u00e7\u00f5es financeiras, a exemplo dos recursos h\u00eddricos; abriu possibilidade para o parcelamento previdenci\u00e1rio; e vetou medidas que impactavam negativamente a gest\u00e3o local.19112018 Homenagem Temer<\/p>\n<p>\u201cVoc\u00eas falaram que sempre vinham de pires na m\u00e3o, no meu governo vieram com prato fundo e conseguimos preench\u00ea-lo, especialmente com essas tr\u00eas colheradas que demos hoje. Se o Munic\u00edpio for forte, a Uni\u00e3o ser\u00e1 forte\u201d, declarou Temer. \u201cCome\u00e7amos a fazer descentraliza\u00e7\u00e3o, com a ideia de atender as postula\u00e7\u00f5es municipalistas, e o exerc\u00edcio democr\u00e1tico depende dessa descentraliza\u00e7\u00e3o. O autoritarismo concentra, e a democracia descentraliza\u201d, defendeu.<\/p>\n<p>Ao concluir seu discurso, Temer pediu uma salva de palmas \u201c\u00e0queles que t\u00eam contato direto com eleitorado, que, no dia a dia, s\u00e3o parados pelo eleitor no bar, na sua casa, onde esteja; \u00e0queles que s\u00e3o os pilares da democracia, agentes p\u00fablicos, prefeitos, vice-prefeitos e vereadores\u201d.<\/p>\n<p>Michel Temer destacou ainda que j\u00e1 havia cumprido pelo menos sete dos onze itens constantes na pauta da CNM. Com a garantia de mais dois itens nesta segunda-feira, ficam faltanco apenas dois itens e ele afirma acreditar que at\u00e9 o final de seu governo dever\u00e1 ter cumprido todas as reivindica\u00e7\u00f5es dos prefeitos.<\/p>\n<p>Em reconhecimento, Glademir Aroldi, presidente da CNM, entregou placa alusiva \u00e0s medidas adotadas em prol dos Entes municipais. Antes, por\u00e9m, o presidente da CNM refor\u00e7ou outro pleito, pelo qual a entidade deve continuar mobilizada.<\/p>\n<p>\u201cDevemos R$ 40 bilh\u00f5es em precat\u00f3rios e uma Emenda Constitucional prev\u00ea linha de cr\u00e9dito para Munic\u00edpios e Estados pagarem com juros adequados. Estamos trabalhando nos \u00faltimos 90 dias com o governo e, marcando audi\u00eancia com BB [Banco do Brasil] e Caixa [Econ\u00f4mica Federal], encontraremos alternativa para linha de cr\u00e9dito ser colocada \u00e0 disposi\u00e7\u00e3o dos Munic\u00edpios\u201d, disse Aroldi.<\/p>\n<p>Para esta ter\u00e7a-feira (20), os prefeitos dever\u00e3o se reunir com as bancadas de seus respectivos Estados na busca de uma atua\u00e7\u00e3o s\u00f3lida e unificada em benef\u00edcios dos munic\u00edpios, acrescentou Cleomar Tema.<\/p>\n","protected":false},"excerpt":{"rendered":"<p>Acompanhado de dezenas de colegas, o presidente da Federa\u00e7\u00e3o dos Munic\u00edpios do Estado do Maranh\u00e3o (FAMEM), Cleomar Tema, participou, segunda-feira [&hellip;]<\/p>\n","protected":false},"author":0,"featured_media":0,"comment_status":"open","ping_status":"open","sticky":false,"template":"","format":"standard","meta":{"site-sidebar-layout":"default","site-content-layout":"","ast-site-content-layout":"default","site-content-style":"default","site-sidebar-style":"default","ast-global-header-display":"","ast-banner-title-visibility":"","ast-main-header-display":"","ast-hfb-above-header-display":"","ast-hfb-below-header-display":"","ast-hfb-mobile-header-display":"","site-post-title":"","ast-breadcrumbs-content":"","ast-featured-img":"","footer-sml-layout":"","ast-disable-related-posts":"","theme-transparent-header-meta":"","adv-header-id-meta":"","stick-header-meta":"","header-above-stick-meta":"","header-main-stick-meta":"","header-below-stick-meta":"","astra-migrate-meta-layouts":"default","ast-page-background-enabled":"default","ast-page-background-meta":{"desktop":{"background-color":"var(--ast-global-color-5)","background-image":"","background-repeat":"repeat","background-position":"center center","background-size":"auto","background-attachment":"scroll","background-type":"","background-media":"","overlay-type":"","overlay-color":"","overlay-opacity":"","overlay-gradient":""},"tablet":{"background-color":"","background-image":"","background-repeat":"repeat","background-position":"center center","background-size":"auto","background-attachment":"scroll","background-type":"","background-media":"","overlay-type":"","overlay-color":"","overlay-opacity":"","overlay-gradient":""},"mobile":{"background-color":"","background-image":"","background-repeat":"repeat","background-position":"center center","background-size":"auto","background-attachment":"scroll","background-type":"","background-media":"","overlay-type":"","overlay-color":"","overlay-opacity":"","overlay-gradient":""}},"ast-content-background-meta":{"desktop":{"background-color":"var(--ast-global-color-4)","background-image":"","background-repeat":"repeat","background-position":"center center","background-size":"auto","background-attachment":"scroll","background-type":"","background-media":"","overlay-type":"","overlay-color":"","overlay-opacity":"","overlay-gradient":""},"tablet":{"background-color":"var(--ast-global-color-4)","background-image":"","background-repeat":"repeat","background-position":"center center","background-size":"auto","background-attachment":"scroll","background-type":"","background-media":"","overlay-type":"","overlay-color":"","overlay-opacity":"","overlay-gradient":""},"mobile":{"background-color":"var(--ast-global-color-4)","background-image":"","background-repeat":"repeat","background-position":"center center","background-size":"auto","background-attachment":"scroll","background-type":"","background-media":"","overlay-type":"","overlay-color":"","overlay-opacity":"","overlay-gradient":""}},"footnotes":""},"categories":[1],"tags":[],"class_list":["post-58179","post","type-post","status-publish","format-standard","hentry","category-sem-categoria"],"yoast_head":"<!-- This site is optimized with the Yoast SEO plugin v26.6 - https:\/\/yoast.com\/wordpress\/plugins\/seo\/ -->\n<title>Cleomar Tema destaca como positivo encontro do presidente Temer com prefeitos - Daniel Matos<\/title>\n<meta name=\"robots\" content=\"index, follow, max-snippet:-1, max-image-preview:large, max-video-preview:-1\" \/>\n<link rel=\"canonical\" href=\"https:\/\/www.blogsoestado.com\/danielmatos\/cleomar-tema-destaca-como-positivo-encontro-do-presidente-temer-com-prefeitos\/\" \/>\n<meta property=\"og:locale\" content=\"pt_BR\" \/>\n<meta property=\"og:type\" content=\"article\" \/>\n<meta property=\"og:title\" content=\"Cleomar Tema destaca como positivo encontro do presidente Temer com prefeitos - Daniel Matos\" \/>\n<meta property=\"og:description\" content=\"Acompanhado de dezenas de colegas, o presidente da Federa\u00e7\u00e3o dos Munic\u00edpios do Estado do Maranh\u00e3o (FAMEM), Cleomar Tema, participou, segunda-feira [&hellip;]\" \/>\n<meta property=\"og:url\" content=\"https:\/\/www.blogsoestado.com\/danielmatos\/cleomar-tema-destaca-como-positivo-encontro-do-presidente-temer-com-prefeitos\/\" \/>\n<meta property=\"og:site_name\" content=\"Daniel Matos\" \/>\n<meta property=\"article:published_time\" content=\"2018-11-20T14:39:14+00:00\" \/>\n<meta property=\"og:image\" content=\"https:\/\/www.blogsoestado.com\/danielmatos\/files\/2018\/11\/tema-e-temer.jpg\" \/>\n<meta name=\"twitter:card\" content=\"summary_large_image\" \/>\n<meta name=\"twitter:label1\" content=\"Est. tempo de leitura\" \/>\n\t<meta name=\"twitter:data1\" content=\"3 minutos\" \/>\n<script type=\"application\/ld+json\" class=\"yoast-schema-graph\">{\"@context\":\"https:\/\/schema.org\",\"@graph\":[{\"@type\":\"WebPage\",\"@id\":\"https:\/\/www.blogsoestado.com\/danielmatos\/cleomar-tema-destaca-como-positivo-encontro-do-presidente-temer-com-prefeitos\/\",\"url\":\"https:\/\/www.blogsoestado.com\/danielmatos\/cleomar-tema-destaca-como-positivo-encontro-do-presidente-temer-com-prefeitos\/\",\"name\":\"Cleomar Tema destaca como positivo encontro do presidente Temer com prefeitos - Daniel Matos\",\"isPartOf\":{\"@id\":\"https:\/\/www.blogsoestado.com\/danielmatos\/#website\"},\"primaryImageOfPage\":{\"@id\":\"https:\/\/www.blogsoestado.com\/danielmatos\/cleomar-tema-destaca-como-positivo-encontro-do-presidente-temer-com-prefeitos\/#primaryimage\"},\"image\":{\"@id\":\"https:\/\/www.blogsoestado.com\/danielmatos\/cleomar-tema-destaca-como-positivo-encontro-do-presidente-temer-com-prefeitos\/#primaryimage\"},\"thumbnailUrl\":\"https:\/\/www.blogsoestado.com\/danielmatos\/files\/2018\/11\/tema-e-temer.jpg\",\"datePublished\":\"2018-11-20T14:39:14+00:00\",\"author\":{\"@id\":\"\"},\"breadcrumb\":{\"@id\":\"https:\/\/www.blogsoestado.com\/danielmatos\/cleomar-tema-destaca-como-positivo-encontro-do-presidente-temer-com-prefeitos\/#breadcrumb\"},\"inLanguage\":\"pt-BR\",\"potentialAction\":[{\"@type\":\"ReadAction\",\"target\":[\"https:\/\/www.blogsoestado.com\/danielmatos\/cleomar-tema-destaca-como-positivo-encontro-do-presidente-temer-com-prefeitos\/\"]}]},{\"@type\":\"ImageObject\",\"inLanguage\":\"pt-BR\",\"@id\":\"https:\/\/www.blogsoestado.com\/danielmatos\/cleomar-tema-destaca-como-positivo-encontro-do-presidente-temer-com-prefeitos\/#primaryimage\",\"url\":\"https:\/\/www.blogsoestado.com\/danielmatos\/files\/2018\/11\/tema-e-temer.jpg\",\"contentUrl\":\"https:\/\/www.blogsoestado.com\/danielmatos\/files\/2018\/11\/tema-e-temer.jpg\"},{\"@type\":\"BreadcrumbList\",\"@id\":\"https:\/\/www.blogsoestado.com\/danielmatos\/cleomar-tema-destaca-como-positivo-encontro-do-presidente-temer-com-prefeitos\/#breadcrumb\",\"itemListElement\":[{\"@type\":\"ListItem\",\"position\":1,\"name\":\"In\u00edcio\",\"item\":\"https:\/\/www.blogsoestado.com\/danielmatos\/\"},{\"@type\":\"ListItem\",\"position\":2,\"name\":\"Cleomar Tema destaca como positivo encontro do presidente Temer com prefeitos\"}]},{\"@type\":\"WebSite\",\"@id\":\"https:\/\/www.blogsoestado.com\/danielmatos\/#website\",\"url\":\"https:\/\/www.blogsoestado.com\/danielmatos\/\",\"name\":\"Daniel Matos\",\"description\":\"\",\"potentialAction\":[{\"@type\":\"SearchAction\",\"target\":{\"@type\":\"EntryPoint\",\"urlTemplate\":\"https:\/\/www.blogsoestado.com\/danielmatos\/?s={search_term_string}\"},\"query-input\":{\"@type\":\"PropertyValueSpecification\",\"valueRequired\":true,\"valueName\":\"search_term_string\"}}],\"inLanguage\":\"pt-BR\"}]}<\/script>\n<!-- \/ Yoast SEO plugin. -->","yoast_head_json":{"title":"Cleomar Tema destaca como positivo encontro do presidente Temer com prefeitos - Daniel Matos","robots":{"index":"index","follow":"follow","max-snippet":"max-snippet:-1","max-image-preview":"max-image-preview:large","max-video-preview":"max-video-preview:-1"},"canonical":"https:\/\/www.blogsoestado.com\/danielmatos\/cleomar-tema-destaca-como-positivo-encontro-do-presidente-temer-com-prefeitos\/","og_locale":"pt_BR","og_type":"article","og_title":"Cleomar Tema destaca como positivo encontro do presidente Temer com prefeitos - Daniel Matos","og_description":"Acompanhado de dezenas de colegas, o presidente da Federa\u00e7\u00e3o dos Munic\u00edpios do Estado do Maranh\u00e3o (FAMEM), Cleomar Tema, participou, segunda-feira [&hellip;]","og_url":"https:\/\/www.blogsoestado.com\/danielmatos\/cleomar-tema-destaca-como-positivo-encontro-do-presidente-temer-com-prefeitos\/","og_site_name":"Daniel Matos","article_published_time":"2018-11-20T14:39:14+00:00","og_image":[{"url":"https:\/\/www.blogsoestado.com\/danielmatos\/files\/2018\/11\/tema-e-temer.jpg","type":"","width":"","height":""}],"twitter_card":"summary_large_image","twitter_misc":{"Est. tempo de leitura":"3 minutos"},"schema":{"@context":"https:\/\/schema.org","@graph":[{"@type":"WebPage","@id":"https:\/\/www.blogsoestado.com\/danielmatos\/cleomar-tema-destaca-como-positivo-encontro-do-presidente-temer-com-prefeitos\/","url":"https:\/\/www.blogsoestado.com\/danielmatos\/cleomar-tema-destaca-como-positivo-encontro-do-presidente-temer-com-prefeitos\/","name":"Cleomar Tema destaca como positivo encontro do presidente Temer com prefeitos - Daniel Matos","isPartOf":{"@id":"https:\/\/www.blogsoestado.com\/danielmatos\/#website"},"primaryImageOfPage":{"@id":"https:\/\/www.blogsoestado.com\/danielmatos\/cleomar-tema-destaca-como-positivo-encontro-do-presidente-temer-com-prefeitos\/#primaryimage"},"image":{"@id":"https:\/\/www.blogsoestado.com\/danielmatos\/cleomar-tema-destaca-como-positivo-encontro-do-presidente-temer-com-prefeitos\/#primaryimage"},"thumbnailUrl":"https:\/\/www.blogsoestado.com\/danielmatos\/files\/2018\/11\/tema-e-temer.jpg","datePublished":"2018-11-20T14:39:14+00:00","author":{"@id":""},"breadcrumb":{"@id":"https:\/\/www.blogsoestado.com\/danielmatos\/cleomar-tema-destaca-como-positivo-encontro-do-presidente-temer-com-prefeitos\/#breadcrumb"},"inLanguage":"pt-BR","potentialAction":[{"@type":"ReadAction","target":["https:\/\/www.blogsoestado.com\/danielmatos\/cleomar-tema-destaca-como-positivo-encontro-do-presidente-temer-com-prefeitos\/"]}]},{"@type":"ImageObject","inLanguage":"pt-BR","@id":"https:\/\/www.blogsoestado.com\/danielmatos\/cleomar-tema-destaca-como-positivo-encontro-do-presidente-temer-com-prefeitos\/#primaryimage","url":"https:\/\/www.blogsoestado.com\/danielmatos\/files\/2018\/11\/tema-e-temer.jpg","contentUrl":"https:\/\/www.blogsoestado.com\/danielmatos\/files\/2018\/11\/tema-e-temer.jpg"},{"@type":"BreadcrumbList","@id":"https:\/\/www.blogsoestado.com\/danielmatos\/cleomar-tema-destaca-como-positivo-encontro-do-presidente-temer-com-prefeitos\/#breadcrumb","itemListElement":[{"@type":"ListItem","position":1,"name":"In\u00edcio","item":"https:\/\/www.blogsoestado.com\/danielmatos\/"},{"@type":"ListItem","position":2,"name":"Cleomar Tema destaca como positivo encontro do presidente Temer com prefeitos"}]},{"@type":"WebSite","@id":"https:\/\/www.blogsoestado.com\/danielmatos\/#website","url":"https:\/\/www.blogsoestado.com\/danielmatos\/","name":"Daniel Matos","description":"","potentialAction":[{"@type":"SearchAction","target":{"@type":"EntryPoint","urlTemplate":"https:\/\/www.blogsoestado.com\/danielmatos\/?s={search_term_string}"},"query-input":{"@type":"PropertyValueSpecification","valueRequired":true,"valueName":"search_term_string"}}],"inLanguage":"pt-BR"}]}},"jetpack_featured_media_url":"","_links":{"self":[{"href":"https:\/\/www.blogsoestado.com\/danielmatos\/wp-json\/wp\/v2\/posts\/58179","targetHints":{"allow":["GET"]}}],"collection":[{"href":"https:\/\/www.blogsoestado.com\/danielmatos\/wp-json\/wp\/v2\/posts"}],"about":[{"href":"https:\/\/www.blogsoestado.com\/danielmatos\/wp-json\/wp\/v2\/types\/post"}],"replies":[{"embeddable":true,"href":"https:\/\/www.blogsoestado.com\/danielmatos\/wp-json\/wp\/v2\/comments?post=58179"}],"version-history":[{"count":0,"href":"https:\/\/www.blogsoestado.com\/danielmatos\/wp-json\/wp\/v2\/posts\/58179\/revisions"}],"wp:attachment":[{"href":"https:\/\/www.blogsoestado.com\/danielmatos\/wp-json\/wp\/v2\/media?parent=58179"}],"wp:term":[{"taxonomy":"category","embeddable":true,"href":"https:\/\/www.blogsoestado.com\/danielmatos\/wp-json\/wp\/v2\/categories?post=58179"},{"taxonomy":"post_tag","embeddable":true,"href":"https:\/\/www.blogsoestado.com\/danielmatos\/wp-json\/wp\/v2\/tags?post=58179"}],"curies":[{"name":"wp","href":"https:\/\/api.w.org\/{rel}","templated":true}]}}