{"id":58192,"date":"2018-11-21T09:52:01","date_gmt":"2018-11-21T12:52:01","guid":{"rendered":"https:\/\/www.blogsoestado.com\/danielmatos\/?p=58192"},"modified":"2018-11-21T09:52:01","modified_gmt":"2018-11-21T12:52:01","slug":"mp-cobra-multa-do-prefeito-comunista-de-barra-do-corda-por-violacao-de-tac-sobre-merenda-escolar","status":"publish","type":"post","link":"https:\/\/www.blogsoestado.com\/danielmatos\/mp-cobra-multa-do-prefeito-comunista-de-barra-do-corda-por-violacao-de-tac-sobre-merenda-escolar\/","title":{"rendered":"MP cobra multa do prefeito comunista de Barra do Corda por viola\u00e7\u00e3o de TAC sobre merenda escolar"},"content":{"rendered":"<h2><span style=\"color: #ff0000;\">Valores dever\u00e3o ser pagos pelo Munic\u00edpio e pelo pr\u00f3prio Eric Costa<\/span><\/h2>\n<figure id=\"attachment_57656\" aria-describedby=\"caption-attachment-57656\" style=\"width: 450px\" class=\"wp-caption alignright\"><a href=\"https:\/\/www.blogsoestado.com\/danielmatos\/2018\/11\/05\/mp-aciona-prefeito-comunista-de-barra-do-corda-por-improbidade-administrativa\/eric-costa-flavio-dino\/\" rel=\"attachment wp-att-57656\"><img fetchpriority=\"high\" decoding=\"async\" class=\"wp-image-57656\" src=\"https:\/\/www.blogsoestado.com\/danielmatos\/files\/2018\/11\/eric-costa-fl\u00e1vio-dino.jpg\" alt=\"\" width=\"450\" height=\"376\" \/><\/a><figcaption id=\"caption-attachment-57656\" class=\"wp-caption-text\">Prefeito Eric Costa, de Barra do Corda, \u00e9 aliado incondicional do governador Fl\u00e1vio Dino<\/figcaption><\/figure>\n<p>A 2\u00aa Promotoria de Justi\u00e7a da Comarca de Barra do Corda ingressou, nesta ter\u00e7a-feira, 13, com uma A\u00e7\u00e3o de Execu\u00e7\u00e3o contra o Munic\u00edpio e o prefeito Wellrick Oliveira Costa da Silva, mas conhecido como Dr. Erik (PCdoB). A a\u00e7\u00e3o cobra a multa prevista em um Termo de Ajustamento de Conduta (TAC) assinado em novembro de 2017 e n\u00e3o cumprido pela Prefeitura.<\/p>\n<p>Uma s\u00e9rie de not\u00edcias levadas \u00e0 Promotoria levaram \u00e0 proposi\u00e7\u00e3o do TAC, que tratava da regulariza\u00e7\u00e3o do fornecimento de merenda escolar na rede municipal de educa\u00e7\u00e3o. No documento, o Munic\u00edpio se comprometia a manter o programa de alimenta\u00e7\u00e3o escolar em funcionamento em todos os dias e turnos letivos, entregando o quantitativo de alimentos necess\u00e1rios semanalmente \u00e0s unidades escolares.<\/p>\n<p>Tamb\u00e9m deveria ser disponibilizado um calend\u00e1rio semanal a cada escola, assinado por um profissional de Nutri\u00e7\u00e3o, e oferecidas op\u00e7\u00f5es adequadas \u00e0s crian\u00e7as que apresentassem quadro de intoler\u00e2ncia ou alergia alimentar. Em caso de descumprimento de qualquer dos itens, ficou estipulada multa di\u00e1ria de R$ 1 mil a ser paga pela Prefeitura e pelo gestor municipal.<\/p>\n<p><strong>Vistorias<\/strong><\/p>\n<p>Apesar da celebra\u00e7\u00e3o do compromisso, a alimenta\u00e7\u00e3o escolar nunca foi regularizada no munic\u00edpio de Barra do Corda. O Minist\u00e9rio P\u00fablico chegou a realizar diversas vistorias, nas quais verificou que em algumas escolas os alunos continuavam sendo liberados mais cedo por falta de merenda escolar. Em outros casos, a alimenta\u00e7\u00e3o n\u00e3o seguia ao card\u00e1pio existente, sendo, na maioria das vezes, composta por leite com cuscuz ou suco com biscoito.<\/p>\n<p>\u201cNos raros per\u00edodos em que a alimenta\u00e7\u00e3o foi fornecida de forma permanente, ocorreram irregularidades na composi\u00e7\u00e3o da dieta (observ\u00e2ncia do card\u00e1pio) e jamais a administra\u00e7\u00e3o procedeu cuidados em rela\u00e7\u00e3o \u00e0s crian\u00e7as com necessidades alimentares especiais\u201d, observa o promotor de justi\u00e7a Edilson Santana de Sousa.<\/p>\n<p><strong>C\u00e1lculo<\/strong><\/p>\n<p>O c\u00e1lculo feito pelo Minist\u00e9rio P\u00fablico considerou o descumprimento do TAC desde 5 de fevereiro at\u00e9 7 de novembro de 2018. O per\u00edodo de novembro e dezembro de 2017 n\u00e3o foi computado pois n\u00e3o havia comprova\u00e7\u00e3o a respeito do cumprimento do Termo de Ajustamento. Em um total de 183 dias de inadimpl\u00eancia, o valor devido pelo Munic\u00edpio \u00e9 de R$ 183 mil, mesma quantia a ser paga pelo prefeito Wellrick Oliveira Costa da Silva.<\/p>\n<p><strong>Fonte:<\/strong> Minist\u00e9rio P\u00fablico do Maranh\u00e3o (MPMA)<\/p>\n","protected":false},"excerpt":{"rendered":"<p>Valores dever\u00e3o ser pagos pelo Munic\u00edpio e pelo pr\u00f3prio Eric Costa A 2\u00aa Promotoria de Justi\u00e7a da Comarca de Barra [&hellip;]<\/p>\n","protected":false},"author":0,"featured_media":0,"comment_status":"open","ping_status":"open","sticky":false,"template":"","format":"standard","meta":{"site-sidebar-layout":"default","site-content-layout":"","ast-site-content-layout":"default","site-content-style":"default","site-sidebar-style":"default","ast-global-header-display":"","ast-banner-title-visibility":"","ast-main-header-display":"","ast-hfb-above-header-display":"","ast-hfb-below-header-display":"","ast-hfb-mobile-header-display":"","site-post-title":"","ast-breadcrumbs-content":"","ast-featured-img":"","footer-sml-layout":"","ast-disable-related-posts":"","theme-transparent-header-meta":"","adv-header-id-meta":"","stick-header-meta":"","header-above-stick-meta":"","header-main-stick-meta":"","header-below-stick-meta":"","astra-migrate-meta-layouts":"default","ast-page-background-enabled":"default","ast-page-background-meta":{"desktop":{"background-color":"var(--ast-global-color-5)","background-image":"","background-repeat":"repeat","background-position":"center center","background-size":"auto","background-attachment":"scroll","background-type":"","background-media":"","overlay-type":"","overlay-color":"","overlay-opacity":"","overlay-gradient":""},"tablet":{"background-color":"","background-image":"","background-repeat":"repeat","background-position":"center center","background-size":"auto","background-attachment":"scroll","background-type":"","background-media":"","overlay-type":"","overlay-color":"","overlay-opacity":"","overlay-gradient":""},"mobile":{"background-color":"","background-image":"","background-repeat":"repeat","background-position":"center center","background-size":"auto","background-attachment":"scroll","background-type":"","background-media":"","overlay-type":"","overlay-color":"","overlay-opacity":"","overlay-gradient":""}},"ast-content-background-meta":{"desktop":{"background-color":"var(--ast-global-color-4)","background-image":"","background-repeat":"repeat","background-position":"center center","background-size":"auto","background-attachment":"scroll","background-type":"","background-media":"","overlay-type":"","overlay-color":"","overlay-opacity":"","overlay-gradient":""},"tablet":{"background-color":"var(--ast-global-color-4)","background-image":"","background-repeat":"repeat","background-position":"center center","background-size":"auto","background-attachment":"scroll","background-type":"","background-media":"","overlay-type":"","overlay-color":"","overlay-opacity":"","overlay-gradient":""},"mobile":{"background-color":"var(--ast-global-color-4)","background-image":"","background-repeat":"repeat","background-position":"center center","background-size":"auto","background-attachment":"scroll","background-type":"","background-media":"","overlay-type":"","overlay-color":"","overlay-opacity":"","overlay-gradient":""}},"footnotes":""},"categories":[1],"tags":[],"class_list":["post-58192","post","type-post","status-publish","format-standard","hentry","category-sem-categoria"],"yoast_head":"<!-- This site is optimized with the Yoast SEO plugin v26.6 - https:\/\/yoast.com\/wordpress\/plugins\/seo\/ -->\n<title>MP cobra multa do prefeito comunista de Barra do Corda por viola\u00e7\u00e3o de TAC sobre merenda escolar - Daniel Matos<\/title>\n<meta name=\"robots\" content=\"index, follow, max-snippet:-1, max-image-preview:large, max-video-preview:-1\" \/>\n<link rel=\"canonical\" href=\"https:\/\/www.blogsoestado.com\/danielmatos\/mp-cobra-multa-do-prefeito-comunista-de-barra-do-corda-por-violacao-de-tac-sobre-merenda-escolar\/\" \/>\n<meta property=\"og:locale\" content=\"pt_BR\" \/>\n<meta property=\"og:type\" content=\"article\" \/>\n<meta property=\"og:title\" content=\"MP cobra multa do prefeito comunista de Barra do Corda por viola\u00e7\u00e3o de TAC sobre merenda escolar - Daniel Matos\" \/>\n<meta property=\"og:description\" content=\"Valores dever\u00e3o ser pagos pelo Munic\u00edpio e pelo pr\u00f3prio Eric Costa A 2\u00aa Promotoria de Justi\u00e7a da Comarca de Barra [&hellip;]\" \/>\n<meta property=\"og:url\" content=\"https:\/\/www.blogsoestado.com\/danielmatos\/mp-cobra-multa-do-prefeito-comunista-de-barra-do-corda-por-violacao-de-tac-sobre-merenda-escolar\/\" \/>\n<meta property=\"og:site_name\" content=\"Daniel Matos\" \/>\n<meta property=\"article:published_time\" content=\"2018-11-21T12:52:01+00:00\" \/>\n<meta name=\"twitter:card\" content=\"summary_large_image\" \/>\n<meta name=\"twitter:label1\" content=\"Est. tempo de leitura\" \/>\n\t<meta name=\"twitter:data1\" content=\"2 minutos\" \/>\n<script type=\"application\/ld+json\" class=\"yoast-schema-graph\">{\"@context\":\"https:\/\/schema.org\",\"@graph\":[{\"@type\":\"WebPage\",\"@id\":\"https:\/\/www.blogsoestado.com\/danielmatos\/mp-cobra-multa-do-prefeito-comunista-de-barra-do-corda-por-violacao-de-tac-sobre-merenda-escolar\/\",\"url\":\"https:\/\/www.blogsoestado.com\/danielmatos\/mp-cobra-multa-do-prefeito-comunista-de-barra-do-corda-por-violacao-de-tac-sobre-merenda-escolar\/\",\"name\":\"MP cobra multa do prefeito comunista de Barra do Corda por viola\u00e7\u00e3o de TAC sobre merenda escolar - Daniel Matos\",\"isPartOf\":{\"@id\":\"https:\/\/www.blogsoestado.com\/danielmatos\/#website\"},\"datePublished\":\"2018-11-21T12:52:01+00:00\",\"author\":{\"@id\":\"\"},\"breadcrumb\":{\"@id\":\"https:\/\/www.blogsoestado.com\/danielmatos\/mp-cobra-multa-do-prefeito-comunista-de-barra-do-corda-por-violacao-de-tac-sobre-merenda-escolar\/#breadcrumb\"},\"inLanguage\":\"pt-BR\",\"potentialAction\":[{\"@type\":\"ReadAction\",\"target\":[\"https:\/\/www.blogsoestado.com\/danielmatos\/mp-cobra-multa-do-prefeito-comunista-de-barra-do-corda-por-violacao-de-tac-sobre-merenda-escolar\/\"]}]},{\"@type\":\"BreadcrumbList\",\"@id\":\"https:\/\/www.blogsoestado.com\/danielmatos\/mp-cobra-multa-do-prefeito-comunista-de-barra-do-corda-por-violacao-de-tac-sobre-merenda-escolar\/#breadcrumb\",\"itemListElement\":[{\"@type\":\"ListItem\",\"position\":1,\"name\":\"In\u00edcio\",\"item\":\"https:\/\/www.blogsoestado.com\/danielmatos\/\"},{\"@type\":\"ListItem\",\"position\":2,\"name\":\"MP cobra multa do prefeito comunista de Barra do Corda por viola\u00e7\u00e3o de TAC sobre merenda escolar\"}]},{\"@type\":\"WebSite\",\"@id\":\"https:\/\/www.blogsoestado.com\/danielmatos\/#website\",\"url\":\"https:\/\/www.blogsoestado.com\/danielmatos\/\",\"name\":\"Daniel Matos\",\"description\":\"\",\"potentialAction\":[{\"@type\":\"SearchAction\",\"target\":{\"@type\":\"EntryPoint\",\"urlTemplate\":\"https:\/\/www.blogsoestado.com\/danielmatos\/?s={search_term_string}\"},\"query-input\":{\"@type\":\"PropertyValueSpecification\",\"valueRequired\":true,\"valueName\":\"search_term_string\"}}],\"inLanguage\":\"pt-BR\"}]}<\/script>\n<!-- \/ Yoast SEO plugin. -->","yoast_head_json":{"title":"MP cobra multa do prefeito comunista de Barra do Corda por viola\u00e7\u00e3o de TAC sobre merenda escolar - Daniel Matos","robots":{"index":"index","follow":"follow","max-snippet":"max-snippet:-1","max-image-preview":"max-image-preview:large","max-video-preview":"max-video-preview:-1"},"canonical":"https:\/\/www.blogsoestado.com\/danielmatos\/mp-cobra-multa-do-prefeito-comunista-de-barra-do-corda-por-violacao-de-tac-sobre-merenda-escolar\/","og_locale":"pt_BR","og_type":"article","og_title":"MP cobra multa do prefeito comunista de Barra do Corda por viola\u00e7\u00e3o de TAC sobre merenda escolar - Daniel Matos","og_description":"Valores dever\u00e3o ser pagos pelo Munic\u00edpio e pelo pr\u00f3prio Eric Costa A 2\u00aa Promotoria de Justi\u00e7a da Comarca de Barra [&hellip;]","og_url":"https:\/\/www.blogsoestado.com\/danielmatos\/mp-cobra-multa-do-prefeito-comunista-de-barra-do-corda-por-violacao-de-tac-sobre-merenda-escolar\/","og_site_name":"Daniel Matos","article_published_time":"2018-11-21T12:52:01+00:00","twitter_card":"summary_large_image","twitter_misc":{"Est. tempo de leitura":"2 minutos"},"schema":{"@context":"https:\/\/schema.org","@graph":[{"@type":"WebPage","@id":"https:\/\/www.blogsoestado.com\/danielmatos\/mp-cobra-multa-do-prefeito-comunista-de-barra-do-corda-por-violacao-de-tac-sobre-merenda-escolar\/","url":"https:\/\/www.blogsoestado.com\/danielmatos\/mp-cobra-multa-do-prefeito-comunista-de-barra-do-corda-por-violacao-de-tac-sobre-merenda-escolar\/","name":"MP cobra multa do prefeito comunista de Barra do Corda por viola\u00e7\u00e3o de TAC sobre merenda escolar - Daniel Matos","isPartOf":{"@id":"https:\/\/www.blogsoestado.com\/danielmatos\/#website"},"datePublished":"2018-11-21T12:52:01+00:00","author":{"@id":""},"breadcrumb":{"@id":"https:\/\/www.blogsoestado.com\/danielmatos\/mp-cobra-multa-do-prefeito-comunista-de-barra-do-corda-por-violacao-de-tac-sobre-merenda-escolar\/#breadcrumb"},"inLanguage":"pt-BR","potentialAction":[{"@type":"ReadAction","target":["https:\/\/www.blogsoestado.com\/danielmatos\/mp-cobra-multa-do-prefeito-comunista-de-barra-do-corda-por-violacao-de-tac-sobre-merenda-escolar\/"]}]},{"@type":"BreadcrumbList","@id":"https:\/\/www.blogsoestado.com\/danielmatos\/mp-cobra-multa-do-prefeito-comunista-de-barra-do-corda-por-violacao-de-tac-sobre-merenda-escolar\/#breadcrumb","itemListElement":[{"@type":"ListItem","position":1,"name":"In\u00edcio","item":"https:\/\/www.blogsoestado.com\/danielmatos\/"},{"@type":"ListItem","position":2,"name":"MP cobra multa do prefeito comunista de Barra do Corda por viola\u00e7\u00e3o de TAC sobre merenda escolar"}]},{"@type":"WebSite","@id":"https:\/\/www.blogsoestado.com\/danielmatos\/#website","url":"https:\/\/www.blogsoestado.com\/danielmatos\/","name":"Daniel Matos","description":"","potentialAction":[{"@type":"SearchAction","target":{"@type":"EntryPoint","urlTemplate":"https:\/\/www.blogsoestado.com\/danielmatos\/?s={search_term_string}"},"query-input":{"@type":"PropertyValueSpecification","valueRequired":true,"valueName":"search_term_string"}}],"inLanguage":"pt-BR"}]}},"jetpack_featured_media_url":"","_links":{"self":[{"href":"https:\/\/www.blogsoestado.com\/danielmatos\/wp-json\/wp\/v2\/posts\/58192","targetHints":{"allow":["GET"]}}],"collection":[{"href":"https:\/\/www.blogsoestado.com\/danielmatos\/wp-json\/wp\/v2\/posts"}],"about":[{"href":"https:\/\/www.blogsoestado.com\/danielmatos\/wp-json\/wp\/v2\/types\/post"}],"replies":[{"embeddable":true,"href":"https:\/\/www.blogsoestado.com\/danielmatos\/wp-json\/wp\/v2\/comments?post=58192"}],"version-history":[{"count":0,"href":"https:\/\/www.blogsoestado.com\/danielmatos\/wp-json\/wp\/v2\/posts\/58192\/revisions"}],"wp:attachment":[{"href":"https:\/\/www.blogsoestado.com\/danielmatos\/wp-json\/wp\/v2\/media?parent=58192"}],"wp:term":[{"taxonomy":"category","embeddable":true,"href":"https:\/\/www.blogsoestado.com\/danielmatos\/wp-json\/wp\/v2\/categories?post=58192"},{"taxonomy":"post_tag","embeddable":true,"href":"https:\/\/www.blogsoestado.com\/danielmatos\/wp-json\/wp\/v2\/tags?post=58192"}],"curies":[{"name":"wp","href":"https:\/\/api.w.org\/{rel}","templated":true}]}}