{"id":58199,"date":"2018-11-21T16:08:12","date_gmt":"2018-11-21T19:08:12","guid":{"rendered":"https:\/\/www.blogsoestado.com\/danielmatos\/?p=58199"},"modified":"2018-11-21T16:08:12","modified_gmt":"2018-11-21T19:08:12","slug":"tema-agradece-parlamentares-pelo-empenho-na-instalacao-da-comissao-especial-da-pec-do-1","status":"publish","type":"post","link":"https:\/\/www.blogsoestado.com\/danielmatos\/tema-agradece-parlamentares-pelo-empenho-na-instalacao-da-comissao-especial-da-pec-do-1\/","title":{"rendered":"Tema agradece parlamentares pelo empenho na instala\u00e7\u00e3o da Comiss\u00e3o Especial da PEC do 1%"},"content":{"rendered":"<figure id=\"attachment_58200\" aria-describedby=\"caption-attachment-58200\" style=\"width: 450px\" class=\"wp-caption alignright\"><a href=\"https:\/\/www.blogsoestado.com\/danielmatos\/2018\/11\/21\/tema-agradece-parlamentares-pelo-empenho-na-instalacao-da-comissao-especial-da-pec-do-1\/tema-e-julio-cesar\/\" rel=\"attachment wp-att-58200\"><img fetchpriority=\"high\" decoding=\"async\" class=\"wp-image-58200\" src=\"https:\/\/www.blogsoestado.com\/danielmatos\/files\/2018\/11\/Tema-e-Julio-C\u00e9sar.jpg\" alt=\"\" width=\"450\" height=\"600\" \/><\/a><figcaption id=\"caption-attachment-58200\" class=\"wp-caption-text\">Cleomar Tema participou da sess\u00e3o para instala\u00e7\u00e3o da Comiss\u00e3o Especial da PEC do 1%<\/figcaption><\/figure>\n<p>Foi instalada, na C\u00e2mara Federal, na tarde desta ter\u00e7a-feira (20), a Comiss\u00e3o Especial que vai analisar a Proposta de Emenda \u00e0 Constitui\u00e7\u00e3o 391\/2017, a chamada PEC do 1%.<\/p>\n<p>O colegiado, composto por 28 membros, \u00e9 presidido pelo deputado Covatti Filho e ter\u00e1 o deputado Herculano Passos como primeiro vice-presidente e o deputado J\u00falio C\u00e9sar como relator.<\/p>\n<p>A PEC disciplina a distribui\u00e7\u00e3o de recursos da Uni\u00e3o com 1% do Fundo de Participa\u00e7\u00e3o dos Munic\u00edpios (FPM) no primeiro dec\u00eandio de setembro.<\/p>\n<p>Desde cedo, a CNM e os prefeitos entraram em contato com suas respectivas bancadas estaduais no Congresso para garantir a presen\u00e7a de deputados que integram a Comiss\u00e3o e o in\u00edcio da reuni\u00e3o.<\/p>\n<p>Da bancada maranhense, estiveram presentes os deputados Sarney Filho (PV), Rubens J\u00fanior (PC do ) e Jo\u00e3o Marcelo (MDB). Eles s\u00e3o componentes do referido colegiado.<\/p>\n<p>Para o presidente da Federa\u00e7\u00e3o dos Munic\u00edpios do Estado do Maranh\u00e3o-FAMEM, Cleomar Tema, \u00e9 necess\u00e1rio se fazer um esfor\u00e7o concentrado em torno da mat\u00e9ria, porque a institui\u00e7\u00e3o deste 1% na cota do FPM \u00e9 uma luz no fim do t\u00fanel para os prefeitos brasileiros.<\/p>\n<p>\u201cAproveito para agradecer aos deputados Rubens J\u00fanior, Jo\u00e3o Marcelo e Sarney Filho pelo empenho, j\u00e1 que s\u00e3o integrantes da Comiss\u00e3o e pe\u00e7o para que incentivem seus demais integrantes para que an\u00e1lise da proposta tenha celeridade\u201d, afirmou Tema.<\/p>\n<p>Com a instala\u00e7\u00e3o da Comiss\u00e3o, o prazo para apresenta\u00e7\u00e3o do relat\u00f3rio no Plen\u00e1rio da C\u00e2mara ser\u00e1 de 40 sess\u00f5es contadas a partir do dia 9 de novembro. Entretanto, o relator J\u00falio C\u00e9sar prop\u00f4s reduzir esse per\u00edodo. &#8220;Quero sugerir logo a convoca\u00e7\u00e3o do presidente da CNM para a \u00fanica reuni\u00e3o que teremos sobre a PEC e, em seguida, apresentaremos relat\u00f3rio para aprovar ainda neste m\u00eas no Plen\u00e1rio&#8221;, disse.<\/p>\n","protected":false},"excerpt":{"rendered":"<p>Foi instalada, na C\u00e2mara Federal, na tarde desta ter\u00e7a-feira (20), a Comiss\u00e3o Especial que vai analisar a Proposta de Emenda [&hellip;]<\/p>\n","protected":false},"author":0,"featured_media":0,"comment_status":"open","ping_status":"open","sticky":false,"template":"","format":"standard","meta":{"site-sidebar-layout":"default","site-content-layout":"","ast-site-content-layout":"default","site-content-style":"default","site-sidebar-style":"default","ast-global-header-display":"","ast-banner-title-visibility":"","ast-main-header-display":"","ast-hfb-above-header-display":"","ast-hfb-below-header-display":"","ast-hfb-mobile-header-display":"","site-post-title":"","ast-breadcrumbs-content":"","ast-featured-img":"","footer-sml-layout":"","ast-disable-related-posts":"","theme-transparent-header-meta":"","adv-header-id-meta":"","stick-header-meta":"","header-above-stick-meta":"","header-main-stick-meta":"","header-below-stick-meta":"","astra-migrate-meta-layouts":"default","ast-page-background-enabled":"default","ast-page-background-meta":{"desktop":{"background-color":"var(--ast-global-color-5)","background-image":"","background-repeat":"repeat","background-position":"center center","background-size":"auto","background-attachment":"scroll","background-type":"","background-media":"","overlay-type":"","overlay-color":"","overlay-opacity":"","overlay-gradient":""},"tablet":{"background-color":"","background-image":"","background-repeat":"repeat","background-position":"center center","background-size":"auto","background-attachment":"scroll","background-type":"","background-media":"","overlay-type":"","overlay-color":"","overlay-opacity":"","overlay-gradient":""},"mobile":{"background-color":"","background-image":"","background-repeat":"repeat","background-position":"center center","background-size":"auto","background-attachment":"scroll","background-type":"","background-media":"","overlay-type":"","overlay-color":"","overlay-opacity":"","overlay-gradient":""}},"ast-content-background-meta":{"desktop":{"background-color":"var(--ast-global-color-4)","background-image":"","background-repeat":"repeat","background-position":"center center","background-size":"auto","background-attachment":"scroll","background-type":"","background-media":"","overlay-type":"","overlay-color":"","overlay-opacity":"","overlay-gradient":""},"tablet":{"background-color":"var(--ast-global-color-4)","background-image":"","background-repeat":"repeat","background-position":"center center","background-size":"auto","background-attachment":"scroll","background-type":"","background-media":"","overlay-type":"","overlay-color":"","overlay-opacity":"","overlay-gradient":""},"mobile":{"background-color":"var(--ast-global-color-4)","background-image":"","background-repeat":"repeat","background-position":"center center","background-size":"auto","background-attachment":"scroll","background-type":"","background-media":"","overlay-type":"","overlay-color":"","overlay-opacity":"","overlay-gradient":""}},"footnotes":""},"categories":[1],"tags":[],"class_list":["post-58199","post","type-post","status-publish","format-standard","hentry","category-sem-categoria"],"yoast_head":"<!-- This site is optimized with the Yoast SEO plugin v26.6 - https:\/\/yoast.com\/wordpress\/plugins\/seo\/ -->\n<title>Tema agradece parlamentares pelo empenho na instala\u00e7\u00e3o da Comiss\u00e3o Especial da PEC do 1% - Daniel Matos<\/title>\n<meta name=\"robots\" content=\"index, follow, max-snippet:-1, max-image-preview:large, max-video-preview:-1\" \/>\n<link rel=\"canonical\" href=\"https:\/\/www.blogsoestado.com\/danielmatos\/tema-agradece-parlamentares-pelo-empenho-na-instalacao-da-comissao-especial-da-pec-do-1\/\" \/>\n<meta property=\"og:locale\" content=\"pt_BR\" \/>\n<meta property=\"og:type\" content=\"article\" \/>\n<meta property=\"og:title\" content=\"Tema agradece parlamentares pelo empenho na instala\u00e7\u00e3o da Comiss\u00e3o Especial da PEC do 1% - Daniel Matos\" \/>\n<meta property=\"og:description\" content=\"Foi instalada, na C\u00e2mara Federal, na tarde desta ter\u00e7a-feira (20), a Comiss\u00e3o Especial que vai analisar a Proposta de Emenda [&hellip;]\" \/>\n<meta property=\"og:url\" content=\"https:\/\/www.blogsoestado.com\/danielmatos\/tema-agradece-parlamentares-pelo-empenho-na-instalacao-da-comissao-especial-da-pec-do-1\/\" \/>\n<meta property=\"og:site_name\" content=\"Daniel Matos\" \/>\n<meta property=\"article:published_time\" content=\"2018-11-21T19:08:12+00:00\" \/>\n<meta name=\"twitter:card\" content=\"summary_large_image\" \/>\n<meta name=\"twitter:label1\" content=\"Est. tempo de leitura\" \/>\n\t<meta name=\"twitter:data1\" content=\"2 minutos\" \/>\n<script type=\"application\/ld+json\" class=\"yoast-schema-graph\">{\"@context\":\"https:\/\/schema.org\",\"@graph\":[{\"@type\":\"WebPage\",\"@id\":\"https:\/\/www.blogsoestado.com\/danielmatos\/tema-agradece-parlamentares-pelo-empenho-na-instalacao-da-comissao-especial-da-pec-do-1\/\",\"url\":\"https:\/\/www.blogsoestado.com\/danielmatos\/tema-agradece-parlamentares-pelo-empenho-na-instalacao-da-comissao-especial-da-pec-do-1\/\",\"name\":\"Tema agradece parlamentares pelo empenho na instala\u00e7\u00e3o da Comiss\u00e3o Especial da PEC do 1% - Daniel Matos\",\"isPartOf\":{\"@id\":\"https:\/\/www.blogsoestado.com\/danielmatos\/#website\"},\"datePublished\":\"2018-11-21T19:08:12+00:00\",\"author\":{\"@id\":\"\"},\"breadcrumb\":{\"@id\":\"https:\/\/www.blogsoestado.com\/danielmatos\/tema-agradece-parlamentares-pelo-empenho-na-instalacao-da-comissao-especial-da-pec-do-1\/#breadcrumb\"},\"inLanguage\":\"pt-BR\",\"potentialAction\":[{\"@type\":\"ReadAction\",\"target\":[\"https:\/\/www.blogsoestado.com\/danielmatos\/tema-agradece-parlamentares-pelo-empenho-na-instalacao-da-comissao-especial-da-pec-do-1\/\"]}]},{\"@type\":\"BreadcrumbList\",\"@id\":\"https:\/\/www.blogsoestado.com\/danielmatos\/tema-agradece-parlamentares-pelo-empenho-na-instalacao-da-comissao-especial-da-pec-do-1\/#breadcrumb\",\"itemListElement\":[{\"@type\":\"ListItem\",\"position\":1,\"name\":\"In\u00edcio\",\"item\":\"https:\/\/www.blogsoestado.com\/danielmatos\/\"},{\"@type\":\"ListItem\",\"position\":2,\"name\":\"Tema agradece parlamentares pelo empenho na instala\u00e7\u00e3o da Comiss\u00e3o Especial da PEC do 1%\"}]},{\"@type\":\"WebSite\",\"@id\":\"https:\/\/www.blogsoestado.com\/danielmatos\/#website\",\"url\":\"https:\/\/www.blogsoestado.com\/danielmatos\/\",\"name\":\"Daniel Matos\",\"description\":\"\",\"potentialAction\":[{\"@type\":\"SearchAction\",\"target\":{\"@type\":\"EntryPoint\",\"urlTemplate\":\"https:\/\/www.blogsoestado.com\/danielmatos\/?s={search_term_string}\"},\"query-input\":{\"@type\":\"PropertyValueSpecification\",\"valueRequired\":true,\"valueName\":\"search_term_string\"}}],\"inLanguage\":\"pt-BR\"}]}<\/script>\n<!-- \/ Yoast SEO plugin. -->","yoast_head_json":{"title":"Tema agradece parlamentares pelo empenho na instala\u00e7\u00e3o da Comiss\u00e3o Especial da PEC do 1% - Daniel Matos","robots":{"index":"index","follow":"follow","max-snippet":"max-snippet:-1","max-image-preview":"max-image-preview:large","max-video-preview":"max-video-preview:-1"},"canonical":"https:\/\/www.blogsoestado.com\/danielmatos\/tema-agradece-parlamentares-pelo-empenho-na-instalacao-da-comissao-especial-da-pec-do-1\/","og_locale":"pt_BR","og_type":"article","og_title":"Tema agradece parlamentares pelo empenho na instala\u00e7\u00e3o da Comiss\u00e3o Especial da PEC do 1% - Daniel Matos","og_description":"Foi instalada, na C\u00e2mara Federal, na tarde desta ter\u00e7a-feira (20), a Comiss\u00e3o Especial que vai analisar a Proposta de Emenda [&hellip;]","og_url":"https:\/\/www.blogsoestado.com\/danielmatos\/tema-agradece-parlamentares-pelo-empenho-na-instalacao-da-comissao-especial-da-pec-do-1\/","og_site_name":"Daniel Matos","article_published_time":"2018-11-21T19:08:12+00:00","twitter_card":"summary_large_image","twitter_misc":{"Est. tempo de leitura":"2 minutos"},"schema":{"@context":"https:\/\/schema.org","@graph":[{"@type":"WebPage","@id":"https:\/\/www.blogsoestado.com\/danielmatos\/tema-agradece-parlamentares-pelo-empenho-na-instalacao-da-comissao-especial-da-pec-do-1\/","url":"https:\/\/www.blogsoestado.com\/danielmatos\/tema-agradece-parlamentares-pelo-empenho-na-instalacao-da-comissao-especial-da-pec-do-1\/","name":"Tema agradece parlamentares pelo empenho na instala\u00e7\u00e3o da Comiss\u00e3o Especial da PEC do 1% - Daniel Matos","isPartOf":{"@id":"https:\/\/www.blogsoestado.com\/danielmatos\/#website"},"datePublished":"2018-11-21T19:08:12+00:00","author":{"@id":""},"breadcrumb":{"@id":"https:\/\/www.blogsoestado.com\/danielmatos\/tema-agradece-parlamentares-pelo-empenho-na-instalacao-da-comissao-especial-da-pec-do-1\/#breadcrumb"},"inLanguage":"pt-BR","potentialAction":[{"@type":"ReadAction","target":["https:\/\/www.blogsoestado.com\/danielmatos\/tema-agradece-parlamentares-pelo-empenho-na-instalacao-da-comissao-especial-da-pec-do-1\/"]}]},{"@type":"BreadcrumbList","@id":"https:\/\/www.blogsoestado.com\/danielmatos\/tema-agradece-parlamentares-pelo-empenho-na-instalacao-da-comissao-especial-da-pec-do-1\/#breadcrumb","itemListElement":[{"@type":"ListItem","position":1,"name":"In\u00edcio","item":"https:\/\/www.blogsoestado.com\/danielmatos\/"},{"@type":"ListItem","position":2,"name":"Tema agradece parlamentares pelo empenho na instala\u00e7\u00e3o da Comiss\u00e3o Especial da PEC do 1%"}]},{"@type":"WebSite","@id":"https:\/\/www.blogsoestado.com\/danielmatos\/#website","url":"https:\/\/www.blogsoestado.com\/danielmatos\/","name":"Daniel Matos","description":"","potentialAction":[{"@type":"SearchAction","target":{"@type":"EntryPoint","urlTemplate":"https:\/\/www.blogsoestado.com\/danielmatos\/?s={search_term_string}"},"query-input":{"@type":"PropertyValueSpecification","valueRequired":true,"valueName":"search_term_string"}}],"inLanguage":"pt-BR"}]}},"jetpack_featured_media_url":"","_links":{"self":[{"href":"https:\/\/www.blogsoestado.com\/danielmatos\/wp-json\/wp\/v2\/posts\/58199","targetHints":{"allow":["GET"]}}],"collection":[{"href":"https:\/\/www.blogsoestado.com\/danielmatos\/wp-json\/wp\/v2\/posts"}],"about":[{"href":"https:\/\/www.blogsoestado.com\/danielmatos\/wp-json\/wp\/v2\/types\/post"}],"replies":[{"embeddable":true,"href":"https:\/\/www.blogsoestado.com\/danielmatos\/wp-json\/wp\/v2\/comments?post=58199"}],"version-history":[{"count":0,"href":"https:\/\/www.blogsoestado.com\/danielmatos\/wp-json\/wp\/v2\/posts\/58199\/revisions"}],"wp:attachment":[{"href":"https:\/\/www.blogsoestado.com\/danielmatos\/wp-json\/wp\/v2\/media?parent=58199"}],"wp:term":[{"taxonomy":"category","embeddable":true,"href":"https:\/\/www.blogsoestado.com\/danielmatos\/wp-json\/wp\/v2\/categories?post=58199"},{"taxonomy":"post_tag","embeddable":true,"href":"https:\/\/www.blogsoestado.com\/danielmatos\/wp-json\/wp\/v2\/tags?post=58199"}],"curies":[{"name":"wp","href":"https:\/\/api.w.org\/{rel}","templated":true}]}}