{"id":58491,"date":"2018-12-02T20:06:46","date_gmt":"2018-12-02T23:06:46","guid":{"rendered":"https:\/\/www.blogsoestado.com\/danielmatos\/?p=58491"},"modified":"2018-12-02T20:06:46","modified_gmt":"2018-12-02T23:06:46","slug":"tema-destaca-trajetoria-do-presidente-do-tcu-durante-solenidade-na-assembleia-legislativa","status":"publish","type":"post","link":"https:\/\/www.blogsoestado.com\/danielmatos\/tema-destaca-trajetoria-do-presidente-do-tcu-durante-solenidade-na-assembleia-legislativa\/","title":{"rendered":"Tema destaca trajet\u00f3ria do presidente do TCU durante solenidade na Assembleia Legislativa"},"content":{"rendered":"<figure id=\"attachment_58492\" aria-describedby=\"caption-attachment-58492\" style=\"width: 450px\" class=\"wp-caption alignleft\"><a href=\"https:\/\/www.blogsoestado.com\/danielmatos\/2018\/12\/02\/tema-destaca-trajetoria-do-presidente-do-tcu-durante-solenidade-na-assembleia-legislativa\/tema-e-raimundo-carreiro\/\" rel=\"attachment wp-att-58492\"><img fetchpriority=\"high\" decoding=\"async\" class=\"wp-image-58492\" src=\"https:\/\/www.blogsoestado.com\/danielmatos\/files\/2018\/12\/Tema-e-Raimundo-Carreiro.jpg\" alt=\"\" width=\"450\" height=\"450\" \/><\/a><figcaption id=\"caption-attachment-58492\" class=\"wp-caption-text\">Tema fez quest\u00e3o de destacar trajet\u00f3ria brilhante do conterr\u00e2neo<\/figcaption><\/figure>\n<p>\u201cEle \u00e9 um orgulho para todos n\u00f3s maranhenses, porque tem uma trajet\u00f3ria brilhante, de lutas e conquistas. Nasceu na min\u00fascula cidade de Benedito Leite, morou parte de sua vida em S\u00e3o Raimundo das Mangabeiras, onde chegou a ser vereador e depois se mudou para Bras\u00edlia, onde, por conta dos estudos e dos esfor\u00e7os, construiu uma invej\u00e1vel carreira no Senado, onde chegou \u00e0 fun\u00e7\u00e3o de Diretor-Geral da Mesa Diretora, at\u00e9 ser indicado e aprovado por unanimidade para o cargo de ministro do Tribunal de Contas da Uni\u00e3o (TCU), sendo, atualmente, presidente daquela Corte\u201d.<\/p>\n<p>A afirma\u00e7\u00e3o foi feita na manh\u00e3 desta sexta-feira (30), pelo presidente da Federa\u00e7\u00e3o dos Munic\u00edpios do Estado do Maranh\u00e3o- FAMEM, Cleomar Tema, por ocasi\u00e3o da solenidade em que o presidente do Tribunal de Contas da Uni\u00e3o, Raimundo Carreiro, foi condecorado na Assembleia Legislativa com a medalha Manoel Beckman, por iniciativa do deputado Max Barros.<\/p>\n<p>Tema afirmou que o TCU passou por grandes avan\u00e7os durante a gest\u00e3o de Raimundo Carreiro, ressaltando que ele \u00e9 uma das mentes mais brilhantes do Pa\u00eds. \u201c\u00c9 um maranhense que construiu uma s\u00f3lida carreira e hoje preside o TCU, ap\u00f3s anos e anos de relevantes servi\u00e7os prestados ao Senado e \u00e0 na\u00e7\u00e3o. Ele \u00e9, pela sua biografia, merecedor dessa distin\u00e7\u00e3o\u201d, afirmou Cleomar Tema.<\/p>\n<p>Falando \u00e0 equipe de comunica\u00e7\u00e3o da FAMEM, Raimundo Carreiro destacou que o sucesso est\u00e1 no esfor\u00e7o e na dedica\u00e7\u00e3o de qualquer um. Oriundo do interior do Maranh\u00e3o, desembarquei em Bras\u00edlia sem sequer saber utilizar o telefone. Ingressei no Senado em cargo subalterno e cheguei ao comando da Secretaria Geral da Mesa Diretora. Mas isso, gra\u00e7as aos estudos. Qualquer jovem pode trilhar o mesmo caminho, basta mergulhar nos estudos e ter uma boa orienta\u00e7\u00e3o\u201d, afirmou.<\/p>\n<p>O presidente do TCU afirmou ainda estava bastante feliz e muito emocionado em ser condecorado com a medalha Manoel Beckman, como forma de reconhecimento ao trabalho executado h\u00e1 meio s\u00e9culo no servi\u00e7o p\u00fablico.<\/p>\n","protected":false},"excerpt":{"rendered":"<p>\u201cEle \u00e9 um orgulho para todos n\u00f3s maranhenses, porque tem uma trajet\u00f3ria brilhante, de lutas e conquistas. Nasceu na min\u00fascula [&hellip;]<\/p>\n","protected":false},"author":0,"featured_media":0,"comment_status":"open","ping_status":"open","sticky":false,"template":"","format":"standard","meta":{"site-sidebar-layout":"default","site-content-layout":"","ast-site-content-layout":"default","site-content-style":"default","site-sidebar-style":"default","ast-global-header-display":"","ast-banner-title-visibility":"","ast-main-header-display":"","ast-hfb-above-header-display":"","ast-hfb-below-header-display":"","ast-hfb-mobile-header-display":"","site-post-title":"","ast-breadcrumbs-content":"","ast-featured-img":"","footer-sml-layout":"","ast-disable-related-posts":"","theme-transparent-header-meta":"","adv-header-id-meta":"","stick-header-meta":"","header-above-stick-meta":"","header-main-stick-meta":"","header-below-stick-meta":"","astra-migrate-meta-layouts":"default","ast-page-background-enabled":"default","ast-page-background-meta":{"desktop":{"background-color":"var(--ast-global-color-5)","background-image":"","background-repeat":"repeat","background-position":"center center","background-size":"auto","background-attachment":"scroll","background-type":"","background-media":"","overlay-type":"","overlay-color":"","overlay-opacity":"","overlay-gradient":""},"tablet":{"background-color":"","background-image":"","background-repeat":"repeat","background-position":"center center","background-size":"auto","background-attachment":"scroll","background-type":"","background-media":"","overlay-type":"","overlay-color":"","overlay-opacity":"","overlay-gradient":""},"mobile":{"background-color":"","background-image":"","background-repeat":"repeat","background-position":"center center","background-size":"auto","background-attachment":"scroll","background-type":"","background-media":"","overlay-type":"","overlay-color":"","overlay-opacity":"","overlay-gradient":""}},"ast-content-background-meta":{"desktop":{"background-color":"var(--ast-global-color-4)","background-image":"","background-repeat":"repeat","background-position":"center center","background-size":"auto","background-attachment":"scroll","background-type":"","background-media":"","overlay-type":"","overlay-color":"","overlay-opacity":"","overlay-gradient":""},"tablet":{"background-color":"var(--ast-global-color-4)","background-image":"","background-repeat":"repeat","background-position":"center center","background-size":"auto","background-attachment":"scroll","background-type":"","background-media":"","overlay-type":"","overlay-color":"","overlay-opacity":"","overlay-gradient":""},"mobile":{"background-color":"var(--ast-global-color-4)","background-image":"","background-repeat":"repeat","background-position":"center center","background-size":"auto","background-attachment":"scroll","background-type":"","background-media":"","overlay-type":"","overlay-color":"","overlay-opacity":"","overlay-gradient":""}},"footnotes":""},"categories":[1],"tags":[],"class_list":["post-58491","post","type-post","status-publish","format-standard","hentry","category-sem-categoria"],"yoast_head":"<!-- This site is optimized with the Yoast SEO plugin v26.6 - https:\/\/yoast.com\/wordpress\/plugins\/seo\/ -->\n<title>Tema destaca trajet\u00f3ria do presidente do TCU durante solenidade na Assembleia Legislativa - Daniel Matos<\/title>\n<meta name=\"robots\" content=\"index, follow, max-snippet:-1, max-image-preview:large, max-video-preview:-1\" \/>\n<link rel=\"canonical\" href=\"https:\/\/www.blogsoestado.com\/danielmatos\/tema-destaca-trajetoria-do-presidente-do-tcu-durante-solenidade-na-assembleia-legislativa\/\" \/>\n<meta property=\"og:locale\" content=\"pt_BR\" \/>\n<meta property=\"og:type\" content=\"article\" \/>\n<meta property=\"og:title\" content=\"Tema destaca trajet\u00f3ria do presidente do TCU durante solenidade na Assembleia Legislativa - Daniel Matos\" \/>\n<meta property=\"og:description\" content=\"\u201cEle \u00e9 um orgulho para todos n\u00f3s maranhenses, porque tem uma trajet\u00f3ria brilhante, de lutas e conquistas. Nasceu na min\u00fascula [&hellip;]\" \/>\n<meta property=\"og:url\" content=\"https:\/\/www.blogsoestado.com\/danielmatos\/tema-destaca-trajetoria-do-presidente-do-tcu-durante-solenidade-na-assembleia-legislativa\/\" \/>\n<meta property=\"og:site_name\" content=\"Daniel Matos\" \/>\n<meta property=\"article:published_time\" content=\"2018-12-02T23:06:46+00:00\" \/>\n<meta property=\"og:image\" content=\"https:\/\/www.blogsoestado.com\/danielmatos\/files\/2018\/12\/Tema-e-Raimundo-Carreiro.jpg\" \/>\n<meta name=\"twitter:card\" content=\"summary_large_image\" \/>\n<meta name=\"twitter:label1\" content=\"Est. tempo de leitura\" \/>\n\t<meta name=\"twitter:data1\" content=\"2 minutos\" \/>\n<script type=\"application\/ld+json\" class=\"yoast-schema-graph\">{\"@context\":\"https:\/\/schema.org\",\"@graph\":[{\"@type\":\"WebPage\",\"@id\":\"https:\/\/www.blogsoestado.com\/danielmatos\/tema-destaca-trajetoria-do-presidente-do-tcu-durante-solenidade-na-assembleia-legislativa\/\",\"url\":\"https:\/\/www.blogsoestado.com\/danielmatos\/tema-destaca-trajetoria-do-presidente-do-tcu-durante-solenidade-na-assembleia-legislativa\/\",\"name\":\"Tema destaca trajet\u00f3ria do presidente do TCU durante solenidade na Assembleia Legislativa - Daniel Matos\",\"isPartOf\":{\"@id\":\"https:\/\/www.blogsoestado.com\/danielmatos\/#website\"},\"primaryImageOfPage\":{\"@id\":\"https:\/\/www.blogsoestado.com\/danielmatos\/tema-destaca-trajetoria-do-presidente-do-tcu-durante-solenidade-na-assembleia-legislativa\/#primaryimage\"},\"image\":{\"@id\":\"https:\/\/www.blogsoestado.com\/danielmatos\/tema-destaca-trajetoria-do-presidente-do-tcu-durante-solenidade-na-assembleia-legislativa\/#primaryimage\"},\"thumbnailUrl\":\"https:\/\/www.blogsoestado.com\/danielmatos\/files\/2018\/12\/Tema-e-Raimundo-Carreiro.jpg\",\"datePublished\":\"2018-12-02T23:06:46+00:00\",\"author\":{\"@id\":\"\"},\"breadcrumb\":{\"@id\":\"https:\/\/www.blogsoestado.com\/danielmatos\/tema-destaca-trajetoria-do-presidente-do-tcu-durante-solenidade-na-assembleia-legislativa\/#breadcrumb\"},\"inLanguage\":\"pt-BR\",\"potentialAction\":[{\"@type\":\"ReadAction\",\"target\":[\"https:\/\/www.blogsoestado.com\/danielmatos\/tema-destaca-trajetoria-do-presidente-do-tcu-durante-solenidade-na-assembleia-legislativa\/\"]}]},{\"@type\":\"ImageObject\",\"inLanguage\":\"pt-BR\",\"@id\":\"https:\/\/www.blogsoestado.com\/danielmatos\/tema-destaca-trajetoria-do-presidente-do-tcu-durante-solenidade-na-assembleia-legislativa\/#primaryimage\",\"url\":\"https:\/\/www.blogsoestado.com\/danielmatos\/files\/2018\/12\/Tema-e-Raimundo-Carreiro.jpg\",\"contentUrl\":\"https:\/\/www.blogsoestado.com\/danielmatos\/files\/2018\/12\/Tema-e-Raimundo-Carreiro.jpg\"},{\"@type\":\"BreadcrumbList\",\"@id\":\"https:\/\/www.blogsoestado.com\/danielmatos\/tema-destaca-trajetoria-do-presidente-do-tcu-durante-solenidade-na-assembleia-legislativa\/#breadcrumb\",\"itemListElement\":[{\"@type\":\"ListItem\",\"position\":1,\"name\":\"In\u00edcio\",\"item\":\"https:\/\/www.blogsoestado.com\/danielmatos\/\"},{\"@type\":\"ListItem\",\"position\":2,\"name\":\"Tema destaca trajet\u00f3ria do presidente do TCU durante solenidade na Assembleia Legislativa\"}]},{\"@type\":\"WebSite\",\"@id\":\"https:\/\/www.blogsoestado.com\/danielmatos\/#website\",\"url\":\"https:\/\/www.blogsoestado.com\/danielmatos\/\",\"name\":\"Daniel Matos\",\"description\":\"\",\"potentialAction\":[{\"@type\":\"SearchAction\",\"target\":{\"@type\":\"EntryPoint\",\"urlTemplate\":\"https:\/\/www.blogsoestado.com\/danielmatos\/?s={search_term_string}\"},\"query-input\":{\"@type\":\"PropertyValueSpecification\",\"valueRequired\":true,\"valueName\":\"search_term_string\"}}],\"inLanguage\":\"pt-BR\"}]}<\/script>\n<!-- \/ Yoast SEO plugin. -->","yoast_head_json":{"title":"Tema destaca trajet\u00f3ria do presidente do TCU durante solenidade na Assembleia Legislativa - Daniel Matos","robots":{"index":"index","follow":"follow","max-snippet":"max-snippet:-1","max-image-preview":"max-image-preview:large","max-video-preview":"max-video-preview:-1"},"canonical":"https:\/\/www.blogsoestado.com\/danielmatos\/tema-destaca-trajetoria-do-presidente-do-tcu-durante-solenidade-na-assembleia-legislativa\/","og_locale":"pt_BR","og_type":"article","og_title":"Tema destaca trajet\u00f3ria do presidente do TCU durante solenidade na Assembleia Legislativa - Daniel Matos","og_description":"\u201cEle \u00e9 um orgulho para todos n\u00f3s maranhenses, porque tem uma trajet\u00f3ria brilhante, de lutas e conquistas. Nasceu na min\u00fascula [&hellip;]","og_url":"https:\/\/www.blogsoestado.com\/danielmatos\/tema-destaca-trajetoria-do-presidente-do-tcu-durante-solenidade-na-assembleia-legislativa\/","og_site_name":"Daniel Matos","article_published_time":"2018-12-02T23:06:46+00:00","og_image":[{"url":"https:\/\/www.blogsoestado.com\/danielmatos\/files\/2018\/12\/Tema-e-Raimundo-Carreiro.jpg","type":"","width":"","height":""}],"twitter_card":"summary_large_image","twitter_misc":{"Est. tempo de leitura":"2 minutos"},"schema":{"@context":"https:\/\/schema.org","@graph":[{"@type":"WebPage","@id":"https:\/\/www.blogsoestado.com\/danielmatos\/tema-destaca-trajetoria-do-presidente-do-tcu-durante-solenidade-na-assembleia-legislativa\/","url":"https:\/\/www.blogsoestado.com\/danielmatos\/tema-destaca-trajetoria-do-presidente-do-tcu-durante-solenidade-na-assembleia-legislativa\/","name":"Tema destaca trajet\u00f3ria do presidente do TCU durante solenidade na Assembleia Legislativa - Daniel Matos","isPartOf":{"@id":"https:\/\/www.blogsoestado.com\/danielmatos\/#website"},"primaryImageOfPage":{"@id":"https:\/\/www.blogsoestado.com\/danielmatos\/tema-destaca-trajetoria-do-presidente-do-tcu-durante-solenidade-na-assembleia-legislativa\/#primaryimage"},"image":{"@id":"https:\/\/www.blogsoestado.com\/danielmatos\/tema-destaca-trajetoria-do-presidente-do-tcu-durante-solenidade-na-assembleia-legislativa\/#primaryimage"},"thumbnailUrl":"https:\/\/www.blogsoestado.com\/danielmatos\/files\/2018\/12\/Tema-e-Raimundo-Carreiro.jpg","datePublished":"2018-12-02T23:06:46+00:00","author":{"@id":""},"breadcrumb":{"@id":"https:\/\/www.blogsoestado.com\/danielmatos\/tema-destaca-trajetoria-do-presidente-do-tcu-durante-solenidade-na-assembleia-legislativa\/#breadcrumb"},"inLanguage":"pt-BR","potentialAction":[{"@type":"ReadAction","target":["https:\/\/www.blogsoestado.com\/danielmatos\/tema-destaca-trajetoria-do-presidente-do-tcu-durante-solenidade-na-assembleia-legislativa\/"]}]},{"@type":"ImageObject","inLanguage":"pt-BR","@id":"https:\/\/www.blogsoestado.com\/danielmatos\/tema-destaca-trajetoria-do-presidente-do-tcu-durante-solenidade-na-assembleia-legislativa\/#primaryimage","url":"https:\/\/www.blogsoestado.com\/danielmatos\/files\/2018\/12\/Tema-e-Raimundo-Carreiro.jpg","contentUrl":"https:\/\/www.blogsoestado.com\/danielmatos\/files\/2018\/12\/Tema-e-Raimundo-Carreiro.jpg"},{"@type":"BreadcrumbList","@id":"https:\/\/www.blogsoestado.com\/danielmatos\/tema-destaca-trajetoria-do-presidente-do-tcu-durante-solenidade-na-assembleia-legislativa\/#breadcrumb","itemListElement":[{"@type":"ListItem","position":1,"name":"In\u00edcio","item":"https:\/\/www.blogsoestado.com\/danielmatos\/"},{"@type":"ListItem","position":2,"name":"Tema destaca trajet\u00f3ria do presidente do TCU durante solenidade na Assembleia Legislativa"}]},{"@type":"WebSite","@id":"https:\/\/www.blogsoestado.com\/danielmatos\/#website","url":"https:\/\/www.blogsoestado.com\/danielmatos\/","name":"Daniel Matos","description":"","potentialAction":[{"@type":"SearchAction","target":{"@type":"EntryPoint","urlTemplate":"https:\/\/www.blogsoestado.com\/danielmatos\/?s={search_term_string}"},"query-input":{"@type":"PropertyValueSpecification","valueRequired":true,"valueName":"search_term_string"}}],"inLanguage":"pt-BR"}]}},"jetpack_featured_media_url":"","_links":{"self":[{"href":"https:\/\/www.blogsoestado.com\/danielmatos\/wp-json\/wp\/v2\/posts\/58491","targetHints":{"allow":["GET"]}}],"collection":[{"href":"https:\/\/www.blogsoestado.com\/danielmatos\/wp-json\/wp\/v2\/posts"}],"about":[{"href":"https:\/\/www.blogsoestado.com\/danielmatos\/wp-json\/wp\/v2\/types\/post"}],"replies":[{"embeddable":true,"href":"https:\/\/www.blogsoestado.com\/danielmatos\/wp-json\/wp\/v2\/comments?post=58491"}],"version-history":[{"count":0,"href":"https:\/\/www.blogsoestado.com\/danielmatos\/wp-json\/wp\/v2\/posts\/58491\/revisions"}],"wp:attachment":[{"href":"https:\/\/www.blogsoestado.com\/danielmatos\/wp-json\/wp\/v2\/media?parent=58491"}],"wp:term":[{"taxonomy":"category","embeddable":true,"href":"https:\/\/www.blogsoestado.com\/danielmatos\/wp-json\/wp\/v2\/categories?post=58491"},{"taxonomy":"post_tag","embeddable":true,"href":"https:\/\/www.blogsoestado.com\/danielmatos\/wp-json\/wp\/v2\/tags?post=58491"}],"curies":[{"name":"wp","href":"https:\/\/api.w.org\/{rel}","templated":true}]}}