{"id":58500,"date":"2018-12-03T09:52:36","date_gmt":"2018-12-03T12:52:36","guid":{"rendered":"https:\/\/www.blogsoestado.com\/danielmatos\/?p=58500"},"modified":"2018-12-03T09:52:36","modified_gmt":"2018-12-03T12:52:36","slug":"novo-diretor-da-tv-ufma-e-denunciado-por-improbidade-administrativa","status":"publish","type":"post","link":"https:\/\/www.blogsoestado.com\/danielmatos\/novo-diretor-da-tv-ufma-e-denunciado-por-improbidade-administrativa\/","title":{"rendered":"Novo diretor da TV UFMA \u00e9 denunciado por improbidade administrativa"},"content":{"rendered":"<figure id=\"attachment_58511\" aria-describedby=\"caption-attachment-58511\" style=\"width: 261px\" class=\"wp-caption alignleft\"><a href=\"https:\/\/www.blogsoestado.com\/danielmatos\/2018\/12\/03\/novo-diretor-da-tv-ufma-e-denunciado-por-improbidade-administrativa\/nair-marcos-figueiredo-2\/\" rel=\"attachment wp-att-58511\"><img fetchpriority=\"high\" decoding=\"async\" class=\"size-full wp-image-58511\" src=\"https:\/\/www.blogsoestado.com\/danielmatos\/files\/2018\/12\/nair-marcos-figueiredo-1.jpg\" alt=\"\" width=\"261\" height=\"392\" \/><\/a><figcaption id=\"caption-attachment-58511\" class=\"wp-caption-text\">Professor Marcos Figueiredo ter\u00e1 que esclarecer medidas que tomou \u00e0 frente da TV UFMA<\/figcaption><\/figure>\n<p>Marcos Figueiredo, professor do Departamento de Comunica\u00e7\u00e3o \u00e9 o novo diretor da TV UFMA, nomeado pela Reitora Nair Portela, j\u00e1 come\u00e7ou mal. Tramitam no Minist\u00e9rio P\u00fablico Federal (MPF) pelo menos duas den\u00fancias contra o diretor por improbidade administrativa. \u00c9 que ele resolveu trocar favores com servidores do Minist\u00e9rio do Planejamento, cedidos \u00e0 UFMA. Os servidores Luiz S\u00e9rgio Bello e Jacques Abreu Figueiredo trabalhavam na televis\u00e3o da universidade, mas foram afastados ainda na antiga gest\u00e3o por den\u00fancias de ass\u00e9dio moral de funcion\u00e1rios e estagi\u00e1rios da emissora. Tudo de conhecimento da Reitora Nair Portela, da chefe de gabinete, Iran de Maria Leit\u00e3o, e da diretora do Departamento de Pessoal, da PRH, Mar\u00edlia Cristine Valente Viana, que participaram de uma reuni\u00e3o para ouvir as den\u00fancias dos funcion\u00e1rios ainda no ano de 2017, e concordaram com a remo\u00e7\u00e3o dos dois.<\/p>\n<p>Marcos Figueiredo, que tamb\u00e9m sabia das den\u00fancias, p\u00f4s os dois servidores dentro da TV UFMA novamente, assim que assumiu o cargo, desconsiderando o pedido dos funcion\u00e1rios para que eles n\u00e3o retornassem. A troca de favores fez Marcos Figueiredo \u201ccriar\u201d cargos de dire\u00e7\u00e3o para os dois sem nenhuma portaria, tudo de boca. O caso de Luiz S\u00e9rgio Bello \u00e9 ainda mais grave, ele assume e assina e-mails e cr\u00e9ditos de programas como \u201ccoordenador de n\u00facleo de produ\u00e7\u00e3o, de programa\u00e7\u00e3o e t\u00e9cnico\u201d, assume tr\u00eas chefias, sendo que sua fun\u00e7\u00e3o como servidor \u00e9 de mero assistente de produ\u00e7\u00e3o, sem ter sequer forma\u00e7\u00e3o superior. O cinismo dos dois \u00e9 tanto que eles fizeram at\u00e9 postagem nas redes socais comemorando a volta.<\/p>\n<p>Marcos Figueiredo tamb\u00e9m \u201ccriou\u201d cargos de \u201csupervis\u00e3o t\u00e9cnica\u201d na TV UFMA, tudo sem portaria, e sem conhecimento da Ibrapp, empresa que terceiriza os funcion\u00e1rios. Os cargos foram criados para beneficiar Nilton Ericeira e Javier Sireira. O Nilton Ericeira foi suspenso e depois demitido da tv na antiga gest\u00e3o por agredir um servidor, e volta recontratado pelo novo diretor. Javier Sireira \u00e9 um estrangeiro, sem forma\u00e7\u00e3o superior, tamb\u00e9m j\u00e1 foi denunciado por ass\u00e9dio moral e agress\u00f5es no MPF. Sob a nova supervis\u00e3o t\u00e9cnica, a UFMA vai ter que desembolsar pelo menos cem mil reais para consertar o storage da emissora, que queimou nas m\u00e3os dos supervisores sem capacidade alguma de trabalhar no cargo. Tudo isso \u00e9 resultado de mais uma a\u00e7\u00e3o desastrosa da reitora Nair Portela.<\/p>\n<p><strong>R\u00e9u<\/strong><\/p>\n<p>N\u00e3o \u00e9 a primeira vez que Marcos Figueiredo ter\u00e1 de prestar esclarecimentos \u00e0 Justi\u00e7a. Em 2006 ele foi afastado do cargo de diretor do N\u00facleo de Eventos e Concursos da UFMA (NEC), ap\u00f3s ser denunciado \u00e0 Pol\u00edcia Federal por envolvimento no esc\u00e2ndalo de fraudes do vestibular de medicina, que foi anulado na \u00e9poca. O esc\u00e2ndalo aconteceu na gest\u00e3o do ent\u00e3o reitor Fernando Ramos. Marcus Figueiredo foi afastado da dire\u00e7\u00e3o do NEC, e somente agora, na gest\u00e3o de Nair Portela, volta a ocupar cargo administrativo, primeiro como chefe da Ascom e agora como diretor da TV UFMA.<\/p>\n","protected":false},"excerpt":{"rendered":"<p>Marcos Figueiredo, professor do Departamento de Comunica\u00e7\u00e3o \u00e9 o novo diretor da TV UFMA, nomeado pela Reitora Nair Portela, j\u00e1 [&hellip;]<\/p>\n","protected":false},"author":0,"featured_media":0,"comment_status":"open","ping_status":"open","sticky":false,"template":"","format":"standard","meta":{"site-sidebar-layout":"default","site-content-layout":"","ast-site-content-layout":"default","site-content-style":"default","site-sidebar-style":"default","ast-global-header-display":"","ast-banner-title-visibility":"","ast-main-header-display":"","ast-hfb-above-header-display":"","ast-hfb-below-header-display":"","ast-hfb-mobile-header-display":"","site-post-title":"","ast-breadcrumbs-content":"","ast-featured-img":"","footer-sml-layout":"","ast-disable-related-posts":"","theme-transparent-header-meta":"","adv-header-id-meta":"","stick-header-meta":"","header-above-stick-meta":"","header-main-stick-meta":"","header-below-stick-meta":"","astra-migrate-meta-layouts":"default","ast-page-background-enabled":"default","ast-page-background-meta":{"desktop":{"background-color":"var(--ast-global-color-5)","background-image":"","background-repeat":"repeat","background-position":"center center","background-size":"auto","background-attachment":"scroll","background-type":"","background-media":"","overlay-type":"","overlay-color":"","overlay-opacity":"","overlay-gradient":""},"tablet":{"background-color":"","background-image":"","background-repeat":"repeat","background-position":"center center","background-size":"auto","background-attachment":"scroll","background-type":"","background-media":"","overlay-type":"","overlay-color":"","overlay-opacity":"","overlay-gradient":""},"mobile":{"background-color":"","background-image":"","background-repeat":"repeat","background-position":"center center","background-size":"auto","background-attachment":"scroll","background-type":"","background-media":"","overlay-type":"","overlay-color":"","overlay-opacity":"","overlay-gradient":""}},"ast-content-background-meta":{"desktop":{"background-color":"var(--ast-global-color-4)","background-image":"","background-repeat":"repeat","background-position":"center center","background-size":"auto","background-attachment":"scroll","background-type":"","background-media":"","overlay-type":"","overlay-color":"","overlay-opacity":"","overlay-gradient":""},"tablet":{"background-color":"var(--ast-global-color-4)","background-image":"","background-repeat":"repeat","background-position":"center center","background-size":"auto","background-attachment":"scroll","background-type":"","background-media":"","overlay-type":"","overlay-color":"","overlay-opacity":"","overlay-gradient":""},"mobile":{"background-color":"var(--ast-global-color-4)","background-image":"","background-repeat":"repeat","background-position":"center center","background-size":"auto","background-attachment":"scroll","background-type":"","background-media":"","overlay-type":"","overlay-color":"","overlay-opacity":"","overlay-gradient":""}},"footnotes":""},"categories":[1],"tags":[],"class_list":["post-58500","post","type-post","status-publish","format-standard","hentry","category-sem-categoria"],"yoast_head":"<!-- This site is optimized with the Yoast SEO plugin v26.6 - https:\/\/yoast.com\/wordpress\/plugins\/seo\/ -->\n<title>Novo diretor da TV UFMA \u00e9 denunciado por improbidade administrativa - Daniel Matos<\/title>\n<meta name=\"robots\" content=\"index, follow, max-snippet:-1, max-image-preview:large, max-video-preview:-1\" \/>\n<link rel=\"canonical\" href=\"https:\/\/www.blogsoestado.com\/danielmatos\/novo-diretor-da-tv-ufma-e-denunciado-por-improbidade-administrativa\/\" \/>\n<meta property=\"og:locale\" content=\"pt_BR\" \/>\n<meta property=\"og:type\" content=\"article\" \/>\n<meta property=\"og:title\" content=\"Novo diretor da TV UFMA \u00e9 denunciado por improbidade administrativa - Daniel Matos\" \/>\n<meta property=\"og:description\" content=\"Marcos Figueiredo, professor do Departamento de Comunica\u00e7\u00e3o \u00e9 o novo diretor da TV UFMA, nomeado pela Reitora Nair Portela, j\u00e1 [&hellip;]\" \/>\n<meta property=\"og:url\" content=\"https:\/\/www.blogsoestado.com\/danielmatos\/novo-diretor-da-tv-ufma-e-denunciado-por-improbidade-administrativa\/\" \/>\n<meta property=\"og:site_name\" content=\"Daniel Matos\" \/>\n<meta property=\"article:published_time\" content=\"2018-12-03T12:52:36+00:00\" \/>\n<meta property=\"og:image\" content=\"https:\/\/www.blogsoestado.com\/danielmatos\/files\/2018\/12\/nair-marcos-figueiredo-1.jpg\" \/>\n<meta name=\"twitter:card\" content=\"summary_large_image\" \/>\n<meta name=\"twitter:label1\" content=\"Est. tempo de leitura\" \/>\n\t<meta name=\"twitter:data1\" content=\"3 minutos\" \/>\n<script type=\"application\/ld+json\" class=\"yoast-schema-graph\">{\"@context\":\"https:\/\/schema.org\",\"@graph\":[{\"@type\":\"WebPage\",\"@id\":\"https:\/\/www.blogsoestado.com\/danielmatos\/novo-diretor-da-tv-ufma-e-denunciado-por-improbidade-administrativa\/\",\"url\":\"https:\/\/www.blogsoestado.com\/danielmatos\/novo-diretor-da-tv-ufma-e-denunciado-por-improbidade-administrativa\/\",\"name\":\"Novo diretor da TV UFMA \u00e9 denunciado por improbidade administrativa - Daniel Matos\",\"isPartOf\":{\"@id\":\"https:\/\/www.blogsoestado.com\/danielmatos\/#website\"},\"primaryImageOfPage\":{\"@id\":\"https:\/\/www.blogsoestado.com\/danielmatos\/novo-diretor-da-tv-ufma-e-denunciado-por-improbidade-administrativa\/#primaryimage\"},\"image\":{\"@id\":\"https:\/\/www.blogsoestado.com\/danielmatos\/novo-diretor-da-tv-ufma-e-denunciado-por-improbidade-administrativa\/#primaryimage\"},\"thumbnailUrl\":\"https:\/\/www.blogsoestado.com\/danielmatos\/files\/2018\/12\/nair-marcos-figueiredo-1.jpg\",\"datePublished\":\"2018-12-03T12:52:36+00:00\",\"author\":{\"@id\":\"\"},\"breadcrumb\":{\"@id\":\"https:\/\/www.blogsoestado.com\/danielmatos\/novo-diretor-da-tv-ufma-e-denunciado-por-improbidade-administrativa\/#breadcrumb\"},\"inLanguage\":\"pt-BR\",\"potentialAction\":[{\"@type\":\"ReadAction\",\"target\":[\"https:\/\/www.blogsoestado.com\/danielmatos\/novo-diretor-da-tv-ufma-e-denunciado-por-improbidade-administrativa\/\"]}]},{\"@type\":\"ImageObject\",\"inLanguage\":\"pt-BR\",\"@id\":\"https:\/\/www.blogsoestado.com\/danielmatos\/novo-diretor-da-tv-ufma-e-denunciado-por-improbidade-administrativa\/#primaryimage\",\"url\":\"https:\/\/www.blogsoestado.com\/danielmatos\/files\/2018\/12\/nair-marcos-figueiredo-1.jpg\",\"contentUrl\":\"https:\/\/www.blogsoestado.com\/danielmatos\/files\/2018\/12\/nair-marcos-figueiredo-1.jpg\"},{\"@type\":\"BreadcrumbList\",\"@id\":\"https:\/\/www.blogsoestado.com\/danielmatos\/novo-diretor-da-tv-ufma-e-denunciado-por-improbidade-administrativa\/#breadcrumb\",\"itemListElement\":[{\"@type\":\"ListItem\",\"position\":1,\"name\":\"In\u00edcio\",\"item\":\"https:\/\/www.blogsoestado.com\/danielmatos\/\"},{\"@type\":\"ListItem\",\"position\":2,\"name\":\"Novo diretor da TV UFMA \u00e9 denunciado por improbidade administrativa\"}]},{\"@type\":\"WebSite\",\"@id\":\"https:\/\/www.blogsoestado.com\/danielmatos\/#website\",\"url\":\"https:\/\/www.blogsoestado.com\/danielmatos\/\",\"name\":\"Daniel Matos\",\"description\":\"\",\"potentialAction\":[{\"@type\":\"SearchAction\",\"target\":{\"@type\":\"EntryPoint\",\"urlTemplate\":\"https:\/\/www.blogsoestado.com\/danielmatos\/?s={search_term_string}\"},\"query-input\":{\"@type\":\"PropertyValueSpecification\",\"valueRequired\":true,\"valueName\":\"search_term_string\"}}],\"inLanguage\":\"pt-BR\"}]}<\/script>\n<!-- \/ Yoast SEO plugin. -->","yoast_head_json":{"title":"Novo diretor da TV UFMA \u00e9 denunciado por improbidade administrativa - Daniel Matos","robots":{"index":"index","follow":"follow","max-snippet":"max-snippet:-1","max-image-preview":"max-image-preview:large","max-video-preview":"max-video-preview:-1"},"canonical":"https:\/\/www.blogsoestado.com\/danielmatos\/novo-diretor-da-tv-ufma-e-denunciado-por-improbidade-administrativa\/","og_locale":"pt_BR","og_type":"article","og_title":"Novo diretor da TV UFMA \u00e9 denunciado por improbidade administrativa - Daniel Matos","og_description":"Marcos Figueiredo, professor do Departamento de Comunica\u00e7\u00e3o \u00e9 o novo diretor da TV UFMA, nomeado pela Reitora Nair Portela, j\u00e1 [&hellip;]","og_url":"https:\/\/www.blogsoestado.com\/danielmatos\/novo-diretor-da-tv-ufma-e-denunciado-por-improbidade-administrativa\/","og_site_name":"Daniel Matos","article_published_time":"2018-12-03T12:52:36+00:00","og_image":[{"url":"https:\/\/www.blogsoestado.com\/danielmatos\/files\/2018\/12\/nair-marcos-figueiredo-1.jpg","type":"","width":"","height":""}],"twitter_card":"summary_large_image","twitter_misc":{"Est. tempo de leitura":"3 minutos"},"schema":{"@context":"https:\/\/schema.org","@graph":[{"@type":"WebPage","@id":"https:\/\/www.blogsoestado.com\/danielmatos\/novo-diretor-da-tv-ufma-e-denunciado-por-improbidade-administrativa\/","url":"https:\/\/www.blogsoestado.com\/danielmatos\/novo-diretor-da-tv-ufma-e-denunciado-por-improbidade-administrativa\/","name":"Novo diretor da TV UFMA \u00e9 denunciado por improbidade administrativa - Daniel Matos","isPartOf":{"@id":"https:\/\/www.blogsoestado.com\/danielmatos\/#website"},"primaryImageOfPage":{"@id":"https:\/\/www.blogsoestado.com\/danielmatos\/novo-diretor-da-tv-ufma-e-denunciado-por-improbidade-administrativa\/#primaryimage"},"image":{"@id":"https:\/\/www.blogsoestado.com\/danielmatos\/novo-diretor-da-tv-ufma-e-denunciado-por-improbidade-administrativa\/#primaryimage"},"thumbnailUrl":"https:\/\/www.blogsoestado.com\/danielmatos\/files\/2018\/12\/nair-marcos-figueiredo-1.jpg","datePublished":"2018-12-03T12:52:36+00:00","author":{"@id":""},"breadcrumb":{"@id":"https:\/\/www.blogsoestado.com\/danielmatos\/novo-diretor-da-tv-ufma-e-denunciado-por-improbidade-administrativa\/#breadcrumb"},"inLanguage":"pt-BR","potentialAction":[{"@type":"ReadAction","target":["https:\/\/www.blogsoestado.com\/danielmatos\/novo-diretor-da-tv-ufma-e-denunciado-por-improbidade-administrativa\/"]}]},{"@type":"ImageObject","inLanguage":"pt-BR","@id":"https:\/\/www.blogsoestado.com\/danielmatos\/novo-diretor-da-tv-ufma-e-denunciado-por-improbidade-administrativa\/#primaryimage","url":"https:\/\/www.blogsoestado.com\/danielmatos\/files\/2018\/12\/nair-marcos-figueiredo-1.jpg","contentUrl":"https:\/\/www.blogsoestado.com\/danielmatos\/files\/2018\/12\/nair-marcos-figueiredo-1.jpg"},{"@type":"BreadcrumbList","@id":"https:\/\/www.blogsoestado.com\/danielmatos\/novo-diretor-da-tv-ufma-e-denunciado-por-improbidade-administrativa\/#breadcrumb","itemListElement":[{"@type":"ListItem","position":1,"name":"In\u00edcio","item":"https:\/\/www.blogsoestado.com\/danielmatos\/"},{"@type":"ListItem","position":2,"name":"Novo diretor da TV UFMA \u00e9 denunciado por improbidade administrativa"}]},{"@type":"WebSite","@id":"https:\/\/www.blogsoestado.com\/danielmatos\/#website","url":"https:\/\/www.blogsoestado.com\/danielmatos\/","name":"Daniel Matos","description":"","potentialAction":[{"@type":"SearchAction","target":{"@type":"EntryPoint","urlTemplate":"https:\/\/www.blogsoestado.com\/danielmatos\/?s={search_term_string}"},"query-input":{"@type":"PropertyValueSpecification","valueRequired":true,"valueName":"search_term_string"}}],"inLanguage":"pt-BR"}]}},"jetpack_featured_media_url":"","_links":{"self":[{"href":"https:\/\/www.blogsoestado.com\/danielmatos\/wp-json\/wp\/v2\/posts\/58500","targetHints":{"allow":["GET"]}}],"collection":[{"href":"https:\/\/www.blogsoestado.com\/danielmatos\/wp-json\/wp\/v2\/posts"}],"about":[{"href":"https:\/\/www.blogsoestado.com\/danielmatos\/wp-json\/wp\/v2\/types\/post"}],"replies":[{"embeddable":true,"href":"https:\/\/www.blogsoestado.com\/danielmatos\/wp-json\/wp\/v2\/comments?post=58500"}],"version-history":[{"count":0,"href":"https:\/\/www.blogsoestado.com\/danielmatos\/wp-json\/wp\/v2\/posts\/58500\/revisions"}],"wp:attachment":[{"href":"https:\/\/www.blogsoestado.com\/danielmatos\/wp-json\/wp\/v2\/media?parent=58500"}],"wp:term":[{"taxonomy":"category","embeddable":true,"href":"https:\/\/www.blogsoestado.com\/danielmatos\/wp-json\/wp\/v2\/categories?post=58500"},{"taxonomy":"post_tag","embeddable":true,"href":"https:\/\/www.blogsoestado.com\/danielmatos\/wp-json\/wp\/v2\/tags?post=58500"}],"curies":[{"name":"wp","href":"https:\/\/api.w.org\/{rel}","templated":true}]}}