{"id":58520,"date":"2018-12-03T16:04:22","date_gmt":"2018-12-03T19:04:22","guid":{"rendered":"https:\/\/www.blogsoestado.com\/danielmatos\/?p=58520"},"modified":"2018-12-03T16:04:22","modified_gmt":"2018-12-03T19:04:22","slug":"adriano-sarney-alerta-paga-fim-das-receitas-do-fepa-e-sugere-mobilizacao-de-aposentados-e-pensionistas","status":"publish","type":"post","link":"https:\/\/www.blogsoestado.com\/danielmatos\/adriano-sarney-alerta-paga-fim-das-receitas-do-fepa-e-sugere-mobilizacao-de-aposentados-e-pensionistas\/","title":{"rendered":"Adriano Sarney alerta para fim das receitas do Fepa e sugere mobiliza\u00e7\u00e3o de aposentados e pensionistas"},"content":{"rendered":"<figure id=\"attachment_58522\" aria-describedby=\"caption-attachment-58522\" style=\"width: 200px\" class=\"wp-caption alignright\"><a href=\"https:\/\/www.blogsoestado.com\/danielmatos\/2018\/12\/03\/adriano-sarney-alerta-paga-fim-das-receitas-do-fepa-e-sugere-mobiliacao-de-aposentados-e-pensionistas\/adriano-fepa\/\" rel=\"attachment wp-att-58522\"><img fetchpriority=\"high\" decoding=\"async\" class=\"wp-image-58522\" src=\"https:\/\/www.blogsoestado.com\/danielmatos\/files\/2018\/12\/adriano-fepa.jpg\" alt=\"\" width=\"200\" height=\"393\" \/><\/a><figcaption id=\"caption-attachment-58522\" class=\"wp-caption-text\">Adriano Sarney sugere mobiliza\u00e7\u00e3o de aposentados e pensionistas para evitar que cofre do Fepa seja zerado<\/figcaption><\/figure>\n<p>O deputado estadual Adriano Sarney (PV) postou, em suas redes sociais, um alerta aos aposentados e pensionistas cujos proventos s\u00e3o pagos com recursos do Fundo Estadual de Pens\u00e3o e Aposentadoria (Fepa). O parlamentar apresentou uma planilha, referente ao m\u00eas de outubro deste ano, que revela que o montante dispon\u00edvel no Fepa est\u00e1 pr\u00f3ximo do fim.<\/p>\n<p>O caixa do Fepa j\u00e1 registrou recursos da ordem de R$ 1 bilh\u00e3o. Em 31 de outubro, dispunha de apenas R$ 79.163.271,84 (setenta nove milh\u00f5es, cento e sessenta e tr\u00eas mil, duzentos e setenta e um reais e oitenta e quatro centavos), conforme atesta a planilha apresentada por Adriano.<\/p>\n<p>O documento cont\u00e9m o relat\u00f3rio de acompanhamento da pol\u00edtica de investimentos e resumo do informativo mensal da gest\u00e3o dos recursos do fundo, fornecido pelo Instituto de Previd\u00eancia do Estado do Maranh\u00e3o (Iprev).<\/p>\n<p>Diante da queda acentuada de receita do Fepa e da falta de explica\u00e7\u00e3o para tamanho d\u00e9ficit, Adriano Sarney sugere a aposentados e pensionistas que de mobilizem contra a dilapida\u00e7\u00e3o do fundo, sob pena de ver a fonte de pagamento dos seus proventos acabar.<\/p>\n<p>Segue c\u00f3pia da planilha:<\/p>\n<p>&nbsp;<\/p>\n<p><a href=\"https:\/\/www.blogsoestado.com\/danielmatos\/2018\/12\/03\/adriano-sarney-alerta-paga-fim-das-receitas-do-fepa-e-sugere-mobiliacao-de-aposentados-e-pensionistas\/adriano-fepa-outubro\/\" rel=\"attachment wp-att-58521\"><img decoding=\"async\" class=\"aligncenter size-full wp-image-58521\" src=\"https:\/\/www.blogsoestado.com\/danielmatos\/files\/2018\/12\/adriano-fepa-outubro.jpg\" alt=\"\" width=\"572\" height=\"542\" \/><\/a><\/p>\n","protected":false},"excerpt":{"rendered":"<p>O deputado estadual Adriano Sarney (PV) postou, em suas redes sociais, um alerta aos aposentados e pensionistas cujos proventos s\u00e3o [&hellip;]<\/p>\n","protected":false},"author":0,"featured_media":0,"comment_status":"open","ping_status":"open","sticky":false,"template":"","format":"standard","meta":{"site-sidebar-layout":"default","site-content-layout":"","ast-site-content-layout":"default","site-content-style":"default","site-sidebar-style":"default","ast-global-header-display":"","ast-banner-title-visibility":"","ast-main-header-display":"","ast-hfb-above-header-display":"","ast-hfb-below-header-display":"","ast-hfb-mobile-header-display":"","site-post-title":"","ast-breadcrumbs-content":"","ast-featured-img":"","footer-sml-layout":"","ast-disable-related-posts":"","theme-transparent-header-meta":"","adv-header-id-meta":"","stick-header-meta":"","header-above-stick-meta":"","header-main-stick-meta":"","header-below-stick-meta":"","astra-migrate-meta-layouts":"default","ast-page-background-enabled":"default","ast-page-background-meta":{"desktop":{"background-color":"var(--ast-global-color-5)","background-image":"","background-repeat":"repeat","background-position":"center center","background-size":"auto","background-attachment":"scroll","background-type":"","background-media":"","overlay-type":"","overlay-color":"","overlay-opacity":"","overlay-gradient":""},"tablet":{"background-color":"","background-image":"","background-repeat":"repeat","background-position":"center center","background-size":"auto","background-attachment":"scroll","background-type":"","background-media":"","overlay-type":"","overlay-color":"","overlay-opacity":"","overlay-gradient":""},"mobile":{"background-color":"","background-image":"","background-repeat":"repeat","background-position":"center center","background-size":"auto","background-attachment":"scroll","background-type":"","background-media":"","overlay-type":"","overlay-color":"","overlay-opacity":"","overlay-gradient":""}},"ast-content-background-meta":{"desktop":{"background-color":"var(--ast-global-color-4)","background-image":"","background-repeat":"repeat","background-position":"center center","background-size":"auto","background-attachment":"scroll","background-type":"","background-media":"","overlay-type":"","overlay-color":"","overlay-opacity":"","overlay-gradient":""},"tablet":{"background-color":"var(--ast-global-color-4)","background-image":"","background-repeat":"repeat","background-position":"center center","background-size":"auto","background-attachment":"scroll","background-type":"","background-media":"","overlay-type":"","overlay-color":"","overlay-opacity":"","overlay-gradient":""},"mobile":{"background-color":"var(--ast-global-color-4)","background-image":"","background-repeat":"repeat","background-position":"center center","background-size":"auto","background-attachment":"scroll","background-type":"","background-media":"","overlay-type":"","overlay-color":"","overlay-opacity":"","overlay-gradient":""}},"footnotes":""},"categories":[1],"tags":[],"class_list":["post-58520","post","type-post","status-publish","format-standard","hentry","category-sem-categoria"],"yoast_head":"<!-- This site is optimized with the Yoast SEO plugin v26.6 - https:\/\/yoast.com\/wordpress\/plugins\/seo\/ -->\n<title>Adriano Sarney alerta para fim das receitas do Fepa e sugere mobiliza\u00e7\u00e3o de aposentados e pensionistas - Daniel Matos<\/title>\n<meta name=\"robots\" content=\"index, follow, max-snippet:-1, max-image-preview:large, max-video-preview:-1\" \/>\n<link rel=\"canonical\" href=\"https:\/\/www.blogsoestado.com\/danielmatos\/adriano-sarney-alerta-paga-fim-das-receitas-do-fepa-e-sugere-mobilizacao-de-aposentados-e-pensionistas\/\" \/>\n<meta property=\"og:locale\" content=\"pt_BR\" \/>\n<meta property=\"og:type\" content=\"article\" \/>\n<meta property=\"og:title\" content=\"Adriano Sarney alerta para fim das receitas do Fepa e sugere mobiliza\u00e7\u00e3o de aposentados e pensionistas - Daniel Matos\" \/>\n<meta property=\"og:description\" content=\"O deputado estadual Adriano Sarney (PV) postou, em suas redes sociais, um alerta aos aposentados e pensionistas cujos proventos s\u00e3o [&hellip;]\" \/>\n<meta property=\"og:url\" content=\"https:\/\/www.blogsoestado.com\/danielmatos\/adriano-sarney-alerta-paga-fim-das-receitas-do-fepa-e-sugere-mobilizacao-de-aposentados-e-pensionistas\/\" \/>\n<meta property=\"og:site_name\" content=\"Daniel Matos\" \/>\n<meta property=\"article:published_time\" content=\"2018-12-03T19:04:22+00:00\" \/>\n<meta property=\"og:image\" content=\"https:\/\/www.blogsoestado.com\/danielmatos\/files\/2018\/12\/adriano-fepa.jpg\" \/>\n<meta name=\"twitter:card\" content=\"summary_large_image\" \/>\n<meta name=\"twitter:label1\" content=\"Est. tempo de leitura\" \/>\n\t<meta name=\"twitter:data1\" content=\"1 minuto\" \/>\n<script type=\"application\/ld+json\" class=\"yoast-schema-graph\">{\"@context\":\"https:\/\/schema.org\",\"@graph\":[{\"@type\":\"WebPage\",\"@id\":\"https:\/\/www.blogsoestado.com\/danielmatos\/adriano-sarney-alerta-paga-fim-das-receitas-do-fepa-e-sugere-mobilizacao-de-aposentados-e-pensionistas\/\",\"url\":\"https:\/\/www.blogsoestado.com\/danielmatos\/adriano-sarney-alerta-paga-fim-das-receitas-do-fepa-e-sugere-mobilizacao-de-aposentados-e-pensionistas\/\",\"name\":\"Adriano Sarney alerta para fim das receitas do Fepa e sugere mobiliza\u00e7\u00e3o de aposentados e pensionistas - Daniel Matos\",\"isPartOf\":{\"@id\":\"https:\/\/www.blogsoestado.com\/danielmatos\/#website\"},\"primaryImageOfPage\":{\"@id\":\"https:\/\/www.blogsoestado.com\/danielmatos\/adriano-sarney-alerta-paga-fim-das-receitas-do-fepa-e-sugere-mobilizacao-de-aposentados-e-pensionistas\/#primaryimage\"},\"image\":{\"@id\":\"https:\/\/www.blogsoestado.com\/danielmatos\/adriano-sarney-alerta-paga-fim-das-receitas-do-fepa-e-sugere-mobilizacao-de-aposentados-e-pensionistas\/#primaryimage\"},\"thumbnailUrl\":\"https:\/\/www.blogsoestado.com\/danielmatos\/files\/2018\/12\/adriano-fepa.jpg\",\"datePublished\":\"2018-12-03T19:04:22+00:00\",\"author\":{\"@id\":\"\"},\"breadcrumb\":{\"@id\":\"https:\/\/www.blogsoestado.com\/danielmatos\/adriano-sarney-alerta-paga-fim-das-receitas-do-fepa-e-sugere-mobilizacao-de-aposentados-e-pensionistas\/#breadcrumb\"},\"inLanguage\":\"pt-BR\",\"potentialAction\":[{\"@type\":\"ReadAction\",\"target\":[\"https:\/\/www.blogsoestado.com\/danielmatos\/adriano-sarney-alerta-paga-fim-das-receitas-do-fepa-e-sugere-mobilizacao-de-aposentados-e-pensionistas\/\"]}]},{\"@type\":\"ImageObject\",\"inLanguage\":\"pt-BR\",\"@id\":\"https:\/\/www.blogsoestado.com\/danielmatos\/adriano-sarney-alerta-paga-fim-das-receitas-do-fepa-e-sugere-mobilizacao-de-aposentados-e-pensionistas\/#primaryimage\",\"url\":\"https:\/\/www.blogsoestado.com\/danielmatos\/files\/2018\/12\/adriano-fepa.jpg\",\"contentUrl\":\"https:\/\/www.blogsoestado.com\/danielmatos\/files\/2018\/12\/adriano-fepa.jpg\"},{\"@type\":\"BreadcrumbList\",\"@id\":\"https:\/\/www.blogsoestado.com\/danielmatos\/adriano-sarney-alerta-paga-fim-das-receitas-do-fepa-e-sugere-mobilizacao-de-aposentados-e-pensionistas\/#breadcrumb\",\"itemListElement\":[{\"@type\":\"ListItem\",\"position\":1,\"name\":\"In\u00edcio\",\"item\":\"https:\/\/www.blogsoestado.com\/danielmatos\/\"},{\"@type\":\"ListItem\",\"position\":2,\"name\":\"Adriano Sarney alerta para fim das receitas do Fepa e sugere mobiliza\u00e7\u00e3o de aposentados e pensionistas\"}]},{\"@type\":\"WebSite\",\"@id\":\"https:\/\/www.blogsoestado.com\/danielmatos\/#website\",\"url\":\"https:\/\/www.blogsoestado.com\/danielmatos\/\",\"name\":\"Daniel Matos\",\"description\":\"\",\"potentialAction\":[{\"@type\":\"SearchAction\",\"target\":{\"@type\":\"EntryPoint\",\"urlTemplate\":\"https:\/\/www.blogsoestado.com\/danielmatos\/?s={search_term_string}\"},\"query-input\":{\"@type\":\"PropertyValueSpecification\",\"valueRequired\":true,\"valueName\":\"search_term_string\"}}],\"inLanguage\":\"pt-BR\"}]}<\/script>\n<!-- \/ Yoast SEO plugin. -->","yoast_head_json":{"title":"Adriano Sarney alerta para fim das receitas do Fepa e sugere mobiliza\u00e7\u00e3o de aposentados e pensionistas - Daniel Matos","robots":{"index":"index","follow":"follow","max-snippet":"max-snippet:-1","max-image-preview":"max-image-preview:large","max-video-preview":"max-video-preview:-1"},"canonical":"https:\/\/www.blogsoestado.com\/danielmatos\/adriano-sarney-alerta-paga-fim-das-receitas-do-fepa-e-sugere-mobilizacao-de-aposentados-e-pensionistas\/","og_locale":"pt_BR","og_type":"article","og_title":"Adriano Sarney alerta para fim das receitas do Fepa e sugere mobiliza\u00e7\u00e3o de aposentados e pensionistas - Daniel Matos","og_description":"O deputado estadual Adriano Sarney (PV) postou, em suas redes sociais, um alerta aos aposentados e pensionistas cujos proventos s\u00e3o [&hellip;]","og_url":"https:\/\/www.blogsoestado.com\/danielmatos\/adriano-sarney-alerta-paga-fim-das-receitas-do-fepa-e-sugere-mobilizacao-de-aposentados-e-pensionistas\/","og_site_name":"Daniel Matos","article_published_time":"2018-12-03T19:04:22+00:00","og_image":[{"url":"https:\/\/www.blogsoestado.com\/danielmatos\/files\/2018\/12\/adriano-fepa.jpg","type":"","width":"","height":""}],"twitter_card":"summary_large_image","twitter_misc":{"Est. tempo de leitura":"1 minuto"},"schema":{"@context":"https:\/\/schema.org","@graph":[{"@type":"WebPage","@id":"https:\/\/www.blogsoestado.com\/danielmatos\/adriano-sarney-alerta-paga-fim-das-receitas-do-fepa-e-sugere-mobilizacao-de-aposentados-e-pensionistas\/","url":"https:\/\/www.blogsoestado.com\/danielmatos\/adriano-sarney-alerta-paga-fim-das-receitas-do-fepa-e-sugere-mobilizacao-de-aposentados-e-pensionistas\/","name":"Adriano Sarney alerta para fim das receitas do Fepa e sugere mobiliza\u00e7\u00e3o de aposentados e pensionistas - Daniel Matos","isPartOf":{"@id":"https:\/\/www.blogsoestado.com\/danielmatos\/#website"},"primaryImageOfPage":{"@id":"https:\/\/www.blogsoestado.com\/danielmatos\/adriano-sarney-alerta-paga-fim-das-receitas-do-fepa-e-sugere-mobilizacao-de-aposentados-e-pensionistas\/#primaryimage"},"image":{"@id":"https:\/\/www.blogsoestado.com\/danielmatos\/adriano-sarney-alerta-paga-fim-das-receitas-do-fepa-e-sugere-mobilizacao-de-aposentados-e-pensionistas\/#primaryimage"},"thumbnailUrl":"https:\/\/www.blogsoestado.com\/danielmatos\/files\/2018\/12\/adriano-fepa.jpg","datePublished":"2018-12-03T19:04:22+00:00","author":{"@id":""},"breadcrumb":{"@id":"https:\/\/www.blogsoestado.com\/danielmatos\/adriano-sarney-alerta-paga-fim-das-receitas-do-fepa-e-sugere-mobilizacao-de-aposentados-e-pensionistas\/#breadcrumb"},"inLanguage":"pt-BR","potentialAction":[{"@type":"ReadAction","target":["https:\/\/www.blogsoestado.com\/danielmatos\/adriano-sarney-alerta-paga-fim-das-receitas-do-fepa-e-sugere-mobilizacao-de-aposentados-e-pensionistas\/"]}]},{"@type":"ImageObject","inLanguage":"pt-BR","@id":"https:\/\/www.blogsoestado.com\/danielmatos\/adriano-sarney-alerta-paga-fim-das-receitas-do-fepa-e-sugere-mobilizacao-de-aposentados-e-pensionistas\/#primaryimage","url":"https:\/\/www.blogsoestado.com\/danielmatos\/files\/2018\/12\/adriano-fepa.jpg","contentUrl":"https:\/\/www.blogsoestado.com\/danielmatos\/files\/2018\/12\/adriano-fepa.jpg"},{"@type":"BreadcrumbList","@id":"https:\/\/www.blogsoestado.com\/danielmatos\/adriano-sarney-alerta-paga-fim-das-receitas-do-fepa-e-sugere-mobilizacao-de-aposentados-e-pensionistas\/#breadcrumb","itemListElement":[{"@type":"ListItem","position":1,"name":"In\u00edcio","item":"https:\/\/www.blogsoestado.com\/danielmatos\/"},{"@type":"ListItem","position":2,"name":"Adriano Sarney alerta para fim das receitas do Fepa e sugere mobiliza\u00e7\u00e3o de aposentados e pensionistas"}]},{"@type":"WebSite","@id":"https:\/\/www.blogsoestado.com\/danielmatos\/#website","url":"https:\/\/www.blogsoestado.com\/danielmatos\/","name":"Daniel Matos","description":"","potentialAction":[{"@type":"SearchAction","target":{"@type":"EntryPoint","urlTemplate":"https:\/\/www.blogsoestado.com\/danielmatos\/?s={search_term_string}"},"query-input":{"@type":"PropertyValueSpecification","valueRequired":true,"valueName":"search_term_string"}}],"inLanguage":"pt-BR"}]}},"jetpack_featured_media_url":"","_links":{"self":[{"href":"https:\/\/www.blogsoestado.com\/danielmatos\/wp-json\/wp\/v2\/posts\/58520","targetHints":{"allow":["GET"]}}],"collection":[{"href":"https:\/\/www.blogsoestado.com\/danielmatos\/wp-json\/wp\/v2\/posts"}],"about":[{"href":"https:\/\/www.blogsoestado.com\/danielmatos\/wp-json\/wp\/v2\/types\/post"}],"replies":[{"embeddable":true,"href":"https:\/\/www.blogsoestado.com\/danielmatos\/wp-json\/wp\/v2\/comments?post=58520"}],"version-history":[{"count":0,"href":"https:\/\/www.blogsoestado.com\/danielmatos\/wp-json\/wp\/v2\/posts\/58520\/revisions"}],"wp:attachment":[{"href":"https:\/\/www.blogsoestado.com\/danielmatos\/wp-json\/wp\/v2\/media?parent=58520"}],"wp:term":[{"taxonomy":"category","embeddable":true,"href":"https:\/\/www.blogsoestado.com\/danielmatos\/wp-json\/wp\/v2\/categories?post=58520"},{"taxonomy":"post_tag","embeddable":true,"href":"https:\/\/www.blogsoestado.com\/danielmatos\/wp-json\/wp\/v2\/tags?post=58520"}],"curies":[{"name":"wp","href":"https:\/\/api.w.org\/{rel}","templated":true}]}}