{"id":58526,"date":"2018-12-03T16:50:03","date_gmt":"2018-12-03T19:50:03","guid":{"rendered":"https:\/\/www.blogsoestado.com\/danielmatos\/?p=58526"},"modified":"2018-12-03T16:50:03","modified_gmt":"2018-12-03T19:50:03","slug":"justica-obriga-governo-flavio-dino-a-firmar-acordo-com-medicos-para-evitar-greve","status":"publish","type":"post","link":"https:\/\/www.blogsoestado.com\/danielmatos\/justica-obriga-governo-flavio-dino-a-firmar-acordo-com-medicos-para-evitar-greve\/","title":{"rendered":"Justi\u00e7a obriga governo Fl\u00e1vio Dino a firmar acordo com m\u00e9dicos para evitar greve"},"content":{"rendered":"<figure id=\"attachment_58527\" aria-describedby=\"caption-attachment-58527\" style=\"width: 650px\" class=\"wp-caption aligncenter\"><a href=\"https:\/\/www.blogsoestado.com\/danielmatos\/2018\/12\/03\/justica-obriga-governo-flavio-dino-a-firmar-acordo-com-medicos-para-evitar-greve\/greve-de-medicos\/\" rel=\"attachment wp-att-58527\"><img fetchpriority=\"high\" decoding=\"async\" class=\"wp-image-58527\" src=\"https:\/\/www.blogsoestado.com\/danielmatos\/files\/2018\/12\/greve-de-medicos.jpg\" alt=\"\" width=\"650\" height=\"390\" \/><\/a><figcaption id=\"caption-attachment-58527\" class=\"wp-caption-text\">Representantes de m\u00e9dicos e governo participaram de audi\u00eancia de concilia\u00e7\u00e3o com a Justi\u00e7a e o Minist\u00e9rio P\u00fablico<\/figcaption><\/figure>\n<p>O juiz titular da Vara de Interesses Difusos e Coletivos de S\u00e3o Lu\u00eds, Douglas de Melo Martins, homologou acordo entre a Secretaria de Estado da Sa\u00fade (SES) e o Sindicato dos M\u00e9dicos do Maranh\u00e3o e Conselho Regional de Medicina (CRM-MA), em que a secretaria comprometeu-se em quitar o pagamento dos honor\u00e1rios dos m\u00e9dicos e as partes, a criarem um grupo de trabalho para discutir a racionaliza\u00e7\u00e3o da rede de sa\u00fade do Estado. O acordo foi firmado nesta segunda-feira (3), durante audi\u00eancia de concilia\u00e7\u00e3o, no F\u00f3rum Desembargador Sarney Costa (Calhau).<\/p>\n<p>Participaram da audi\u00eancia a promotora de Justi\u00e7a Elisabeth Albuquerque Mendon\u00e7a; o secret\u00e1rio de Sa\u00fade, Carlos Eduardo Lula, acompanhado dos procuradores Rodrigo Maia e Carlos Henrique Falc\u00e3o; e os presidentes do CRM, Abdon Murad, e do Sindicato dos M\u00e9dicos, Adolfo Para\u00edso.<\/p>\n<p>Conforme o acordo, o Estado do Maranh\u00e3o comprometeu-se a quitar, at\u00e9 esta sexta-feira (7), o pagamento dos honor\u00e1rios de cerca de 1.000 m\u00e9dicos da rede estadual de sa\u00fade, referente ao m\u00eas de outubro, salvo aos que n\u00e3o solicitaram tempestivamente o pagamento ou aos n\u00e3o regularizados (certid\u00e3o de regularidade fiscal, por exemplo); e efetuar, at\u00e9 31 de dezembro, o pagamento relativo ao m\u00eas de novembro. Tamb\u00e9m assumiu o compromisso de manter atualizados os pagamentos subsequentes, nos termos dos contratos ou ajuste.<\/p>\n<p>Ainda segundo os termos do acordo, o Estado do Maranh\u00e3o, por meio da SES, apresentar\u00e1, no prazo de 15 dias, informa\u00e7\u00f5es sobre as receitas e despesas com servi\u00e7os de sa\u00fade na rede hospitalar estadual; as partes nesse processo formar\u00e3o grupo de trabalho para discutir a racionaliza\u00e7\u00e3o e utiliza\u00e7\u00e3o dos recursos e apresentar propostas concretas para a resolu\u00e7\u00e3o do problema; e discutir cronograma de pagamento dos atrasos e definir estrat\u00e9gia para manuten\u00e7\u00e3o do pagamento.<\/p>\n<p>Dentro de 15 dias os participantes do grupo de trabalho devem se manifestar sobre as informa\u00e7\u00f5es apresentadas pela Secretaria de Sa\u00fade. O grupo ser\u00e1 formado pelo CRM, Sindicato dos M\u00e9dicos, Federa\u00e7\u00e3o dos Munic\u00edpios (Famem), Empresa Maranhense de Servi\u00e7os Hospitalares (EMSERH), Conselho de Secret\u00e1rios Municipais de Sa\u00fade (COSEMS), Minist\u00e9rio P\u00fablico Federal e Estadual, Judici\u00e1rio, Defensoria P\u00fablica da Uni\u00e3o e do Estado, t\u00e9cnicos e outros interessados. A primeira reuni\u00e3o presencial do grupo ser\u00e1 no dia 23 de janeiro de 2019, \u00e0s 15h, na Vara de Interesses Difusos e Coletivos.<\/p>\n<p>O processo foi proposto pelo Estado do Maranh\u00e3o, em fun\u00e7\u00e3o de informa\u00e7\u00f5es de que os m\u00e9dicos prestadores de servi\u00e7os da rede estadual fariam paralisa\u00e7\u00e3o, a partir desta ter\u00e7a-feira (04), de suas atividades por tempo indeterminado, prejudicando o atendimento da popula\u00e7\u00e3o nas unidades de sa\u00fade administradas pelo governo do estado e que suspenderiam os atendimentos de urg\u00eancia e emerg\u00eancia a partir do dia 7 de dezembro.<\/p>\n<p>\u201cDialogamos com todas as partes interessadas nesse processo para encontramos uma solu\u00e7\u00e3o para esse conflito\u201d, afirmou o magistrado no in\u00edcio da audi\u00eancia de concilia\u00e7\u00e3o.<\/p>\n<p>Em fun\u00e7\u00e3o do acordo desta segunda-feira (3), Douglas de Melo Martins revogou a liminar concedida na \u00faltima sexta-feira (30). Ele havia deferido o pedido de tutela de urg\u00eancia do Estado do Maranh\u00e3o, determinando que os m\u00e9dicos se abstivessem de paralisar suas atividades. De acordo com a liminar, eles deveriam continuar fornecendo os servi\u00e7os m\u00e9dicos de forma regular e integral, em n\u00edveis satisfat\u00f3rios e sem perda da qualidade do atendimento, sob pena de multa.<\/p>\n<p><strong>Fonte:<\/strong> Corregedoria Geral de Justi\u00e7a<\/p>\n","protected":false},"excerpt":{"rendered":"<p>O juiz titular da Vara de Interesses Difusos e Coletivos de S\u00e3o Lu\u00eds, Douglas de Melo Martins, homologou acordo entre [&hellip;]<\/p>\n","protected":false},"author":0,"featured_media":0,"comment_status":"open","ping_status":"open","sticky":false,"template":"","format":"standard","meta":{"site-sidebar-layout":"default","site-content-layout":"","ast-site-content-layout":"default","site-content-style":"default","site-sidebar-style":"default","ast-global-header-display":"","ast-banner-title-visibility":"","ast-main-header-display":"","ast-hfb-above-header-display":"","ast-hfb-below-header-display":"","ast-hfb-mobile-header-display":"","site-post-title":"","ast-breadcrumbs-content":"","ast-featured-img":"","footer-sml-layout":"","ast-disable-related-posts":"","theme-transparent-header-meta":"","adv-header-id-meta":"","stick-header-meta":"","header-above-stick-meta":"","header-main-stick-meta":"","header-below-stick-meta":"","astra-migrate-meta-layouts":"default","ast-page-background-enabled":"default","ast-page-background-meta":{"desktop":{"background-color":"var(--ast-global-color-5)","background-image":"","background-repeat":"repeat","background-position":"center center","background-size":"auto","background-attachment":"scroll","background-type":"","background-media":"","overlay-type":"","overlay-color":"","overlay-opacity":"","overlay-gradient":""},"tablet":{"background-color":"","background-image":"","background-repeat":"repeat","background-position":"center center","background-size":"auto","background-attachment":"scroll","background-type":"","background-media":"","overlay-type":"","overlay-color":"","overlay-opacity":"","overlay-gradient":""},"mobile":{"background-color":"","background-image":"","background-repeat":"repeat","background-position":"center center","background-size":"auto","background-attachment":"scroll","background-type":"","background-media":"","overlay-type":"","overlay-color":"","overlay-opacity":"","overlay-gradient":""}},"ast-content-background-meta":{"desktop":{"background-color":"var(--ast-global-color-4)","background-image":"","background-repeat":"repeat","background-position":"center center","background-size":"auto","background-attachment":"scroll","background-type":"","background-media":"","overlay-type":"","overlay-color":"","overlay-opacity":"","overlay-gradient":""},"tablet":{"background-color":"var(--ast-global-color-4)","background-image":"","background-repeat":"repeat","background-position":"center center","background-size":"auto","background-attachment":"scroll","background-type":"","background-media":"","overlay-type":"","overlay-color":"","overlay-opacity":"","overlay-gradient":""},"mobile":{"background-color":"var(--ast-global-color-4)","background-image":"","background-repeat":"repeat","background-position":"center center","background-size":"auto","background-attachment":"scroll","background-type":"","background-media":"","overlay-type":"","overlay-color":"","overlay-opacity":"","overlay-gradient":""}},"footnotes":""},"categories":[1],"tags":[],"class_list":["post-58526","post","type-post","status-publish","format-standard","hentry","category-sem-categoria"],"yoast_head":"<!-- This site is optimized with the Yoast SEO plugin v26.6 - https:\/\/yoast.com\/wordpress\/plugins\/seo\/ -->\n<title>Justi\u00e7a obriga governo Fl\u00e1vio Dino a firmar acordo com m\u00e9dicos para evitar greve - Daniel Matos<\/title>\n<meta name=\"robots\" content=\"index, follow, max-snippet:-1, max-image-preview:large, max-video-preview:-1\" \/>\n<link rel=\"canonical\" href=\"https:\/\/www.blogsoestado.com\/danielmatos\/justica-obriga-governo-flavio-dino-a-firmar-acordo-com-medicos-para-evitar-greve\/\" \/>\n<meta property=\"og:locale\" content=\"pt_BR\" \/>\n<meta property=\"og:type\" content=\"article\" \/>\n<meta property=\"og:title\" content=\"Justi\u00e7a obriga governo Fl\u00e1vio Dino a firmar acordo com m\u00e9dicos para evitar greve - Daniel Matos\" \/>\n<meta property=\"og:description\" content=\"O juiz titular da Vara de Interesses Difusos e Coletivos de S\u00e3o Lu\u00eds, Douglas de Melo Martins, homologou acordo entre [&hellip;]\" \/>\n<meta property=\"og:url\" content=\"https:\/\/www.blogsoestado.com\/danielmatos\/justica-obriga-governo-flavio-dino-a-firmar-acordo-com-medicos-para-evitar-greve\/\" \/>\n<meta property=\"og:site_name\" content=\"Daniel Matos\" \/>\n<meta property=\"article:published_time\" content=\"2018-12-03T19:50:03+00:00\" \/>\n<meta property=\"og:image\" content=\"https:\/\/www.blogsoestado.com\/danielmatos\/files\/2018\/12\/greve-de-medicos.jpg\" \/>\n<meta name=\"twitter:card\" content=\"summary_large_image\" \/>\n<meta name=\"twitter:label1\" content=\"Est. tempo de leitura\" \/>\n\t<meta name=\"twitter:data1\" content=\"3 minutos\" \/>\n<script type=\"application\/ld+json\" class=\"yoast-schema-graph\">{\"@context\":\"https:\/\/schema.org\",\"@graph\":[{\"@type\":\"WebPage\",\"@id\":\"https:\/\/www.blogsoestado.com\/danielmatos\/justica-obriga-governo-flavio-dino-a-firmar-acordo-com-medicos-para-evitar-greve\/\",\"url\":\"https:\/\/www.blogsoestado.com\/danielmatos\/justica-obriga-governo-flavio-dino-a-firmar-acordo-com-medicos-para-evitar-greve\/\",\"name\":\"Justi\u00e7a obriga governo Fl\u00e1vio Dino a firmar acordo com m\u00e9dicos para evitar greve - Daniel Matos\",\"isPartOf\":{\"@id\":\"https:\/\/www.blogsoestado.com\/danielmatos\/#website\"},\"primaryImageOfPage\":{\"@id\":\"https:\/\/www.blogsoestado.com\/danielmatos\/justica-obriga-governo-flavio-dino-a-firmar-acordo-com-medicos-para-evitar-greve\/#primaryimage\"},\"image\":{\"@id\":\"https:\/\/www.blogsoestado.com\/danielmatos\/justica-obriga-governo-flavio-dino-a-firmar-acordo-com-medicos-para-evitar-greve\/#primaryimage\"},\"thumbnailUrl\":\"https:\/\/www.blogsoestado.com\/danielmatos\/files\/2018\/12\/greve-de-medicos.jpg\",\"datePublished\":\"2018-12-03T19:50:03+00:00\",\"author\":{\"@id\":\"\"},\"breadcrumb\":{\"@id\":\"https:\/\/www.blogsoestado.com\/danielmatos\/justica-obriga-governo-flavio-dino-a-firmar-acordo-com-medicos-para-evitar-greve\/#breadcrumb\"},\"inLanguage\":\"pt-BR\",\"potentialAction\":[{\"@type\":\"ReadAction\",\"target\":[\"https:\/\/www.blogsoestado.com\/danielmatos\/justica-obriga-governo-flavio-dino-a-firmar-acordo-com-medicos-para-evitar-greve\/\"]}]},{\"@type\":\"ImageObject\",\"inLanguage\":\"pt-BR\",\"@id\":\"https:\/\/www.blogsoestado.com\/danielmatos\/justica-obriga-governo-flavio-dino-a-firmar-acordo-com-medicos-para-evitar-greve\/#primaryimage\",\"url\":\"https:\/\/www.blogsoestado.com\/danielmatos\/files\/2018\/12\/greve-de-medicos.jpg\",\"contentUrl\":\"https:\/\/www.blogsoestado.com\/danielmatos\/files\/2018\/12\/greve-de-medicos.jpg\"},{\"@type\":\"BreadcrumbList\",\"@id\":\"https:\/\/www.blogsoestado.com\/danielmatos\/justica-obriga-governo-flavio-dino-a-firmar-acordo-com-medicos-para-evitar-greve\/#breadcrumb\",\"itemListElement\":[{\"@type\":\"ListItem\",\"position\":1,\"name\":\"In\u00edcio\",\"item\":\"https:\/\/www.blogsoestado.com\/danielmatos\/\"},{\"@type\":\"ListItem\",\"position\":2,\"name\":\"Justi\u00e7a obriga governo Fl\u00e1vio Dino a firmar acordo com m\u00e9dicos para evitar greve\"}]},{\"@type\":\"WebSite\",\"@id\":\"https:\/\/www.blogsoestado.com\/danielmatos\/#website\",\"url\":\"https:\/\/www.blogsoestado.com\/danielmatos\/\",\"name\":\"Daniel Matos\",\"description\":\"\",\"potentialAction\":[{\"@type\":\"SearchAction\",\"target\":{\"@type\":\"EntryPoint\",\"urlTemplate\":\"https:\/\/www.blogsoestado.com\/danielmatos\/?s={search_term_string}\"},\"query-input\":{\"@type\":\"PropertyValueSpecification\",\"valueRequired\":true,\"valueName\":\"search_term_string\"}}],\"inLanguage\":\"pt-BR\"}]}<\/script>\n<!-- \/ Yoast SEO plugin. -->","yoast_head_json":{"title":"Justi\u00e7a obriga governo Fl\u00e1vio Dino a firmar acordo com m\u00e9dicos para evitar greve - Daniel Matos","robots":{"index":"index","follow":"follow","max-snippet":"max-snippet:-1","max-image-preview":"max-image-preview:large","max-video-preview":"max-video-preview:-1"},"canonical":"https:\/\/www.blogsoestado.com\/danielmatos\/justica-obriga-governo-flavio-dino-a-firmar-acordo-com-medicos-para-evitar-greve\/","og_locale":"pt_BR","og_type":"article","og_title":"Justi\u00e7a obriga governo Fl\u00e1vio Dino a firmar acordo com m\u00e9dicos para evitar greve - Daniel Matos","og_description":"O juiz titular da Vara de Interesses Difusos e Coletivos de S\u00e3o Lu\u00eds, Douglas de Melo Martins, homologou acordo entre [&hellip;]","og_url":"https:\/\/www.blogsoestado.com\/danielmatos\/justica-obriga-governo-flavio-dino-a-firmar-acordo-com-medicos-para-evitar-greve\/","og_site_name":"Daniel Matos","article_published_time":"2018-12-03T19:50:03+00:00","og_image":[{"url":"https:\/\/www.blogsoestado.com\/danielmatos\/files\/2018\/12\/greve-de-medicos.jpg","type":"","width":"","height":""}],"twitter_card":"summary_large_image","twitter_misc":{"Est. tempo de leitura":"3 minutos"},"schema":{"@context":"https:\/\/schema.org","@graph":[{"@type":"WebPage","@id":"https:\/\/www.blogsoestado.com\/danielmatos\/justica-obriga-governo-flavio-dino-a-firmar-acordo-com-medicos-para-evitar-greve\/","url":"https:\/\/www.blogsoestado.com\/danielmatos\/justica-obriga-governo-flavio-dino-a-firmar-acordo-com-medicos-para-evitar-greve\/","name":"Justi\u00e7a obriga governo Fl\u00e1vio Dino a firmar acordo com m\u00e9dicos para evitar greve - Daniel Matos","isPartOf":{"@id":"https:\/\/www.blogsoestado.com\/danielmatos\/#website"},"primaryImageOfPage":{"@id":"https:\/\/www.blogsoestado.com\/danielmatos\/justica-obriga-governo-flavio-dino-a-firmar-acordo-com-medicos-para-evitar-greve\/#primaryimage"},"image":{"@id":"https:\/\/www.blogsoestado.com\/danielmatos\/justica-obriga-governo-flavio-dino-a-firmar-acordo-com-medicos-para-evitar-greve\/#primaryimage"},"thumbnailUrl":"https:\/\/www.blogsoestado.com\/danielmatos\/files\/2018\/12\/greve-de-medicos.jpg","datePublished":"2018-12-03T19:50:03+00:00","author":{"@id":""},"breadcrumb":{"@id":"https:\/\/www.blogsoestado.com\/danielmatos\/justica-obriga-governo-flavio-dino-a-firmar-acordo-com-medicos-para-evitar-greve\/#breadcrumb"},"inLanguage":"pt-BR","potentialAction":[{"@type":"ReadAction","target":["https:\/\/www.blogsoestado.com\/danielmatos\/justica-obriga-governo-flavio-dino-a-firmar-acordo-com-medicos-para-evitar-greve\/"]}]},{"@type":"ImageObject","inLanguage":"pt-BR","@id":"https:\/\/www.blogsoestado.com\/danielmatos\/justica-obriga-governo-flavio-dino-a-firmar-acordo-com-medicos-para-evitar-greve\/#primaryimage","url":"https:\/\/www.blogsoestado.com\/danielmatos\/files\/2018\/12\/greve-de-medicos.jpg","contentUrl":"https:\/\/www.blogsoestado.com\/danielmatos\/files\/2018\/12\/greve-de-medicos.jpg"},{"@type":"BreadcrumbList","@id":"https:\/\/www.blogsoestado.com\/danielmatos\/justica-obriga-governo-flavio-dino-a-firmar-acordo-com-medicos-para-evitar-greve\/#breadcrumb","itemListElement":[{"@type":"ListItem","position":1,"name":"In\u00edcio","item":"https:\/\/www.blogsoestado.com\/danielmatos\/"},{"@type":"ListItem","position":2,"name":"Justi\u00e7a obriga governo Fl\u00e1vio Dino a firmar acordo com m\u00e9dicos para evitar greve"}]},{"@type":"WebSite","@id":"https:\/\/www.blogsoestado.com\/danielmatos\/#website","url":"https:\/\/www.blogsoestado.com\/danielmatos\/","name":"Daniel Matos","description":"","potentialAction":[{"@type":"SearchAction","target":{"@type":"EntryPoint","urlTemplate":"https:\/\/www.blogsoestado.com\/danielmatos\/?s={search_term_string}"},"query-input":{"@type":"PropertyValueSpecification","valueRequired":true,"valueName":"search_term_string"}}],"inLanguage":"pt-BR"}]}},"jetpack_featured_media_url":"","_links":{"self":[{"href":"https:\/\/www.blogsoestado.com\/danielmatos\/wp-json\/wp\/v2\/posts\/58526","targetHints":{"allow":["GET"]}}],"collection":[{"href":"https:\/\/www.blogsoestado.com\/danielmatos\/wp-json\/wp\/v2\/posts"}],"about":[{"href":"https:\/\/www.blogsoestado.com\/danielmatos\/wp-json\/wp\/v2\/types\/post"}],"replies":[{"embeddable":true,"href":"https:\/\/www.blogsoestado.com\/danielmatos\/wp-json\/wp\/v2\/comments?post=58526"}],"version-history":[{"count":0,"href":"https:\/\/www.blogsoestado.com\/danielmatos\/wp-json\/wp\/v2\/posts\/58526\/revisions"}],"wp:attachment":[{"href":"https:\/\/www.blogsoestado.com\/danielmatos\/wp-json\/wp\/v2\/media?parent=58526"}],"wp:term":[{"taxonomy":"category","embeddable":true,"href":"https:\/\/www.blogsoestado.com\/danielmatos\/wp-json\/wp\/v2\/categories?post=58526"},{"taxonomy":"post_tag","embeddable":true,"href":"https:\/\/www.blogsoestado.com\/danielmatos\/wp-json\/wp\/v2\/tags?post=58526"}],"curies":[{"name":"wp","href":"https:\/\/api.w.org\/{rel}","templated":true}]}}