{"id":58602,"date":"2018-12-05T12:06:06","date_gmt":"2018-12-05T15:06:06","guid":{"rendered":"https:\/\/www.blogsoestado.com\/danielmatos\/?p=58602"},"modified":"2018-12-05T12:06:06","modified_gmt":"2018-12-05T15:06:06","slug":"superintendente-da-fecomercio-critica-omissao-de-conselho-empresarial-criado-por-flavio-dino-na-discussao-do-aumento-de-impostos","status":"publish","type":"post","link":"https:\/\/www.blogsoestado.com\/danielmatos\/superintendente-da-fecomercio-critica-omissao-de-conselho-empresarial-criado-por-flavio-dino-na-discussao-do-aumento-de-impostos\/","title":{"rendered":"Superintendente da Fecom\u00e9rcio critica omiss\u00e3o de conselho empresarial criado por Fl\u00e1vio Dino na discuss\u00e3o do aumento de impostos"},"content":{"rendered":"<figure id=\"attachment_58603\" aria-describedby=\"caption-attachment-58603\" style=\"width: 650px\" class=\"wp-caption aligncenter\"><a href=\"https:\/\/www.blogsoestado.com\/danielmatos\/2018\/12\/05\/superintendente-da-fecomercio-critica-omissao-de-conselho-empresarial-criado-por-flavio-dino-na-discussao-do-aumento-de-impostos\/max-critica\/\" rel=\"attachment wp-att-58603\"><img fetchpriority=\"high\" decoding=\"async\" class=\"wp-image-58603\" src=\"https:\/\/www.blogsoestado.com\/danielmatos\/files\/2018\/12\/max-critica.jpg\" alt=\"\" width=\"650\" height=\"433\" \/><\/a><figcaption id=\"caption-attachment-58603\" class=\"wp-caption-text\">Max de Medeiros faz interven\u00e7\u00e3o durante a roda de conversa, observado por M\u00e1rcio Jerry e demais presentes<\/figcaption><\/figure>\n<p>Ao comentar, em rede social, sua participa\u00e7\u00e3o, semana passada, em roda de conversa do projeto BR-135 sobre a cadeia produtiva da cultura, o superintendente da Federa\u00e7\u00e3o do Com\u00e9rcio de Bens, Servi\u00e7os e Turismo do Estado do Maranh\u00e3o (Fecom\u00e9rcio), Max de Medeiros, questionou o papel do Conselho Empresarial criado pelo governo Fl\u00e1vio Dino. Fazendo refer\u00eancia ao projeto de lei do Poder Executivo que prev\u00ea aumento do Imposto sobre Circula\u00e7\u00e3o de Mercadorias e Servi\u00e7os (ICMS) para a gasolina, o \u00f3leo diesel, bebidas e outros itens, o representante da Fecom\u00e9rcio indagou por que o conselho n\u00e3o discute a proposta, que impacta fortemente o setor produtivo.<\/p>\n<p>Em sua interven\u00e7\u00e3o, durante a roda de conversa, Max de Medeiros comentou a necessidade de atualiza\u00e7\u00e3o da tabela de diferenciais de al\u00edquota de ICMS para as micro e pequenas empresas no estado e apontou dificuldade de di\u00e1logo da classe empresarial com o governo. Presente ao debate, na condi\u00e7\u00e3o de representante do Pal\u00e1cio dos Le\u00f5es, o secret\u00e1rio de Estado da Comunica\u00e7\u00e3o Social e Assuntos Pol\u00edticos, M\u00e1rcio Jerry, respondeu que o governo j\u00e1 havia criado o Conselho Empresarial.<\/p>\n<p>Evitando fugir do tema central da discuss\u00e3o, que era a cultura, o superintendente da Fecom\u00e9rcio n\u00e3o fez nenhuma considera\u00e7\u00e3o sobre a resposta de Jerry. Mas voltou ao assunto hoje, de forma contundente, em sua rede social:<\/p>\n<p><em>&#8220;N\u00e3o quis abrir o par\u00eantese na oportunidade, pois o assunto da roda de conversa era cultura. Mas ficou a d\u00favida: pra que serve um Conselho Empresarial que n\u00e3o discute, por exemplo, aumento de impostos que impacta o setor produtivo? Esta semana, a proposta de atualiza\u00e7\u00e3o da tabela veio junto com um pacote de aumento de impostos e foi mal recebida pela classe empresarial. Com di\u00e1logo, poderia-se facilmente justificar as medidas do ajuste fiscal proposto, no sentido de favorecer as MPE&#8217;s e sobretaxar os produtos considerados de &#8220;luxo&#8221;. Mas, infelizmente, mais uma vez faltou di\u00e1logo e o projeto de lei segue agora tramitando em regime de urg\u00eancia na Assembleia sob incont\u00e1veis cr\u00edticas&#8221;.<\/em><\/p>\n<p>A posicionamento do superintendente da Fecom\u00e9rcio ecoa a insatisfa\u00e7\u00e3o de todo o empresariado maranhense com os tr\u00eas aumentos de impostos propostos pelo governo Fl\u00e1vio Dino s\u00f3 neste primeiro mandato. E, com certeza, sinaliza forte abalo na economia local.<\/p>\n","protected":false},"excerpt":{"rendered":"<p>Ao comentar, em rede social, sua participa\u00e7\u00e3o, semana passada, em roda de conversa do projeto BR-135 sobre a cadeia produtiva [&hellip;]<\/p>\n","protected":false},"author":0,"featured_media":0,"comment_status":"open","ping_status":"open","sticky":false,"template":"","format":"standard","meta":{"site-sidebar-layout":"default","site-content-layout":"","ast-site-content-layout":"default","site-content-style":"default","site-sidebar-style":"default","ast-global-header-display":"","ast-banner-title-visibility":"","ast-main-header-display":"","ast-hfb-above-header-display":"","ast-hfb-below-header-display":"","ast-hfb-mobile-header-display":"","site-post-title":"","ast-breadcrumbs-content":"","ast-featured-img":"","footer-sml-layout":"","ast-disable-related-posts":"","theme-transparent-header-meta":"","adv-header-id-meta":"","stick-header-meta":"","header-above-stick-meta":"","header-main-stick-meta":"","header-below-stick-meta":"","astra-migrate-meta-layouts":"default","ast-page-background-enabled":"default","ast-page-background-meta":{"desktop":{"background-color":"var(--ast-global-color-5)","background-image":"","background-repeat":"repeat","background-position":"center center","background-size":"auto","background-attachment":"scroll","background-type":"","background-media":"","overlay-type":"","overlay-color":"","overlay-opacity":"","overlay-gradient":""},"tablet":{"background-color":"","background-image":"","background-repeat":"repeat","background-position":"center center","background-size":"auto","background-attachment":"scroll","background-type":"","background-media":"","overlay-type":"","overlay-color":"","overlay-opacity":"","overlay-gradient":""},"mobile":{"background-color":"","background-image":"","background-repeat":"repeat","background-position":"center center","background-size":"auto","background-attachment":"scroll","background-type":"","background-media":"","overlay-type":"","overlay-color":"","overlay-opacity":"","overlay-gradient":""}},"ast-content-background-meta":{"desktop":{"background-color":"var(--ast-global-color-4)","background-image":"","background-repeat":"repeat","background-position":"center center","background-size":"auto","background-attachment":"scroll","background-type":"","background-media":"","overlay-type":"","overlay-color":"","overlay-opacity":"","overlay-gradient":""},"tablet":{"background-color":"var(--ast-global-color-4)","background-image":"","background-repeat":"repeat","background-position":"center center","background-size":"auto","background-attachment":"scroll","background-type":"","background-media":"","overlay-type":"","overlay-color":"","overlay-opacity":"","overlay-gradient":""},"mobile":{"background-color":"var(--ast-global-color-4)","background-image":"","background-repeat":"repeat","background-position":"center center","background-size":"auto","background-attachment":"scroll","background-type":"","background-media":"","overlay-type":"","overlay-color":"","overlay-opacity":"","overlay-gradient":""}},"footnotes":""},"categories":[1],"tags":[],"class_list":["post-58602","post","type-post","status-publish","format-standard","hentry","category-sem-categoria"],"yoast_head":"<!-- This site is optimized with the Yoast SEO plugin v26.6 - https:\/\/yoast.com\/wordpress\/plugins\/seo\/ -->\n<title>Superintendente da Fecom\u00e9rcio critica omiss\u00e3o de conselho empresarial criado por Fl\u00e1vio Dino na discuss\u00e3o do aumento de impostos - Daniel Matos<\/title>\n<meta name=\"robots\" content=\"index, follow, max-snippet:-1, max-image-preview:large, max-video-preview:-1\" \/>\n<link rel=\"canonical\" href=\"https:\/\/www.blogsoestado.com\/danielmatos\/superintendente-da-fecomercio-critica-omissao-de-conselho-empresarial-criado-por-flavio-dino-na-discussao-do-aumento-de-impostos\/\" \/>\n<meta property=\"og:locale\" content=\"pt_BR\" \/>\n<meta property=\"og:type\" content=\"article\" \/>\n<meta property=\"og:title\" content=\"Superintendente da Fecom\u00e9rcio critica omiss\u00e3o de conselho empresarial criado por Fl\u00e1vio Dino na discuss\u00e3o do aumento de impostos - Daniel Matos\" \/>\n<meta property=\"og:description\" content=\"Ao comentar, em rede social, sua participa\u00e7\u00e3o, semana passada, em roda de conversa do projeto BR-135 sobre a cadeia produtiva [&hellip;]\" \/>\n<meta property=\"og:url\" content=\"https:\/\/www.blogsoestado.com\/danielmatos\/superintendente-da-fecomercio-critica-omissao-de-conselho-empresarial-criado-por-flavio-dino-na-discussao-do-aumento-de-impostos\/\" \/>\n<meta property=\"og:site_name\" content=\"Daniel Matos\" \/>\n<meta property=\"article:published_time\" content=\"2018-12-05T15:06:06+00:00\" \/>\n<meta property=\"og:image\" content=\"https:\/\/www.blogsoestado.com\/danielmatos\/files\/2018\/12\/max-critica.jpg\" \/>\n<meta name=\"twitter:card\" content=\"summary_large_image\" \/>\n<meta name=\"twitter:label1\" content=\"Est. tempo de leitura\" \/>\n\t<meta name=\"twitter:data1\" content=\"2 minutos\" \/>\n<script type=\"application\/ld+json\" class=\"yoast-schema-graph\">{\"@context\":\"https:\/\/schema.org\",\"@graph\":[{\"@type\":\"WebPage\",\"@id\":\"https:\/\/www.blogsoestado.com\/danielmatos\/superintendente-da-fecomercio-critica-omissao-de-conselho-empresarial-criado-por-flavio-dino-na-discussao-do-aumento-de-impostos\/\",\"url\":\"https:\/\/www.blogsoestado.com\/danielmatos\/superintendente-da-fecomercio-critica-omissao-de-conselho-empresarial-criado-por-flavio-dino-na-discussao-do-aumento-de-impostos\/\",\"name\":\"Superintendente da Fecom\u00e9rcio critica omiss\u00e3o de conselho empresarial criado por Fl\u00e1vio Dino na discuss\u00e3o do aumento de impostos - Daniel Matos\",\"isPartOf\":{\"@id\":\"https:\/\/www.blogsoestado.com\/danielmatos\/#website\"},\"primaryImageOfPage\":{\"@id\":\"https:\/\/www.blogsoestado.com\/danielmatos\/superintendente-da-fecomercio-critica-omissao-de-conselho-empresarial-criado-por-flavio-dino-na-discussao-do-aumento-de-impostos\/#primaryimage\"},\"image\":{\"@id\":\"https:\/\/www.blogsoestado.com\/danielmatos\/superintendente-da-fecomercio-critica-omissao-de-conselho-empresarial-criado-por-flavio-dino-na-discussao-do-aumento-de-impostos\/#primaryimage\"},\"thumbnailUrl\":\"https:\/\/www.blogsoestado.com\/danielmatos\/files\/2018\/12\/max-critica.jpg\",\"datePublished\":\"2018-12-05T15:06:06+00:00\",\"author\":{\"@id\":\"\"},\"breadcrumb\":{\"@id\":\"https:\/\/www.blogsoestado.com\/danielmatos\/superintendente-da-fecomercio-critica-omissao-de-conselho-empresarial-criado-por-flavio-dino-na-discussao-do-aumento-de-impostos\/#breadcrumb\"},\"inLanguage\":\"pt-BR\",\"potentialAction\":[{\"@type\":\"ReadAction\",\"target\":[\"https:\/\/www.blogsoestado.com\/danielmatos\/superintendente-da-fecomercio-critica-omissao-de-conselho-empresarial-criado-por-flavio-dino-na-discussao-do-aumento-de-impostos\/\"]}]},{\"@type\":\"ImageObject\",\"inLanguage\":\"pt-BR\",\"@id\":\"https:\/\/www.blogsoestado.com\/danielmatos\/superintendente-da-fecomercio-critica-omissao-de-conselho-empresarial-criado-por-flavio-dino-na-discussao-do-aumento-de-impostos\/#primaryimage\",\"url\":\"https:\/\/www.blogsoestado.com\/danielmatos\/files\/2018\/12\/max-critica.jpg\",\"contentUrl\":\"https:\/\/www.blogsoestado.com\/danielmatos\/files\/2018\/12\/max-critica.jpg\"},{\"@type\":\"BreadcrumbList\",\"@id\":\"https:\/\/www.blogsoestado.com\/danielmatos\/superintendente-da-fecomercio-critica-omissao-de-conselho-empresarial-criado-por-flavio-dino-na-discussao-do-aumento-de-impostos\/#breadcrumb\",\"itemListElement\":[{\"@type\":\"ListItem\",\"position\":1,\"name\":\"In\u00edcio\",\"item\":\"https:\/\/www.blogsoestado.com\/danielmatos\/\"},{\"@type\":\"ListItem\",\"position\":2,\"name\":\"Superintendente da Fecom\u00e9rcio critica omiss\u00e3o de conselho empresarial criado por Fl\u00e1vio Dino na discuss\u00e3o do aumento de impostos\"}]},{\"@type\":\"WebSite\",\"@id\":\"https:\/\/www.blogsoestado.com\/danielmatos\/#website\",\"url\":\"https:\/\/www.blogsoestado.com\/danielmatos\/\",\"name\":\"Daniel Matos\",\"description\":\"\",\"potentialAction\":[{\"@type\":\"SearchAction\",\"target\":{\"@type\":\"EntryPoint\",\"urlTemplate\":\"https:\/\/www.blogsoestado.com\/danielmatos\/?s={search_term_string}\"},\"query-input\":{\"@type\":\"PropertyValueSpecification\",\"valueRequired\":true,\"valueName\":\"search_term_string\"}}],\"inLanguage\":\"pt-BR\"}]}<\/script>\n<!-- \/ Yoast SEO plugin. -->","yoast_head_json":{"title":"Superintendente da Fecom\u00e9rcio critica omiss\u00e3o de conselho empresarial criado por Fl\u00e1vio Dino na discuss\u00e3o do aumento de impostos - Daniel Matos","robots":{"index":"index","follow":"follow","max-snippet":"max-snippet:-1","max-image-preview":"max-image-preview:large","max-video-preview":"max-video-preview:-1"},"canonical":"https:\/\/www.blogsoestado.com\/danielmatos\/superintendente-da-fecomercio-critica-omissao-de-conselho-empresarial-criado-por-flavio-dino-na-discussao-do-aumento-de-impostos\/","og_locale":"pt_BR","og_type":"article","og_title":"Superintendente da Fecom\u00e9rcio critica omiss\u00e3o de conselho empresarial criado por Fl\u00e1vio Dino na discuss\u00e3o do aumento de impostos - Daniel Matos","og_description":"Ao comentar, em rede social, sua participa\u00e7\u00e3o, semana passada, em roda de conversa do projeto BR-135 sobre a cadeia produtiva [&hellip;]","og_url":"https:\/\/www.blogsoestado.com\/danielmatos\/superintendente-da-fecomercio-critica-omissao-de-conselho-empresarial-criado-por-flavio-dino-na-discussao-do-aumento-de-impostos\/","og_site_name":"Daniel Matos","article_published_time":"2018-12-05T15:06:06+00:00","og_image":[{"url":"https:\/\/www.blogsoestado.com\/danielmatos\/files\/2018\/12\/max-critica.jpg","type":"","width":"","height":""}],"twitter_card":"summary_large_image","twitter_misc":{"Est. tempo de leitura":"2 minutos"},"schema":{"@context":"https:\/\/schema.org","@graph":[{"@type":"WebPage","@id":"https:\/\/www.blogsoestado.com\/danielmatos\/superintendente-da-fecomercio-critica-omissao-de-conselho-empresarial-criado-por-flavio-dino-na-discussao-do-aumento-de-impostos\/","url":"https:\/\/www.blogsoestado.com\/danielmatos\/superintendente-da-fecomercio-critica-omissao-de-conselho-empresarial-criado-por-flavio-dino-na-discussao-do-aumento-de-impostos\/","name":"Superintendente da Fecom\u00e9rcio critica omiss\u00e3o de conselho empresarial criado por Fl\u00e1vio Dino na discuss\u00e3o do aumento de impostos - Daniel Matos","isPartOf":{"@id":"https:\/\/www.blogsoestado.com\/danielmatos\/#website"},"primaryImageOfPage":{"@id":"https:\/\/www.blogsoestado.com\/danielmatos\/superintendente-da-fecomercio-critica-omissao-de-conselho-empresarial-criado-por-flavio-dino-na-discussao-do-aumento-de-impostos\/#primaryimage"},"image":{"@id":"https:\/\/www.blogsoestado.com\/danielmatos\/superintendente-da-fecomercio-critica-omissao-de-conselho-empresarial-criado-por-flavio-dino-na-discussao-do-aumento-de-impostos\/#primaryimage"},"thumbnailUrl":"https:\/\/www.blogsoestado.com\/danielmatos\/files\/2018\/12\/max-critica.jpg","datePublished":"2018-12-05T15:06:06+00:00","author":{"@id":""},"breadcrumb":{"@id":"https:\/\/www.blogsoestado.com\/danielmatos\/superintendente-da-fecomercio-critica-omissao-de-conselho-empresarial-criado-por-flavio-dino-na-discussao-do-aumento-de-impostos\/#breadcrumb"},"inLanguage":"pt-BR","potentialAction":[{"@type":"ReadAction","target":["https:\/\/www.blogsoestado.com\/danielmatos\/superintendente-da-fecomercio-critica-omissao-de-conselho-empresarial-criado-por-flavio-dino-na-discussao-do-aumento-de-impostos\/"]}]},{"@type":"ImageObject","inLanguage":"pt-BR","@id":"https:\/\/www.blogsoestado.com\/danielmatos\/superintendente-da-fecomercio-critica-omissao-de-conselho-empresarial-criado-por-flavio-dino-na-discussao-do-aumento-de-impostos\/#primaryimage","url":"https:\/\/www.blogsoestado.com\/danielmatos\/files\/2018\/12\/max-critica.jpg","contentUrl":"https:\/\/www.blogsoestado.com\/danielmatos\/files\/2018\/12\/max-critica.jpg"},{"@type":"BreadcrumbList","@id":"https:\/\/www.blogsoestado.com\/danielmatos\/superintendente-da-fecomercio-critica-omissao-de-conselho-empresarial-criado-por-flavio-dino-na-discussao-do-aumento-de-impostos\/#breadcrumb","itemListElement":[{"@type":"ListItem","position":1,"name":"In\u00edcio","item":"https:\/\/www.blogsoestado.com\/danielmatos\/"},{"@type":"ListItem","position":2,"name":"Superintendente da Fecom\u00e9rcio critica omiss\u00e3o de conselho empresarial criado por Fl\u00e1vio Dino na discuss\u00e3o do aumento de impostos"}]},{"@type":"WebSite","@id":"https:\/\/www.blogsoestado.com\/danielmatos\/#website","url":"https:\/\/www.blogsoestado.com\/danielmatos\/","name":"Daniel Matos","description":"","potentialAction":[{"@type":"SearchAction","target":{"@type":"EntryPoint","urlTemplate":"https:\/\/www.blogsoestado.com\/danielmatos\/?s={search_term_string}"},"query-input":{"@type":"PropertyValueSpecification","valueRequired":true,"valueName":"search_term_string"}}],"inLanguage":"pt-BR"}]}},"jetpack_featured_media_url":"","_links":{"self":[{"href":"https:\/\/www.blogsoestado.com\/danielmatos\/wp-json\/wp\/v2\/posts\/58602","targetHints":{"allow":["GET"]}}],"collection":[{"href":"https:\/\/www.blogsoestado.com\/danielmatos\/wp-json\/wp\/v2\/posts"}],"about":[{"href":"https:\/\/www.blogsoestado.com\/danielmatos\/wp-json\/wp\/v2\/types\/post"}],"replies":[{"embeddable":true,"href":"https:\/\/www.blogsoestado.com\/danielmatos\/wp-json\/wp\/v2\/comments?post=58602"}],"version-history":[{"count":0,"href":"https:\/\/www.blogsoestado.com\/danielmatos\/wp-json\/wp\/v2\/posts\/58602\/revisions"}],"wp:attachment":[{"href":"https:\/\/www.blogsoestado.com\/danielmatos\/wp-json\/wp\/v2\/media?parent=58602"}],"wp:term":[{"taxonomy":"category","embeddable":true,"href":"https:\/\/www.blogsoestado.com\/danielmatos\/wp-json\/wp\/v2\/categories?post=58602"},{"taxonomy":"post_tag","embeddable":true,"href":"https:\/\/www.blogsoestado.com\/danielmatos\/wp-json\/wp\/v2\/tags?post=58602"}],"curies":[{"name":"wp","href":"https:\/\/api.w.org\/{rel}","templated":true}]}}