{"id":58606,"date":"2018-12-05T12:43:02","date_gmt":"2018-12-05T15:43:02","guid":{"rendered":"https:\/\/www.blogsoestado.com\/danielmatos\/?p=58606"},"modified":"2018-12-05T12:43:02","modified_gmt":"2018-12-05T15:43:02","slug":"usuarios-de-ferry-boats-de-cururupu-encaminharam-a-cezar-bombeiro-fotos-que-mostram-riscos-de-tragedia","status":"publish","type":"post","link":"https:\/\/www.blogsoestado.com\/danielmatos\/usuarios-de-ferry-boats-de-cururupu-encaminharam-a-cezar-bombeiro-fotos-que-mostram-riscos-de-tragedia\/","title":{"rendered":"Usu\u00e1rios de ferry-boats de Cururupu encaminharam a C\u00e9zar Bombeiro fotos que mostram riscos de trag\u00e9dia"},"content":{"rendered":"<figure id=\"attachment_57293\" aria-describedby=\"caption-attachment-57293\" style=\"width: 450px\" class=\"wp-caption alignright\"><a href=\"https:\/\/www.blogsoestado.com\/danielmatos\/2018\/10\/25\/cezar-bombeiro-cobra-convocacao-do-secretario-da-semosp-para-esclarecer-risco-de-enchentes\/bombeiro-enchentes\/\" rel=\"attachment wp-att-57293\"><img fetchpriority=\"high\" decoding=\"async\" class=\"wp-image-57293\" src=\"https:\/\/www.blogsoestado.com\/danielmatos\/files\/2018\/10\/bombeiro-enchentes.jpg\" alt=\"\" width=\"450\" height=\"338\" \/><\/a><figcaption id=\"caption-attachment-57293\" class=\"wp-caption-text\">C\u00e9zar Bombeirotem feito sucessivos alertas sobre m\u00e1s condi\u00e7\u00f5es de ferry-boats<\/figcaption><\/figure>\n<p>H\u00e1 poucos dias, o vereador C\u00e9zar Bombeiro (PSD) encaminhou atrav\u00e9s da\u00a0 Mesa Diretora da C\u00e2mara Municipal de S\u00e3o Lu\u00eds, indica\u00e7\u00e3o a EMAP, MOB e\u00a0ao governador Flavio Dino, tratando da necessidade de fiscaliza\u00e7\u00e3o\u00a0 urgente em todos ferry-boats, que operam nos servi\u00e7os de transportes de\u00a0passageiros, ve\u00edculos e cargas entre a Ponta da Espera em S\u00e3o Lu\u00eds e o Cujupe, na Baixada Maranhense.<\/p>\n<p>O vereador seguindo as den\u00fancias de usu\u00e1rios fala que s\u00e3o constantes os\u00a0 problemas registrados durante viagens nas embarca\u00e7\u00f5es das duas empresas, que operam na explora\u00e7\u00e3o dos servi\u00e7os mediante autoriza\u00e7\u00e3o das\u00a0 institui\u00e7\u00f5es acima. Ficar a deriva com p\u00e2nico entre passageiros e o socorro feito por rebocadores do Porto do Itaqui j\u00e1 faz parte da rotina do transporte. Muitas viagens se tornam bastante demoradas por\u00a0 precariedade das m\u00e1quinas, que em algumas ocasi\u00f5es conseguem muito mal chegar ao Cujupe e n\u00e3o retornam decorrente de panes mec\u00e2nicas, fazem parte dos in\u00fameros relatos angustiantes de usu\u00e1rios, afirma o vereador C\u00e9zar Bombeiro.<\/p>\n<figure id=\"attachment_58607\" aria-describedby=\"caption-attachment-58607\" style=\"width: 567px\" class=\"wp-caption aligncenter\"><a href=\"https:\/\/www.blogsoestado.com\/danielmatos\/2018\/12\/05\/usuarios-de-ferry-boats-de-cururupu-encaminharam-a-cezar-bombeiro-fotos-que-mostram-riscos-de-tragedia\/bombeiro-ferry\/\" rel=\"attachment wp-att-58607\"><img decoding=\"async\" class=\"wp-image-58607 size-full\" src=\"https:\/\/www.blogsoestado.com\/danielmatos\/files\/2018\/12\/bombeiro-ferry.png\" alt=\"\" width=\"567\" height=\"567\" \/><\/a><figcaption id=\"caption-attachment-58607\" class=\"wp-caption-text\">Precariedade dos equipamentos das embarca\u00e7\u00f5es coloca em risco a seguran\u00e7a dos viajantes<\/figcaption><\/figure>\n<p>Fotos feitas no \u00faltimo final de semana por uma pessoa integrante de uma fam\u00edlia que constantemente visita Cururupu, mostram claramente que a ferrugem toma conta da embarca\u00e7\u00e3o, os salvas vidas n\u00e3o ficam ao alcance<br \/>\ndos passageiros, instala\u00e7\u00e3o na imin\u00eancia de curtos el\u00e9tricos, alto falante apenas decorativo, est\u00e3o entre as fotos que o vereador recebeu e que aos poucos ser\u00e3o divulgadas. O vereador pretende com elas fazer uma visita ao Capit\u00e3o dos Portos, para mostrar que as embarca\u00e7\u00f5es parecem\u00a0n\u00e3o serem fiscalizadas e a ferrugem representa riscos graves e subtende que nos locais que t\u00eam contatos diretos com a \u00e1gua do mar, o perigo deve ser muito maior, diz C\u00e9zar Bombeiro.<\/p>\n<p>A verdade \u00e9 que a indiferen\u00e7a das autoridades e os riscos de uma trag\u00e9dia sem precedente \u00e9 que a omiss\u00e3o assume uma propor\u00e7\u00e3o inimagin\u00e1vel de irresponsabilidade com a vidas pessoas, em que o dinheiro \u00e9 muito mais importante.<\/p>\n","protected":false},"excerpt":{"rendered":"<p>H\u00e1 poucos dias, o vereador C\u00e9zar Bombeiro (PSD) encaminhou atrav\u00e9s da\u00a0 Mesa Diretora da C\u00e2mara Municipal de S\u00e3o Lu\u00eds, indica\u00e7\u00e3o [&hellip;]<\/p>\n","protected":false},"author":0,"featured_media":0,"comment_status":"open","ping_status":"open","sticky":false,"template":"","format":"standard","meta":{"site-sidebar-layout":"default","site-content-layout":"","ast-site-content-layout":"default","site-content-style":"default","site-sidebar-style":"default","ast-global-header-display":"","ast-banner-title-visibility":"","ast-main-header-display":"","ast-hfb-above-header-display":"","ast-hfb-below-header-display":"","ast-hfb-mobile-header-display":"","site-post-title":"","ast-breadcrumbs-content":"","ast-featured-img":"","footer-sml-layout":"","ast-disable-related-posts":"","theme-transparent-header-meta":"","adv-header-id-meta":"","stick-header-meta":"","header-above-stick-meta":"","header-main-stick-meta":"","header-below-stick-meta":"","astra-migrate-meta-layouts":"default","ast-page-background-enabled":"default","ast-page-background-meta":{"desktop":{"background-color":"var(--ast-global-color-5)","background-image":"","background-repeat":"repeat","background-position":"center center","background-size":"auto","background-attachment":"scroll","background-type":"","background-media":"","overlay-type":"","overlay-color":"","overlay-opacity":"","overlay-gradient":""},"tablet":{"background-color":"","background-image":"","background-repeat":"repeat","background-position":"center center","background-size":"auto","background-attachment":"scroll","background-type":"","background-media":"","overlay-type":"","overlay-color":"","overlay-opacity":"","overlay-gradient":""},"mobile":{"background-color":"","background-image":"","background-repeat":"repeat","background-position":"center center","background-size":"auto","background-attachment":"scroll","background-type":"","background-media":"","overlay-type":"","overlay-color":"","overlay-opacity":"","overlay-gradient":""}},"ast-content-background-meta":{"desktop":{"background-color":"var(--ast-global-color-4)","background-image":"","background-repeat":"repeat","background-position":"center center","background-size":"auto","background-attachment":"scroll","background-type":"","background-media":"","overlay-type":"","overlay-color":"","overlay-opacity":"","overlay-gradient":""},"tablet":{"background-color":"var(--ast-global-color-4)","background-image":"","background-repeat":"repeat","background-position":"center center","background-size":"auto","background-attachment":"scroll","background-type":"","background-media":"","overlay-type":"","overlay-color":"","overlay-opacity":"","overlay-gradient":""},"mobile":{"background-color":"var(--ast-global-color-4)","background-image":"","background-repeat":"repeat","background-position":"center center","background-size":"auto","background-attachment":"scroll","background-type":"","background-media":"","overlay-type":"","overlay-color":"","overlay-opacity":"","overlay-gradient":""}},"footnotes":""},"categories":[1],"tags":[],"class_list":["post-58606","post","type-post","status-publish","format-standard","hentry","category-sem-categoria"],"yoast_head":"<!-- This site is optimized with the Yoast SEO plugin v26.6 - https:\/\/yoast.com\/wordpress\/plugins\/seo\/ -->\n<title>Usu\u00e1rios de ferry-boats de Cururupu encaminharam a C\u00e9zar Bombeiro fotos que mostram riscos de trag\u00e9dia - Daniel Matos<\/title>\n<meta name=\"robots\" content=\"index, follow, max-snippet:-1, max-image-preview:large, max-video-preview:-1\" \/>\n<link rel=\"canonical\" href=\"https:\/\/www.blogsoestado.com\/danielmatos\/usuarios-de-ferry-boats-de-cururupu-encaminharam-a-cezar-bombeiro-fotos-que-mostram-riscos-de-tragedia\/\" \/>\n<meta property=\"og:locale\" content=\"pt_BR\" \/>\n<meta property=\"og:type\" content=\"article\" \/>\n<meta property=\"og:title\" content=\"Usu\u00e1rios de ferry-boats de Cururupu encaminharam a C\u00e9zar Bombeiro fotos que mostram riscos de trag\u00e9dia - Daniel Matos\" \/>\n<meta property=\"og:description\" content=\"H\u00e1 poucos dias, o vereador C\u00e9zar Bombeiro (PSD) encaminhou atrav\u00e9s da\u00a0 Mesa Diretora da C\u00e2mara Municipal de S\u00e3o Lu\u00eds, indica\u00e7\u00e3o [&hellip;]\" \/>\n<meta property=\"og:url\" content=\"https:\/\/www.blogsoestado.com\/danielmatos\/usuarios-de-ferry-boats-de-cururupu-encaminharam-a-cezar-bombeiro-fotos-que-mostram-riscos-de-tragedia\/\" \/>\n<meta property=\"og:site_name\" content=\"Daniel Matos\" \/>\n<meta property=\"article:published_time\" content=\"2018-12-05T15:43:02+00:00\" \/>\n<meta property=\"og:image\" content=\"https:\/\/www.blogsoestado.com\/danielmatos\/files\/2018\/10\/bombeiro-enchentes.jpg\" \/>\n<meta name=\"twitter:card\" content=\"summary_large_image\" \/>\n<meta name=\"twitter:label1\" content=\"Est. tempo de leitura\" \/>\n\t<meta name=\"twitter:data1\" content=\"2 minutos\" \/>\n<script type=\"application\/ld+json\" class=\"yoast-schema-graph\">{\"@context\":\"https:\/\/schema.org\",\"@graph\":[{\"@type\":\"WebPage\",\"@id\":\"https:\/\/www.blogsoestado.com\/danielmatos\/usuarios-de-ferry-boats-de-cururupu-encaminharam-a-cezar-bombeiro-fotos-que-mostram-riscos-de-tragedia\/\",\"url\":\"https:\/\/www.blogsoestado.com\/danielmatos\/usuarios-de-ferry-boats-de-cururupu-encaminharam-a-cezar-bombeiro-fotos-que-mostram-riscos-de-tragedia\/\",\"name\":\"Usu\u00e1rios de ferry-boats de Cururupu encaminharam a C\u00e9zar Bombeiro fotos que mostram riscos de trag\u00e9dia - Daniel Matos\",\"isPartOf\":{\"@id\":\"https:\/\/www.blogsoestado.com\/danielmatos\/#website\"},\"primaryImageOfPage\":{\"@id\":\"https:\/\/www.blogsoestado.com\/danielmatos\/usuarios-de-ferry-boats-de-cururupu-encaminharam-a-cezar-bombeiro-fotos-que-mostram-riscos-de-tragedia\/#primaryimage\"},\"image\":{\"@id\":\"https:\/\/www.blogsoestado.com\/danielmatos\/usuarios-de-ferry-boats-de-cururupu-encaminharam-a-cezar-bombeiro-fotos-que-mostram-riscos-de-tragedia\/#primaryimage\"},\"thumbnailUrl\":\"https:\/\/www.blogsoestado.com\/danielmatos\/files\/2018\/10\/bombeiro-enchentes.jpg\",\"datePublished\":\"2018-12-05T15:43:02+00:00\",\"author\":{\"@id\":\"\"},\"breadcrumb\":{\"@id\":\"https:\/\/www.blogsoestado.com\/danielmatos\/usuarios-de-ferry-boats-de-cururupu-encaminharam-a-cezar-bombeiro-fotos-que-mostram-riscos-de-tragedia\/#breadcrumb\"},\"inLanguage\":\"pt-BR\",\"potentialAction\":[{\"@type\":\"ReadAction\",\"target\":[\"https:\/\/www.blogsoestado.com\/danielmatos\/usuarios-de-ferry-boats-de-cururupu-encaminharam-a-cezar-bombeiro-fotos-que-mostram-riscos-de-tragedia\/\"]}]},{\"@type\":\"ImageObject\",\"inLanguage\":\"pt-BR\",\"@id\":\"https:\/\/www.blogsoestado.com\/danielmatos\/usuarios-de-ferry-boats-de-cururupu-encaminharam-a-cezar-bombeiro-fotos-que-mostram-riscos-de-tragedia\/#primaryimage\",\"url\":\"https:\/\/www.blogsoestado.com\/danielmatos\/files\/2018\/10\/bombeiro-enchentes.jpg\",\"contentUrl\":\"https:\/\/www.blogsoestado.com\/danielmatos\/files\/2018\/10\/bombeiro-enchentes.jpg\"},{\"@type\":\"BreadcrumbList\",\"@id\":\"https:\/\/www.blogsoestado.com\/danielmatos\/usuarios-de-ferry-boats-de-cururupu-encaminharam-a-cezar-bombeiro-fotos-que-mostram-riscos-de-tragedia\/#breadcrumb\",\"itemListElement\":[{\"@type\":\"ListItem\",\"position\":1,\"name\":\"In\u00edcio\",\"item\":\"https:\/\/www.blogsoestado.com\/danielmatos\/\"},{\"@type\":\"ListItem\",\"position\":2,\"name\":\"Usu\u00e1rios de ferry-boats de Cururupu encaminharam a C\u00e9zar Bombeiro fotos que mostram riscos de trag\u00e9dia\"}]},{\"@type\":\"WebSite\",\"@id\":\"https:\/\/www.blogsoestado.com\/danielmatos\/#website\",\"url\":\"https:\/\/www.blogsoestado.com\/danielmatos\/\",\"name\":\"Daniel Matos\",\"description\":\"\",\"potentialAction\":[{\"@type\":\"SearchAction\",\"target\":{\"@type\":\"EntryPoint\",\"urlTemplate\":\"https:\/\/www.blogsoestado.com\/danielmatos\/?s={search_term_string}\"},\"query-input\":{\"@type\":\"PropertyValueSpecification\",\"valueRequired\":true,\"valueName\":\"search_term_string\"}}],\"inLanguage\":\"pt-BR\"}]}<\/script>\n<!-- \/ Yoast SEO plugin. -->","yoast_head_json":{"title":"Usu\u00e1rios de ferry-boats de Cururupu encaminharam a C\u00e9zar Bombeiro fotos que mostram riscos de trag\u00e9dia - Daniel Matos","robots":{"index":"index","follow":"follow","max-snippet":"max-snippet:-1","max-image-preview":"max-image-preview:large","max-video-preview":"max-video-preview:-1"},"canonical":"https:\/\/www.blogsoestado.com\/danielmatos\/usuarios-de-ferry-boats-de-cururupu-encaminharam-a-cezar-bombeiro-fotos-que-mostram-riscos-de-tragedia\/","og_locale":"pt_BR","og_type":"article","og_title":"Usu\u00e1rios de ferry-boats de Cururupu encaminharam a C\u00e9zar Bombeiro fotos que mostram riscos de trag\u00e9dia - Daniel Matos","og_description":"H\u00e1 poucos dias, o vereador C\u00e9zar Bombeiro (PSD) encaminhou atrav\u00e9s da\u00a0 Mesa Diretora da C\u00e2mara Municipal de S\u00e3o Lu\u00eds, indica\u00e7\u00e3o [&hellip;]","og_url":"https:\/\/www.blogsoestado.com\/danielmatos\/usuarios-de-ferry-boats-de-cururupu-encaminharam-a-cezar-bombeiro-fotos-que-mostram-riscos-de-tragedia\/","og_site_name":"Daniel Matos","article_published_time":"2018-12-05T15:43:02+00:00","og_image":[{"url":"https:\/\/www.blogsoestado.com\/danielmatos\/files\/2018\/10\/bombeiro-enchentes.jpg","type":"","width":"","height":""}],"twitter_card":"summary_large_image","twitter_misc":{"Est. tempo de leitura":"2 minutos"},"schema":{"@context":"https:\/\/schema.org","@graph":[{"@type":"WebPage","@id":"https:\/\/www.blogsoestado.com\/danielmatos\/usuarios-de-ferry-boats-de-cururupu-encaminharam-a-cezar-bombeiro-fotos-que-mostram-riscos-de-tragedia\/","url":"https:\/\/www.blogsoestado.com\/danielmatos\/usuarios-de-ferry-boats-de-cururupu-encaminharam-a-cezar-bombeiro-fotos-que-mostram-riscos-de-tragedia\/","name":"Usu\u00e1rios de ferry-boats de Cururupu encaminharam a C\u00e9zar Bombeiro fotos que mostram riscos de trag\u00e9dia - Daniel Matos","isPartOf":{"@id":"https:\/\/www.blogsoestado.com\/danielmatos\/#website"},"primaryImageOfPage":{"@id":"https:\/\/www.blogsoestado.com\/danielmatos\/usuarios-de-ferry-boats-de-cururupu-encaminharam-a-cezar-bombeiro-fotos-que-mostram-riscos-de-tragedia\/#primaryimage"},"image":{"@id":"https:\/\/www.blogsoestado.com\/danielmatos\/usuarios-de-ferry-boats-de-cururupu-encaminharam-a-cezar-bombeiro-fotos-que-mostram-riscos-de-tragedia\/#primaryimage"},"thumbnailUrl":"https:\/\/www.blogsoestado.com\/danielmatos\/files\/2018\/10\/bombeiro-enchentes.jpg","datePublished":"2018-12-05T15:43:02+00:00","author":{"@id":""},"breadcrumb":{"@id":"https:\/\/www.blogsoestado.com\/danielmatos\/usuarios-de-ferry-boats-de-cururupu-encaminharam-a-cezar-bombeiro-fotos-que-mostram-riscos-de-tragedia\/#breadcrumb"},"inLanguage":"pt-BR","potentialAction":[{"@type":"ReadAction","target":["https:\/\/www.blogsoestado.com\/danielmatos\/usuarios-de-ferry-boats-de-cururupu-encaminharam-a-cezar-bombeiro-fotos-que-mostram-riscos-de-tragedia\/"]}]},{"@type":"ImageObject","inLanguage":"pt-BR","@id":"https:\/\/www.blogsoestado.com\/danielmatos\/usuarios-de-ferry-boats-de-cururupu-encaminharam-a-cezar-bombeiro-fotos-que-mostram-riscos-de-tragedia\/#primaryimage","url":"https:\/\/www.blogsoestado.com\/danielmatos\/files\/2018\/10\/bombeiro-enchentes.jpg","contentUrl":"https:\/\/www.blogsoestado.com\/danielmatos\/files\/2018\/10\/bombeiro-enchentes.jpg"},{"@type":"BreadcrumbList","@id":"https:\/\/www.blogsoestado.com\/danielmatos\/usuarios-de-ferry-boats-de-cururupu-encaminharam-a-cezar-bombeiro-fotos-que-mostram-riscos-de-tragedia\/#breadcrumb","itemListElement":[{"@type":"ListItem","position":1,"name":"In\u00edcio","item":"https:\/\/www.blogsoestado.com\/danielmatos\/"},{"@type":"ListItem","position":2,"name":"Usu\u00e1rios de ferry-boats de Cururupu encaminharam a C\u00e9zar Bombeiro fotos que mostram riscos de trag\u00e9dia"}]},{"@type":"WebSite","@id":"https:\/\/www.blogsoestado.com\/danielmatos\/#website","url":"https:\/\/www.blogsoestado.com\/danielmatos\/","name":"Daniel Matos","description":"","potentialAction":[{"@type":"SearchAction","target":{"@type":"EntryPoint","urlTemplate":"https:\/\/www.blogsoestado.com\/danielmatos\/?s={search_term_string}"},"query-input":{"@type":"PropertyValueSpecification","valueRequired":true,"valueName":"search_term_string"}}],"inLanguage":"pt-BR"}]}},"jetpack_featured_media_url":"","_links":{"self":[{"href":"https:\/\/www.blogsoestado.com\/danielmatos\/wp-json\/wp\/v2\/posts\/58606","targetHints":{"allow":["GET"]}}],"collection":[{"href":"https:\/\/www.blogsoestado.com\/danielmatos\/wp-json\/wp\/v2\/posts"}],"about":[{"href":"https:\/\/www.blogsoestado.com\/danielmatos\/wp-json\/wp\/v2\/types\/post"}],"replies":[{"embeddable":true,"href":"https:\/\/www.blogsoestado.com\/danielmatos\/wp-json\/wp\/v2\/comments?post=58606"}],"version-history":[{"count":0,"href":"https:\/\/www.blogsoestado.com\/danielmatos\/wp-json\/wp\/v2\/posts\/58606\/revisions"}],"wp:attachment":[{"href":"https:\/\/www.blogsoestado.com\/danielmatos\/wp-json\/wp\/v2\/media?parent=58606"}],"wp:term":[{"taxonomy":"category","embeddable":true,"href":"https:\/\/www.blogsoestado.com\/danielmatos\/wp-json\/wp\/v2\/categories?post=58606"},{"taxonomy":"post_tag","embeddable":true,"href":"https:\/\/www.blogsoestado.com\/danielmatos\/wp-json\/wp\/v2\/tags?post=58606"}],"curies":[{"name":"wp","href":"https:\/\/api.w.org\/{rel}","templated":true}]}}