{"id":58610,"date":"2018-12-05T16:36:24","date_gmt":"2018-12-05T19:36:24","guid":{"rendered":"https:\/\/www.blogsoestado.com\/danielmatos\/?p=58610"},"modified":"2018-12-05T16:36:24","modified_gmt":"2018-12-05T19:36:24","slug":"projeto-de-flavio-dino-que-aumenta-impostos-e-aprovado-pela-assembleia-sob-protestos-da-oposicao","status":"publish","type":"post","link":"https:\/\/www.blogsoestado.com\/danielmatos\/projeto-de-flavio-dino-que-aumenta-impostos-e-aprovado-pela-assembleia-sob-protestos-da-oposicao\/","title":{"rendered":"Projeto de Fl\u00e1vio Dino que aumenta impostos \u00e9 aprovado pela Assembleia sob protestos da oposi\u00e7\u00e3o"},"content":{"rendered":"<figure id=\"attachment_58611\" aria-describedby=\"caption-attachment-58611\" style=\"width: 450px\" class=\"wp-caption alignleft\"><a href=\"https:\/\/www.blogsoestado.com\/danielmatos\/2018\/12\/05\/projeto-de-flavio-dino-que-aumenta-impostos-e-aprovado-pela-assembleia-sob-protestos-da-oposicao\/adriano-tributo\/\" rel=\"attachment wp-att-58611\"><img fetchpriority=\"high\" decoding=\"async\" class=\"wp-image-58611\" src=\"https:\/\/www.blogsoestado.com\/danielmatos\/files\/2018\/12\/adriano-tributo.jpg\" alt=\"\" width=\"450\" height=\"300\" \/><\/a><figcaption id=\"caption-attachment-58611\" class=\"wp-caption-text\">Na Mesa Diretora, ao lado do presidente Othelino Neto, Adriano l\u00ea mensagem de rep\u00fadio ao projeto<\/figcaption><\/figure>\n<p>O plen\u00e1rio da Assembleia Legislativa aprovou hoje, por ampla maioria, o projeto de lei 239\/2018, do Poder Executivo, que prev\u00ea o reajuste de al\u00edquotas do Impostos sobre Circula\u00e7\u00e3o de Mercadorias e Servi\u00e7os (ICMS) para diversos produtos, dentre os quais gasolina, cerveja, refrigerantes, armamentos e joias. Tamb\u00e9m foi aprovada a inclus\u00e3o da arrecada\u00e7\u00e3o tribut\u00e1ria com \u00f3leo diesel e o biodiesel com fonte de receita para o Fundo Maranhense de Combate \u00e0 Pobreza (Fumacop), o que elevou a al\u00edquota do ICMS que incide sobre os dois combust\u00edveis de 16,5% para 18,5%.<\/p>\n<p>Antes da vota\u00e7\u00e3o, os deputados estaduais Adriano Sarney (PV), Wellington do Curso (PSDB), Eduardo Braide (PMN), C\u00e9sar Pires (PV) e Max Barros (PMB) fizeram discursos inflamados contra a mensagem governista. Adriano, Wellington, Braide e Pires chegaram a apresentar emendas para reduzir os impactos negativos do projeto \u00e0 popula\u00e7\u00e3o, mas todas foram rejeitadas. O l\u00edder do governo no parlamento, deputado Rog\u00e9rio Cafeteira (DEM), e o colega Z\u00e9 In\u00e1cio (PT), outro membro da base aliada, tamb\u00e9m apresentaram emendas.<\/p>\n<p>Ao votar contra o projeto que imp\u00f5e mais arrocho tribut\u00e1rio ao povo do Maranh\u00e3o, Adriano Sarney reafirmou seu posicionamento a favor do povo e contra o governo, que segundo ele, faz uma gest\u00e3o desastrosa das finan\u00e7as do Estado e transfere para os cidad\u00e3os todo o \u00f4nus da sua incompet\u00eancia. &#8220;\u00c9 um governo tirano, comunista, que destruiu a economia do Maranh\u00e3o, outrora equilibrada, e joga um fardo pesado nas costas dos pais e m\u00e3es de\u00a0 fam\u00edlia deste estado&#8221;, condenou.<\/p>\n<figure id=\"attachment_58612\" aria-describedby=\"caption-attachment-58612\" style=\"width: 450px\" class=\"wp-caption alignright\"><a href=\"https:\/\/www.blogsoestado.com\/danielmatos\/2018\/12\/05\/projeto-de-flavio-dino-que-aumenta-impostos-e-aprovado-pela-assembleia-sob-protestos-da-oposicao\/wellington-mesa\/\" rel=\"attachment wp-att-58612\"><img decoding=\"async\" class=\"wp-image-58612\" src=\"https:\/\/www.blogsoestado.com\/danielmatos\/files\/2018\/12\/wellington-mesa.jpg\" alt=\"\" width=\"450\" height=\"582\" \/><\/a><figcaption id=\"caption-attachment-58612\" class=\"wp-caption-text\">Wellington acompanhou de perto as discuss\u00f5es na mesa sobre a proposta<\/figcaption><\/figure>\n<p>Wellington do Curso seguiu a mesma linha e acrescentou que Fl\u00e1vio Dino investe pesado em propaganda para enganar o povo. &#8220;\u00c9 um governo falacioso e que nada faz sen\u00e3o perseguir a popula\u00e7\u00e3o. Um exemplo de tal persegui\u00e7\u00e3o \u00e9 esse aumento de impostos, que prejudicar\u00e1, sobretudo, os mais pobres&#8221;, protestou.<\/p>\n<p>Salvo algumas poucas altera\u00e7\u00f5es, como a amplia\u00e7\u00e3o da isen\u00e7\u00e3o do Imposto sobre Propriedade de Ve\u00edculos Automotores (IPVA) para motos de at\u00e9 110 cilindradas, proposta por Z\u00e9 In\u00e1cio, o projeto do Executivo manteve seu teor inalterado.<\/p>\n<p>Agora, a mensagem do governo aprovada pela Assembleia ir\u00e1 a san\u00e7\u00e3o do governador Fl\u00e1vio Dino (PCdoB) e entrarem vigor quanto antes, com impactos desfavor\u00e1veis para os bolsos dos maranhenses e para a classe empresarial.<\/p>\n<p><strong>ADIN<\/strong><\/p>\n<p>Ap\u00f3s registrar seu voto no plen\u00e1rio, Adriano Sarney anunciou que ajuizar\u00e1, por meio do seu partido, o PV, uma A\u00e7\u00e3o Direta de Constitucionalidade (ADIN) no Tribunal de Justi\u00e7a do Maranh\u00e3o para derrubar o projeto aprovado pela Assembleia. &#8220;Trata-se de um projeto inconstitucional. Iremos \u00e0 Justi\u00e7a contra mais esse absurdo do governo Fl\u00e1vio Dino&#8221;, avisou.<\/p>\n","protected":false},"excerpt":{"rendered":"<p>O plen\u00e1rio da Assembleia Legislativa aprovou hoje, por ampla maioria, o projeto de lei 239\/2018, do Poder Executivo, que prev\u00ea [&hellip;]<\/p>\n","protected":false},"author":0,"featured_media":0,"comment_status":"open","ping_status":"open","sticky":false,"template":"","format":"standard","meta":{"site-sidebar-layout":"default","site-content-layout":"","ast-site-content-layout":"default","site-content-style":"default","site-sidebar-style":"default","ast-global-header-display":"","ast-banner-title-visibility":"","ast-main-header-display":"","ast-hfb-above-header-display":"","ast-hfb-below-header-display":"","ast-hfb-mobile-header-display":"","site-post-title":"","ast-breadcrumbs-content":"","ast-featured-img":"","footer-sml-layout":"","ast-disable-related-posts":"","theme-transparent-header-meta":"","adv-header-id-meta":"","stick-header-meta":"","header-above-stick-meta":"","header-main-stick-meta":"","header-below-stick-meta":"","astra-migrate-meta-layouts":"default","ast-page-background-enabled":"default","ast-page-background-meta":{"desktop":{"background-color":"var(--ast-global-color-5)","background-image":"","background-repeat":"repeat","background-position":"center center","background-size":"auto","background-attachment":"scroll","background-type":"","background-media":"","overlay-type":"","overlay-color":"","overlay-opacity":"","overlay-gradient":""},"tablet":{"background-color":"","background-image":"","background-repeat":"repeat","background-position":"center center","background-size":"auto","background-attachment":"scroll","background-type":"","background-media":"","overlay-type":"","overlay-color":"","overlay-opacity":"","overlay-gradient":""},"mobile":{"background-color":"","background-image":"","background-repeat":"repeat","background-position":"center center","background-size":"auto","background-attachment":"scroll","background-type":"","background-media":"","overlay-type":"","overlay-color":"","overlay-opacity":"","overlay-gradient":""}},"ast-content-background-meta":{"desktop":{"background-color":"var(--ast-global-color-4)","background-image":"","background-repeat":"repeat","background-position":"center center","background-size":"auto","background-attachment":"scroll","background-type":"","background-media":"","overlay-type":"","overlay-color":"","overlay-opacity":"","overlay-gradient":""},"tablet":{"background-color":"var(--ast-global-color-4)","background-image":"","background-repeat":"repeat","background-position":"center center","background-size":"auto","background-attachment":"scroll","background-type":"","background-media":"","overlay-type":"","overlay-color":"","overlay-opacity":"","overlay-gradient":""},"mobile":{"background-color":"var(--ast-global-color-4)","background-image":"","background-repeat":"repeat","background-position":"center center","background-size":"auto","background-attachment":"scroll","background-type":"","background-media":"","overlay-type":"","overlay-color":"","overlay-opacity":"","overlay-gradient":""}},"footnotes":""},"categories":[1],"tags":[],"class_list":["post-58610","post","type-post","status-publish","format-standard","hentry","category-sem-categoria"],"yoast_head":"<!-- This site is optimized with the Yoast SEO plugin v26.6 - https:\/\/yoast.com\/wordpress\/plugins\/seo\/ -->\n<title>Projeto de Fl\u00e1vio Dino que aumenta impostos \u00e9 aprovado pela Assembleia sob protestos da oposi\u00e7\u00e3o - Daniel Matos<\/title>\n<meta name=\"robots\" content=\"index, follow, max-snippet:-1, max-image-preview:large, max-video-preview:-1\" \/>\n<link rel=\"canonical\" href=\"https:\/\/www.blogsoestado.com\/danielmatos\/projeto-de-flavio-dino-que-aumenta-impostos-e-aprovado-pela-assembleia-sob-protestos-da-oposicao\/\" \/>\n<meta property=\"og:locale\" content=\"pt_BR\" \/>\n<meta property=\"og:type\" content=\"article\" \/>\n<meta property=\"og:title\" content=\"Projeto de Fl\u00e1vio Dino que aumenta impostos \u00e9 aprovado pela Assembleia sob protestos da oposi\u00e7\u00e3o - Daniel Matos\" \/>\n<meta property=\"og:description\" content=\"O plen\u00e1rio da Assembleia Legislativa aprovou hoje, por ampla maioria, o projeto de lei 239\/2018, do Poder Executivo, que prev\u00ea [&hellip;]\" \/>\n<meta property=\"og:url\" content=\"https:\/\/www.blogsoestado.com\/danielmatos\/projeto-de-flavio-dino-que-aumenta-impostos-e-aprovado-pela-assembleia-sob-protestos-da-oposicao\/\" \/>\n<meta property=\"og:site_name\" content=\"Daniel Matos\" \/>\n<meta property=\"article:published_time\" content=\"2018-12-05T19:36:24+00:00\" \/>\n<meta property=\"og:image\" content=\"https:\/\/www.blogsoestado.com\/danielmatos\/files\/2018\/12\/adriano-tributo.jpg\" \/>\n<meta name=\"twitter:card\" content=\"summary_large_image\" \/>\n<meta name=\"twitter:label1\" content=\"Est. tempo de leitura\" \/>\n\t<meta name=\"twitter:data1\" content=\"2 minutos\" \/>\n<script type=\"application\/ld+json\" class=\"yoast-schema-graph\">{\"@context\":\"https:\/\/schema.org\",\"@graph\":[{\"@type\":\"WebPage\",\"@id\":\"https:\/\/www.blogsoestado.com\/danielmatos\/projeto-de-flavio-dino-que-aumenta-impostos-e-aprovado-pela-assembleia-sob-protestos-da-oposicao\/\",\"url\":\"https:\/\/www.blogsoestado.com\/danielmatos\/projeto-de-flavio-dino-que-aumenta-impostos-e-aprovado-pela-assembleia-sob-protestos-da-oposicao\/\",\"name\":\"Projeto de Fl\u00e1vio Dino que aumenta impostos \u00e9 aprovado pela Assembleia sob protestos da oposi\u00e7\u00e3o - Daniel Matos\",\"isPartOf\":{\"@id\":\"https:\/\/www.blogsoestado.com\/danielmatos\/#website\"},\"primaryImageOfPage\":{\"@id\":\"https:\/\/www.blogsoestado.com\/danielmatos\/projeto-de-flavio-dino-que-aumenta-impostos-e-aprovado-pela-assembleia-sob-protestos-da-oposicao\/#primaryimage\"},\"image\":{\"@id\":\"https:\/\/www.blogsoestado.com\/danielmatos\/projeto-de-flavio-dino-que-aumenta-impostos-e-aprovado-pela-assembleia-sob-protestos-da-oposicao\/#primaryimage\"},\"thumbnailUrl\":\"https:\/\/www.blogsoestado.com\/danielmatos\/files\/2018\/12\/adriano-tributo.jpg\",\"datePublished\":\"2018-12-05T19:36:24+00:00\",\"author\":{\"@id\":\"\"},\"breadcrumb\":{\"@id\":\"https:\/\/www.blogsoestado.com\/danielmatos\/projeto-de-flavio-dino-que-aumenta-impostos-e-aprovado-pela-assembleia-sob-protestos-da-oposicao\/#breadcrumb\"},\"inLanguage\":\"pt-BR\",\"potentialAction\":[{\"@type\":\"ReadAction\",\"target\":[\"https:\/\/www.blogsoestado.com\/danielmatos\/projeto-de-flavio-dino-que-aumenta-impostos-e-aprovado-pela-assembleia-sob-protestos-da-oposicao\/\"]}]},{\"@type\":\"ImageObject\",\"inLanguage\":\"pt-BR\",\"@id\":\"https:\/\/www.blogsoestado.com\/danielmatos\/projeto-de-flavio-dino-que-aumenta-impostos-e-aprovado-pela-assembleia-sob-protestos-da-oposicao\/#primaryimage\",\"url\":\"https:\/\/www.blogsoestado.com\/danielmatos\/files\/2018\/12\/adriano-tributo.jpg\",\"contentUrl\":\"https:\/\/www.blogsoestado.com\/danielmatos\/files\/2018\/12\/adriano-tributo.jpg\"},{\"@type\":\"BreadcrumbList\",\"@id\":\"https:\/\/www.blogsoestado.com\/danielmatos\/projeto-de-flavio-dino-que-aumenta-impostos-e-aprovado-pela-assembleia-sob-protestos-da-oposicao\/#breadcrumb\",\"itemListElement\":[{\"@type\":\"ListItem\",\"position\":1,\"name\":\"In\u00edcio\",\"item\":\"https:\/\/www.blogsoestado.com\/danielmatos\/\"},{\"@type\":\"ListItem\",\"position\":2,\"name\":\"Projeto de Fl\u00e1vio Dino que aumenta impostos \u00e9 aprovado pela Assembleia sob protestos da oposi\u00e7\u00e3o\"}]},{\"@type\":\"WebSite\",\"@id\":\"https:\/\/www.blogsoestado.com\/danielmatos\/#website\",\"url\":\"https:\/\/www.blogsoestado.com\/danielmatos\/\",\"name\":\"Daniel Matos\",\"description\":\"\",\"potentialAction\":[{\"@type\":\"SearchAction\",\"target\":{\"@type\":\"EntryPoint\",\"urlTemplate\":\"https:\/\/www.blogsoestado.com\/danielmatos\/?s={search_term_string}\"},\"query-input\":{\"@type\":\"PropertyValueSpecification\",\"valueRequired\":true,\"valueName\":\"search_term_string\"}}],\"inLanguage\":\"pt-BR\"}]}<\/script>\n<!-- \/ Yoast SEO plugin. -->","yoast_head_json":{"title":"Projeto de Fl\u00e1vio Dino que aumenta impostos \u00e9 aprovado pela Assembleia sob protestos da oposi\u00e7\u00e3o - Daniel Matos","robots":{"index":"index","follow":"follow","max-snippet":"max-snippet:-1","max-image-preview":"max-image-preview:large","max-video-preview":"max-video-preview:-1"},"canonical":"https:\/\/www.blogsoestado.com\/danielmatos\/projeto-de-flavio-dino-que-aumenta-impostos-e-aprovado-pela-assembleia-sob-protestos-da-oposicao\/","og_locale":"pt_BR","og_type":"article","og_title":"Projeto de Fl\u00e1vio Dino que aumenta impostos \u00e9 aprovado pela Assembleia sob protestos da oposi\u00e7\u00e3o - Daniel Matos","og_description":"O plen\u00e1rio da Assembleia Legislativa aprovou hoje, por ampla maioria, o projeto de lei 239\/2018, do Poder Executivo, que prev\u00ea [&hellip;]","og_url":"https:\/\/www.blogsoestado.com\/danielmatos\/projeto-de-flavio-dino-que-aumenta-impostos-e-aprovado-pela-assembleia-sob-protestos-da-oposicao\/","og_site_name":"Daniel Matos","article_published_time":"2018-12-05T19:36:24+00:00","og_image":[{"url":"https:\/\/www.blogsoestado.com\/danielmatos\/files\/2018\/12\/adriano-tributo.jpg","type":"","width":"","height":""}],"twitter_card":"summary_large_image","twitter_misc":{"Est. tempo de leitura":"2 minutos"},"schema":{"@context":"https:\/\/schema.org","@graph":[{"@type":"WebPage","@id":"https:\/\/www.blogsoestado.com\/danielmatos\/projeto-de-flavio-dino-que-aumenta-impostos-e-aprovado-pela-assembleia-sob-protestos-da-oposicao\/","url":"https:\/\/www.blogsoestado.com\/danielmatos\/projeto-de-flavio-dino-que-aumenta-impostos-e-aprovado-pela-assembleia-sob-protestos-da-oposicao\/","name":"Projeto de Fl\u00e1vio Dino que aumenta impostos \u00e9 aprovado pela Assembleia sob protestos da oposi\u00e7\u00e3o - Daniel Matos","isPartOf":{"@id":"https:\/\/www.blogsoestado.com\/danielmatos\/#website"},"primaryImageOfPage":{"@id":"https:\/\/www.blogsoestado.com\/danielmatos\/projeto-de-flavio-dino-que-aumenta-impostos-e-aprovado-pela-assembleia-sob-protestos-da-oposicao\/#primaryimage"},"image":{"@id":"https:\/\/www.blogsoestado.com\/danielmatos\/projeto-de-flavio-dino-que-aumenta-impostos-e-aprovado-pela-assembleia-sob-protestos-da-oposicao\/#primaryimage"},"thumbnailUrl":"https:\/\/www.blogsoestado.com\/danielmatos\/files\/2018\/12\/adriano-tributo.jpg","datePublished":"2018-12-05T19:36:24+00:00","author":{"@id":""},"breadcrumb":{"@id":"https:\/\/www.blogsoestado.com\/danielmatos\/projeto-de-flavio-dino-que-aumenta-impostos-e-aprovado-pela-assembleia-sob-protestos-da-oposicao\/#breadcrumb"},"inLanguage":"pt-BR","potentialAction":[{"@type":"ReadAction","target":["https:\/\/www.blogsoestado.com\/danielmatos\/projeto-de-flavio-dino-que-aumenta-impostos-e-aprovado-pela-assembleia-sob-protestos-da-oposicao\/"]}]},{"@type":"ImageObject","inLanguage":"pt-BR","@id":"https:\/\/www.blogsoestado.com\/danielmatos\/projeto-de-flavio-dino-que-aumenta-impostos-e-aprovado-pela-assembleia-sob-protestos-da-oposicao\/#primaryimage","url":"https:\/\/www.blogsoestado.com\/danielmatos\/files\/2018\/12\/adriano-tributo.jpg","contentUrl":"https:\/\/www.blogsoestado.com\/danielmatos\/files\/2018\/12\/adriano-tributo.jpg"},{"@type":"BreadcrumbList","@id":"https:\/\/www.blogsoestado.com\/danielmatos\/projeto-de-flavio-dino-que-aumenta-impostos-e-aprovado-pela-assembleia-sob-protestos-da-oposicao\/#breadcrumb","itemListElement":[{"@type":"ListItem","position":1,"name":"In\u00edcio","item":"https:\/\/www.blogsoestado.com\/danielmatos\/"},{"@type":"ListItem","position":2,"name":"Projeto de Fl\u00e1vio Dino que aumenta impostos \u00e9 aprovado pela Assembleia sob protestos da oposi\u00e7\u00e3o"}]},{"@type":"WebSite","@id":"https:\/\/www.blogsoestado.com\/danielmatos\/#website","url":"https:\/\/www.blogsoestado.com\/danielmatos\/","name":"Daniel Matos","description":"","potentialAction":[{"@type":"SearchAction","target":{"@type":"EntryPoint","urlTemplate":"https:\/\/www.blogsoestado.com\/danielmatos\/?s={search_term_string}"},"query-input":{"@type":"PropertyValueSpecification","valueRequired":true,"valueName":"search_term_string"}}],"inLanguage":"pt-BR"}]}},"jetpack_featured_media_url":"","_links":{"self":[{"href":"https:\/\/www.blogsoestado.com\/danielmatos\/wp-json\/wp\/v2\/posts\/58610","targetHints":{"allow":["GET"]}}],"collection":[{"href":"https:\/\/www.blogsoestado.com\/danielmatos\/wp-json\/wp\/v2\/posts"}],"about":[{"href":"https:\/\/www.blogsoestado.com\/danielmatos\/wp-json\/wp\/v2\/types\/post"}],"replies":[{"embeddable":true,"href":"https:\/\/www.blogsoestado.com\/danielmatos\/wp-json\/wp\/v2\/comments?post=58610"}],"version-history":[{"count":0,"href":"https:\/\/www.blogsoestado.com\/danielmatos\/wp-json\/wp\/v2\/posts\/58610\/revisions"}],"wp:attachment":[{"href":"https:\/\/www.blogsoestado.com\/danielmatos\/wp-json\/wp\/v2\/media?parent=58610"}],"wp:term":[{"taxonomy":"category","embeddable":true,"href":"https:\/\/www.blogsoestado.com\/danielmatos\/wp-json\/wp\/v2\/categories?post=58610"},{"taxonomy":"post_tag","embeddable":true,"href":"https:\/\/www.blogsoestado.com\/danielmatos\/wp-json\/wp\/v2\/tags?post=58610"}],"curies":[{"name":"wp","href":"https:\/\/api.w.org\/{rel}","templated":true}]}}