{"id":58615,"date":"2018-12-05T18:14:43","date_gmt":"2018-12-05T21:14:43","guid":{"rendered":"https:\/\/www.blogsoestado.com\/danielmatos\/?p=58615"},"modified":"2018-12-05T18:14:43","modified_gmt":"2018-12-05T21:14:43","slug":"adriano-sarney-anuncia-acao-na-justica-contra-aumento-de-impostos","status":"publish","type":"post","link":"https:\/\/www.blogsoestado.com\/danielmatos\/adriano-sarney-anuncia-acao-na-justica-contra-aumento-de-impostos\/","title":{"rendered":"Adriano Sarney anuncia a\u00e7\u00e3o na Justi\u00e7a contra aumento de impostos"},"content":{"rendered":"<figure id=\"attachment_58616\" aria-describedby=\"caption-attachment-58616\" style=\"width: 450px\" class=\"wp-caption alignright\"><a href=\"https:\/\/www.blogsoestado.com\/danielmatos\/2018\/12\/05\/adriano-sarney-anuncia-acao-na-justica-contra-aumento-de-impostos\/adriano-icms2\/\" rel=\"attachment wp-att-58616\"><img fetchpriority=\"high\" decoding=\"async\" class=\"wp-image-58616\" src=\"https:\/\/www.blogsoestado.com\/danielmatos\/files\/2018\/12\/adriano-icms2.jpg\" alt=\"\" width=\"450\" height=\"300\" \/><\/a><figcaption id=\"caption-attachment-58616\" class=\"wp-caption-text\">Adriano afirmou que o governo comunista tem condi\u00e7\u00f5es de economizar cortando gastos<\/figcaption><\/figure>\n<p>O deputado estadual Adriano Sarney (PV) votou contra o Projeto de Lei n\u00ba 239\/2018, que aumenta o imposto sobre a gasolina (cuja al\u00edquota era de 25% e agora ser\u00e1 de 28,5%), diesel e outros produtos. O projeto foi aprovado nesta quarta-feira (5), pela maioria governista na Assembleia Legislativa. Adriano avisou que vai ingressar na Justi\u00e7a com uma A\u00e7\u00e3o Direta de Inconstitucionalidade (ADIN) para reverter a situa\u00e7\u00e3o. \u201cEste projeto de lei inconstitucional, \u00e9 um Frankenstein que trata de v\u00e1rios assuntos ao mesmo tempo\u201d, afirmou Adriano.<\/p>\n<p>\u201cO governo comunista tem condi\u00e7\u00f5es de fazer economia cortando gastos desnecess\u00e1rios e tornando a administra\u00e7\u00e3o p\u00fablica mais eficiente, mas optou pelo aumento de impostos, prejudicando a todos os maranhenses. Em quatro anos, este governo quebrou as finan\u00e7as do Estado, dilapidou o fundo de previd\u00eancia dos servidores p\u00fablicos, desperdi\u00e7ou mais de R$ 200 milh\u00f5es em propaganda e comunica\u00e7\u00e3o, mas n\u00e3o aplicou em projetos de desenvolvimento e, agora, quer que o contribuinte, o povo maranhense, pague a conta da sua irresponsabilidade\u201d, declarou.<\/p>\n<p>O projeto deve ser sancionado nos pr\u00f3ximos dias pelo Executivo e o aumento passar\u00e1 a vigorar a partir de mar\u00e7o de 2019. O projeto prev\u00ea aumento de imposto para outros itens como armas e muni\u00e7\u00f5es, bebidas alco\u00f3licas, cervejas e chopes, bebidas isot\u00f4nicas, bebidas energ\u00e9ticas, embarca\u00e7\u00f5es de esporte e de recrea\u00e7\u00e3o (inclusive esquis aqu\u00e1ticos, kites e jets ski), rodas esportivas para autom\u00f3veis, ve\u00edculos a\u00e9reos n\u00e3o tripulados ou remotamente pilotados (tipo drones), outras aeronaves de uso civil, joias de metais preciosos ou de metais folheados ou chapeados, de metais preciosos e de p\u00e9rolas naturais ou cultivadas, de pedras preciosas ou semipreciosas, pedras sint\u00e9ticas ou reconstitu\u00eddas.<\/p>\n<p><strong>Veja como foi a vota\u00e7\u00e3o:<\/strong><\/p>\n<p>Contra o aumento de impostos: Adriano Sarney (PV), C\u00e9sar Pires (PV), Roberto Costa (MDB), Wellington do Curso (PSDB), L\u00e9o Cunha (PSC), Max Barros (PMB) e Nina Melo (MDB)<\/p>\n<p>A favor do aumento de impostos: Antonio Pereira (DEM), Bira do Pindar\u00e9 (PSB), Cabo Campos (PEN), Levi Pontes (PCdoB), Edivaldo Holanda (PTC), Edson Ara\u00fajo (PSB), F\u00e1bio Macedo (PDT), Franscisca Primo (PCdoB), Glalbert Cutrim (PDT), Hemet\u00e9rio Weba (PP), J\u00fanior Verde (PRB), Marcos Caldas (PTB), Neto Evangelista (DEM), Paulo Neto (DEM), Rafael Leitoa (PDT), Marco Aur\u00e9lio (PCdoB), Raimundo Cutrim (PCdoB), Ricardo Rios (SD), Rog\u00e9rio Cafeteira (DEM), S\u00e9rgio Frota (PR), St\u00eanio Rezende (DEM), Val\u00e9ria Macedo (PDT), Vin\u00edcius Louro (PR) e Z\u00e9 In\u00e1cio (PT).<\/p>\n<p><strong>Assista ao discurso do deputado Adriano Sarney:<\/strong><\/p>\n<div class=\"ast-oembed-container \" style=\"height: 100%;\"><iframe title=\"Discurso do deputado Adriano Sarney 05 12 2018\" width=\"500\" height=\"281\" src=\"https:\/\/www.youtube.com\/embed\/RsNdX1l-3iM?feature=oembed\" frameborder=\"0\" allow=\"accelerometer; autoplay; clipboard-write; encrypted-media; gyroscope; picture-in-picture; web-share\" referrerpolicy=\"strict-origin-when-cross-origin\" allowfullscreen><\/iframe><\/div>\n<p>No v\u00eddeo abaixo, Adriano Sarney anuncia que ajuizar\u00e1 ADIN contra o projeto que aumentou impostos:<\/p>\n<div class=\"ast-oembed-container \" style=\"height: 100%;\"><iframe title=\"Adriano ADIN\" width=\"500\" height=\"281\" src=\"https:\/\/www.youtube.com\/embed\/xYv8qWvZa08?feature=oembed\" frameborder=\"0\" allow=\"accelerometer; autoplay; clipboard-write; encrypted-media; gyroscope; picture-in-picture; web-share\" referrerpolicy=\"strict-origin-when-cross-origin\" allowfullscreen><\/iframe><\/div>\n","protected":false},"excerpt":{"rendered":"<p>O deputado estadual Adriano Sarney (PV) votou contra o Projeto de Lei n\u00ba 239\/2018, que aumenta o imposto sobre a [&hellip;]<\/p>\n","protected":false},"author":0,"featured_media":0,"comment_status":"open","ping_status":"open","sticky":false,"template":"","format":"standard","meta":{"site-sidebar-layout":"default","site-content-layout":"","ast-site-content-layout":"default","site-content-style":"default","site-sidebar-style":"default","ast-global-header-display":"","ast-banner-title-visibility":"","ast-main-header-display":"","ast-hfb-above-header-display":"","ast-hfb-below-header-display":"","ast-hfb-mobile-header-display":"","site-post-title":"","ast-breadcrumbs-content":"","ast-featured-img":"","footer-sml-layout":"","ast-disable-related-posts":"","theme-transparent-header-meta":"","adv-header-id-meta":"","stick-header-meta":"","header-above-stick-meta":"","header-main-stick-meta":"","header-below-stick-meta":"","astra-migrate-meta-layouts":"default","ast-page-background-enabled":"default","ast-page-background-meta":{"desktop":{"background-color":"var(--ast-global-color-5)","background-image":"","background-repeat":"repeat","background-position":"center center","background-size":"auto","background-attachment":"scroll","background-type":"","background-media":"","overlay-type":"","overlay-color":"","overlay-opacity":"","overlay-gradient":""},"tablet":{"background-color":"","background-image":"","background-repeat":"repeat","background-position":"center center","background-size":"auto","background-attachment":"scroll","background-type":"","background-media":"","overlay-type":"","overlay-color":"","overlay-opacity":"","overlay-gradient":""},"mobile":{"background-color":"","background-image":"","background-repeat":"repeat","background-position":"center center","background-size":"auto","background-attachment":"scroll","background-type":"","background-media":"","overlay-type":"","overlay-color":"","overlay-opacity":"","overlay-gradient":""}},"ast-content-background-meta":{"desktop":{"background-color":"var(--ast-global-color-4)","background-image":"","background-repeat":"repeat","background-position":"center center","background-size":"auto","background-attachment":"scroll","background-type":"","background-media":"","overlay-type":"","overlay-color":"","overlay-opacity":"","overlay-gradient":""},"tablet":{"background-color":"var(--ast-global-color-4)","background-image":"","background-repeat":"repeat","background-position":"center center","background-size":"auto","background-attachment":"scroll","background-type":"","background-media":"","overlay-type":"","overlay-color":"","overlay-opacity":"","overlay-gradient":""},"mobile":{"background-color":"var(--ast-global-color-4)","background-image":"","background-repeat":"repeat","background-position":"center center","background-size":"auto","background-attachment":"scroll","background-type":"","background-media":"","overlay-type":"","overlay-color":"","overlay-opacity":"","overlay-gradient":""}},"footnotes":""},"categories":[1],"tags":[],"class_list":["post-58615","post","type-post","status-publish","format-standard","hentry","category-sem-categoria"],"yoast_head":"<!-- This site is optimized with the Yoast SEO plugin v26.6 - https:\/\/yoast.com\/wordpress\/plugins\/seo\/ -->\n<title>Adriano Sarney anuncia a\u00e7\u00e3o na Justi\u00e7a contra aumento de impostos - Daniel Matos<\/title>\n<meta name=\"robots\" content=\"index, follow, max-snippet:-1, max-image-preview:large, max-video-preview:-1\" \/>\n<link rel=\"canonical\" href=\"https:\/\/www.blogsoestado.com\/danielmatos\/adriano-sarney-anuncia-acao-na-justica-contra-aumento-de-impostos\/\" \/>\n<meta property=\"og:locale\" content=\"pt_BR\" \/>\n<meta property=\"og:type\" content=\"article\" \/>\n<meta property=\"og:title\" content=\"Adriano Sarney anuncia a\u00e7\u00e3o na Justi\u00e7a contra aumento de impostos - Daniel Matos\" \/>\n<meta property=\"og:description\" content=\"O deputado estadual Adriano Sarney (PV) votou contra o Projeto de Lei n\u00ba 239\/2018, que aumenta o imposto sobre a [&hellip;]\" \/>\n<meta property=\"og:url\" content=\"https:\/\/www.blogsoestado.com\/danielmatos\/adriano-sarney-anuncia-acao-na-justica-contra-aumento-de-impostos\/\" \/>\n<meta property=\"og:site_name\" content=\"Daniel Matos\" \/>\n<meta property=\"article:published_time\" content=\"2018-12-05T21:14:43+00:00\" \/>\n<meta property=\"og:image\" content=\"https:\/\/www.blogsoestado.com\/danielmatos\/files\/2018\/12\/adriano-icms2.jpg\" \/>\n<meta name=\"twitter:card\" content=\"summary_large_image\" \/>\n<meta name=\"twitter:label1\" content=\"Est. tempo de leitura\" \/>\n\t<meta name=\"twitter:data1\" content=\"2 minutos\" \/>\n<script type=\"application\/ld+json\" class=\"yoast-schema-graph\">{\"@context\":\"https:\/\/schema.org\",\"@graph\":[{\"@type\":\"WebPage\",\"@id\":\"https:\/\/www.blogsoestado.com\/danielmatos\/adriano-sarney-anuncia-acao-na-justica-contra-aumento-de-impostos\/\",\"url\":\"https:\/\/www.blogsoestado.com\/danielmatos\/adriano-sarney-anuncia-acao-na-justica-contra-aumento-de-impostos\/\",\"name\":\"Adriano Sarney anuncia a\u00e7\u00e3o na Justi\u00e7a contra aumento de impostos - Daniel Matos\",\"isPartOf\":{\"@id\":\"https:\/\/www.blogsoestado.com\/danielmatos\/#website\"},\"primaryImageOfPage\":{\"@id\":\"https:\/\/www.blogsoestado.com\/danielmatos\/adriano-sarney-anuncia-acao-na-justica-contra-aumento-de-impostos\/#primaryimage\"},\"image\":{\"@id\":\"https:\/\/www.blogsoestado.com\/danielmatos\/adriano-sarney-anuncia-acao-na-justica-contra-aumento-de-impostos\/#primaryimage\"},\"thumbnailUrl\":\"https:\/\/www.blogsoestado.com\/danielmatos\/files\/2018\/12\/adriano-icms2.jpg\",\"datePublished\":\"2018-12-05T21:14:43+00:00\",\"author\":{\"@id\":\"\"},\"breadcrumb\":{\"@id\":\"https:\/\/www.blogsoestado.com\/danielmatos\/adriano-sarney-anuncia-acao-na-justica-contra-aumento-de-impostos\/#breadcrumb\"},\"inLanguage\":\"pt-BR\",\"potentialAction\":[{\"@type\":\"ReadAction\",\"target\":[\"https:\/\/www.blogsoestado.com\/danielmatos\/adriano-sarney-anuncia-acao-na-justica-contra-aumento-de-impostos\/\"]}]},{\"@type\":\"ImageObject\",\"inLanguage\":\"pt-BR\",\"@id\":\"https:\/\/www.blogsoestado.com\/danielmatos\/adriano-sarney-anuncia-acao-na-justica-contra-aumento-de-impostos\/#primaryimage\",\"url\":\"https:\/\/www.blogsoestado.com\/danielmatos\/files\/2018\/12\/adriano-icms2.jpg\",\"contentUrl\":\"https:\/\/www.blogsoestado.com\/danielmatos\/files\/2018\/12\/adriano-icms2.jpg\"},{\"@type\":\"BreadcrumbList\",\"@id\":\"https:\/\/www.blogsoestado.com\/danielmatos\/adriano-sarney-anuncia-acao-na-justica-contra-aumento-de-impostos\/#breadcrumb\",\"itemListElement\":[{\"@type\":\"ListItem\",\"position\":1,\"name\":\"In\u00edcio\",\"item\":\"https:\/\/www.blogsoestado.com\/danielmatos\/\"},{\"@type\":\"ListItem\",\"position\":2,\"name\":\"Adriano Sarney anuncia a\u00e7\u00e3o na Justi\u00e7a contra aumento de impostos\"}]},{\"@type\":\"WebSite\",\"@id\":\"https:\/\/www.blogsoestado.com\/danielmatos\/#website\",\"url\":\"https:\/\/www.blogsoestado.com\/danielmatos\/\",\"name\":\"Daniel Matos\",\"description\":\"\",\"potentialAction\":[{\"@type\":\"SearchAction\",\"target\":{\"@type\":\"EntryPoint\",\"urlTemplate\":\"https:\/\/www.blogsoestado.com\/danielmatos\/?s={search_term_string}\"},\"query-input\":{\"@type\":\"PropertyValueSpecification\",\"valueRequired\":true,\"valueName\":\"search_term_string\"}}],\"inLanguage\":\"pt-BR\"}]}<\/script>\n<!-- \/ Yoast SEO plugin. -->","yoast_head_json":{"title":"Adriano Sarney anuncia a\u00e7\u00e3o na Justi\u00e7a contra aumento de impostos - Daniel Matos","robots":{"index":"index","follow":"follow","max-snippet":"max-snippet:-1","max-image-preview":"max-image-preview:large","max-video-preview":"max-video-preview:-1"},"canonical":"https:\/\/www.blogsoestado.com\/danielmatos\/adriano-sarney-anuncia-acao-na-justica-contra-aumento-de-impostos\/","og_locale":"pt_BR","og_type":"article","og_title":"Adriano Sarney anuncia a\u00e7\u00e3o na Justi\u00e7a contra aumento de impostos - Daniel Matos","og_description":"O deputado estadual Adriano Sarney (PV) votou contra o Projeto de Lei n\u00ba 239\/2018, que aumenta o imposto sobre a [&hellip;]","og_url":"https:\/\/www.blogsoestado.com\/danielmatos\/adriano-sarney-anuncia-acao-na-justica-contra-aumento-de-impostos\/","og_site_name":"Daniel Matos","article_published_time":"2018-12-05T21:14:43+00:00","og_image":[{"url":"https:\/\/www.blogsoestado.com\/danielmatos\/files\/2018\/12\/adriano-icms2.jpg","type":"","width":"","height":""}],"twitter_card":"summary_large_image","twitter_misc":{"Est. tempo de leitura":"2 minutos"},"schema":{"@context":"https:\/\/schema.org","@graph":[{"@type":"WebPage","@id":"https:\/\/www.blogsoestado.com\/danielmatos\/adriano-sarney-anuncia-acao-na-justica-contra-aumento-de-impostos\/","url":"https:\/\/www.blogsoestado.com\/danielmatos\/adriano-sarney-anuncia-acao-na-justica-contra-aumento-de-impostos\/","name":"Adriano Sarney anuncia a\u00e7\u00e3o na Justi\u00e7a contra aumento de impostos - Daniel Matos","isPartOf":{"@id":"https:\/\/www.blogsoestado.com\/danielmatos\/#website"},"primaryImageOfPage":{"@id":"https:\/\/www.blogsoestado.com\/danielmatos\/adriano-sarney-anuncia-acao-na-justica-contra-aumento-de-impostos\/#primaryimage"},"image":{"@id":"https:\/\/www.blogsoestado.com\/danielmatos\/adriano-sarney-anuncia-acao-na-justica-contra-aumento-de-impostos\/#primaryimage"},"thumbnailUrl":"https:\/\/www.blogsoestado.com\/danielmatos\/files\/2018\/12\/adriano-icms2.jpg","datePublished":"2018-12-05T21:14:43+00:00","author":{"@id":""},"breadcrumb":{"@id":"https:\/\/www.blogsoestado.com\/danielmatos\/adriano-sarney-anuncia-acao-na-justica-contra-aumento-de-impostos\/#breadcrumb"},"inLanguage":"pt-BR","potentialAction":[{"@type":"ReadAction","target":["https:\/\/www.blogsoestado.com\/danielmatos\/adriano-sarney-anuncia-acao-na-justica-contra-aumento-de-impostos\/"]}]},{"@type":"ImageObject","inLanguage":"pt-BR","@id":"https:\/\/www.blogsoestado.com\/danielmatos\/adriano-sarney-anuncia-acao-na-justica-contra-aumento-de-impostos\/#primaryimage","url":"https:\/\/www.blogsoestado.com\/danielmatos\/files\/2018\/12\/adriano-icms2.jpg","contentUrl":"https:\/\/www.blogsoestado.com\/danielmatos\/files\/2018\/12\/adriano-icms2.jpg"},{"@type":"BreadcrumbList","@id":"https:\/\/www.blogsoestado.com\/danielmatos\/adriano-sarney-anuncia-acao-na-justica-contra-aumento-de-impostos\/#breadcrumb","itemListElement":[{"@type":"ListItem","position":1,"name":"In\u00edcio","item":"https:\/\/www.blogsoestado.com\/danielmatos\/"},{"@type":"ListItem","position":2,"name":"Adriano Sarney anuncia a\u00e7\u00e3o na Justi\u00e7a contra aumento de impostos"}]},{"@type":"WebSite","@id":"https:\/\/www.blogsoestado.com\/danielmatos\/#website","url":"https:\/\/www.blogsoestado.com\/danielmatos\/","name":"Daniel Matos","description":"","potentialAction":[{"@type":"SearchAction","target":{"@type":"EntryPoint","urlTemplate":"https:\/\/www.blogsoestado.com\/danielmatos\/?s={search_term_string}"},"query-input":{"@type":"PropertyValueSpecification","valueRequired":true,"valueName":"search_term_string"}}],"inLanguage":"pt-BR"}]}},"jetpack_featured_media_url":"","_links":{"self":[{"href":"https:\/\/www.blogsoestado.com\/danielmatos\/wp-json\/wp\/v2\/posts\/58615","targetHints":{"allow":["GET"]}}],"collection":[{"href":"https:\/\/www.blogsoestado.com\/danielmatos\/wp-json\/wp\/v2\/posts"}],"about":[{"href":"https:\/\/www.blogsoestado.com\/danielmatos\/wp-json\/wp\/v2\/types\/post"}],"replies":[{"embeddable":true,"href":"https:\/\/www.blogsoestado.com\/danielmatos\/wp-json\/wp\/v2\/comments?post=58615"}],"version-history":[{"count":0,"href":"https:\/\/www.blogsoestado.com\/danielmatos\/wp-json\/wp\/v2\/posts\/58615\/revisions"}],"wp:attachment":[{"href":"https:\/\/www.blogsoestado.com\/danielmatos\/wp-json\/wp\/v2\/media?parent=58615"}],"wp:term":[{"taxonomy":"category","embeddable":true,"href":"https:\/\/www.blogsoestado.com\/danielmatos\/wp-json\/wp\/v2\/categories?post=58615"},{"taxonomy":"post_tag","embeddable":true,"href":"https:\/\/www.blogsoestado.com\/danielmatos\/wp-json\/wp\/v2\/tags?post=58615"}],"curies":[{"name":"wp","href":"https:\/\/api.w.org\/{rel}","templated":true}]}}