{"id":58620,"date":"2018-12-05T18:31:09","date_gmt":"2018-12-05T21:31:09","guid":{"rendered":"https:\/\/www.blogsoestado.com\/danielmatos\/?p=58620"},"modified":"2018-12-05T18:31:09","modified_gmt":"2018-12-05T21:31:09","slug":"mais-uma-vez-votei-contra-o-aumento-de-impostos-e-em-defesa-da-populacao-declara-deputado-wellington","status":"publish","type":"post","link":"https:\/\/www.blogsoestado.com\/danielmatos\/mais-uma-vez-votei-contra-o-aumento-de-impostos-e-em-defesa-da-populacao-declara-deputado-wellington\/","title":{"rendered":"\u201cMais uma vez votei contra o aumento de impostos e em defesa da popula\u00e7\u00e3o\u201d, declara deputado Wellington"},"content":{"rendered":"<figure id=\"attachment_58621\" aria-describedby=\"caption-attachment-58621\" style=\"width: 450px\" class=\"wp-caption alignleft\"><a href=\"https:\/\/www.blogsoestado.com\/danielmatos\/2018\/12\/05\/mais-uma-vez-votei-contra-o-aumento-de-impostos-e-em-defesa-da-populacao-declara-deputado-wellington-do-curso\/w-icms2\/\" rel=\"attachment wp-att-58621\"><img fetchpriority=\"high\" decoding=\"async\" class=\"wp-image-58621\" src=\"https:\/\/www.blogsoestado.com\/danielmatos\/files\/2018\/12\/w-icms2.jpg\" alt=\"\" width=\"450\" height=\"300\" \/><\/a><figcaption id=\"caption-attachment-58621\" class=\"wp-caption-text\">Wellington do Curso apresentou oito emendas contra o aumento de impostos<\/figcaption><\/figure>\n<p>O plen\u00e1rio da Assembleia Legislativa do Estado do Maranh\u00e3o esteve lotado, logo cedo nesta quarta-feira (05), para a vota\u00e7\u00e3o do Projeto de Lei 239\/18 que altera a Lei 7.799\/02, sobre o Sistema Tribut\u00e1rio do Estado, mas a oposi\u00e7\u00e3o estava atenta e lutou contra este golpe governista.<\/p>\n<p>O deputado Wellington do Curso (PSDB) apresentou oito emendas contra o aumento dos impostos, mas nenhuma foi aprovada, j\u00e1 que a maioria dos deputados \u00e9 da base do governo. Al\u00e9m de argumentar sobre todos os preju\u00edzos e consequ\u00eancias que a partir de mar\u00e7o de 2019 os maranhenses sofrer\u00e3o.<\/p>\n<p>\u201cMais uma vez votei contra o aumento de impostos. Este aumento n\u00e3o \u00e9 sentido logo de imediato, mas os preju\u00edzos vir\u00e3o ao longo do tempo. Muitas empresas deixar\u00e3o de existir, outras fechar\u00e3o. Desta forma, o Governo do Estado aumenta a recess\u00e3o e a crise. Tudo isto para bancar as regalias do desgoverno Fl\u00e1vio Dino, os gastos com a campanha eleitoral, o rombo nas contas p\u00fablicas, ocasionados pela m\u00e1 gest\u00e3o comunista e assim massacrando a popula\u00e7\u00e3o mais pobre\u201d, argumentou Wellington.<\/p>\n<p><a href=\"https:\/\/www.blogsoestado.com\/danielmatos\/2018\/12\/05\/mais-uma-vez-votei-contra-o-aumento-de-impostos-e-em-defesa-da-populacao-declara-deputado-wellington\/governo-imposto\/\" rel=\"attachment wp-att-58633\"><img decoding=\"async\" class=\"aligncenter wp-image-58633\" src=\"https:\/\/www.blogsoestado.com\/danielmatos\/files\/2018\/12\/governo-imposto.jpg\" alt=\"\" width=\"650\" height=\"521\" \/><\/a><\/p>\n<p>Entre membros da imprensa e a popula\u00e7\u00e3o que ocupou a galeria e se manifestou em toda a sess\u00e3o, onde ao final de seis horas de sess\u00e3o plen\u00e1ria, presenciaram a base do governo comunista aprovar o aumento de impostos. Com o aumento principalmente do combust\u00edvel ocorrer\u00e1 um efeito cascata em cima de todos os outros produtos e tamb\u00e9m dos servi\u00e7os.<\/p>\n<p>Assista ao v\u00eddeo:<\/p>\n<div class=\"ast-oembed-container \" style=\"height: 100%;\"><iframe title=\"Wellington lamenta aprova\u00e7\u00e3o de projeto que prev\u00ea aumento de impostos\" width=\"500\" height=\"281\" src=\"https:\/\/www.youtube.com\/embed\/35xraF-kP_o?feature=oembed\" frameborder=\"0\" allow=\"accelerometer; autoplay; clipboard-write; encrypted-media; gyroscope; picture-in-picture; web-share\" referrerpolicy=\"strict-origin-when-cross-origin\" allowfullscreen><\/iframe><\/div>\n","protected":false},"excerpt":{"rendered":"<p>O plen\u00e1rio da Assembleia Legislativa do Estado do Maranh\u00e3o esteve lotado, logo cedo nesta quarta-feira (05), para a vota\u00e7\u00e3o do [&hellip;]<\/p>\n","protected":false},"author":0,"featured_media":0,"comment_status":"open","ping_status":"open","sticky":false,"template":"","format":"standard","meta":{"site-sidebar-layout":"default","site-content-layout":"","ast-site-content-layout":"default","site-content-style":"default","site-sidebar-style":"default","ast-global-header-display":"","ast-banner-title-visibility":"","ast-main-header-display":"","ast-hfb-above-header-display":"","ast-hfb-below-header-display":"","ast-hfb-mobile-header-display":"","site-post-title":"","ast-breadcrumbs-content":"","ast-featured-img":"","footer-sml-layout":"","ast-disable-related-posts":"","theme-transparent-header-meta":"","adv-header-id-meta":"","stick-header-meta":"","header-above-stick-meta":"","header-main-stick-meta":"","header-below-stick-meta":"","astra-migrate-meta-layouts":"default","ast-page-background-enabled":"default","ast-page-background-meta":{"desktop":{"background-color":"var(--ast-global-color-5)","background-image":"","background-repeat":"repeat","background-position":"center center","background-size":"auto","background-attachment":"scroll","background-type":"","background-media":"","overlay-type":"","overlay-color":"","overlay-opacity":"","overlay-gradient":""},"tablet":{"background-color":"","background-image":"","background-repeat":"repeat","background-position":"center center","background-size":"auto","background-attachment":"scroll","background-type":"","background-media":"","overlay-type":"","overlay-color":"","overlay-opacity":"","overlay-gradient":""},"mobile":{"background-color":"","background-image":"","background-repeat":"repeat","background-position":"center center","background-size":"auto","background-attachment":"scroll","background-type":"","background-media":"","overlay-type":"","overlay-color":"","overlay-opacity":"","overlay-gradient":""}},"ast-content-background-meta":{"desktop":{"background-color":"var(--ast-global-color-4)","background-image":"","background-repeat":"repeat","background-position":"center center","background-size":"auto","background-attachment":"scroll","background-type":"","background-media":"","overlay-type":"","overlay-color":"","overlay-opacity":"","overlay-gradient":""},"tablet":{"background-color":"var(--ast-global-color-4)","background-image":"","background-repeat":"repeat","background-position":"center center","background-size":"auto","background-attachment":"scroll","background-type":"","background-media":"","overlay-type":"","overlay-color":"","overlay-opacity":"","overlay-gradient":""},"mobile":{"background-color":"var(--ast-global-color-4)","background-image":"","background-repeat":"repeat","background-position":"center center","background-size":"auto","background-attachment":"scroll","background-type":"","background-media":"","overlay-type":"","overlay-color":"","overlay-opacity":"","overlay-gradient":""}},"footnotes":""},"categories":[1],"tags":[],"class_list":["post-58620","post","type-post","status-publish","format-standard","hentry","category-sem-categoria"],"yoast_head":"<!-- This site is optimized with the Yoast SEO plugin v26.6 - https:\/\/yoast.com\/wordpress\/plugins\/seo\/ -->\n<title>\u201cMais uma vez votei contra o aumento de impostos e em defesa da popula\u00e7\u00e3o\u201d, declara deputado Wellington - Daniel Matos<\/title>\n<meta name=\"robots\" content=\"index, follow, max-snippet:-1, max-image-preview:large, max-video-preview:-1\" \/>\n<link rel=\"canonical\" href=\"https:\/\/www.blogsoestado.com\/danielmatos\/mais-uma-vez-votei-contra-o-aumento-de-impostos-e-em-defesa-da-populacao-declara-deputado-wellington\/\" \/>\n<meta property=\"og:locale\" content=\"pt_BR\" \/>\n<meta property=\"og:type\" content=\"article\" \/>\n<meta property=\"og:title\" content=\"\u201cMais uma vez votei contra o aumento de impostos e em defesa da popula\u00e7\u00e3o\u201d, declara deputado Wellington - Daniel Matos\" \/>\n<meta property=\"og:description\" content=\"O plen\u00e1rio da Assembleia Legislativa do Estado do Maranh\u00e3o esteve lotado, logo cedo nesta quarta-feira (05), para a vota\u00e7\u00e3o do [&hellip;]\" \/>\n<meta property=\"og:url\" content=\"https:\/\/www.blogsoestado.com\/danielmatos\/mais-uma-vez-votei-contra-o-aumento-de-impostos-e-em-defesa-da-populacao-declara-deputado-wellington\/\" \/>\n<meta property=\"og:site_name\" content=\"Daniel Matos\" \/>\n<meta property=\"article:published_time\" content=\"2018-12-05T21:31:09+00:00\" \/>\n<meta property=\"og:image\" content=\"https:\/\/www.blogsoestado.com\/danielmatos\/files\/2018\/12\/w-icms2.jpg\" \/>\n<meta name=\"twitter:card\" content=\"summary_large_image\" \/>\n<meta name=\"twitter:label1\" content=\"Est. tempo de leitura\" \/>\n\t<meta name=\"twitter:data1\" content=\"1 minuto\" \/>\n<script type=\"application\/ld+json\" class=\"yoast-schema-graph\">{\"@context\":\"https:\/\/schema.org\",\"@graph\":[{\"@type\":\"WebPage\",\"@id\":\"https:\/\/www.blogsoestado.com\/danielmatos\/mais-uma-vez-votei-contra-o-aumento-de-impostos-e-em-defesa-da-populacao-declara-deputado-wellington\/\",\"url\":\"https:\/\/www.blogsoestado.com\/danielmatos\/mais-uma-vez-votei-contra-o-aumento-de-impostos-e-em-defesa-da-populacao-declara-deputado-wellington\/\",\"name\":\"\u201cMais uma vez votei contra o aumento de impostos e em defesa da popula\u00e7\u00e3o\u201d, declara deputado Wellington - Daniel Matos\",\"isPartOf\":{\"@id\":\"https:\/\/www.blogsoestado.com\/danielmatos\/#website\"},\"primaryImageOfPage\":{\"@id\":\"https:\/\/www.blogsoestado.com\/danielmatos\/mais-uma-vez-votei-contra-o-aumento-de-impostos-e-em-defesa-da-populacao-declara-deputado-wellington\/#primaryimage\"},\"image\":{\"@id\":\"https:\/\/www.blogsoestado.com\/danielmatos\/mais-uma-vez-votei-contra-o-aumento-de-impostos-e-em-defesa-da-populacao-declara-deputado-wellington\/#primaryimage\"},\"thumbnailUrl\":\"https:\/\/www.blogsoestado.com\/danielmatos\/files\/2018\/12\/w-icms2.jpg\",\"datePublished\":\"2018-12-05T21:31:09+00:00\",\"author\":{\"@id\":\"\"},\"breadcrumb\":{\"@id\":\"https:\/\/www.blogsoestado.com\/danielmatos\/mais-uma-vez-votei-contra-o-aumento-de-impostos-e-em-defesa-da-populacao-declara-deputado-wellington\/#breadcrumb\"},\"inLanguage\":\"pt-BR\",\"potentialAction\":[{\"@type\":\"ReadAction\",\"target\":[\"https:\/\/www.blogsoestado.com\/danielmatos\/mais-uma-vez-votei-contra-o-aumento-de-impostos-e-em-defesa-da-populacao-declara-deputado-wellington\/\"]}]},{\"@type\":\"ImageObject\",\"inLanguage\":\"pt-BR\",\"@id\":\"https:\/\/www.blogsoestado.com\/danielmatos\/mais-uma-vez-votei-contra-o-aumento-de-impostos-e-em-defesa-da-populacao-declara-deputado-wellington\/#primaryimage\",\"url\":\"https:\/\/www.blogsoestado.com\/danielmatos\/files\/2018\/12\/w-icms2.jpg\",\"contentUrl\":\"https:\/\/www.blogsoestado.com\/danielmatos\/files\/2018\/12\/w-icms2.jpg\"},{\"@type\":\"BreadcrumbList\",\"@id\":\"https:\/\/www.blogsoestado.com\/danielmatos\/mais-uma-vez-votei-contra-o-aumento-de-impostos-e-em-defesa-da-populacao-declara-deputado-wellington\/#breadcrumb\",\"itemListElement\":[{\"@type\":\"ListItem\",\"position\":1,\"name\":\"In\u00edcio\",\"item\":\"https:\/\/www.blogsoestado.com\/danielmatos\/\"},{\"@type\":\"ListItem\",\"position\":2,\"name\":\"\u201cMais uma vez votei contra o aumento de impostos e em defesa da popula\u00e7\u00e3o\u201d, declara deputado Wellington\"}]},{\"@type\":\"WebSite\",\"@id\":\"https:\/\/www.blogsoestado.com\/danielmatos\/#website\",\"url\":\"https:\/\/www.blogsoestado.com\/danielmatos\/\",\"name\":\"Daniel Matos\",\"description\":\"\",\"potentialAction\":[{\"@type\":\"SearchAction\",\"target\":{\"@type\":\"EntryPoint\",\"urlTemplate\":\"https:\/\/www.blogsoestado.com\/danielmatos\/?s={search_term_string}\"},\"query-input\":{\"@type\":\"PropertyValueSpecification\",\"valueRequired\":true,\"valueName\":\"search_term_string\"}}],\"inLanguage\":\"pt-BR\"}]}<\/script>\n<!-- \/ Yoast SEO plugin. -->","yoast_head_json":{"title":"\u201cMais uma vez votei contra o aumento de impostos e em defesa da popula\u00e7\u00e3o\u201d, declara deputado Wellington - Daniel Matos","robots":{"index":"index","follow":"follow","max-snippet":"max-snippet:-1","max-image-preview":"max-image-preview:large","max-video-preview":"max-video-preview:-1"},"canonical":"https:\/\/www.blogsoestado.com\/danielmatos\/mais-uma-vez-votei-contra-o-aumento-de-impostos-e-em-defesa-da-populacao-declara-deputado-wellington\/","og_locale":"pt_BR","og_type":"article","og_title":"\u201cMais uma vez votei contra o aumento de impostos e em defesa da popula\u00e7\u00e3o\u201d, declara deputado Wellington - Daniel Matos","og_description":"O plen\u00e1rio da Assembleia Legislativa do Estado do Maranh\u00e3o esteve lotado, logo cedo nesta quarta-feira (05), para a vota\u00e7\u00e3o do [&hellip;]","og_url":"https:\/\/www.blogsoestado.com\/danielmatos\/mais-uma-vez-votei-contra-o-aumento-de-impostos-e-em-defesa-da-populacao-declara-deputado-wellington\/","og_site_name":"Daniel Matos","article_published_time":"2018-12-05T21:31:09+00:00","og_image":[{"url":"https:\/\/www.blogsoestado.com\/danielmatos\/files\/2018\/12\/w-icms2.jpg","type":"","width":"","height":""}],"twitter_card":"summary_large_image","twitter_misc":{"Est. tempo de leitura":"1 minuto"},"schema":{"@context":"https:\/\/schema.org","@graph":[{"@type":"WebPage","@id":"https:\/\/www.blogsoestado.com\/danielmatos\/mais-uma-vez-votei-contra-o-aumento-de-impostos-e-em-defesa-da-populacao-declara-deputado-wellington\/","url":"https:\/\/www.blogsoestado.com\/danielmatos\/mais-uma-vez-votei-contra-o-aumento-de-impostos-e-em-defesa-da-populacao-declara-deputado-wellington\/","name":"\u201cMais uma vez votei contra o aumento de impostos e em defesa da popula\u00e7\u00e3o\u201d, declara deputado Wellington - Daniel Matos","isPartOf":{"@id":"https:\/\/www.blogsoestado.com\/danielmatos\/#website"},"primaryImageOfPage":{"@id":"https:\/\/www.blogsoestado.com\/danielmatos\/mais-uma-vez-votei-contra-o-aumento-de-impostos-e-em-defesa-da-populacao-declara-deputado-wellington\/#primaryimage"},"image":{"@id":"https:\/\/www.blogsoestado.com\/danielmatos\/mais-uma-vez-votei-contra-o-aumento-de-impostos-e-em-defesa-da-populacao-declara-deputado-wellington\/#primaryimage"},"thumbnailUrl":"https:\/\/www.blogsoestado.com\/danielmatos\/files\/2018\/12\/w-icms2.jpg","datePublished":"2018-12-05T21:31:09+00:00","author":{"@id":""},"breadcrumb":{"@id":"https:\/\/www.blogsoestado.com\/danielmatos\/mais-uma-vez-votei-contra-o-aumento-de-impostos-e-em-defesa-da-populacao-declara-deputado-wellington\/#breadcrumb"},"inLanguage":"pt-BR","potentialAction":[{"@type":"ReadAction","target":["https:\/\/www.blogsoestado.com\/danielmatos\/mais-uma-vez-votei-contra-o-aumento-de-impostos-e-em-defesa-da-populacao-declara-deputado-wellington\/"]}]},{"@type":"ImageObject","inLanguage":"pt-BR","@id":"https:\/\/www.blogsoestado.com\/danielmatos\/mais-uma-vez-votei-contra-o-aumento-de-impostos-e-em-defesa-da-populacao-declara-deputado-wellington\/#primaryimage","url":"https:\/\/www.blogsoestado.com\/danielmatos\/files\/2018\/12\/w-icms2.jpg","contentUrl":"https:\/\/www.blogsoestado.com\/danielmatos\/files\/2018\/12\/w-icms2.jpg"},{"@type":"BreadcrumbList","@id":"https:\/\/www.blogsoestado.com\/danielmatos\/mais-uma-vez-votei-contra-o-aumento-de-impostos-e-em-defesa-da-populacao-declara-deputado-wellington\/#breadcrumb","itemListElement":[{"@type":"ListItem","position":1,"name":"In\u00edcio","item":"https:\/\/www.blogsoestado.com\/danielmatos\/"},{"@type":"ListItem","position":2,"name":"\u201cMais uma vez votei contra o aumento de impostos e em defesa da popula\u00e7\u00e3o\u201d, declara deputado Wellington"}]},{"@type":"WebSite","@id":"https:\/\/www.blogsoestado.com\/danielmatos\/#website","url":"https:\/\/www.blogsoestado.com\/danielmatos\/","name":"Daniel Matos","description":"","potentialAction":[{"@type":"SearchAction","target":{"@type":"EntryPoint","urlTemplate":"https:\/\/www.blogsoestado.com\/danielmatos\/?s={search_term_string}"},"query-input":{"@type":"PropertyValueSpecification","valueRequired":true,"valueName":"search_term_string"}}],"inLanguage":"pt-BR"}]}},"jetpack_featured_media_url":"","_links":{"self":[{"href":"https:\/\/www.blogsoestado.com\/danielmatos\/wp-json\/wp\/v2\/posts\/58620","targetHints":{"allow":["GET"]}}],"collection":[{"href":"https:\/\/www.blogsoestado.com\/danielmatos\/wp-json\/wp\/v2\/posts"}],"about":[{"href":"https:\/\/www.blogsoestado.com\/danielmatos\/wp-json\/wp\/v2\/types\/post"}],"replies":[{"embeddable":true,"href":"https:\/\/www.blogsoestado.com\/danielmatos\/wp-json\/wp\/v2\/comments?post=58620"}],"version-history":[{"count":0,"href":"https:\/\/www.blogsoestado.com\/danielmatos\/wp-json\/wp\/v2\/posts\/58620\/revisions"}],"wp:attachment":[{"href":"https:\/\/www.blogsoestado.com\/danielmatos\/wp-json\/wp\/v2\/media?parent=58620"}],"wp:term":[{"taxonomy":"category","embeddable":true,"href":"https:\/\/www.blogsoestado.com\/danielmatos\/wp-json\/wp\/v2\/categories?post=58620"},{"taxonomy":"post_tag","embeddable":true,"href":"https:\/\/www.blogsoestado.com\/danielmatos\/wp-json\/wp\/v2\/tags?post=58620"}],"curies":[{"name":"wp","href":"https:\/\/api.w.org\/{rel}","templated":true}]}}