{"id":58628,"date":"2018-12-06T10:54:43","date_gmt":"2018-12-06T13:54:43","guid":{"rendered":"https:\/\/www.blogsoestado.com\/danielmatos\/?p=58628"},"modified":"2018-12-06T10:54:43","modified_gmt":"2018-12-06T13:54:43","slug":"mais-impostos-aos-miseraveis","status":"publish","type":"post","link":"https:\/\/www.blogsoestado.com\/danielmatos\/mais-impostos-aos-miseraveis\/","title":{"rendered":"Mais impostos aos miser\u00e1veis"},"content":{"rendered":"<figure id=\"attachment_58629\" aria-describedby=\"caption-attachment-58629\" style=\"width: 450px\" class=\"wp-caption alignleft\"><a href=\"https:\/\/www.blogsoestado.com\/danielmatos\/2018\/12\/06\/mais-impostos-aos-miseraveis\/dino-tributo\/\" rel=\"attachment wp-att-58629\"><img fetchpriority=\"high\" decoding=\"async\" class=\"wp-image-58629\" src=\"https:\/\/www.blogsoestado.com\/danielmatos\/files\/2018\/12\/dino-tributo.jpg\" alt=\"\" width=\"450\" height=\"297\" \/><\/a><figcaption id=\"caption-attachment-58629\" class=\"wp-caption-text\">Fl\u00e1vio Dino aumentou al\u00edquotas do ICMS de v\u00e1rios produtos pela terceira vez em menos de quatro anos (<strong>Foto:<\/strong> Bin\u00e9 Morais\/<strong>O Estado<\/strong>)<\/figcaption><\/figure>\n<p>Duas not\u00edcias impactantes v\u00eam deixando os maranhenses at\u00f4nitos desde ontem. Uma delas foi a aprova\u00e7\u00e3o, sem altera\u00e7\u00f5es significativas, do projeto de lei do governador Fl\u00e1vio Dino (PCdoB) que prev\u00ea reajuste do Imposto sobre Circula\u00e7\u00e3o de Mercadorias e Servi\u00e7os (ICMS) para v\u00e1rios produtos, dentre os quais gasolina, \u00f3leo diesel, cerveja, refrigerante, armamento e joias. A outra foi o resultado de mais uma pesquisa do Instituto Brasileiro de Geografia e Estat\u00edstica (IBGE), segundo a qual o Maranh\u00e3o amarga, novamente, a condi\u00e7\u00e3o de estado mais miser\u00e1vel do pa\u00eds. Trata-se de uma dupla trag\u00e9dia, produto da fal\u00e1cia, da incompet\u00eancia e da maldade de um governo eleito e reeleito com um discurso baseado em virtudes, mas que na pr\u00e1tica imp\u00f5e todo tipo de persegui\u00e7\u00e3o ao povo.<\/p>\n<p>Apesar de ser uma medida altamente impopular, Fl\u00e1vio Dino tem usado e abusado do aumento de impostos. A desculpa \u00e9 sempre a mesma: a necessidade de ajustar as contas p\u00fablicas do Estado e afastar a amea\u00e7a de quebra. Mesmo sob protestos de pol\u00edticos de oposi\u00e7\u00e3o, da classe empresarial, de representantes da sociedade civil organizada e da popula\u00e7\u00e3o em geral, o comunista sempre consegue consumar o arrocho tribut\u00e1rio aos maranhenses, j\u00e1 que tem ampla maioria na Assembleia Legislativa. Subservientes ao extremo, os deputados da base aliada n\u00e3o hesitam em atender ao comando palaciano, enquanto a minguada e heroica bancada oposicionista defende os interesses do povo.<\/p>\n<p>\u00c9 importante alertar aos desavisados que as medidas impostas por Fl\u00e1vio Dino na \u00e1rea econ\u00f4mica, dentre elas o aumento de impostos, nada mais s\u00e3o do que tentativas desesperadas de corrigir os erros que ele pr\u00f3prio cometeu, frutos da inefici\u00eancia administrativa e da irresponsabilidade no trato com a m\u00e1quina p\u00fablica, sem contar o vi\u00e9s ideol\u00f3gico radical, que afasta investimentos do Maranh\u00e3o. Sem ter como ampliar a margem de receita pr\u00f3pria e com o Estado \u00e0 beira de um colapso, como atestou recentemente a Secretaria do Tesouro Nacional, o governo p\u00f5e na conta do contribuinte o \u00f4nus da sua incapacidade.<\/p>\n<p>A lideran\u00e7a no ranking nacional da extrema pobreza \u00e9 outro quadro deprimente, tamb\u00e9m associado \u00e0 m\u00e1 gest\u00e3o comunista. Eleito em 2015 com o compromisso de promover mudan\u00e7as que elevariam o \u00cdndice de Desenvolvimento Humano (IDH) dos maranhenses a patamares jamais alcan\u00e7ados, Fl\u00e1vio Dino fracassou. A justi\u00e7a social t\u00e3o prometida tamb\u00e9m n\u00e3o veio e o que se v\u00ea \u00e9 a amplia\u00e7\u00e3o das desigualdades, na esteira de uma pol\u00edtica excludente, que privilegia um grupo seleto de apaniguados do governo, enquanto parcela expressiva da popula\u00e7\u00e3o padece por falta de oportunidades e sem acesso, nem mesmo, aos diretos b\u00e1sicos, como sa\u00fade, educa\u00e7\u00e3o e seguran\u00e7a p\u00fablica.<\/p>\n<p>Ainda sobre a pesquisa do IBGE, o cen\u00e1rio \u00e9 t\u00e3o alarmante que at\u00e9 na coleta de lixo o Maranh\u00e3o se saiu mal. Ali\u00e1s, \u00e9 a pior unidade da federa\u00e7\u00e3o nesse quesito. Os n\u00fameros referentes ao saneamento b\u00e1sico e ao acesso \u00e0 \u00e1gua pot\u00e1vel tamb\u00e9m n\u00e3o s\u00e3o nada favor\u00e1veis. \u00c9 um conjunto de fatores negativos que impacta diretamente a sa\u00fade p\u00fablica e reflete outros indicadores, como a expectativa de que vida, a menor dentre todos os estados.<\/p>\n<p>Tanto o arrocho tribut\u00e1rio, quanto a extrema pobreza n\u00e3o s\u00e3o novidades para os maranhenses. S\u00f3 no primeiro mandato, Fl\u00e1vio Dino j\u00e1 enviou tr\u00eas projetos de lei \u00e0 Assembleia Legislativa com previs\u00e3o de aumentos de impostos e em todas as vota\u00e7\u00f5es saiu vitorioso. Os n\u00fameros que exp\u00f5em a mis\u00e9ria no estado tamb\u00e9m n\u00e3o s\u00e3o in\u00e9ditos. Pelo contr\u00e1rio, os dados negativos se repetem a cada levantamento, em um ciclo vicioso dif\u00edcil de ser quebrado e que desmente a propaganda oficial, paga a peso de ouro, que tenta passar a ilus\u00e3o de prosperidade.<\/p>\n<p>S\u00e3o realidades que persistem, para desespero de milh\u00f5es de maranhenses que almejam dias melhores, t\u00e3o prometidos em palanque pelos comunistas. Em meio a um cen\u00e1rio t\u00e3o cr\u00edtico, onde n\u00e3o h\u00e1 sensibilidade, boa vontade, responsabilidade, muito menos efici\u00eancia, \u00e9 um ato cruel e desumano cobrar mais impostos. Os miser\u00e1veis n\u00e3o suportam mais.<\/p>\n<p><strong>Editorial publicado nesta quinta-feira em <a href=\"http:\/\/www.oestadoma.com.br\">O Estado do Maranh\u00e3o<\/a><\/strong><\/p>\n","protected":false},"excerpt":{"rendered":"<p>Duas not\u00edcias impactantes v\u00eam deixando os maranhenses at\u00f4nitos desde ontem. Uma delas foi a aprova\u00e7\u00e3o, sem altera\u00e7\u00f5es significativas, do projeto [&hellip;]<\/p>\n","protected":false},"author":0,"featured_media":0,"comment_status":"open","ping_status":"open","sticky":false,"template":"","format":"standard","meta":{"site-sidebar-layout":"default","site-content-layout":"","ast-site-content-layout":"default","site-content-style":"default","site-sidebar-style":"default","ast-global-header-display":"","ast-banner-title-visibility":"","ast-main-header-display":"","ast-hfb-above-header-display":"","ast-hfb-below-header-display":"","ast-hfb-mobile-header-display":"","site-post-title":"","ast-breadcrumbs-content":"","ast-featured-img":"","footer-sml-layout":"","ast-disable-related-posts":"","theme-transparent-header-meta":"","adv-header-id-meta":"","stick-header-meta":"","header-above-stick-meta":"","header-main-stick-meta":"","header-below-stick-meta":"","astra-migrate-meta-layouts":"default","ast-page-background-enabled":"default","ast-page-background-meta":{"desktop":{"background-color":"var(--ast-global-color-5)","background-image":"","background-repeat":"repeat","background-position":"center center","background-size":"auto","background-attachment":"scroll","background-type":"","background-media":"","overlay-type":"","overlay-color":"","overlay-opacity":"","overlay-gradient":""},"tablet":{"background-color":"","background-image":"","background-repeat":"repeat","background-position":"center center","background-size":"auto","background-attachment":"scroll","background-type":"","background-media":"","overlay-type":"","overlay-color":"","overlay-opacity":"","overlay-gradient":""},"mobile":{"background-color":"","background-image":"","background-repeat":"repeat","background-position":"center center","background-size":"auto","background-attachment":"scroll","background-type":"","background-media":"","overlay-type":"","overlay-color":"","overlay-opacity":"","overlay-gradient":""}},"ast-content-background-meta":{"desktop":{"background-color":"var(--ast-global-color-4)","background-image":"","background-repeat":"repeat","background-position":"center center","background-size":"auto","background-attachment":"scroll","background-type":"","background-media":"","overlay-type":"","overlay-color":"","overlay-opacity":"","overlay-gradient":""},"tablet":{"background-color":"var(--ast-global-color-4)","background-image":"","background-repeat":"repeat","background-position":"center center","background-size":"auto","background-attachment":"scroll","background-type":"","background-media":"","overlay-type":"","overlay-color":"","overlay-opacity":"","overlay-gradient":""},"mobile":{"background-color":"var(--ast-global-color-4)","background-image":"","background-repeat":"repeat","background-position":"center center","background-size":"auto","background-attachment":"scroll","background-type":"","background-media":"","overlay-type":"","overlay-color":"","overlay-opacity":"","overlay-gradient":""}},"footnotes":""},"categories":[1],"tags":[],"class_list":["post-58628","post","type-post","status-publish","format-standard","hentry","category-sem-categoria"],"yoast_head":"<!-- This site is optimized with the Yoast SEO plugin v26.6 - https:\/\/yoast.com\/wordpress\/plugins\/seo\/ -->\n<title>Mais impostos aos miser\u00e1veis - Daniel Matos<\/title>\n<meta name=\"robots\" content=\"index, follow, max-snippet:-1, max-image-preview:large, max-video-preview:-1\" \/>\n<link rel=\"canonical\" href=\"https:\/\/www.blogsoestado.com\/danielmatos\/mais-impostos-aos-miseraveis\/\" \/>\n<meta property=\"og:locale\" content=\"pt_BR\" \/>\n<meta property=\"og:type\" content=\"article\" \/>\n<meta property=\"og:title\" content=\"Mais impostos aos miser\u00e1veis - Daniel Matos\" \/>\n<meta property=\"og:description\" content=\"Duas not\u00edcias impactantes v\u00eam deixando os maranhenses at\u00f4nitos desde ontem. Uma delas foi a aprova\u00e7\u00e3o, sem altera\u00e7\u00f5es significativas, do projeto [&hellip;]\" \/>\n<meta property=\"og:url\" content=\"https:\/\/www.blogsoestado.com\/danielmatos\/mais-impostos-aos-miseraveis\/\" \/>\n<meta property=\"og:site_name\" content=\"Daniel Matos\" \/>\n<meta property=\"article:published_time\" content=\"2018-12-06T13:54:43+00:00\" \/>\n<meta property=\"og:image\" content=\"https:\/\/www.blogsoestado.com\/danielmatos\/files\/2018\/12\/dino-tributo.jpg\" \/>\n<meta name=\"twitter:card\" content=\"summary_large_image\" \/>\n<meta name=\"twitter:label1\" content=\"Est. tempo de leitura\" \/>\n\t<meta name=\"twitter:data1\" content=\"4 minutos\" \/>\n<script type=\"application\/ld+json\" class=\"yoast-schema-graph\">{\"@context\":\"https:\/\/schema.org\",\"@graph\":[{\"@type\":\"WebPage\",\"@id\":\"https:\/\/www.blogsoestado.com\/danielmatos\/mais-impostos-aos-miseraveis\/\",\"url\":\"https:\/\/www.blogsoestado.com\/danielmatos\/mais-impostos-aos-miseraveis\/\",\"name\":\"Mais impostos aos miser\u00e1veis - Daniel Matos\",\"isPartOf\":{\"@id\":\"https:\/\/www.blogsoestado.com\/danielmatos\/#website\"},\"primaryImageOfPage\":{\"@id\":\"https:\/\/www.blogsoestado.com\/danielmatos\/mais-impostos-aos-miseraveis\/#primaryimage\"},\"image\":{\"@id\":\"https:\/\/www.blogsoestado.com\/danielmatos\/mais-impostos-aos-miseraveis\/#primaryimage\"},\"thumbnailUrl\":\"https:\/\/www.blogsoestado.com\/danielmatos\/files\/2018\/12\/dino-tributo.jpg\",\"datePublished\":\"2018-12-06T13:54:43+00:00\",\"author\":{\"@id\":\"\"},\"breadcrumb\":{\"@id\":\"https:\/\/www.blogsoestado.com\/danielmatos\/mais-impostos-aos-miseraveis\/#breadcrumb\"},\"inLanguage\":\"pt-BR\",\"potentialAction\":[{\"@type\":\"ReadAction\",\"target\":[\"https:\/\/www.blogsoestado.com\/danielmatos\/mais-impostos-aos-miseraveis\/\"]}]},{\"@type\":\"ImageObject\",\"inLanguage\":\"pt-BR\",\"@id\":\"https:\/\/www.blogsoestado.com\/danielmatos\/mais-impostos-aos-miseraveis\/#primaryimage\",\"url\":\"https:\/\/www.blogsoestado.com\/danielmatos\/files\/2018\/12\/dino-tributo.jpg\",\"contentUrl\":\"https:\/\/www.blogsoestado.com\/danielmatos\/files\/2018\/12\/dino-tributo.jpg\"},{\"@type\":\"BreadcrumbList\",\"@id\":\"https:\/\/www.blogsoestado.com\/danielmatos\/mais-impostos-aos-miseraveis\/#breadcrumb\",\"itemListElement\":[{\"@type\":\"ListItem\",\"position\":1,\"name\":\"In\u00edcio\",\"item\":\"https:\/\/www.blogsoestado.com\/danielmatos\/\"},{\"@type\":\"ListItem\",\"position\":2,\"name\":\"Mais impostos aos miser\u00e1veis\"}]},{\"@type\":\"WebSite\",\"@id\":\"https:\/\/www.blogsoestado.com\/danielmatos\/#website\",\"url\":\"https:\/\/www.blogsoestado.com\/danielmatos\/\",\"name\":\"Daniel Matos\",\"description\":\"\",\"potentialAction\":[{\"@type\":\"SearchAction\",\"target\":{\"@type\":\"EntryPoint\",\"urlTemplate\":\"https:\/\/www.blogsoestado.com\/danielmatos\/?s={search_term_string}\"},\"query-input\":{\"@type\":\"PropertyValueSpecification\",\"valueRequired\":true,\"valueName\":\"search_term_string\"}}],\"inLanguage\":\"pt-BR\"}]}<\/script>\n<!-- \/ Yoast SEO plugin. -->","yoast_head_json":{"title":"Mais impostos aos miser\u00e1veis - Daniel Matos","robots":{"index":"index","follow":"follow","max-snippet":"max-snippet:-1","max-image-preview":"max-image-preview:large","max-video-preview":"max-video-preview:-1"},"canonical":"https:\/\/www.blogsoestado.com\/danielmatos\/mais-impostos-aos-miseraveis\/","og_locale":"pt_BR","og_type":"article","og_title":"Mais impostos aos miser\u00e1veis - Daniel Matos","og_description":"Duas not\u00edcias impactantes v\u00eam deixando os maranhenses at\u00f4nitos desde ontem. Uma delas foi a aprova\u00e7\u00e3o, sem altera\u00e7\u00f5es significativas, do projeto [&hellip;]","og_url":"https:\/\/www.blogsoestado.com\/danielmatos\/mais-impostos-aos-miseraveis\/","og_site_name":"Daniel Matos","article_published_time":"2018-12-06T13:54:43+00:00","og_image":[{"url":"https:\/\/www.blogsoestado.com\/danielmatos\/files\/2018\/12\/dino-tributo.jpg","type":"","width":"","height":""}],"twitter_card":"summary_large_image","twitter_misc":{"Est. tempo de leitura":"4 minutos"},"schema":{"@context":"https:\/\/schema.org","@graph":[{"@type":"WebPage","@id":"https:\/\/www.blogsoestado.com\/danielmatos\/mais-impostos-aos-miseraveis\/","url":"https:\/\/www.blogsoestado.com\/danielmatos\/mais-impostos-aos-miseraveis\/","name":"Mais impostos aos miser\u00e1veis - Daniel Matos","isPartOf":{"@id":"https:\/\/www.blogsoestado.com\/danielmatos\/#website"},"primaryImageOfPage":{"@id":"https:\/\/www.blogsoestado.com\/danielmatos\/mais-impostos-aos-miseraveis\/#primaryimage"},"image":{"@id":"https:\/\/www.blogsoestado.com\/danielmatos\/mais-impostos-aos-miseraveis\/#primaryimage"},"thumbnailUrl":"https:\/\/www.blogsoestado.com\/danielmatos\/files\/2018\/12\/dino-tributo.jpg","datePublished":"2018-12-06T13:54:43+00:00","author":{"@id":""},"breadcrumb":{"@id":"https:\/\/www.blogsoestado.com\/danielmatos\/mais-impostos-aos-miseraveis\/#breadcrumb"},"inLanguage":"pt-BR","potentialAction":[{"@type":"ReadAction","target":["https:\/\/www.blogsoestado.com\/danielmatos\/mais-impostos-aos-miseraveis\/"]}]},{"@type":"ImageObject","inLanguage":"pt-BR","@id":"https:\/\/www.blogsoestado.com\/danielmatos\/mais-impostos-aos-miseraveis\/#primaryimage","url":"https:\/\/www.blogsoestado.com\/danielmatos\/files\/2018\/12\/dino-tributo.jpg","contentUrl":"https:\/\/www.blogsoestado.com\/danielmatos\/files\/2018\/12\/dino-tributo.jpg"},{"@type":"BreadcrumbList","@id":"https:\/\/www.blogsoestado.com\/danielmatos\/mais-impostos-aos-miseraveis\/#breadcrumb","itemListElement":[{"@type":"ListItem","position":1,"name":"In\u00edcio","item":"https:\/\/www.blogsoestado.com\/danielmatos\/"},{"@type":"ListItem","position":2,"name":"Mais impostos aos miser\u00e1veis"}]},{"@type":"WebSite","@id":"https:\/\/www.blogsoestado.com\/danielmatos\/#website","url":"https:\/\/www.blogsoestado.com\/danielmatos\/","name":"Daniel Matos","description":"","potentialAction":[{"@type":"SearchAction","target":{"@type":"EntryPoint","urlTemplate":"https:\/\/www.blogsoestado.com\/danielmatos\/?s={search_term_string}"},"query-input":{"@type":"PropertyValueSpecification","valueRequired":true,"valueName":"search_term_string"}}],"inLanguage":"pt-BR"}]}},"jetpack_featured_media_url":"","_links":{"self":[{"href":"https:\/\/www.blogsoestado.com\/danielmatos\/wp-json\/wp\/v2\/posts\/58628","targetHints":{"allow":["GET"]}}],"collection":[{"href":"https:\/\/www.blogsoestado.com\/danielmatos\/wp-json\/wp\/v2\/posts"}],"about":[{"href":"https:\/\/www.blogsoestado.com\/danielmatos\/wp-json\/wp\/v2\/types\/post"}],"replies":[{"embeddable":true,"href":"https:\/\/www.blogsoestado.com\/danielmatos\/wp-json\/wp\/v2\/comments?post=58628"}],"version-history":[{"count":0,"href":"https:\/\/www.blogsoestado.com\/danielmatos\/wp-json\/wp\/v2\/posts\/58628\/revisions"}],"wp:attachment":[{"href":"https:\/\/www.blogsoestado.com\/danielmatos\/wp-json\/wp\/v2\/media?parent=58628"}],"wp:term":[{"taxonomy":"category","embeddable":true,"href":"https:\/\/www.blogsoestado.com\/danielmatos\/wp-json\/wp\/v2\/categories?post=58628"},{"taxonomy":"post_tag","embeddable":true,"href":"https:\/\/www.blogsoestado.com\/danielmatos\/wp-json\/wp\/v2\/tags?post=58628"}],"curies":[{"name":"wp","href":"https:\/\/api.w.org\/{rel}","templated":true}]}}