{"id":58635,"date":"2018-12-06T17:25:30","date_gmt":"2018-12-06T20:25:30","guid":{"rendered":"https:\/\/www.blogsoestado.com\/danielmatos\/?p=58635"},"modified":"2018-12-06T17:25:30","modified_gmt":"2018-12-06T20:25:30","slug":"comunicadores-marcam-presenca-na-confraternizacao-da-cemar","status":"publish","type":"post","link":"https:\/\/www.blogsoestado.com\/danielmatos\/comunicadores-marcam-presenca-na-confraternizacao-da-cemar\/","title":{"rendered":"Comunicadores marcam presen\u00e7a na Confraterniza\u00e7\u00e3o da Cemar"},"content":{"rendered":"<figure id=\"attachment_58636\" aria-describedby=\"caption-attachment-58636\" style=\"width: 650px\" class=\"wp-caption aligncenter\"><a href=\"https:\/\/www.blogsoestado.com\/danielmatos\/2018\/12\/06\/comunicadores-marcam-presenca-na-confraternizacao-da-cemar\/cemar-confra\/\" rel=\"attachment wp-att-58636\"><img fetchpriority=\"high\" decoding=\"async\" class=\"wp-image-58636\" src=\"https:\/\/www.blogsoestado.com\/danielmatos\/files\/2018\/12\/cemar-confra.jpg\" alt=\"\" width=\"650\" height=\"433\" \/><\/a><figcaption id=\"caption-attachment-58636\" class=\"wp-caption-text\">Jacelena Dourado. da Cemar, entre Marco Aur\u00e9lio (TV Mirante) e Daniel Matos (<strong>O Estado do Maranh\u00e3o<\/strong>)<\/figcaption><\/figure>\n<p>J\u00e1 \u00e9 tradi\u00e7\u00e3o o evento de Confraterniza\u00e7\u00e3o com Comunicadores realizado pela Cemar. Este ano, em S\u00e3o Lu\u00eds, a reuni\u00e3o aconteceu no Terra\u00e7o Buteko, no Golden Shopping Calhau, com a presen\u00e7a de dezenas de profissionais da comunica\u00e7\u00e3o. O clima agrad\u00e1vel, descontra\u00eddo e bom papo fizeram da noite dos comunicadores uma grande celebra\u00e7\u00e3o. A Cemar realiza esse evento anualmente como forma de valorizar e agradecer o trabalho desses profissionais.<\/p>\n<figure id=\"attachment_58637\" aria-describedby=\"caption-attachment-58637\" style=\"width: 650px\" class=\"wp-caption aligncenter\"><a href=\"https:\/\/www.blogsoestado.com\/danielmatos\/2018\/12\/06\/comunicadores-marcam-presenca-na-confraternizacao-da-cemar\/cemar-confra2\/\" rel=\"attachment wp-att-58637\"><img decoding=\"async\" class=\"wp-image-58637\" src=\"https:\/\/www.blogsoestado.com\/danielmatos\/files\/2018\/12\/cemar-confra2.jpg\" alt=\"\" width=\"650\" height=\"433\" \/><\/a><figcaption id=\"caption-attachment-58637\" class=\"wp-caption-text\">Equipe Comercial de O Estado do Maranh\u00e3o: Concei\u00e7\u00e3o, Madelon Ara\u00fajo, Luciana e J\u00f4 Silva<\/figcaption><\/figure>\n<p>Durante o encontro, o executivo de Comunica\u00e7\u00e3o e Marketing da Cemar, Luiz Carlos Cardoso, falou sobre a import\u00e2ncia da valoriza\u00e7\u00e3o dos profissionais de comunica\u00e7\u00e3o para neg\u00f3cio da Companhia. Em seguida, o presidente da Cemar, Augusto Dantas, falou sobre os desafios enfrentados e ressaltou as conquistas alcan\u00e7adas pela Cemar e Equatorial ao longo do ano. Na oportunidade tamb\u00e9m agradeceu e destacou a import\u00e2ncia dos comunicadores para a Cemar e o Maranh\u00e3o.<\/p>\n<p>Confira mais fotos:<\/p>\n<figure id=\"attachment_58638\" aria-describedby=\"caption-attachment-58638\" style=\"width: 650px\" class=\"wp-caption aligncenter\"><a href=\"https:\/\/www.blogsoestado.com\/danielmatos\/2018\/12\/06\/comunicadores-marcam-presenca-na-confraternizacao-da-cemar\/cemar-confra3\/\" rel=\"attachment wp-att-58638\"><img decoding=\"async\" class=\"wp-image-58638\" src=\"https:\/\/www.blogsoestado.com\/danielmatos\/files\/2018\/12\/cemar-confra3.jpg\" alt=\"\" width=\"650\" height=\"433\" \/><\/a><figcaption id=\"caption-attachment-58638\" class=\"wp-caption-text\">Viviane de Paula, do Marketing da TV Mirante, entre Jacelena Dourado, Luana Furtado e L\u00e1ercio Carneiro, da Cemar<\/figcaption><\/figure>\n<figure id=\"attachment_58639\" aria-describedby=\"caption-attachment-58639\" style=\"width: 650px\" class=\"wp-caption aligncenter\"><a href=\"https:\/\/www.blogsoestado.com\/danielmatos\/2018\/12\/06\/comunicadores-marcam-presenca-na-confraternizacao-da-cemar\/cemar-confra4\/\" rel=\"attachment wp-att-58639\"><img loading=\"lazy\" decoding=\"async\" class=\"wp-image-58639\" src=\"https:\/\/www.blogsoestado.com\/danielmatos\/files\/2018\/12\/cemar-confra4.jpg\" alt=\"\" width=\"650\" height=\"433\" \/><\/a><figcaption id=\"caption-attachment-58639\" class=\"wp-caption-text\">O apresentador Giovanni Spinnucci, da TV Mirante, tamb\u00e9m marcou presen\u00e7a na confraterniza\u00e7\u00e3o<\/figcaption><\/figure>\n<figure id=\"attachment_58640\" aria-describedby=\"caption-attachment-58640\" style=\"width: 650px\" class=\"wp-caption aligncenter\"><a href=\"https:\/\/www.blogsoestado.com\/danielmatos\/2018\/12\/06\/comunicadores-marcam-presenca-na-confraternizacao-da-cemar\/cemar-confra6\/\" rel=\"attachment wp-att-58640\"><img loading=\"lazy\" decoding=\"async\" class=\"wp-image-58640\" src=\"https:\/\/www.blogsoestado.com\/danielmatos\/files\/2018\/12\/cemar-confra6.jpg\" alt=\"\" width=\"650\" height=\"433\" \/><\/a><figcaption id=\"caption-attachment-58640\" class=\"wp-caption-text\">o jornalista Roberto Fernandes (R\u00e1dio Mirante AM\/TV Mirante) e o diretor comercial da TV Mirante, M\u00e1rcio Fontinhas<\/figcaption><\/figure>\n<figure id=\"attachment_58649\" aria-describedby=\"caption-attachment-58649\" style=\"width: 650px\" class=\"wp-caption aligncenter\"><a href=\"https:\/\/www.blogsoestado.com\/danielmatos\/2018\/12\/06\/comunicadores-marcam-presenca-na-confraternizacao-da-cemar\/cemar-confra5\/\" rel=\"attachment wp-att-58649\"><img loading=\"lazy\" decoding=\"async\" class=\"wp-image-58649\" src=\"https:\/\/www.blogsoestado.com\/danielmatos\/files\/2018\/12\/cemar-confra5.jpg\" alt=\"\" width=\"650\" height=\"433\" \/><\/a><figcaption id=\"caption-attachment-58649\" class=\"wp-caption-text\">Da TV Mirante: Rafael Cardoso, Suleima Neves, Cl\u00e1udia Pontes e Ol\u00edvia Franse<\/figcaption><\/figure>\n","protected":false},"excerpt":{"rendered":"<p>J\u00e1 \u00e9 tradi\u00e7\u00e3o o evento de Confraterniza\u00e7\u00e3o com Comunicadores realizado pela Cemar. Este ano, em S\u00e3o Lu\u00eds, a reuni\u00e3o aconteceu [&hellip;]<\/p>\n","protected":false},"author":0,"featured_media":0,"comment_status":"open","ping_status":"open","sticky":false,"template":"","format":"standard","meta":{"site-sidebar-layout":"default","site-content-layout":"","ast-site-content-layout":"default","site-content-style":"default","site-sidebar-style":"default","ast-global-header-display":"","ast-banner-title-visibility":"","ast-main-header-display":"","ast-hfb-above-header-display":"","ast-hfb-below-header-display":"","ast-hfb-mobile-header-display":"","site-post-title":"","ast-breadcrumbs-content":"","ast-featured-img":"","footer-sml-layout":"","ast-disable-related-posts":"","theme-transparent-header-meta":"","adv-header-id-meta":"","stick-header-meta":"","header-above-stick-meta":"","header-main-stick-meta":"","header-below-stick-meta":"","astra-migrate-meta-layouts":"default","ast-page-background-enabled":"default","ast-page-background-meta":{"desktop":{"background-color":"var(--ast-global-color-5)","background-image":"","background-repeat":"repeat","background-position":"center center","background-size":"auto","background-attachment":"scroll","background-type":"","background-media":"","overlay-type":"","overlay-color":"","overlay-opacity":"","overlay-gradient":""},"tablet":{"background-color":"","background-image":"","background-repeat":"repeat","background-position":"center center","background-size":"auto","background-attachment":"scroll","background-type":"","background-media":"","overlay-type":"","overlay-color":"","overlay-opacity":"","overlay-gradient":""},"mobile":{"background-color":"","background-image":"","background-repeat":"repeat","background-position":"center center","background-size":"auto","background-attachment":"scroll","background-type":"","background-media":"","overlay-type":"","overlay-color":"","overlay-opacity":"","overlay-gradient":""}},"ast-content-background-meta":{"desktop":{"background-color":"var(--ast-global-color-4)","background-image":"","background-repeat":"repeat","background-position":"center center","background-size":"auto","background-attachment":"scroll","background-type":"","background-media":"","overlay-type":"","overlay-color":"","overlay-opacity":"","overlay-gradient":""},"tablet":{"background-color":"var(--ast-global-color-4)","background-image":"","background-repeat":"repeat","background-position":"center center","background-size":"auto","background-attachment":"scroll","background-type":"","background-media":"","overlay-type":"","overlay-color":"","overlay-opacity":"","overlay-gradient":""},"mobile":{"background-color":"var(--ast-global-color-4)","background-image":"","background-repeat":"repeat","background-position":"center center","background-size":"auto","background-attachment":"scroll","background-type":"","background-media":"","overlay-type":"","overlay-color":"","overlay-opacity":"","overlay-gradient":""}},"footnotes":""},"categories":[1],"tags":[],"class_list":["post-58635","post","type-post","status-publish","format-standard","hentry","category-sem-categoria"],"yoast_head":"<!-- This site is optimized with the Yoast SEO plugin v26.6 - https:\/\/yoast.com\/wordpress\/plugins\/seo\/ -->\n<title>Comunicadores marcam presen\u00e7a na Confraterniza\u00e7\u00e3o da Cemar - Daniel Matos<\/title>\n<meta name=\"robots\" content=\"index, follow, max-snippet:-1, max-image-preview:large, max-video-preview:-1\" \/>\n<link rel=\"canonical\" href=\"https:\/\/www.blogsoestado.com\/danielmatos\/comunicadores-marcam-presenca-na-confraternizacao-da-cemar\/\" \/>\n<meta property=\"og:locale\" content=\"pt_BR\" \/>\n<meta property=\"og:type\" content=\"article\" \/>\n<meta property=\"og:title\" content=\"Comunicadores marcam presen\u00e7a na Confraterniza\u00e7\u00e3o da Cemar - Daniel Matos\" \/>\n<meta property=\"og:description\" content=\"J\u00e1 \u00e9 tradi\u00e7\u00e3o o evento de Confraterniza\u00e7\u00e3o com Comunicadores realizado pela Cemar. Este ano, em S\u00e3o Lu\u00eds, a reuni\u00e3o aconteceu [&hellip;]\" \/>\n<meta property=\"og:url\" content=\"https:\/\/www.blogsoestado.com\/danielmatos\/comunicadores-marcam-presenca-na-confraternizacao-da-cemar\/\" \/>\n<meta property=\"og:site_name\" content=\"Daniel Matos\" \/>\n<meta property=\"article:published_time\" content=\"2018-12-06T20:25:30+00:00\" \/>\n<meta property=\"og:image\" content=\"https:\/\/www.blogsoestado.com\/danielmatos\/files\/2018\/12\/cemar-confra.jpg\" \/>\n<meta name=\"twitter:card\" content=\"summary_large_image\" \/>\n<meta name=\"twitter:label1\" content=\"Est. tempo de leitura\" \/>\n\t<meta name=\"twitter:data1\" content=\"2 minutos\" \/>\n<script type=\"application\/ld+json\" class=\"yoast-schema-graph\">{\"@context\":\"https:\/\/schema.org\",\"@graph\":[{\"@type\":\"WebPage\",\"@id\":\"https:\/\/www.blogsoestado.com\/danielmatos\/comunicadores-marcam-presenca-na-confraternizacao-da-cemar\/\",\"url\":\"https:\/\/www.blogsoestado.com\/danielmatos\/comunicadores-marcam-presenca-na-confraternizacao-da-cemar\/\",\"name\":\"Comunicadores marcam presen\u00e7a na Confraterniza\u00e7\u00e3o da Cemar - Daniel Matos\",\"isPartOf\":{\"@id\":\"https:\/\/www.blogsoestado.com\/danielmatos\/#website\"},\"primaryImageOfPage\":{\"@id\":\"https:\/\/www.blogsoestado.com\/danielmatos\/comunicadores-marcam-presenca-na-confraternizacao-da-cemar\/#primaryimage\"},\"image\":{\"@id\":\"https:\/\/www.blogsoestado.com\/danielmatos\/comunicadores-marcam-presenca-na-confraternizacao-da-cemar\/#primaryimage\"},\"thumbnailUrl\":\"https:\/\/www.blogsoestado.com\/danielmatos\/files\/2018\/12\/cemar-confra.jpg\",\"datePublished\":\"2018-12-06T20:25:30+00:00\",\"author\":{\"@id\":\"\"},\"breadcrumb\":{\"@id\":\"https:\/\/www.blogsoestado.com\/danielmatos\/comunicadores-marcam-presenca-na-confraternizacao-da-cemar\/#breadcrumb\"},\"inLanguage\":\"pt-BR\",\"potentialAction\":[{\"@type\":\"ReadAction\",\"target\":[\"https:\/\/www.blogsoestado.com\/danielmatos\/comunicadores-marcam-presenca-na-confraternizacao-da-cemar\/\"]}]},{\"@type\":\"ImageObject\",\"inLanguage\":\"pt-BR\",\"@id\":\"https:\/\/www.blogsoestado.com\/danielmatos\/comunicadores-marcam-presenca-na-confraternizacao-da-cemar\/#primaryimage\",\"url\":\"https:\/\/www.blogsoestado.com\/danielmatos\/files\/2018\/12\/cemar-confra.jpg\",\"contentUrl\":\"https:\/\/www.blogsoestado.com\/danielmatos\/files\/2018\/12\/cemar-confra.jpg\"},{\"@type\":\"BreadcrumbList\",\"@id\":\"https:\/\/www.blogsoestado.com\/danielmatos\/comunicadores-marcam-presenca-na-confraternizacao-da-cemar\/#breadcrumb\",\"itemListElement\":[{\"@type\":\"ListItem\",\"position\":1,\"name\":\"In\u00edcio\",\"item\":\"https:\/\/www.blogsoestado.com\/danielmatos\/\"},{\"@type\":\"ListItem\",\"position\":2,\"name\":\"Comunicadores marcam presen\u00e7a na Confraterniza\u00e7\u00e3o da Cemar\"}]},{\"@type\":\"WebSite\",\"@id\":\"https:\/\/www.blogsoestado.com\/danielmatos\/#website\",\"url\":\"https:\/\/www.blogsoestado.com\/danielmatos\/\",\"name\":\"Daniel Matos\",\"description\":\"\",\"potentialAction\":[{\"@type\":\"SearchAction\",\"target\":{\"@type\":\"EntryPoint\",\"urlTemplate\":\"https:\/\/www.blogsoestado.com\/danielmatos\/?s={search_term_string}\"},\"query-input\":{\"@type\":\"PropertyValueSpecification\",\"valueRequired\":true,\"valueName\":\"search_term_string\"}}],\"inLanguage\":\"pt-BR\"}]}<\/script>\n<!-- \/ Yoast SEO plugin. -->","yoast_head_json":{"title":"Comunicadores marcam presen\u00e7a na Confraterniza\u00e7\u00e3o da Cemar - Daniel Matos","robots":{"index":"index","follow":"follow","max-snippet":"max-snippet:-1","max-image-preview":"max-image-preview:large","max-video-preview":"max-video-preview:-1"},"canonical":"https:\/\/www.blogsoestado.com\/danielmatos\/comunicadores-marcam-presenca-na-confraternizacao-da-cemar\/","og_locale":"pt_BR","og_type":"article","og_title":"Comunicadores marcam presen\u00e7a na Confraterniza\u00e7\u00e3o da Cemar - Daniel Matos","og_description":"J\u00e1 \u00e9 tradi\u00e7\u00e3o o evento de Confraterniza\u00e7\u00e3o com Comunicadores realizado pela Cemar. Este ano, em S\u00e3o Lu\u00eds, a reuni\u00e3o aconteceu [&hellip;]","og_url":"https:\/\/www.blogsoestado.com\/danielmatos\/comunicadores-marcam-presenca-na-confraternizacao-da-cemar\/","og_site_name":"Daniel Matos","article_published_time":"2018-12-06T20:25:30+00:00","og_image":[{"url":"https:\/\/www.blogsoestado.com\/danielmatos\/files\/2018\/12\/cemar-confra.jpg","type":"","width":"","height":""}],"twitter_card":"summary_large_image","twitter_misc":{"Est. tempo de leitura":"2 minutos"},"schema":{"@context":"https:\/\/schema.org","@graph":[{"@type":"WebPage","@id":"https:\/\/www.blogsoestado.com\/danielmatos\/comunicadores-marcam-presenca-na-confraternizacao-da-cemar\/","url":"https:\/\/www.blogsoestado.com\/danielmatos\/comunicadores-marcam-presenca-na-confraternizacao-da-cemar\/","name":"Comunicadores marcam presen\u00e7a na Confraterniza\u00e7\u00e3o da Cemar - Daniel Matos","isPartOf":{"@id":"https:\/\/www.blogsoestado.com\/danielmatos\/#website"},"primaryImageOfPage":{"@id":"https:\/\/www.blogsoestado.com\/danielmatos\/comunicadores-marcam-presenca-na-confraternizacao-da-cemar\/#primaryimage"},"image":{"@id":"https:\/\/www.blogsoestado.com\/danielmatos\/comunicadores-marcam-presenca-na-confraternizacao-da-cemar\/#primaryimage"},"thumbnailUrl":"https:\/\/www.blogsoestado.com\/danielmatos\/files\/2018\/12\/cemar-confra.jpg","datePublished":"2018-12-06T20:25:30+00:00","author":{"@id":""},"breadcrumb":{"@id":"https:\/\/www.blogsoestado.com\/danielmatos\/comunicadores-marcam-presenca-na-confraternizacao-da-cemar\/#breadcrumb"},"inLanguage":"pt-BR","potentialAction":[{"@type":"ReadAction","target":["https:\/\/www.blogsoestado.com\/danielmatos\/comunicadores-marcam-presenca-na-confraternizacao-da-cemar\/"]}]},{"@type":"ImageObject","inLanguage":"pt-BR","@id":"https:\/\/www.blogsoestado.com\/danielmatos\/comunicadores-marcam-presenca-na-confraternizacao-da-cemar\/#primaryimage","url":"https:\/\/www.blogsoestado.com\/danielmatos\/files\/2018\/12\/cemar-confra.jpg","contentUrl":"https:\/\/www.blogsoestado.com\/danielmatos\/files\/2018\/12\/cemar-confra.jpg"},{"@type":"BreadcrumbList","@id":"https:\/\/www.blogsoestado.com\/danielmatos\/comunicadores-marcam-presenca-na-confraternizacao-da-cemar\/#breadcrumb","itemListElement":[{"@type":"ListItem","position":1,"name":"In\u00edcio","item":"https:\/\/www.blogsoestado.com\/danielmatos\/"},{"@type":"ListItem","position":2,"name":"Comunicadores marcam presen\u00e7a na Confraterniza\u00e7\u00e3o da Cemar"}]},{"@type":"WebSite","@id":"https:\/\/www.blogsoestado.com\/danielmatos\/#website","url":"https:\/\/www.blogsoestado.com\/danielmatos\/","name":"Daniel Matos","description":"","potentialAction":[{"@type":"SearchAction","target":{"@type":"EntryPoint","urlTemplate":"https:\/\/www.blogsoestado.com\/danielmatos\/?s={search_term_string}"},"query-input":{"@type":"PropertyValueSpecification","valueRequired":true,"valueName":"search_term_string"}}],"inLanguage":"pt-BR"}]}},"jetpack_featured_media_url":"","_links":{"self":[{"href":"https:\/\/www.blogsoestado.com\/danielmatos\/wp-json\/wp\/v2\/posts\/58635","targetHints":{"allow":["GET"]}}],"collection":[{"href":"https:\/\/www.blogsoestado.com\/danielmatos\/wp-json\/wp\/v2\/posts"}],"about":[{"href":"https:\/\/www.blogsoestado.com\/danielmatos\/wp-json\/wp\/v2\/types\/post"}],"replies":[{"embeddable":true,"href":"https:\/\/www.blogsoestado.com\/danielmatos\/wp-json\/wp\/v2\/comments?post=58635"}],"version-history":[{"count":0,"href":"https:\/\/www.blogsoestado.com\/danielmatos\/wp-json\/wp\/v2\/posts\/58635\/revisions"}],"wp:attachment":[{"href":"https:\/\/www.blogsoestado.com\/danielmatos\/wp-json\/wp\/v2\/media?parent=58635"}],"wp:term":[{"taxonomy":"category","embeddable":true,"href":"https:\/\/www.blogsoestado.com\/danielmatos\/wp-json\/wp\/v2\/categories?post=58635"},{"taxonomy":"post_tag","embeddable":true,"href":"https:\/\/www.blogsoestado.com\/danielmatos\/wp-json\/wp\/v2\/tags?post=58635"}],"curies":[{"name":"wp","href":"https:\/\/api.w.org\/{rel}","templated":true}]}}