{"id":58657,"date":"2018-12-10T17:08:00","date_gmt":"2018-12-10T20:08:00","guid":{"rendered":"https:\/\/www.blogsoestado.com\/danielmatos\/?p=58657"},"modified":"2018-12-10T17:08:00","modified_gmt":"2018-12-10T20:08:00","slug":"terceirizados-da-saude-estadual-denunciam-calote-aplicado-por-flavio-dino","status":"publish","type":"post","link":"https:\/\/www.blogsoestado.com\/danielmatos\/terceirizados-da-saude-estadual-denunciam-calote-aplicado-por-flavio-dino\/","title":{"rendered":"Terceirizados da sa\u00fade estadual denunciam calote aplicado por Fl\u00e1vio Dino"},"content":{"rendered":"<p><a href=\"https:\/\/www.blogsoestado.com\/danielmatos\/2018\/12\/10\/terceirizados-da-saude-estadual-denunciam-calote-aplicado-por-flavio-dino\/calote-comuna\/\" rel=\"attachment wp-att-58718\"><img fetchpriority=\"high\" decoding=\"async\" class=\"alignright size-full wp-image-58718\" src=\"https:\/\/www.blogsoestado.com\/danielmatos\/files\/2018\/12\/calote-comuna.jpg\" alt=\"\" width=\"300\" height=\"168\" \/><\/a>Profissionais de sa\u00fade e de servi\u00e7os gerais que atuam em hospitais da rede estadual e Unidades de Pronto Atendimento (UPA) voltam a denunciar que est\u00e3o sendo v\u00edtimas de calote aplicado pelo governador Fl\u00e1vio Dino (PCdoB). Os trabalhadores prejudicados s\u00e3o lotados no Hospital Carlos Macieira, maior unidade de refer\u00eancia em alta complexidade da rede estadual de sa\u00fade, e no Hospital Geral (Hospital de C\u00e2ncer), outra unidade de grande porte, em Unidades de Pronto Atendimento (UPAs) e em diversas\u00a0outros n\u00facleos de atendimento vinculados \u00e0 Secretaria de Estado da Sa\u00fade (SES).<\/p>\n<p>O problema foi relatado ao blog por fontes que preferem n\u00e3o se identificar por medo de repres\u00e1lia. Elas acusam o governo de\u00a0n\u00e3o repassar as parcelas contratuais \u00e0s Organiza\u00e7\u00f5es Sociais de Interesse P\u00fablico (OSCIPs) para que estas efetuem os pagamentos das rescis\u00f5es trabalhistas devidas aos empregados desligados ap\u00f3s o rompimento do v\u00ednculo com o Estado.<\/p>\n<p>A maioria das OSCIPs s\u00e3o cooperativas, que est\u00e3o devendo h\u00e1 pelo menos oito meses aos profissionais dispensados\u00a0 e at\u00e9 agora n\u00e3o quitaram os d\u00e9bitos com seus ex-empregados, em grave afronta \u00e0 lei. &#8220;J\u00e1 aconteceram v\u00e1rias audi\u00eancias, mas, at\u00e9 hoje, nadas se resolveu&#8221;, queixa-se uma das fontes.<\/p>\n<p>Os maiores devedores s\u00e3o o Instituto Cidadania e Natureza (ICN) e o Instituto Gerir, que tiveram contratos rescindidos com a SES, seja por envolvimentos dos seus dirigentes em irregularidades &#8211; o\u00a0 dono do ICN chegou a\u00a0 ser preso pela Pol\u00edcia Federal na Opera\u00e7\u00e3o Pegadores, deflagrada em novembro de 2017 -,\u00a0seja por problemas de ordem administrativa.<\/p>\n<p>Outra OSCIP que deve aos seus profissionais \u00e9 a Biosa\u00fade. O motivo seria o mesmo: a falta de repasse de parcelas contratuais pelo governo Fl\u00e1vio Dino. Os trabalhadores contam que ao procurar a organiza\u00e7\u00e3o, nunca obt\u00eam resposta, j\u00e1 que a empresa evita se pronunciar.<\/p>\n<p>Outros problemas denunciados s\u00e3o a falta de\u00a0material para uso nos atendimentos aos pacientes, inclusivo no HCM., que estaria um caos, e os sucessivos atrasos de sal\u00e1rios de m\u00e9dicos, situa\u00e7\u00e3o que levou a categoria a realizar, recentemente, uma &#8220;opera\u00e7\u00e3o tartaruga&#8221; nas\u00a0UPAs, o que aumentou a agonia dos pacientes.<\/p>\n<p><strong>Hospital Geral<\/strong><\/p>\n<p>No Hospital Geral, situado na Rua de S\u00e3o Pantale\u00e3o, bairro Madre Deus, as v\u00edtimas do calote governista s\u00e3o ao trabalhadores da \u00e1rea de servi\u00e7os gerais. Eles n\u00e3o recebem sal\u00e1rios h\u00e1 tr\u00eas meses e reclamam que ainda assim os os dirigentes da empresa terceirizada Global, ao qual est\u00e3o vinculados, exigem que eles mantenham a frequ\u00eancia e a pontualidade, continuem trabalhando com efici\u00eancia. &#8220;Estamos penando. Por isso, decidimos denunciar&#8221;, justificou uma servidora.<\/p>\n","protected":false},"excerpt":{"rendered":"<p>Profissionais de sa\u00fade e de servi\u00e7os gerais que atuam em hospitais da rede estadual e Unidades de Pronto Atendimento (UPA) [&hellip;]<\/p>\n","protected":false},"author":0,"featured_media":0,"comment_status":"open","ping_status":"open","sticky":false,"template":"","format":"standard","meta":{"site-sidebar-layout":"default","site-content-layout":"","ast-site-content-layout":"default","site-content-style":"default","site-sidebar-style":"default","ast-global-header-display":"","ast-banner-title-visibility":"","ast-main-header-display":"","ast-hfb-above-header-display":"","ast-hfb-below-header-display":"","ast-hfb-mobile-header-display":"","site-post-title":"","ast-breadcrumbs-content":"","ast-featured-img":"","footer-sml-layout":"","ast-disable-related-posts":"","theme-transparent-header-meta":"","adv-header-id-meta":"","stick-header-meta":"","header-above-stick-meta":"","header-main-stick-meta":"","header-below-stick-meta":"","astra-migrate-meta-layouts":"default","ast-page-background-enabled":"default","ast-page-background-meta":{"desktop":{"background-color":"var(--ast-global-color-5)","background-image":"","background-repeat":"repeat","background-position":"center center","background-size":"auto","background-attachment":"scroll","background-type":"","background-media":"","overlay-type":"","overlay-color":"","overlay-opacity":"","overlay-gradient":""},"tablet":{"background-color":"","background-image":"","background-repeat":"repeat","background-position":"center center","background-size":"auto","background-attachment":"scroll","background-type":"","background-media":"","overlay-type":"","overlay-color":"","overlay-opacity":"","overlay-gradient":""},"mobile":{"background-color":"","background-image":"","background-repeat":"repeat","background-position":"center center","background-size":"auto","background-attachment":"scroll","background-type":"","background-media":"","overlay-type":"","overlay-color":"","overlay-opacity":"","overlay-gradient":""}},"ast-content-background-meta":{"desktop":{"background-color":"var(--ast-global-color-4)","background-image":"","background-repeat":"repeat","background-position":"center center","background-size":"auto","background-attachment":"scroll","background-type":"","background-media":"","overlay-type":"","overlay-color":"","overlay-opacity":"","overlay-gradient":""},"tablet":{"background-color":"var(--ast-global-color-4)","background-image":"","background-repeat":"repeat","background-position":"center center","background-size":"auto","background-attachment":"scroll","background-type":"","background-media":"","overlay-type":"","overlay-color":"","overlay-opacity":"","overlay-gradient":""},"mobile":{"background-color":"var(--ast-global-color-4)","background-image":"","background-repeat":"repeat","background-position":"center center","background-size":"auto","background-attachment":"scroll","background-type":"","background-media":"","overlay-type":"","overlay-color":"","overlay-opacity":"","overlay-gradient":""}},"footnotes":""},"categories":[1],"tags":[],"class_list":["post-58657","post","type-post","status-publish","format-standard","hentry","category-sem-categoria"],"yoast_head":"<!-- This site is optimized with the Yoast SEO plugin v26.6 - https:\/\/yoast.com\/wordpress\/plugins\/seo\/ -->\n<title>Terceirizados da sa\u00fade estadual denunciam calote aplicado por Fl\u00e1vio Dino - Daniel Matos<\/title>\n<meta name=\"robots\" content=\"index, follow, max-snippet:-1, max-image-preview:large, max-video-preview:-1\" \/>\n<link rel=\"canonical\" href=\"https:\/\/www.blogsoestado.com\/danielmatos\/terceirizados-da-saude-estadual-denunciam-calote-aplicado-por-flavio-dino\/\" \/>\n<meta property=\"og:locale\" content=\"pt_BR\" \/>\n<meta property=\"og:type\" content=\"article\" \/>\n<meta property=\"og:title\" content=\"Terceirizados da sa\u00fade estadual denunciam calote aplicado por Fl\u00e1vio Dino - Daniel Matos\" \/>\n<meta property=\"og:description\" content=\"Profissionais de sa\u00fade e de servi\u00e7os gerais que atuam em hospitais da rede estadual e Unidades de Pronto Atendimento (UPA) [&hellip;]\" \/>\n<meta property=\"og:url\" content=\"https:\/\/www.blogsoestado.com\/danielmatos\/terceirizados-da-saude-estadual-denunciam-calote-aplicado-por-flavio-dino\/\" \/>\n<meta property=\"og:site_name\" content=\"Daniel Matos\" \/>\n<meta property=\"article:published_time\" content=\"2018-12-10T20:08:00+00:00\" \/>\n<meta property=\"og:image\" content=\"https:\/\/www.blogsoestado.com\/danielmatos\/files\/2018\/12\/calote-comuna.jpg\" \/>\n<meta name=\"twitter:card\" content=\"summary_large_image\" \/>\n<meta name=\"twitter:label1\" content=\"Est. tempo de leitura\" \/>\n\t<meta name=\"twitter:data1\" content=\"2 minutos\" \/>\n<script type=\"application\/ld+json\" class=\"yoast-schema-graph\">{\"@context\":\"https:\/\/schema.org\",\"@graph\":[{\"@type\":\"WebPage\",\"@id\":\"https:\/\/www.blogsoestado.com\/danielmatos\/terceirizados-da-saude-estadual-denunciam-calote-aplicado-por-flavio-dino\/\",\"url\":\"https:\/\/www.blogsoestado.com\/danielmatos\/terceirizados-da-saude-estadual-denunciam-calote-aplicado-por-flavio-dino\/\",\"name\":\"Terceirizados da sa\u00fade estadual denunciam calote aplicado por Fl\u00e1vio Dino - Daniel Matos\",\"isPartOf\":{\"@id\":\"https:\/\/www.blogsoestado.com\/danielmatos\/#website\"},\"primaryImageOfPage\":{\"@id\":\"https:\/\/www.blogsoestado.com\/danielmatos\/terceirizados-da-saude-estadual-denunciam-calote-aplicado-por-flavio-dino\/#primaryimage\"},\"image\":{\"@id\":\"https:\/\/www.blogsoestado.com\/danielmatos\/terceirizados-da-saude-estadual-denunciam-calote-aplicado-por-flavio-dino\/#primaryimage\"},\"thumbnailUrl\":\"https:\/\/www.blogsoestado.com\/danielmatos\/files\/2018\/12\/calote-comuna.jpg\",\"datePublished\":\"2018-12-10T20:08:00+00:00\",\"author\":{\"@id\":\"\"},\"breadcrumb\":{\"@id\":\"https:\/\/www.blogsoestado.com\/danielmatos\/terceirizados-da-saude-estadual-denunciam-calote-aplicado-por-flavio-dino\/#breadcrumb\"},\"inLanguage\":\"pt-BR\",\"potentialAction\":[{\"@type\":\"ReadAction\",\"target\":[\"https:\/\/www.blogsoestado.com\/danielmatos\/terceirizados-da-saude-estadual-denunciam-calote-aplicado-por-flavio-dino\/\"]}]},{\"@type\":\"ImageObject\",\"inLanguage\":\"pt-BR\",\"@id\":\"https:\/\/www.blogsoestado.com\/danielmatos\/terceirizados-da-saude-estadual-denunciam-calote-aplicado-por-flavio-dino\/#primaryimage\",\"url\":\"https:\/\/www.blogsoestado.com\/danielmatos\/files\/2018\/12\/calote-comuna.jpg\",\"contentUrl\":\"https:\/\/www.blogsoestado.com\/danielmatos\/files\/2018\/12\/calote-comuna.jpg\"},{\"@type\":\"BreadcrumbList\",\"@id\":\"https:\/\/www.blogsoestado.com\/danielmatos\/terceirizados-da-saude-estadual-denunciam-calote-aplicado-por-flavio-dino\/#breadcrumb\",\"itemListElement\":[{\"@type\":\"ListItem\",\"position\":1,\"name\":\"In\u00edcio\",\"item\":\"https:\/\/www.blogsoestado.com\/danielmatos\/\"},{\"@type\":\"ListItem\",\"position\":2,\"name\":\"Terceirizados da sa\u00fade estadual denunciam calote aplicado por Fl\u00e1vio Dino\"}]},{\"@type\":\"WebSite\",\"@id\":\"https:\/\/www.blogsoestado.com\/danielmatos\/#website\",\"url\":\"https:\/\/www.blogsoestado.com\/danielmatos\/\",\"name\":\"Daniel Matos\",\"description\":\"\",\"potentialAction\":[{\"@type\":\"SearchAction\",\"target\":{\"@type\":\"EntryPoint\",\"urlTemplate\":\"https:\/\/www.blogsoestado.com\/danielmatos\/?s={search_term_string}\"},\"query-input\":{\"@type\":\"PropertyValueSpecification\",\"valueRequired\":true,\"valueName\":\"search_term_string\"}}],\"inLanguage\":\"pt-BR\"}]}<\/script>\n<!-- \/ Yoast SEO plugin. -->","yoast_head_json":{"title":"Terceirizados da sa\u00fade estadual denunciam calote aplicado por Fl\u00e1vio Dino - Daniel Matos","robots":{"index":"index","follow":"follow","max-snippet":"max-snippet:-1","max-image-preview":"max-image-preview:large","max-video-preview":"max-video-preview:-1"},"canonical":"https:\/\/www.blogsoestado.com\/danielmatos\/terceirizados-da-saude-estadual-denunciam-calote-aplicado-por-flavio-dino\/","og_locale":"pt_BR","og_type":"article","og_title":"Terceirizados da sa\u00fade estadual denunciam calote aplicado por Fl\u00e1vio Dino - Daniel Matos","og_description":"Profissionais de sa\u00fade e de servi\u00e7os gerais que atuam em hospitais da rede estadual e Unidades de Pronto Atendimento (UPA) [&hellip;]","og_url":"https:\/\/www.blogsoestado.com\/danielmatos\/terceirizados-da-saude-estadual-denunciam-calote-aplicado-por-flavio-dino\/","og_site_name":"Daniel Matos","article_published_time":"2018-12-10T20:08:00+00:00","og_image":[{"url":"https:\/\/www.blogsoestado.com\/danielmatos\/files\/2018\/12\/calote-comuna.jpg","type":"","width":"","height":""}],"twitter_card":"summary_large_image","twitter_misc":{"Est. tempo de leitura":"2 minutos"},"schema":{"@context":"https:\/\/schema.org","@graph":[{"@type":"WebPage","@id":"https:\/\/www.blogsoestado.com\/danielmatos\/terceirizados-da-saude-estadual-denunciam-calote-aplicado-por-flavio-dino\/","url":"https:\/\/www.blogsoestado.com\/danielmatos\/terceirizados-da-saude-estadual-denunciam-calote-aplicado-por-flavio-dino\/","name":"Terceirizados da sa\u00fade estadual denunciam calote aplicado por Fl\u00e1vio Dino - Daniel Matos","isPartOf":{"@id":"https:\/\/www.blogsoestado.com\/danielmatos\/#website"},"primaryImageOfPage":{"@id":"https:\/\/www.blogsoestado.com\/danielmatos\/terceirizados-da-saude-estadual-denunciam-calote-aplicado-por-flavio-dino\/#primaryimage"},"image":{"@id":"https:\/\/www.blogsoestado.com\/danielmatos\/terceirizados-da-saude-estadual-denunciam-calote-aplicado-por-flavio-dino\/#primaryimage"},"thumbnailUrl":"https:\/\/www.blogsoestado.com\/danielmatos\/files\/2018\/12\/calote-comuna.jpg","datePublished":"2018-12-10T20:08:00+00:00","author":{"@id":""},"breadcrumb":{"@id":"https:\/\/www.blogsoestado.com\/danielmatos\/terceirizados-da-saude-estadual-denunciam-calote-aplicado-por-flavio-dino\/#breadcrumb"},"inLanguage":"pt-BR","potentialAction":[{"@type":"ReadAction","target":["https:\/\/www.blogsoestado.com\/danielmatos\/terceirizados-da-saude-estadual-denunciam-calote-aplicado-por-flavio-dino\/"]}]},{"@type":"ImageObject","inLanguage":"pt-BR","@id":"https:\/\/www.blogsoestado.com\/danielmatos\/terceirizados-da-saude-estadual-denunciam-calote-aplicado-por-flavio-dino\/#primaryimage","url":"https:\/\/www.blogsoestado.com\/danielmatos\/files\/2018\/12\/calote-comuna.jpg","contentUrl":"https:\/\/www.blogsoestado.com\/danielmatos\/files\/2018\/12\/calote-comuna.jpg"},{"@type":"BreadcrumbList","@id":"https:\/\/www.blogsoestado.com\/danielmatos\/terceirizados-da-saude-estadual-denunciam-calote-aplicado-por-flavio-dino\/#breadcrumb","itemListElement":[{"@type":"ListItem","position":1,"name":"In\u00edcio","item":"https:\/\/www.blogsoestado.com\/danielmatos\/"},{"@type":"ListItem","position":2,"name":"Terceirizados da sa\u00fade estadual denunciam calote aplicado por Fl\u00e1vio Dino"}]},{"@type":"WebSite","@id":"https:\/\/www.blogsoestado.com\/danielmatos\/#website","url":"https:\/\/www.blogsoestado.com\/danielmatos\/","name":"Daniel Matos","description":"","potentialAction":[{"@type":"SearchAction","target":{"@type":"EntryPoint","urlTemplate":"https:\/\/www.blogsoestado.com\/danielmatos\/?s={search_term_string}"},"query-input":{"@type":"PropertyValueSpecification","valueRequired":true,"valueName":"search_term_string"}}],"inLanguage":"pt-BR"}]}},"jetpack_featured_media_url":"","_links":{"self":[{"href":"https:\/\/www.blogsoestado.com\/danielmatos\/wp-json\/wp\/v2\/posts\/58657","targetHints":{"allow":["GET"]}}],"collection":[{"href":"https:\/\/www.blogsoestado.com\/danielmatos\/wp-json\/wp\/v2\/posts"}],"about":[{"href":"https:\/\/www.blogsoestado.com\/danielmatos\/wp-json\/wp\/v2\/types\/post"}],"replies":[{"embeddable":true,"href":"https:\/\/www.blogsoestado.com\/danielmatos\/wp-json\/wp\/v2\/comments?post=58657"}],"version-history":[{"count":0,"href":"https:\/\/www.blogsoestado.com\/danielmatos\/wp-json\/wp\/v2\/posts\/58657\/revisions"}],"wp:attachment":[{"href":"https:\/\/www.blogsoestado.com\/danielmatos\/wp-json\/wp\/v2\/media?parent=58657"}],"wp:term":[{"taxonomy":"category","embeddable":true,"href":"https:\/\/www.blogsoestado.com\/danielmatos\/wp-json\/wp\/v2\/categories?post=58657"},{"taxonomy":"post_tag","embeddable":true,"href":"https:\/\/www.blogsoestado.com\/danielmatos\/wp-json\/wp\/v2\/tags?post=58657"}],"curies":[{"name":"wp","href":"https:\/\/api.w.org\/{rel}","templated":true}]}}