{"id":58681,"date":"2018-12-07T18:48:01","date_gmt":"2018-12-07T21:48:01","guid":{"rendered":"https:\/\/www.blogsoestado.com\/danielmatos\/?p=58681"},"modified":"2018-12-07T18:48:01","modified_gmt":"2018-12-07T21:48:01","slug":"recem-eleito-deputado-estadual-wendell-lages-tem-todos-os-requisitos-para-fazer-a-diferenca-na-nova-legislatura","status":"publish","type":"post","link":"https:\/\/www.blogsoestado.com\/danielmatos\/recem-eleito-deputado-estadual-wendell-lages-tem-todos-os-requisitos-para-fazer-a-diferenca-na-nova-legislatura\/","title":{"rendered":"Rec\u00e9m-eleito deputado estadual, Wendell Lages tem todos os requisitos para fazer a diferen\u00e7a na nova legislatura"},"content":{"rendered":"<p><a href=\"https:\/\/www.blogsoestado.com\/danielmatos\/2018\/12\/07\/recem-eleito-deputado-estadual-wendell-lages-tem-todos-os-requisitos-para-fazer-a-diferenca-na-nova-legislatura\/wendel-lages\/\" rel=\"attachment wp-att-58682\"><img fetchpriority=\"high\" decoding=\"async\" class=\"aligncenter wp-image-58682\" src=\"https:\/\/www.blogsoestado.com\/danielmatos\/files\/2018\/12\/wendel-lages.jpg\" alt=\"\" width=\"650\" height=\"650\" \/><\/a><\/p>\n<p>Desde que foi eleito deputado estadual, o jovem empres\u00e1rio Wendell Lages (PMN) vem mostrando que \u00e9 um pol\u00edtico diferenciado. Dono de um carisma e simplicidade invej\u00e1veis e comprometido com todos os segmentos maranhenses, mesmo ainda n\u00e3o tendo assumido o mandato, Wendell tem se destacado por ser um dos poucos novos deputados a estar diariamente presente nas sess\u00f5es na Assembleia Legislativa e viabilizado importantes articula\u00e7\u00f5es a fim de melhor servir o Maranh\u00e3o.<\/p>\n<p>Outro diferencial do rec\u00e9m eleito, tem sido o seu retorno \u00e0s cidades que visitou durante a campanha para agradecer pela expressiva vota\u00e7\u00e3o recebida, al\u00e9m de reafirmar seu total apoio aos munic\u00edpios.<\/p>\n<figure id=\"attachment_58683\" aria-describedby=\"caption-attachment-58683\" style=\"width: 650px\" class=\"wp-caption aligncenter\"><a href=\"https:\/\/www.blogsoestado.com\/danielmatos\/2018\/12\/07\/recem-eleito-deputado-estadual-wendell-lages-tem-todos-os-requisitos-para-fazer-a-diferenca-na-nova-legislatura\/wendel-lages2\/\" rel=\"attachment wp-att-58683\"><img decoding=\"async\" class=\"wp-image-58683\" src=\"https:\/\/www.blogsoestado.com\/danielmatos\/files\/2018\/12\/wendel-lages2.jpg\" alt=\"\" width=\"650\" height=\"650\" \/><\/a><figcaption id=\"caption-attachment-58683\" class=\"wp-caption-text\">Wendel Lages em diferentes momentos de agradecimento a eleitores Maranh\u00e3o afora<\/figcaption><\/figure>\n<p>Leg\u00edtimo representante da renova\u00e7\u00e3o, Wendell Lages segue com tudo para se consolidar como um dos deputados mais promissores e atuantes da nova legislatura, unindo sua forte presen\u00e7a nas redes sociais \u00e0 experi\u00eancia de anos de atua\u00e7\u00e3o na vida p\u00fablica de sua fam\u00edlia, al\u00e9m da sua incans\u00e1vel disposi\u00e7\u00e3o em servir os maranhenses e experi\u00eancia adquirida como empres\u00e1rio de sucesso em Itapecuru-Mirim, sua cidade natal, o que qualificar\u00e1 ainda mais a sua atua\u00e7\u00e3o parlamentar.<\/p>\n","protected":false},"excerpt":{"rendered":"<p>Desde que foi eleito deputado estadual, o jovem empres\u00e1rio Wendell Lages (PMN) vem mostrando que \u00e9 um pol\u00edtico diferenciado. Dono [&hellip;]<\/p>\n","protected":false},"author":0,"featured_media":0,"comment_status":"open","ping_status":"open","sticky":false,"template":"","format":"standard","meta":{"site-sidebar-layout":"default","site-content-layout":"","ast-site-content-layout":"default","site-content-style":"default","site-sidebar-style":"default","ast-global-header-display":"","ast-banner-title-visibility":"","ast-main-header-display":"","ast-hfb-above-header-display":"","ast-hfb-below-header-display":"","ast-hfb-mobile-header-display":"","site-post-title":"","ast-breadcrumbs-content":"","ast-featured-img":"","footer-sml-layout":"","ast-disable-related-posts":"","theme-transparent-header-meta":"","adv-header-id-meta":"","stick-header-meta":"","header-above-stick-meta":"","header-main-stick-meta":"","header-below-stick-meta":"","astra-migrate-meta-layouts":"default","ast-page-background-enabled":"default","ast-page-background-meta":{"desktop":{"background-color":"var(--ast-global-color-5)","background-image":"","background-repeat":"repeat","background-position":"center center","background-size":"auto","background-attachment":"scroll","background-type":"","background-media":"","overlay-type":"","overlay-color":"","overlay-opacity":"","overlay-gradient":""},"tablet":{"background-color":"","background-image":"","background-repeat":"repeat","background-position":"center center","background-size":"auto","background-attachment":"scroll","background-type":"","background-media":"","overlay-type":"","overlay-color":"","overlay-opacity":"","overlay-gradient":""},"mobile":{"background-color":"","background-image":"","background-repeat":"repeat","background-position":"center center","background-size":"auto","background-attachment":"scroll","background-type":"","background-media":"","overlay-type":"","overlay-color":"","overlay-opacity":"","overlay-gradient":""}},"ast-content-background-meta":{"desktop":{"background-color":"var(--ast-global-color-4)","background-image":"","background-repeat":"repeat","background-position":"center center","background-size":"auto","background-attachment":"scroll","background-type":"","background-media":"","overlay-type":"","overlay-color":"","overlay-opacity":"","overlay-gradient":""},"tablet":{"background-color":"var(--ast-global-color-4)","background-image":"","background-repeat":"repeat","background-position":"center center","background-size":"auto","background-attachment":"scroll","background-type":"","background-media":"","overlay-type":"","overlay-color":"","overlay-opacity":"","overlay-gradient":""},"mobile":{"background-color":"var(--ast-global-color-4)","background-image":"","background-repeat":"repeat","background-position":"center center","background-size":"auto","background-attachment":"scroll","background-type":"","background-media":"","overlay-type":"","overlay-color":"","overlay-opacity":"","overlay-gradient":""}},"footnotes":""},"categories":[1],"tags":[],"class_list":["post-58681","post","type-post","status-publish","format-standard","hentry","category-sem-categoria"],"yoast_head":"<!-- This site is optimized with the Yoast SEO plugin v26.6 - https:\/\/yoast.com\/wordpress\/plugins\/seo\/ -->\n<title>Rec\u00e9m-eleito deputado estadual, Wendell Lages tem todos os requisitos para fazer a diferen\u00e7a na nova legislatura - Daniel Matos<\/title>\n<meta name=\"robots\" content=\"index, follow, max-snippet:-1, max-image-preview:large, max-video-preview:-1\" \/>\n<link rel=\"canonical\" href=\"https:\/\/www.blogsoestado.com\/danielmatos\/recem-eleito-deputado-estadual-wendell-lages-tem-todos-os-requisitos-para-fazer-a-diferenca-na-nova-legislatura\/\" \/>\n<meta property=\"og:locale\" content=\"pt_BR\" \/>\n<meta property=\"og:type\" content=\"article\" \/>\n<meta property=\"og:title\" content=\"Rec\u00e9m-eleito deputado estadual, Wendell Lages tem todos os requisitos para fazer a diferen\u00e7a na nova legislatura - Daniel Matos\" \/>\n<meta property=\"og:description\" content=\"Desde que foi eleito deputado estadual, o jovem empres\u00e1rio Wendell Lages (PMN) vem mostrando que \u00e9 um pol\u00edtico diferenciado. Dono [&hellip;]\" \/>\n<meta property=\"og:url\" content=\"https:\/\/www.blogsoestado.com\/danielmatos\/recem-eleito-deputado-estadual-wendell-lages-tem-todos-os-requisitos-para-fazer-a-diferenca-na-nova-legislatura\/\" \/>\n<meta property=\"og:site_name\" content=\"Daniel Matos\" \/>\n<meta property=\"article:published_time\" content=\"2018-12-07T21:48:01+00:00\" \/>\n<meta property=\"og:image\" content=\"https:\/\/www.blogsoestado.com\/danielmatos\/files\/2018\/12\/wendel-lages.jpg\" \/>\n<meta name=\"twitter:card\" content=\"summary_large_image\" \/>\n<meta name=\"twitter:label1\" content=\"Est. tempo de leitura\" \/>\n\t<meta name=\"twitter:data1\" content=\"1 minuto\" \/>\n<script type=\"application\/ld+json\" class=\"yoast-schema-graph\">{\"@context\":\"https:\/\/schema.org\",\"@graph\":[{\"@type\":\"WebPage\",\"@id\":\"https:\/\/www.blogsoestado.com\/danielmatos\/recem-eleito-deputado-estadual-wendell-lages-tem-todos-os-requisitos-para-fazer-a-diferenca-na-nova-legislatura\/\",\"url\":\"https:\/\/www.blogsoestado.com\/danielmatos\/recem-eleito-deputado-estadual-wendell-lages-tem-todos-os-requisitos-para-fazer-a-diferenca-na-nova-legislatura\/\",\"name\":\"Rec\u00e9m-eleito deputado estadual, Wendell Lages tem todos os requisitos para fazer a diferen\u00e7a na nova legislatura - Daniel Matos\",\"isPartOf\":{\"@id\":\"https:\/\/www.blogsoestado.com\/danielmatos\/#website\"},\"primaryImageOfPage\":{\"@id\":\"https:\/\/www.blogsoestado.com\/danielmatos\/recem-eleito-deputado-estadual-wendell-lages-tem-todos-os-requisitos-para-fazer-a-diferenca-na-nova-legislatura\/#primaryimage\"},\"image\":{\"@id\":\"https:\/\/www.blogsoestado.com\/danielmatos\/recem-eleito-deputado-estadual-wendell-lages-tem-todos-os-requisitos-para-fazer-a-diferenca-na-nova-legislatura\/#primaryimage\"},\"thumbnailUrl\":\"https:\/\/www.blogsoestado.com\/danielmatos\/files\/2018\/12\/wendel-lages.jpg\",\"datePublished\":\"2018-12-07T21:48:01+00:00\",\"author\":{\"@id\":\"\"},\"breadcrumb\":{\"@id\":\"https:\/\/www.blogsoestado.com\/danielmatos\/recem-eleito-deputado-estadual-wendell-lages-tem-todos-os-requisitos-para-fazer-a-diferenca-na-nova-legislatura\/#breadcrumb\"},\"inLanguage\":\"pt-BR\",\"potentialAction\":[{\"@type\":\"ReadAction\",\"target\":[\"https:\/\/www.blogsoestado.com\/danielmatos\/recem-eleito-deputado-estadual-wendell-lages-tem-todos-os-requisitos-para-fazer-a-diferenca-na-nova-legislatura\/\"]}]},{\"@type\":\"ImageObject\",\"inLanguage\":\"pt-BR\",\"@id\":\"https:\/\/www.blogsoestado.com\/danielmatos\/recem-eleito-deputado-estadual-wendell-lages-tem-todos-os-requisitos-para-fazer-a-diferenca-na-nova-legislatura\/#primaryimage\",\"url\":\"https:\/\/www.blogsoestado.com\/danielmatos\/files\/2018\/12\/wendel-lages.jpg\",\"contentUrl\":\"https:\/\/www.blogsoestado.com\/danielmatos\/files\/2018\/12\/wendel-lages.jpg\"},{\"@type\":\"BreadcrumbList\",\"@id\":\"https:\/\/www.blogsoestado.com\/danielmatos\/recem-eleito-deputado-estadual-wendell-lages-tem-todos-os-requisitos-para-fazer-a-diferenca-na-nova-legislatura\/#breadcrumb\",\"itemListElement\":[{\"@type\":\"ListItem\",\"position\":1,\"name\":\"In\u00edcio\",\"item\":\"https:\/\/www.blogsoestado.com\/danielmatos\/\"},{\"@type\":\"ListItem\",\"position\":2,\"name\":\"Rec\u00e9m-eleito deputado estadual, Wendell Lages tem todos os requisitos para fazer a diferen\u00e7a na nova legislatura\"}]},{\"@type\":\"WebSite\",\"@id\":\"https:\/\/www.blogsoestado.com\/danielmatos\/#website\",\"url\":\"https:\/\/www.blogsoestado.com\/danielmatos\/\",\"name\":\"Daniel Matos\",\"description\":\"\",\"potentialAction\":[{\"@type\":\"SearchAction\",\"target\":{\"@type\":\"EntryPoint\",\"urlTemplate\":\"https:\/\/www.blogsoestado.com\/danielmatos\/?s={search_term_string}\"},\"query-input\":{\"@type\":\"PropertyValueSpecification\",\"valueRequired\":true,\"valueName\":\"search_term_string\"}}],\"inLanguage\":\"pt-BR\"}]}<\/script>\n<!-- \/ Yoast SEO plugin. -->","yoast_head_json":{"title":"Rec\u00e9m-eleito deputado estadual, Wendell Lages tem todos os requisitos para fazer a diferen\u00e7a na nova legislatura - Daniel Matos","robots":{"index":"index","follow":"follow","max-snippet":"max-snippet:-1","max-image-preview":"max-image-preview:large","max-video-preview":"max-video-preview:-1"},"canonical":"https:\/\/www.blogsoestado.com\/danielmatos\/recem-eleito-deputado-estadual-wendell-lages-tem-todos-os-requisitos-para-fazer-a-diferenca-na-nova-legislatura\/","og_locale":"pt_BR","og_type":"article","og_title":"Rec\u00e9m-eleito deputado estadual, Wendell Lages tem todos os requisitos para fazer a diferen\u00e7a na nova legislatura - Daniel Matos","og_description":"Desde que foi eleito deputado estadual, o jovem empres\u00e1rio Wendell Lages (PMN) vem mostrando que \u00e9 um pol\u00edtico diferenciado. Dono [&hellip;]","og_url":"https:\/\/www.blogsoestado.com\/danielmatos\/recem-eleito-deputado-estadual-wendell-lages-tem-todos-os-requisitos-para-fazer-a-diferenca-na-nova-legislatura\/","og_site_name":"Daniel Matos","article_published_time":"2018-12-07T21:48:01+00:00","og_image":[{"url":"https:\/\/www.blogsoestado.com\/danielmatos\/files\/2018\/12\/wendel-lages.jpg","type":"","width":"","height":""}],"twitter_card":"summary_large_image","twitter_misc":{"Est. tempo de leitura":"1 minuto"},"schema":{"@context":"https:\/\/schema.org","@graph":[{"@type":"WebPage","@id":"https:\/\/www.blogsoestado.com\/danielmatos\/recem-eleito-deputado-estadual-wendell-lages-tem-todos-os-requisitos-para-fazer-a-diferenca-na-nova-legislatura\/","url":"https:\/\/www.blogsoestado.com\/danielmatos\/recem-eleito-deputado-estadual-wendell-lages-tem-todos-os-requisitos-para-fazer-a-diferenca-na-nova-legislatura\/","name":"Rec\u00e9m-eleito deputado estadual, Wendell Lages tem todos os requisitos para fazer a diferen\u00e7a na nova legislatura - Daniel Matos","isPartOf":{"@id":"https:\/\/www.blogsoestado.com\/danielmatos\/#website"},"primaryImageOfPage":{"@id":"https:\/\/www.blogsoestado.com\/danielmatos\/recem-eleito-deputado-estadual-wendell-lages-tem-todos-os-requisitos-para-fazer-a-diferenca-na-nova-legislatura\/#primaryimage"},"image":{"@id":"https:\/\/www.blogsoestado.com\/danielmatos\/recem-eleito-deputado-estadual-wendell-lages-tem-todos-os-requisitos-para-fazer-a-diferenca-na-nova-legislatura\/#primaryimage"},"thumbnailUrl":"https:\/\/www.blogsoestado.com\/danielmatos\/files\/2018\/12\/wendel-lages.jpg","datePublished":"2018-12-07T21:48:01+00:00","author":{"@id":""},"breadcrumb":{"@id":"https:\/\/www.blogsoestado.com\/danielmatos\/recem-eleito-deputado-estadual-wendell-lages-tem-todos-os-requisitos-para-fazer-a-diferenca-na-nova-legislatura\/#breadcrumb"},"inLanguage":"pt-BR","potentialAction":[{"@type":"ReadAction","target":["https:\/\/www.blogsoestado.com\/danielmatos\/recem-eleito-deputado-estadual-wendell-lages-tem-todos-os-requisitos-para-fazer-a-diferenca-na-nova-legislatura\/"]}]},{"@type":"ImageObject","inLanguage":"pt-BR","@id":"https:\/\/www.blogsoestado.com\/danielmatos\/recem-eleito-deputado-estadual-wendell-lages-tem-todos-os-requisitos-para-fazer-a-diferenca-na-nova-legislatura\/#primaryimage","url":"https:\/\/www.blogsoestado.com\/danielmatos\/files\/2018\/12\/wendel-lages.jpg","contentUrl":"https:\/\/www.blogsoestado.com\/danielmatos\/files\/2018\/12\/wendel-lages.jpg"},{"@type":"BreadcrumbList","@id":"https:\/\/www.blogsoestado.com\/danielmatos\/recem-eleito-deputado-estadual-wendell-lages-tem-todos-os-requisitos-para-fazer-a-diferenca-na-nova-legislatura\/#breadcrumb","itemListElement":[{"@type":"ListItem","position":1,"name":"In\u00edcio","item":"https:\/\/www.blogsoestado.com\/danielmatos\/"},{"@type":"ListItem","position":2,"name":"Rec\u00e9m-eleito deputado estadual, Wendell Lages tem todos os requisitos para fazer a diferen\u00e7a na nova legislatura"}]},{"@type":"WebSite","@id":"https:\/\/www.blogsoestado.com\/danielmatos\/#website","url":"https:\/\/www.blogsoestado.com\/danielmatos\/","name":"Daniel Matos","description":"","potentialAction":[{"@type":"SearchAction","target":{"@type":"EntryPoint","urlTemplate":"https:\/\/www.blogsoestado.com\/danielmatos\/?s={search_term_string}"},"query-input":{"@type":"PropertyValueSpecification","valueRequired":true,"valueName":"search_term_string"}}],"inLanguage":"pt-BR"}]}},"jetpack_featured_media_url":"","_links":{"self":[{"href":"https:\/\/www.blogsoestado.com\/danielmatos\/wp-json\/wp\/v2\/posts\/58681","targetHints":{"allow":["GET"]}}],"collection":[{"href":"https:\/\/www.blogsoestado.com\/danielmatos\/wp-json\/wp\/v2\/posts"}],"about":[{"href":"https:\/\/www.blogsoestado.com\/danielmatos\/wp-json\/wp\/v2\/types\/post"}],"replies":[{"embeddable":true,"href":"https:\/\/www.blogsoestado.com\/danielmatos\/wp-json\/wp\/v2\/comments?post=58681"}],"version-history":[{"count":0,"href":"https:\/\/www.blogsoestado.com\/danielmatos\/wp-json\/wp\/v2\/posts\/58681\/revisions"}],"wp:attachment":[{"href":"https:\/\/www.blogsoestado.com\/danielmatos\/wp-json\/wp\/v2\/media?parent=58681"}],"wp:term":[{"taxonomy":"category","embeddable":true,"href":"https:\/\/www.blogsoestado.com\/danielmatos\/wp-json\/wp\/v2\/categories?post=58681"},{"taxonomy":"post_tag","embeddable":true,"href":"https:\/\/www.blogsoestado.com\/danielmatos\/wp-json\/wp\/v2\/tags?post=58681"}],"curies":[{"name":"wp","href":"https:\/\/api.w.org\/{rel}","templated":true}]}}