{"id":58702,"date":"2018-12-10T14:32:05","date_gmt":"2018-12-10T17:32:05","guid":{"rendered":"https:\/\/www.blogsoestado.com\/danielmatos\/?p=58702"},"modified":"2018-12-10T14:32:05","modified_gmt":"2018-12-10T17:32:05","slug":"osmar-filho-visita-entidade-social-e-destaca-importancia-da-organizacao","status":"publish","type":"post","link":"https:\/\/www.blogsoestado.com\/danielmatos\/osmar-filho-visita-entidade-social-e-destaca-importancia-da-organizacao\/","title":{"rendered":"Osmar Filho visita entidade social e destaca import\u00e2ncia da organiza\u00e7\u00e3o"},"content":{"rendered":"<h2><span style=\"color: #ff0000;\"><strong>Funda\u00e7\u00e3o comunit\u00e1ria localizada na Jana\u00edna h\u00e1 mais de 30 anos desenvolve trabalhos sociais para o bairro<\/strong><\/span><\/h2>\n<figure id=\"attachment_58703\" aria-describedby=\"caption-attachment-58703\" style=\"width: 650px\" class=\"wp-caption aligncenter\"><a href=\"https:\/\/www.blogsoestado.com\/danielmatos\/2018\/12\/10\/osmar-filho-visita-entidade-social-e-destaca-importancia-da-organizacao\/osmar-projeto-2\/\" rel=\"attachment wp-att-58703\"><img fetchpriority=\"high\" decoding=\"async\" class=\"wp-image-58703\" src=\"https:\/\/www.blogsoestado.com\/danielmatos\/files\/2018\/12\/osmar-projeto.jpg\" alt=\"\" width=\"650\" height=\"433\" \/><\/a><figcaption id=\"caption-attachment-58703\" class=\"wp-caption-text\">Osmar Pav\u00e3o Filho em momento de intera\u00e7\u00e3o com as crian\u00e7as atendidas pelo projeto<\/figcaption><\/figure>\n<p>H\u00e1 mais de tr\u00eas d\u00e9cadas, a Funda\u00e7\u00e3o Maranhense de Assist\u00eancia Comunit\u00e1ria, no bairro da Jana\u00edna desenvolve trabalhos sociais voltado ao incentivo da cultura, lazer, esporte e educa\u00e7\u00e3o.<\/p>\n<p>Nesta sexta-feira (07), o futuro presidente da C\u00e2mara Municipal de S\u00e3o Lu\u00eds, o vereador Osmar Filho (PDT), fez uma visita as depend\u00eancias do dispositivo social acompanhado do ent\u00e3o parlamentar, Pav\u00e3o Filho (PDT), anfitri\u00e3o da entidade.<\/p>\n<p>Durante a visita, Osmar Filho exaltou o sistema social e ressaltou a solidez de um projeto que serve como prot\u00f3tipo para outras entidades sociais.<\/p>\n<p>&#8220;Uma iniciativa que existe a tr\u00eas d\u00e9cadas e ainda continua prestando servi\u00e7o gratuito a comunidade \u00e9 louv\u00e1vel. Aqui, a popula\u00e7\u00e3o \u00e9 a maior beneficiada, pois pode adquirir um servi\u00e7o de qualidade para o bem de todos. O vereador Pav\u00e3o est\u00e1 de parab\u00e9ns por trabalhar o lado humano e social da nossa popula\u00e7\u00e3o, uma iniciativa que serve de modelo para outros institutos que pretendem desenvolver esse tipo de trabalho&#8221;, enfatizou ele.<\/p>\n<figure id=\"attachment_58704\" aria-describedby=\"caption-attachment-58704\" style=\"width: 650px\" class=\"wp-caption aligncenter\"><a href=\"https:\/\/www.blogsoestado.com\/danielmatos\/2018\/12\/10\/osmar-filho-visita-entidade-social-e-destaca-importancia-da-organizacao\/osmar-projeto2\/\" rel=\"attachment wp-att-58704\"><img decoding=\"async\" class=\"wp-image-58704\" src=\"https:\/\/www.blogsoestado.com\/danielmatos\/files\/2018\/12\/osmar-projeto2.jpg\" alt=\"\" width=\"650\" height=\"433\" \/><\/a><figcaption id=\"caption-attachment-58704\" class=\"wp-caption-text\">Os dois vereadores conferiram in loco as atividades nas salas de aula e o desempenho das crian\u00e7as<\/figcaption><\/figure>\n<p>Osmar visitou as salas de inform\u00e1tica do projeto, a escolinha mantida pela organiza\u00e7\u00e3o, as salas de aula do ensino infantil, e ainda o projeto inovador que gera emprego e renda, a padaria que capacita pais de alunos e interessados da regi\u00e3o na habilidade da confeitaria que tamb\u00e9m \u00e9 ponto gastron\u00f4mico da localidade.<\/p>\n<p><strong>Sobre a FUMAC<\/strong><\/p>\n<p>O projeto existente \u00e9 formado por um complexo social que abrange diversas \u00e1reas de inclus\u00e3o social, com o objetivo de sanar os diversos setores de pol\u00edticas p\u00fablicas da cidade<\/p>\n<p>Foi fundado em 26 de dezembro de 1986, pelo vereador Pav\u00e3o Filho.<\/p>\n<p>O objetivo da institui\u00e7\u00e3o \u00e9 trabalhar com programas sociais envolvendo a comunidade do bairro, entre elas, crian\u00e7as, jovens e adultos.<\/p>\n<p>Atualmente a estrutura social gerencia mais de dez programas inclusivos ofertados gratuitamente a comunidade.<\/p>\n","protected":false},"excerpt":{"rendered":"<p>Funda\u00e7\u00e3o comunit\u00e1ria localizada na Jana\u00edna h\u00e1 mais de 30 anos desenvolve trabalhos sociais para o bairro H\u00e1 mais de tr\u00eas [&hellip;]<\/p>\n","protected":false},"author":0,"featured_media":0,"comment_status":"open","ping_status":"open","sticky":false,"template":"","format":"standard","meta":{"site-sidebar-layout":"default","site-content-layout":"","ast-site-content-layout":"default","site-content-style":"default","site-sidebar-style":"default","ast-global-header-display":"","ast-banner-title-visibility":"","ast-main-header-display":"","ast-hfb-above-header-display":"","ast-hfb-below-header-display":"","ast-hfb-mobile-header-display":"","site-post-title":"","ast-breadcrumbs-content":"","ast-featured-img":"","footer-sml-layout":"","ast-disable-related-posts":"","theme-transparent-header-meta":"","adv-header-id-meta":"","stick-header-meta":"","header-above-stick-meta":"","header-main-stick-meta":"","header-below-stick-meta":"","astra-migrate-meta-layouts":"default","ast-page-background-enabled":"default","ast-page-background-meta":{"desktop":{"background-color":"var(--ast-global-color-5)","background-image":"","background-repeat":"repeat","background-position":"center center","background-size":"auto","background-attachment":"scroll","background-type":"","background-media":"","overlay-type":"","overlay-color":"","overlay-opacity":"","overlay-gradient":""},"tablet":{"background-color":"","background-image":"","background-repeat":"repeat","background-position":"center center","background-size":"auto","background-attachment":"scroll","background-type":"","background-media":"","overlay-type":"","overlay-color":"","overlay-opacity":"","overlay-gradient":""},"mobile":{"background-color":"","background-image":"","background-repeat":"repeat","background-position":"center center","background-size":"auto","background-attachment":"scroll","background-type":"","background-media":"","overlay-type":"","overlay-color":"","overlay-opacity":"","overlay-gradient":""}},"ast-content-background-meta":{"desktop":{"background-color":"var(--ast-global-color-4)","background-image":"","background-repeat":"repeat","background-position":"center center","background-size":"auto","background-attachment":"scroll","background-type":"","background-media":"","overlay-type":"","overlay-color":"","overlay-opacity":"","overlay-gradient":""},"tablet":{"background-color":"var(--ast-global-color-4)","background-image":"","background-repeat":"repeat","background-position":"center center","background-size":"auto","background-attachment":"scroll","background-type":"","background-media":"","overlay-type":"","overlay-color":"","overlay-opacity":"","overlay-gradient":""},"mobile":{"background-color":"var(--ast-global-color-4)","background-image":"","background-repeat":"repeat","background-position":"center center","background-size":"auto","background-attachment":"scroll","background-type":"","background-media":"","overlay-type":"","overlay-color":"","overlay-opacity":"","overlay-gradient":""}},"footnotes":""},"categories":[1],"tags":[],"class_list":["post-58702","post","type-post","status-publish","format-standard","hentry","category-sem-categoria"],"yoast_head":"<!-- This site is optimized with the Yoast SEO plugin v26.6 - https:\/\/yoast.com\/wordpress\/plugins\/seo\/ -->\n<title>Osmar Filho visita entidade social e destaca import\u00e2ncia da organiza\u00e7\u00e3o - Daniel Matos<\/title>\n<meta name=\"robots\" content=\"index, follow, max-snippet:-1, max-image-preview:large, max-video-preview:-1\" \/>\n<link rel=\"canonical\" href=\"https:\/\/www.blogsoestado.com\/danielmatos\/osmar-filho-visita-entidade-social-e-destaca-importancia-da-organizacao\/\" \/>\n<meta property=\"og:locale\" content=\"pt_BR\" \/>\n<meta property=\"og:type\" content=\"article\" \/>\n<meta property=\"og:title\" content=\"Osmar Filho visita entidade social e destaca import\u00e2ncia da organiza\u00e7\u00e3o - Daniel Matos\" \/>\n<meta property=\"og:description\" content=\"Funda\u00e7\u00e3o comunit\u00e1ria localizada na Jana\u00edna h\u00e1 mais de 30 anos desenvolve trabalhos sociais para o bairro H\u00e1 mais de tr\u00eas [&hellip;]\" \/>\n<meta property=\"og:url\" content=\"https:\/\/www.blogsoestado.com\/danielmatos\/osmar-filho-visita-entidade-social-e-destaca-importancia-da-organizacao\/\" \/>\n<meta property=\"og:site_name\" content=\"Daniel Matos\" \/>\n<meta property=\"article:published_time\" content=\"2018-12-10T17:32:05+00:00\" \/>\n<meta property=\"og:image\" content=\"https:\/\/www.blogsoestado.com\/danielmatos\/files\/2018\/12\/osmar-projeto.jpg\" \/>\n<meta name=\"twitter:card\" content=\"summary_large_image\" \/>\n<meta name=\"twitter:label1\" content=\"Est. tempo de leitura\" \/>\n\t<meta name=\"twitter:data1\" content=\"2 minutos\" \/>\n<script type=\"application\/ld+json\" class=\"yoast-schema-graph\">{\"@context\":\"https:\/\/schema.org\",\"@graph\":[{\"@type\":\"WebPage\",\"@id\":\"https:\/\/www.blogsoestado.com\/danielmatos\/osmar-filho-visita-entidade-social-e-destaca-importancia-da-organizacao\/\",\"url\":\"https:\/\/www.blogsoestado.com\/danielmatos\/osmar-filho-visita-entidade-social-e-destaca-importancia-da-organizacao\/\",\"name\":\"Osmar Filho visita entidade social e destaca import\u00e2ncia da organiza\u00e7\u00e3o - Daniel Matos\",\"isPartOf\":{\"@id\":\"https:\/\/www.blogsoestado.com\/danielmatos\/#website\"},\"primaryImageOfPage\":{\"@id\":\"https:\/\/www.blogsoestado.com\/danielmatos\/osmar-filho-visita-entidade-social-e-destaca-importancia-da-organizacao\/#primaryimage\"},\"image\":{\"@id\":\"https:\/\/www.blogsoestado.com\/danielmatos\/osmar-filho-visita-entidade-social-e-destaca-importancia-da-organizacao\/#primaryimage\"},\"thumbnailUrl\":\"https:\/\/www.blogsoestado.com\/danielmatos\/files\/2018\/12\/osmar-projeto.jpg\",\"datePublished\":\"2018-12-10T17:32:05+00:00\",\"author\":{\"@id\":\"\"},\"breadcrumb\":{\"@id\":\"https:\/\/www.blogsoestado.com\/danielmatos\/osmar-filho-visita-entidade-social-e-destaca-importancia-da-organizacao\/#breadcrumb\"},\"inLanguage\":\"pt-BR\",\"potentialAction\":[{\"@type\":\"ReadAction\",\"target\":[\"https:\/\/www.blogsoestado.com\/danielmatos\/osmar-filho-visita-entidade-social-e-destaca-importancia-da-organizacao\/\"]}]},{\"@type\":\"ImageObject\",\"inLanguage\":\"pt-BR\",\"@id\":\"https:\/\/www.blogsoestado.com\/danielmatos\/osmar-filho-visita-entidade-social-e-destaca-importancia-da-organizacao\/#primaryimage\",\"url\":\"https:\/\/www.blogsoestado.com\/danielmatos\/files\/2018\/12\/osmar-projeto.jpg\",\"contentUrl\":\"https:\/\/www.blogsoestado.com\/danielmatos\/files\/2018\/12\/osmar-projeto.jpg\"},{\"@type\":\"BreadcrumbList\",\"@id\":\"https:\/\/www.blogsoestado.com\/danielmatos\/osmar-filho-visita-entidade-social-e-destaca-importancia-da-organizacao\/#breadcrumb\",\"itemListElement\":[{\"@type\":\"ListItem\",\"position\":1,\"name\":\"In\u00edcio\",\"item\":\"https:\/\/www.blogsoestado.com\/danielmatos\/\"},{\"@type\":\"ListItem\",\"position\":2,\"name\":\"Osmar Filho visita entidade social e destaca import\u00e2ncia da organiza\u00e7\u00e3o\"}]},{\"@type\":\"WebSite\",\"@id\":\"https:\/\/www.blogsoestado.com\/danielmatos\/#website\",\"url\":\"https:\/\/www.blogsoestado.com\/danielmatos\/\",\"name\":\"Daniel Matos\",\"description\":\"\",\"potentialAction\":[{\"@type\":\"SearchAction\",\"target\":{\"@type\":\"EntryPoint\",\"urlTemplate\":\"https:\/\/www.blogsoestado.com\/danielmatos\/?s={search_term_string}\"},\"query-input\":{\"@type\":\"PropertyValueSpecification\",\"valueRequired\":true,\"valueName\":\"search_term_string\"}}],\"inLanguage\":\"pt-BR\"}]}<\/script>\n<!-- \/ Yoast SEO plugin. -->","yoast_head_json":{"title":"Osmar Filho visita entidade social e destaca import\u00e2ncia da organiza\u00e7\u00e3o - Daniel Matos","robots":{"index":"index","follow":"follow","max-snippet":"max-snippet:-1","max-image-preview":"max-image-preview:large","max-video-preview":"max-video-preview:-1"},"canonical":"https:\/\/www.blogsoestado.com\/danielmatos\/osmar-filho-visita-entidade-social-e-destaca-importancia-da-organizacao\/","og_locale":"pt_BR","og_type":"article","og_title":"Osmar Filho visita entidade social e destaca import\u00e2ncia da organiza\u00e7\u00e3o - Daniel Matos","og_description":"Funda\u00e7\u00e3o comunit\u00e1ria localizada na Jana\u00edna h\u00e1 mais de 30 anos desenvolve trabalhos sociais para o bairro H\u00e1 mais de tr\u00eas [&hellip;]","og_url":"https:\/\/www.blogsoestado.com\/danielmatos\/osmar-filho-visita-entidade-social-e-destaca-importancia-da-organizacao\/","og_site_name":"Daniel Matos","article_published_time":"2018-12-10T17:32:05+00:00","og_image":[{"url":"https:\/\/www.blogsoestado.com\/danielmatos\/files\/2018\/12\/osmar-projeto.jpg","type":"","width":"","height":""}],"twitter_card":"summary_large_image","twitter_misc":{"Est. tempo de leitura":"2 minutos"},"schema":{"@context":"https:\/\/schema.org","@graph":[{"@type":"WebPage","@id":"https:\/\/www.blogsoestado.com\/danielmatos\/osmar-filho-visita-entidade-social-e-destaca-importancia-da-organizacao\/","url":"https:\/\/www.blogsoestado.com\/danielmatos\/osmar-filho-visita-entidade-social-e-destaca-importancia-da-organizacao\/","name":"Osmar Filho visita entidade social e destaca import\u00e2ncia da organiza\u00e7\u00e3o - Daniel Matos","isPartOf":{"@id":"https:\/\/www.blogsoestado.com\/danielmatos\/#website"},"primaryImageOfPage":{"@id":"https:\/\/www.blogsoestado.com\/danielmatos\/osmar-filho-visita-entidade-social-e-destaca-importancia-da-organizacao\/#primaryimage"},"image":{"@id":"https:\/\/www.blogsoestado.com\/danielmatos\/osmar-filho-visita-entidade-social-e-destaca-importancia-da-organizacao\/#primaryimage"},"thumbnailUrl":"https:\/\/www.blogsoestado.com\/danielmatos\/files\/2018\/12\/osmar-projeto.jpg","datePublished":"2018-12-10T17:32:05+00:00","author":{"@id":""},"breadcrumb":{"@id":"https:\/\/www.blogsoestado.com\/danielmatos\/osmar-filho-visita-entidade-social-e-destaca-importancia-da-organizacao\/#breadcrumb"},"inLanguage":"pt-BR","potentialAction":[{"@type":"ReadAction","target":["https:\/\/www.blogsoestado.com\/danielmatos\/osmar-filho-visita-entidade-social-e-destaca-importancia-da-organizacao\/"]}]},{"@type":"ImageObject","inLanguage":"pt-BR","@id":"https:\/\/www.blogsoestado.com\/danielmatos\/osmar-filho-visita-entidade-social-e-destaca-importancia-da-organizacao\/#primaryimage","url":"https:\/\/www.blogsoestado.com\/danielmatos\/files\/2018\/12\/osmar-projeto.jpg","contentUrl":"https:\/\/www.blogsoestado.com\/danielmatos\/files\/2018\/12\/osmar-projeto.jpg"},{"@type":"BreadcrumbList","@id":"https:\/\/www.blogsoestado.com\/danielmatos\/osmar-filho-visita-entidade-social-e-destaca-importancia-da-organizacao\/#breadcrumb","itemListElement":[{"@type":"ListItem","position":1,"name":"In\u00edcio","item":"https:\/\/www.blogsoestado.com\/danielmatos\/"},{"@type":"ListItem","position":2,"name":"Osmar Filho visita entidade social e destaca import\u00e2ncia da organiza\u00e7\u00e3o"}]},{"@type":"WebSite","@id":"https:\/\/www.blogsoestado.com\/danielmatos\/#website","url":"https:\/\/www.blogsoestado.com\/danielmatos\/","name":"Daniel Matos","description":"","potentialAction":[{"@type":"SearchAction","target":{"@type":"EntryPoint","urlTemplate":"https:\/\/www.blogsoestado.com\/danielmatos\/?s={search_term_string}"},"query-input":{"@type":"PropertyValueSpecification","valueRequired":true,"valueName":"search_term_string"}}],"inLanguage":"pt-BR"}]}},"jetpack_featured_media_url":"","_links":{"self":[{"href":"https:\/\/www.blogsoestado.com\/danielmatos\/wp-json\/wp\/v2\/posts\/58702","targetHints":{"allow":["GET"]}}],"collection":[{"href":"https:\/\/www.blogsoestado.com\/danielmatos\/wp-json\/wp\/v2\/posts"}],"about":[{"href":"https:\/\/www.blogsoestado.com\/danielmatos\/wp-json\/wp\/v2\/types\/post"}],"replies":[{"embeddable":true,"href":"https:\/\/www.blogsoestado.com\/danielmatos\/wp-json\/wp\/v2\/comments?post=58702"}],"version-history":[{"count":0,"href":"https:\/\/www.blogsoestado.com\/danielmatos\/wp-json\/wp\/v2\/posts\/58702\/revisions"}],"wp:attachment":[{"href":"https:\/\/www.blogsoestado.com\/danielmatos\/wp-json\/wp\/v2\/media?parent=58702"}],"wp:term":[{"taxonomy":"category","embeddable":true,"href":"https:\/\/www.blogsoestado.com\/danielmatos\/wp-json\/wp\/v2\/categories?post=58702"},{"taxonomy":"post_tag","embeddable":true,"href":"https:\/\/www.blogsoestado.com\/danielmatos\/wp-json\/wp\/v2\/tags?post=58702"}],"curies":[{"name":"wp","href":"https:\/\/api.w.org\/{rel}","templated":true}]}}