{"id":58714,"date":"2018-12-10T16:30:21","date_gmt":"2018-12-10T19:30:21","guid":{"rendered":"https:\/\/www.blogsoestado.com\/danielmatos\/?p=58714"},"modified":"2018-12-10T16:30:21","modified_gmt":"2018-12-10T19:30:21","slug":"cecen-lanca-revista-e-selo-em-comemoracao-aos-seus-25-anos","status":"publish","type":"post","link":"https:\/\/www.blogsoestado.com\/danielmatos\/cecen-lanca-revista-e-selo-em-comemoracao-aos-seus-25-anos\/","title":{"rendered":"CECEN lan\u00e7a revista e selo em comemora\u00e7\u00e3o aos seus 25 anos"},"content":{"rendered":"<h2><span style=\"color: #ff0000;\">Publica\u00e7\u00e3o conta com entrevistas e artigos de professores da UEMA<\/span><\/h2>\n<figure id=\"attachment_58715\" aria-describedby=\"caption-attachment-58715\" style=\"width: 650px\" class=\"wp-caption aligncenter\"><a href=\"https:\/\/www.blogsoestado.com\/danielmatos\/?attachment_id=58715\" rel=\"attachment wp-att-58715\"><img fetchpriority=\"high\" decoding=\"async\" class=\"wp-image-58715\" src=\"https:\/\/www.blogsoestado.com\/danielmatos\/files\/2018\/12\/cecen-uema.jpg\" alt=\"\" width=\"650\" height=\"378\" \/><\/a><figcaption id=\"caption-attachment-58715\" class=\"wp-caption-text\">Centro de Educa\u00e7\u00e3o, Ci\u00eancias Exatas e Naturais (CECEN), da Uema, comemora 25 anos<\/figcaption><\/figure>\n<p>O reitor da Universidade Estadual do Maranh\u00e3o, professor Gustavo Pereira da Costa e a Diretora do Centro de Educa\u00e7\u00e3o, Ci\u00eancias Exatas e Naturais (CECEN), professora Ana L\u00facia Duarte, convidam a sociedade e a imprensa maranhense, para solenidade de comemora\u00e7\u00e3o dos 25 anos do CECEN.<\/p>\n<p>Com entrevistas e artigos de professores, a revista lan\u00e7a nova edi\u00e7\u00e3o (n\u00famero 4), debatendo o tema &#8220;Professor Formador de Profiss\u00f5es&#8221;.<\/p>\n<p>A publica\u00e7\u00e3o \u00e9 uma op\u00e7\u00e3o de dar ampla e irrestrita divulga\u00e7\u00e3o \u00e0 sociedade em geral de projetos em execu\u00e7\u00e3o do CECEN, da Universidade Estadual do Maranh\u00e3o (UEMA), na forma\u00e7\u00e3o de docentes para a educa\u00e7\u00e3o b\u00e1sica de qualidade social.<\/p>\n<p>Al\u00e9m disso, a revista busca ainda atender outra finalidade basilar da forma\u00e7\u00e3o de professores, que \u00e9 desnaturalizar o que j\u00e1 est\u00e1 naturalizado, de que formar professores pode ser aligeirada, em Institui\u00e7\u00e3o de pouca credibilidade e que n\u00e3o necessita de investimento em pesquisa.<\/p>\n<p>&#8220;N\u00f3s, na UEMA\/CECEN, temos desconstru\u00eddo isso com a amplia\u00e7\u00e3o da infraestrutura para os cursos, aumento de bolsas de pesquisa e de extens\u00e3o, atualiza\u00e7\u00e3o dos curr\u00edculos, quadro docente de mestres e doutores, cria\u00e7\u00e3o de mestrados em letras, hist\u00f3ria, geografia, matem\u00e1tica, recursos aqu\u00e1ticos e pesca, educa\u00e7\u00e3o e educa\u00e7\u00e3o inclusiva&#8221;, destacou a professora Ana L\u00facia Cunha Duarte, diretora do CECEN. &#8220;Por isso temos o prazer de lan\u00e7ar mais um n\u00famero da nossa revista e o selo dos correios em comemora\u00e7\u00e3o dos 25 anos do CECEN&#8221;, completou.<\/p>\n<p><strong>SERVI\u00c7O<\/strong><\/p>\n<p>O QU\u00ca? Lan\u00e7amento da revista e selo em comemora\u00e7\u00e3o aos 25 anos do CECEN<br \/>\nQUANDO? 12 de dezembro de 2018 (quarta-feira)<br \/>\nHOR\u00c1RIO: \u00c0s 17 horas<br \/>\nLOCAL: \u00c1rea de Viv\u00eancia do CECEN, na UEMA<\/p>\n","protected":false},"excerpt":{"rendered":"<p>Publica\u00e7\u00e3o conta com entrevistas e artigos de professores da UEMA O reitor da Universidade Estadual do Maranh\u00e3o, professor Gustavo Pereira [&hellip;]<\/p>\n","protected":false},"author":0,"featured_media":0,"comment_status":"open","ping_status":"open","sticky":false,"template":"","format":"standard","meta":{"site-sidebar-layout":"default","site-content-layout":"","ast-site-content-layout":"default","site-content-style":"default","site-sidebar-style":"default","ast-global-header-display":"","ast-banner-title-visibility":"","ast-main-header-display":"","ast-hfb-above-header-display":"","ast-hfb-below-header-display":"","ast-hfb-mobile-header-display":"","site-post-title":"","ast-breadcrumbs-content":"","ast-featured-img":"","footer-sml-layout":"","ast-disable-related-posts":"","theme-transparent-header-meta":"","adv-header-id-meta":"","stick-header-meta":"","header-above-stick-meta":"","header-main-stick-meta":"","header-below-stick-meta":"","astra-migrate-meta-layouts":"default","ast-page-background-enabled":"default","ast-page-background-meta":{"desktop":{"background-color":"var(--ast-global-color-5)","background-image":"","background-repeat":"repeat","background-position":"center center","background-size":"auto","background-attachment":"scroll","background-type":"","background-media":"","overlay-type":"","overlay-color":"","overlay-opacity":"","overlay-gradient":""},"tablet":{"background-color":"","background-image":"","background-repeat":"repeat","background-position":"center center","background-size":"auto","background-attachment":"scroll","background-type":"","background-media":"","overlay-type":"","overlay-color":"","overlay-opacity":"","overlay-gradient":""},"mobile":{"background-color":"","background-image":"","background-repeat":"repeat","background-position":"center center","background-size":"auto","background-attachment":"scroll","background-type":"","background-media":"","overlay-type":"","overlay-color":"","overlay-opacity":"","overlay-gradient":""}},"ast-content-background-meta":{"desktop":{"background-color":"var(--ast-global-color-4)","background-image":"","background-repeat":"repeat","background-position":"center center","background-size":"auto","background-attachment":"scroll","background-type":"","background-media":"","overlay-type":"","overlay-color":"","overlay-opacity":"","overlay-gradient":""},"tablet":{"background-color":"var(--ast-global-color-4)","background-image":"","background-repeat":"repeat","background-position":"center center","background-size":"auto","background-attachment":"scroll","background-type":"","background-media":"","overlay-type":"","overlay-color":"","overlay-opacity":"","overlay-gradient":""},"mobile":{"background-color":"var(--ast-global-color-4)","background-image":"","background-repeat":"repeat","background-position":"center center","background-size":"auto","background-attachment":"scroll","background-type":"","background-media":"","overlay-type":"","overlay-color":"","overlay-opacity":"","overlay-gradient":""}},"footnotes":""},"categories":[1],"tags":[],"class_list":["post-58714","post","type-post","status-publish","format-standard","hentry","category-sem-categoria"],"yoast_head":"<!-- This site is optimized with the Yoast SEO plugin v26.6 - https:\/\/yoast.com\/wordpress\/plugins\/seo\/ -->\n<title>CECEN lan\u00e7a revista e selo em comemora\u00e7\u00e3o aos seus 25 anos - Daniel Matos<\/title>\n<meta name=\"robots\" content=\"index, follow, max-snippet:-1, max-image-preview:large, max-video-preview:-1\" \/>\n<link rel=\"canonical\" href=\"https:\/\/www.blogsoestado.com\/danielmatos\/cecen-lanca-revista-e-selo-em-comemoracao-aos-seus-25-anos\/\" \/>\n<meta property=\"og:locale\" content=\"pt_BR\" \/>\n<meta property=\"og:type\" content=\"article\" \/>\n<meta property=\"og:title\" content=\"CECEN lan\u00e7a revista e selo em comemora\u00e7\u00e3o aos seus 25 anos - Daniel Matos\" \/>\n<meta property=\"og:description\" content=\"Publica\u00e7\u00e3o conta com entrevistas e artigos de professores da UEMA O reitor da Universidade Estadual do Maranh\u00e3o, professor Gustavo Pereira [&hellip;]\" \/>\n<meta property=\"og:url\" content=\"https:\/\/www.blogsoestado.com\/danielmatos\/cecen-lanca-revista-e-selo-em-comemoracao-aos-seus-25-anos\/\" \/>\n<meta property=\"og:site_name\" content=\"Daniel Matos\" \/>\n<meta property=\"article:published_time\" content=\"2018-12-10T19:30:21+00:00\" \/>\n<meta property=\"og:image\" content=\"https:\/\/www.blogsoestado.com\/danielmatos\/files\/2018\/12\/cecen-uema.jpg\" \/>\n<meta name=\"twitter:card\" content=\"summary_large_image\" \/>\n<meta name=\"twitter:label1\" content=\"Est. tempo de leitura\" \/>\n\t<meta name=\"twitter:data1\" content=\"2 minutos\" \/>\n<script type=\"application\/ld+json\" class=\"yoast-schema-graph\">{\"@context\":\"https:\/\/schema.org\",\"@graph\":[{\"@type\":\"WebPage\",\"@id\":\"https:\/\/www.blogsoestado.com\/danielmatos\/cecen-lanca-revista-e-selo-em-comemoracao-aos-seus-25-anos\/\",\"url\":\"https:\/\/www.blogsoestado.com\/danielmatos\/cecen-lanca-revista-e-selo-em-comemoracao-aos-seus-25-anos\/\",\"name\":\"CECEN lan\u00e7a revista e selo em comemora\u00e7\u00e3o aos seus 25 anos - Daniel Matos\",\"isPartOf\":{\"@id\":\"https:\/\/www.blogsoestado.com\/danielmatos\/#website\"},\"primaryImageOfPage\":{\"@id\":\"https:\/\/www.blogsoestado.com\/danielmatos\/cecen-lanca-revista-e-selo-em-comemoracao-aos-seus-25-anos\/#primaryimage\"},\"image\":{\"@id\":\"https:\/\/www.blogsoestado.com\/danielmatos\/cecen-lanca-revista-e-selo-em-comemoracao-aos-seus-25-anos\/#primaryimage\"},\"thumbnailUrl\":\"https:\/\/www.blogsoestado.com\/danielmatos\/files\/2018\/12\/cecen-uema.jpg\",\"datePublished\":\"2018-12-10T19:30:21+00:00\",\"author\":{\"@id\":\"\"},\"breadcrumb\":{\"@id\":\"https:\/\/www.blogsoestado.com\/danielmatos\/cecen-lanca-revista-e-selo-em-comemoracao-aos-seus-25-anos\/#breadcrumb\"},\"inLanguage\":\"pt-BR\",\"potentialAction\":[{\"@type\":\"ReadAction\",\"target\":[\"https:\/\/www.blogsoestado.com\/danielmatos\/cecen-lanca-revista-e-selo-em-comemoracao-aos-seus-25-anos\/\"]}]},{\"@type\":\"ImageObject\",\"inLanguage\":\"pt-BR\",\"@id\":\"https:\/\/www.blogsoestado.com\/danielmatos\/cecen-lanca-revista-e-selo-em-comemoracao-aos-seus-25-anos\/#primaryimage\",\"url\":\"https:\/\/www.blogsoestado.com\/danielmatos\/files\/2018\/12\/cecen-uema.jpg\",\"contentUrl\":\"https:\/\/www.blogsoestado.com\/danielmatos\/files\/2018\/12\/cecen-uema.jpg\"},{\"@type\":\"BreadcrumbList\",\"@id\":\"https:\/\/www.blogsoestado.com\/danielmatos\/cecen-lanca-revista-e-selo-em-comemoracao-aos-seus-25-anos\/#breadcrumb\",\"itemListElement\":[{\"@type\":\"ListItem\",\"position\":1,\"name\":\"In\u00edcio\",\"item\":\"https:\/\/www.blogsoestado.com\/danielmatos\/\"},{\"@type\":\"ListItem\",\"position\":2,\"name\":\"CECEN lan\u00e7a revista e selo em comemora\u00e7\u00e3o aos seus 25 anos\"}]},{\"@type\":\"WebSite\",\"@id\":\"https:\/\/www.blogsoestado.com\/danielmatos\/#website\",\"url\":\"https:\/\/www.blogsoestado.com\/danielmatos\/\",\"name\":\"Daniel Matos\",\"description\":\"\",\"potentialAction\":[{\"@type\":\"SearchAction\",\"target\":{\"@type\":\"EntryPoint\",\"urlTemplate\":\"https:\/\/www.blogsoestado.com\/danielmatos\/?s={search_term_string}\"},\"query-input\":{\"@type\":\"PropertyValueSpecification\",\"valueRequired\":true,\"valueName\":\"search_term_string\"}}],\"inLanguage\":\"pt-BR\"}]}<\/script>\n<!-- \/ Yoast SEO plugin. -->","yoast_head_json":{"title":"CECEN lan\u00e7a revista e selo em comemora\u00e7\u00e3o aos seus 25 anos - Daniel Matos","robots":{"index":"index","follow":"follow","max-snippet":"max-snippet:-1","max-image-preview":"max-image-preview:large","max-video-preview":"max-video-preview:-1"},"canonical":"https:\/\/www.blogsoestado.com\/danielmatos\/cecen-lanca-revista-e-selo-em-comemoracao-aos-seus-25-anos\/","og_locale":"pt_BR","og_type":"article","og_title":"CECEN lan\u00e7a revista e selo em comemora\u00e7\u00e3o aos seus 25 anos - Daniel Matos","og_description":"Publica\u00e7\u00e3o conta com entrevistas e artigos de professores da UEMA O reitor da Universidade Estadual do Maranh\u00e3o, professor Gustavo Pereira [&hellip;]","og_url":"https:\/\/www.blogsoestado.com\/danielmatos\/cecen-lanca-revista-e-selo-em-comemoracao-aos-seus-25-anos\/","og_site_name":"Daniel Matos","article_published_time":"2018-12-10T19:30:21+00:00","og_image":[{"url":"https:\/\/www.blogsoestado.com\/danielmatos\/files\/2018\/12\/cecen-uema.jpg","type":"","width":"","height":""}],"twitter_card":"summary_large_image","twitter_misc":{"Est. tempo de leitura":"2 minutos"},"schema":{"@context":"https:\/\/schema.org","@graph":[{"@type":"WebPage","@id":"https:\/\/www.blogsoestado.com\/danielmatos\/cecen-lanca-revista-e-selo-em-comemoracao-aos-seus-25-anos\/","url":"https:\/\/www.blogsoestado.com\/danielmatos\/cecen-lanca-revista-e-selo-em-comemoracao-aos-seus-25-anos\/","name":"CECEN lan\u00e7a revista e selo em comemora\u00e7\u00e3o aos seus 25 anos - Daniel Matos","isPartOf":{"@id":"https:\/\/www.blogsoestado.com\/danielmatos\/#website"},"primaryImageOfPage":{"@id":"https:\/\/www.blogsoestado.com\/danielmatos\/cecen-lanca-revista-e-selo-em-comemoracao-aos-seus-25-anos\/#primaryimage"},"image":{"@id":"https:\/\/www.blogsoestado.com\/danielmatos\/cecen-lanca-revista-e-selo-em-comemoracao-aos-seus-25-anos\/#primaryimage"},"thumbnailUrl":"https:\/\/www.blogsoestado.com\/danielmatos\/files\/2018\/12\/cecen-uema.jpg","datePublished":"2018-12-10T19:30:21+00:00","author":{"@id":""},"breadcrumb":{"@id":"https:\/\/www.blogsoestado.com\/danielmatos\/cecen-lanca-revista-e-selo-em-comemoracao-aos-seus-25-anos\/#breadcrumb"},"inLanguage":"pt-BR","potentialAction":[{"@type":"ReadAction","target":["https:\/\/www.blogsoestado.com\/danielmatos\/cecen-lanca-revista-e-selo-em-comemoracao-aos-seus-25-anos\/"]}]},{"@type":"ImageObject","inLanguage":"pt-BR","@id":"https:\/\/www.blogsoestado.com\/danielmatos\/cecen-lanca-revista-e-selo-em-comemoracao-aos-seus-25-anos\/#primaryimage","url":"https:\/\/www.blogsoestado.com\/danielmatos\/files\/2018\/12\/cecen-uema.jpg","contentUrl":"https:\/\/www.blogsoestado.com\/danielmatos\/files\/2018\/12\/cecen-uema.jpg"},{"@type":"BreadcrumbList","@id":"https:\/\/www.blogsoestado.com\/danielmatos\/cecen-lanca-revista-e-selo-em-comemoracao-aos-seus-25-anos\/#breadcrumb","itemListElement":[{"@type":"ListItem","position":1,"name":"In\u00edcio","item":"https:\/\/www.blogsoestado.com\/danielmatos\/"},{"@type":"ListItem","position":2,"name":"CECEN lan\u00e7a revista e selo em comemora\u00e7\u00e3o aos seus 25 anos"}]},{"@type":"WebSite","@id":"https:\/\/www.blogsoestado.com\/danielmatos\/#website","url":"https:\/\/www.blogsoestado.com\/danielmatos\/","name":"Daniel Matos","description":"","potentialAction":[{"@type":"SearchAction","target":{"@type":"EntryPoint","urlTemplate":"https:\/\/www.blogsoestado.com\/danielmatos\/?s={search_term_string}"},"query-input":{"@type":"PropertyValueSpecification","valueRequired":true,"valueName":"search_term_string"}}],"inLanguage":"pt-BR"}]}},"jetpack_featured_media_url":"","_links":{"self":[{"href":"https:\/\/www.blogsoestado.com\/danielmatos\/wp-json\/wp\/v2\/posts\/58714","targetHints":{"allow":["GET"]}}],"collection":[{"href":"https:\/\/www.blogsoestado.com\/danielmatos\/wp-json\/wp\/v2\/posts"}],"about":[{"href":"https:\/\/www.blogsoestado.com\/danielmatos\/wp-json\/wp\/v2\/types\/post"}],"replies":[{"embeddable":true,"href":"https:\/\/www.blogsoestado.com\/danielmatos\/wp-json\/wp\/v2\/comments?post=58714"}],"version-history":[{"count":0,"href":"https:\/\/www.blogsoestado.com\/danielmatos\/wp-json\/wp\/v2\/posts\/58714\/revisions"}],"wp:attachment":[{"href":"https:\/\/www.blogsoestado.com\/danielmatos\/wp-json\/wp\/v2\/media?parent=58714"}],"wp:term":[{"taxonomy":"category","embeddable":true,"href":"https:\/\/www.blogsoestado.com\/danielmatos\/wp-json\/wp\/v2\/categories?post=58714"},{"taxonomy":"post_tag","embeddable":true,"href":"https:\/\/www.blogsoestado.com\/danielmatos\/wp-json\/wp\/v2\/tags?post=58714"}],"curies":[{"name":"wp","href":"https:\/\/api.w.org\/{rel}","templated":true}]}}