{"id":58735,"date":"2018-12-11T18:13:08","date_gmt":"2018-12-11T21:13:08","guid":{"rendered":"https:\/\/www.blogsoestado.com\/danielmatos\/?p=58735"},"modified":"2018-12-11T18:13:08","modified_gmt":"2018-12-11T21:13:08","slug":"vereadores-cezar-bombeiro-e-concita-pinto-sao-homenageados-em-cerimonia-alusiva-aos-50-anos-do-anjo-da-guarda","status":"publish","type":"post","link":"https:\/\/www.blogsoestado.com\/danielmatos\/vereadores-cezar-bombeiro-e-concita-pinto-sao-homenageados-em-cerimonia-alusiva-aos-50-anos-do-anjo-da-guarda\/","title":{"rendered":"Vereadores C\u00e9zar Bombeiro e Concita Pinto s\u00e3o homenageados em cerim\u00f4nia alusiva aos 50 anos do Anjo da Guarda"},"content":{"rendered":"<figure id=\"attachment_58748\" aria-describedby=\"caption-attachment-58748\" style=\"width: 650px\" class=\"wp-caption aligncenter\"><a href=\"https:\/\/www.blogsoestado.com\/danielmatos\/2018\/12\/11\/vereadores-cezar-bombeiro-e-concita-pinto-sao-homenageados-em-cerimonia-alusiva-aos-50-anos-do-anjo-da-guarda\/homenagem-bombeiro-cezar\/\" rel=\"attachment wp-att-58748\"><img fetchpriority=\"high\" decoding=\"async\" class=\"wp-image-58748\" src=\"https:\/\/www.blogsoestado.com\/danielmatos\/files\/2018\/12\/homenagem-bombeiro-cezar.jpg\" alt=\"\" width=\"650\" height=\"495\" \/><\/a><figcaption id=\"caption-attachment-58748\" class=\"wp-caption-text\">Vereador C\u00e9zar Bombeiro em diferentes momentos da cerim\u00f4nia alusiva aos 50 anos do Anjo da Guarda<\/figcaption><\/figure>\n<p>O vereador C\u00e9zar Bombeiro e a vereadora Concita Pinto participaram e foram homenageados na solenidade que marcou os 50 anos de cria\u00e7\u00e3o do bairro Liberdade. &#8220;Muitas s\u00e3o as hist\u00f3rias de luta e de participa\u00e7\u00e3o de in\u00fameras lideran\u00e7as comunit\u00e1rias, que chegaram a ser destemidas para que o bairro fosse efetivamente reconhecido e respeitado&#8221;, relembrou o jornalista e escritor Herbert de Jesus Santos, integrante da comiss\u00e3o que organizou o evento.<\/p>\n<p>Para a realiza\u00e7\u00e3o do evento, foi criada uma comiss\u00e3o, integrada por Herbert de Jesus Santos, Raimundo Silva dos Reis Neto, conhecido como Boteco, e Uelton Penalva, que contaram com importantes participa\u00e7\u00f5es de dezenas de lideran\u00e7as do bairro. &#8220;Foi um somat\u00f3rio de esfor\u00e7os para que a data merecesse o devido e necess\u00e1rio registro, afinal de contas, 50 anos representam meio s\u00e9culo para ser escrito na hist\u00f3ria e constituem um marco da mem\u00f3ria do bairro&#8221;, destacou o l\u00edder Boteco.<\/p>\n<p>O l\u00edder comunit\u00e1rio Jos\u00e9 dos Santos, mais conhecido como Sabuj\u00e1, \u00e9 uma das refer\u00eancias da luta, determina\u00e7\u00e3o e esfor\u00e7os constantes para a consolida\u00e7\u00e3o do bairro Anjo da Guarda. Bastante emocionado, Sabuj\u00e1 disse que estava feliz por participar dos 50 anos do bairro que ele ajudou a fundar e infelizmente, pela idade, dificilmente poder\u00e1 ver as comemora\u00e7\u00f5es do primeiro centen\u00e1rio. &#8220;Mas tenho a plena certeza de que haver\u00e1 muitas outras pessoas para lembrar de como tudo come\u00e7ou&#8221;, resignou-se.<\/p>\n<p>Para Severo Santos, um dos grandes jogadores de futebol que o Anjo da Guarda produziu para o esporte maranhense, tendo ele se consagrado como atleta vestindo a camisa do Maranh\u00e3o Atl\u00e9tico Clube, a emo\u00e7\u00e3o era muito grande e o sentimento at\u00e9 era de gratid\u00e3o. Hoje empres\u00e1rio do ramo de restaurante, Severo disse que a emo\u00e7\u00e3o \u00e9 grande e que a comunidade \u00e9 viva e que as conquistas vieram \u00e0 custa de muita luta popular.<\/p>\n<p>A vereadora Concita Pinto foi uma das autoridades homenageadas e\u00a0agradeceu o distin\u00e7\u00e3o. Ela afirmou que no parlamento municipal tem procurado defender direitos e interesses do Anjo da Guarda. O vereador C\u00e9zar Bombeiro, tamb\u00e9m homenageado, destaca-se por sua intera\u00e7\u00e3o com lideran\u00e7as comunit\u00e1rias e disse que tem procurado ser uma presen\u00e7a constante no bairro.<\/p>\n<p>C\u00e9zar Bombeiro pediu a aten\u00e7\u00e3o e a presen\u00e7a do poder p\u00fablico no Anjo da Guarda para atender necessidades e direitos da popula\u00e7\u00e3o, principalmente nas \u00e1reas da sa\u00fade, da educa\u00e7\u00e3o e transporte coletivo. &#8220;Aos meus esfor\u00e7os e aos da colega vereadora Concita Pinto devem se juntar mais a\u00e7\u00f5es em favor da popula\u00e7\u00e3o&#8221;, defendeu o vereador.<\/p>\n<p>O jornalista e escritor Herbert de Jesus Santos disse que muitos esfor\u00e7os foram feitos para a realiza\u00e7\u00e3o de uma festa simb\u00f3lica, que representou\u00a0um marco para a hist\u00f3ria do Anjo da Guarda. Ele agradeceu a presen\u00e7a dos vereadores C\u00e9zar Bombeiro e Concita Pinto e das lideran\u00e7as importantes e lutadoras do bairro e garantiu que ser\u00e3o constantes os movimentos comunit\u00e1rios reivindicat\u00f3rios junto as institui\u00e7\u00f5es p\u00fablicas em busca da garantia de direitos.<\/p>\n","protected":false},"excerpt":{"rendered":"<p>O vereador C\u00e9zar Bombeiro e a vereadora Concita Pinto participaram e foram homenageados na solenidade que marcou os 50 anos [&hellip;]<\/p>\n","protected":false},"author":0,"featured_media":0,"comment_status":"open","ping_status":"open","sticky":false,"template":"","format":"standard","meta":{"site-sidebar-layout":"default","site-content-layout":"","ast-site-content-layout":"default","site-content-style":"default","site-sidebar-style":"default","ast-global-header-display":"","ast-banner-title-visibility":"","ast-main-header-display":"","ast-hfb-above-header-display":"","ast-hfb-below-header-display":"","ast-hfb-mobile-header-display":"","site-post-title":"","ast-breadcrumbs-content":"","ast-featured-img":"","footer-sml-layout":"","ast-disable-related-posts":"","theme-transparent-header-meta":"","adv-header-id-meta":"","stick-header-meta":"","header-above-stick-meta":"","header-main-stick-meta":"","header-below-stick-meta":"","astra-migrate-meta-layouts":"default","ast-page-background-enabled":"default","ast-page-background-meta":{"desktop":{"background-color":"var(--ast-global-color-5)","background-image":"","background-repeat":"repeat","background-position":"center center","background-size":"auto","background-attachment":"scroll","background-type":"","background-media":"","overlay-type":"","overlay-color":"","overlay-opacity":"","overlay-gradient":""},"tablet":{"background-color":"","background-image":"","background-repeat":"repeat","background-position":"center center","background-size":"auto","background-attachment":"scroll","background-type":"","background-media":"","overlay-type":"","overlay-color":"","overlay-opacity":"","overlay-gradient":""},"mobile":{"background-color":"","background-image":"","background-repeat":"repeat","background-position":"center center","background-size":"auto","background-attachment":"scroll","background-type":"","background-media":"","overlay-type":"","overlay-color":"","overlay-opacity":"","overlay-gradient":""}},"ast-content-background-meta":{"desktop":{"background-color":"var(--ast-global-color-4)","background-image":"","background-repeat":"repeat","background-position":"center center","background-size":"auto","background-attachment":"scroll","background-type":"","background-media":"","overlay-type":"","overlay-color":"","overlay-opacity":"","overlay-gradient":""},"tablet":{"background-color":"var(--ast-global-color-4)","background-image":"","background-repeat":"repeat","background-position":"center center","background-size":"auto","background-attachment":"scroll","background-type":"","background-media":"","overlay-type":"","overlay-color":"","overlay-opacity":"","overlay-gradient":""},"mobile":{"background-color":"var(--ast-global-color-4)","background-image":"","background-repeat":"repeat","background-position":"center center","background-size":"auto","background-attachment":"scroll","background-type":"","background-media":"","overlay-type":"","overlay-color":"","overlay-opacity":"","overlay-gradient":""}},"footnotes":""},"categories":[1],"tags":[],"class_list":["post-58735","post","type-post","status-publish","format-standard","hentry","category-sem-categoria"],"yoast_head":"<!-- This site is optimized with the Yoast SEO plugin v26.6 - https:\/\/yoast.com\/wordpress\/plugins\/seo\/ -->\n<title>Vereadores C\u00e9zar Bombeiro e Concita Pinto s\u00e3o homenageados em cerim\u00f4nia alusiva aos 50 anos do Anjo da Guarda - Daniel Matos<\/title>\n<meta name=\"robots\" content=\"index, follow, max-snippet:-1, max-image-preview:large, max-video-preview:-1\" \/>\n<link rel=\"canonical\" href=\"https:\/\/www.blogsoestado.com\/danielmatos\/vereadores-cezar-bombeiro-e-concita-pinto-sao-homenageados-em-cerimonia-alusiva-aos-50-anos-do-anjo-da-guarda\/\" \/>\n<meta property=\"og:locale\" content=\"pt_BR\" \/>\n<meta property=\"og:type\" content=\"article\" \/>\n<meta property=\"og:title\" content=\"Vereadores C\u00e9zar Bombeiro e Concita Pinto s\u00e3o homenageados em cerim\u00f4nia alusiva aos 50 anos do Anjo da Guarda - Daniel Matos\" \/>\n<meta property=\"og:description\" content=\"O vereador C\u00e9zar Bombeiro e a vereadora Concita Pinto participaram e foram homenageados na solenidade que marcou os 50 anos [&hellip;]\" \/>\n<meta property=\"og:url\" content=\"https:\/\/www.blogsoestado.com\/danielmatos\/vereadores-cezar-bombeiro-e-concita-pinto-sao-homenageados-em-cerimonia-alusiva-aos-50-anos-do-anjo-da-guarda\/\" \/>\n<meta property=\"og:site_name\" content=\"Daniel Matos\" \/>\n<meta property=\"article:published_time\" content=\"2018-12-11T21:13:08+00:00\" \/>\n<meta property=\"og:image\" content=\"https:\/\/www.blogsoestado.com\/danielmatos\/files\/2018\/12\/homenagem-bombeiro-cezar.jpg\" \/>\n<meta name=\"twitter:card\" content=\"summary_large_image\" \/>\n<meta name=\"twitter:label1\" content=\"Est. tempo de leitura\" \/>\n\t<meta name=\"twitter:data1\" content=\"3 minutos\" \/>\n<script type=\"application\/ld+json\" class=\"yoast-schema-graph\">{\"@context\":\"https:\/\/schema.org\",\"@graph\":[{\"@type\":\"WebPage\",\"@id\":\"https:\/\/www.blogsoestado.com\/danielmatos\/vereadores-cezar-bombeiro-e-concita-pinto-sao-homenageados-em-cerimonia-alusiva-aos-50-anos-do-anjo-da-guarda\/\",\"url\":\"https:\/\/www.blogsoestado.com\/danielmatos\/vereadores-cezar-bombeiro-e-concita-pinto-sao-homenageados-em-cerimonia-alusiva-aos-50-anos-do-anjo-da-guarda\/\",\"name\":\"Vereadores C\u00e9zar Bombeiro e Concita Pinto s\u00e3o homenageados em cerim\u00f4nia alusiva aos 50 anos do Anjo da Guarda - Daniel Matos\",\"isPartOf\":{\"@id\":\"https:\/\/www.blogsoestado.com\/danielmatos\/#website\"},\"primaryImageOfPage\":{\"@id\":\"https:\/\/www.blogsoestado.com\/danielmatos\/vereadores-cezar-bombeiro-e-concita-pinto-sao-homenageados-em-cerimonia-alusiva-aos-50-anos-do-anjo-da-guarda\/#primaryimage\"},\"image\":{\"@id\":\"https:\/\/www.blogsoestado.com\/danielmatos\/vereadores-cezar-bombeiro-e-concita-pinto-sao-homenageados-em-cerimonia-alusiva-aos-50-anos-do-anjo-da-guarda\/#primaryimage\"},\"thumbnailUrl\":\"https:\/\/www.blogsoestado.com\/danielmatos\/files\/2018\/12\/homenagem-bombeiro-cezar.jpg\",\"datePublished\":\"2018-12-11T21:13:08+00:00\",\"author\":{\"@id\":\"\"},\"breadcrumb\":{\"@id\":\"https:\/\/www.blogsoestado.com\/danielmatos\/vereadores-cezar-bombeiro-e-concita-pinto-sao-homenageados-em-cerimonia-alusiva-aos-50-anos-do-anjo-da-guarda\/#breadcrumb\"},\"inLanguage\":\"pt-BR\",\"potentialAction\":[{\"@type\":\"ReadAction\",\"target\":[\"https:\/\/www.blogsoestado.com\/danielmatos\/vereadores-cezar-bombeiro-e-concita-pinto-sao-homenageados-em-cerimonia-alusiva-aos-50-anos-do-anjo-da-guarda\/\"]}]},{\"@type\":\"ImageObject\",\"inLanguage\":\"pt-BR\",\"@id\":\"https:\/\/www.blogsoestado.com\/danielmatos\/vereadores-cezar-bombeiro-e-concita-pinto-sao-homenageados-em-cerimonia-alusiva-aos-50-anos-do-anjo-da-guarda\/#primaryimage\",\"url\":\"https:\/\/www.blogsoestado.com\/danielmatos\/files\/2018\/12\/homenagem-bombeiro-cezar.jpg\",\"contentUrl\":\"https:\/\/www.blogsoestado.com\/danielmatos\/files\/2018\/12\/homenagem-bombeiro-cezar.jpg\"},{\"@type\":\"BreadcrumbList\",\"@id\":\"https:\/\/www.blogsoestado.com\/danielmatos\/vereadores-cezar-bombeiro-e-concita-pinto-sao-homenageados-em-cerimonia-alusiva-aos-50-anos-do-anjo-da-guarda\/#breadcrumb\",\"itemListElement\":[{\"@type\":\"ListItem\",\"position\":1,\"name\":\"In\u00edcio\",\"item\":\"https:\/\/www.blogsoestado.com\/danielmatos\/\"},{\"@type\":\"ListItem\",\"position\":2,\"name\":\"Vereadores C\u00e9zar Bombeiro e Concita Pinto s\u00e3o homenageados em cerim\u00f4nia alusiva aos 50 anos do Anjo da Guarda\"}]},{\"@type\":\"WebSite\",\"@id\":\"https:\/\/www.blogsoestado.com\/danielmatos\/#website\",\"url\":\"https:\/\/www.blogsoestado.com\/danielmatos\/\",\"name\":\"Daniel Matos\",\"description\":\"\",\"potentialAction\":[{\"@type\":\"SearchAction\",\"target\":{\"@type\":\"EntryPoint\",\"urlTemplate\":\"https:\/\/www.blogsoestado.com\/danielmatos\/?s={search_term_string}\"},\"query-input\":{\"@type\":\"PropertyValueSpecification\",\"valueRequired\":true,\"valueName\":\"search_term_string\"}}],\"inLanguage\":\"pt-BR\"}]}<\/script>\n<!-- \/ Yoast SEO plugin. -->","yoast_head_json":{"title":"Vereadores C\u00e9zar Bombeiro e Concita Pinto s\u00e3o homenageados em cerim\u00f4nia alusiva aos 50 anos do Anjo da Guarda - Daniel Matos","robots":{"index":"index","follow":"follow","max-snippet":"max-snippet:-1","max-image-preview":"max-image-preview:large","max-video-preview":"max-video-preview:-1"},"canonical":"https:\/\/www.blogsoestado.com\/danielmatos\/vereadores-cezar-bombeiro-e-concita-pinto-sao-homenageados-em-cerimonia-alusiva-aos-50-anos-do-anjo-da-guarda\/","og_locale":"pt_BR","og_type":"article","og_title":"Vereadores C\u00e9zar Bombeiro e Concita Pinto s\u00e3o homenageados em cerim\u00f4nia alusiva aos 50 anos do Anjo da Guarda - Daniel Matos","og_description":"O vereador C\u00e9zar Bombeiro e a vereadora Concita Pinto participaram e foram homenageados na solenidade que marcou os 50 anos [&hellip;]","og_url":"https:\/\/www.blogsoestado.com\/danielmatos\/vereadores-cezar-bombeiro-e-concita-pinto-sao-homenageados-em-cerimonia-alusiva-aos-50-anos-do-anjo-da-guarda\/","og_site_name":"Daniel Matos","article_published_time":"2018-12-11T21:13:08+00:00","og_image":[{"url":"https:\/\/www.blogsoestado.com\/danielmatos\/files\/2018\/12\/homenagem-bombeiro-cezar.jpg","type":"","width":"","height":""}],"twitter_card":"summary_large_image","twitter_misc":{"Est. tempo de leitura":"3 minutos"},"schema":{"@context":"https:\/\/schema.org","@graph":[{"@type":"WebPage","@id":"https:\/\/www.blogsoestado.com\/danielmatos\/vereadores-cezar-bombeiro-e-concita-pinto-sao-homenageados-em-cerimonia-alusiva-aos-50-anos-do-anjo-da-guarda\/","url":"https:\/\/www.blogsoestado.com\/danielmatos\/vereadores-cezar-bombeiro-e-concita-pinto-sao-homenageados-em-cerimonia-alusiva-aos-50-anos-do-anjo-da-guarda\/","name":"Vereadores C\u00e9zar Bombeiro e Concita Pinto s\u00e3o homenageados em cerim\u00f4nia alusiva aos 50 anos do Anjo da Guarda - Daniel Matos","isPartOf":{"@id":"https:\/\/www.blogsoestado.com\/danielmatos\/#website"},"primaryImageOfPage":{"@id":"https:\/\/www.blogsoestado.com\/danielmatos\/vereadores-cezar-bombeiro-e-concita-pinto-sao-homenageados-em-cerimonia-alusiva-aos-50-anos-do-anjo-da-guarda\/#primaryimage"},"image":{"@id":"https:\/\/www.blogsoestado.com\/danielmatos\/vereadores-cezar-bombeiro-e-concita-pinto-sao-homenageados-em-cerimonia-alusiva-aos-50-anos-do-anjo-da-guarda\/#primaryimage"},"thumbnailUrl":"https:\/\/www.blogsoestado.com\/danielmatos\/files\/2018\/12\/homenagem-bombeiro-cezar.jpg","datePublished":"2018-12-11T21:13:08+00:00","author":{"@id":""},"breadcrumb":{"@id":"https:\/\/www.blogsoestado.com\/danielmatos\/vereadores-cezar-bombeiro-e-concita-pinto-sao-homenageados-em-cerimonia-alusiva-aos-50-anos-do-anjo-da-guarda\/#breadcrumb"},"inLanguage":"pt-BR","potentialAction":[{"@type":"ReadAction","target":["https:\/\/www.blogsoestado.com\/danielmatos\/vereadores-cezar-bombeiro-e-concita-pinto-sao-homenageados-em-cerimonia-alusiva-aos-50-anos-do-anjo-da-guarda\/"]}]},{"@type":"ImageObject","inLanguage":"pt-BR","@id":"https:\/\/www.blogsoestado.com\/danielmatos\/vereadores-cezar-bombeiro-e-concita-pinto-sao-homenageados-em-cerimonia-alusiva-aos-50-anos-do-anjo-da-guarda\/#primaryimage","url":"https:\/\/www.blogsoestado.com\/danielmatos\/files\/2018\/12\/homenagem-bombeiro-cezar.jpg","contentUrl":"https:\/\/www.blogsoestado.com\/danielmatos\/files\/2018\/12\/homenagem-bombeiro-cezar.jpg"},{"@type":"BreadcrumbList","@id":"https:\/\/www.blogsoestado.com\/danielmatos\/vereadores-cezar-bombeiro-e-concita-pinto-sao-homenageados-em-cerimonia-alusiva-aos-50-anos-do-anjo-da-guarda\/#breadcrumb","itemListElement":[{"@type":"ListItem","position":1,"name":"In\u00edcio","item":"https:\/\/www.blogsoestado.com\/danielmatos\/"},{"@type":"ListItem","position":2,"name":"Vereadores C\u00e9zar Bombeiro e Concita Pinto s\u00e3o homenageados em cerim\u00f4nia alusiva aos 50 anos do Anjo da Guarda"}]},{"@type":"WebSite","@id":"https:\/\/www.blogsoestado.com\/danielmatos\/#website","url":"https:\/\/www.blogsoestado.com\/danielmatos\/","name":"Daniel Matos","description":"","potentialAction":[{"@type":"SearchAction","target":{"@type":"EntryPoint","urlTemplate":"https:\/\/www.blogsoestado.com\/danielmatos\/?s={search_term_string}"},"query-input":{"@type":"PropertyValueSpecification","valueRequired":true,"valueName":"search_term_string"}}],"inLanguage":"pt-BR"}]}},"jetpack_featured_media_url":"","_links":{"self":[{"href":"https:\/\/www.blogsoestado.com\/danielmatos\/wp-json\/wp\/v2\/posts\/58735","targetHints":{"allow":["GET"]}}],"collection":[{"href":"https:\/\/www.blogsoestado.com\/danielmatos\/wp-json\/wp\/v2\/posts"}],"about":[{"href":"https:\/\/www.blogsoestado.com\/danielmatos\/wp-json\/wp\/v2\/types\/post"}],"replies":[{"embeddable":true,"href":"https:\/\/www.blogsoestado.com\/danielmatos\/wp-json\/wp\/v2\/comments?post=58735"}],"version-history":[{"count":0,"href":"https:\/\/www.blogsoestado.com\/danielmatos\/wp-json\/wp\/v2\/posts\/58735\/revisions"}],"wp:attachment":[{"href":"https:\/\/www.blogsoestado.com\/danielmatos\/wp-json\/wp\/v2\/media?parent=58735"}],"wp:term":[{"taxonomy":"category","embeddable":true,"href":"https:\/\/www.blogsoestado.com\/danielmatos\/wp-json\/wp\/v2\/categories?post=58735"},{"taxonomy":"post_tag","embeddable":true,"href":"https:\/\/www.blogsoestado.com\/danielmatos\/wp-json\/wp\/v2\/tags?post=58735"}],"curies":[{"name":"wp","href":"https:\/\/api.w.org\/{rel}","templated":true}]}}