{"id":58756,"date":"2018-12-11T19:08:11","date_gmt":"2018-12-11T22:08:11","guid":{"rendered":"https:\/\/www.blogsoestado.com\/danielmatos\/?p=58756"},"modified":"2018-12-11T19:08:11","modified_gmt":"2018-12-11T22:08:11","slug":"vereador-dr-gutemberg-solicita-medidas-de-urgencia-para-a-maternidade-maria-do-amparo","status":"publish","type":"post","link":"https:\/\/www.blogsoestado.com\/danielmatos\/vereador-dr-gutemberg-solicita-medidas-de-urgencia-para-a-maternidade-maria-do-amparo\/","title":{"rendered":"Vereador Dr. Gutemberg solicita medidas de urg\u00eancia para a Maternidade Maria do Amparo"},"content":{"rendered":"<figure id=\"attachment_58757\" aria-describedby=\"caption-attachment-58757\" style=\"width: 450px\" class=\"wp-caption alignright\"><a href=\"https:\/\/www.blogsoestado.com\/danielmatos\/2018\/12\/11\/vereador-dr-gutemberg-solicita-medidas-de-urgencia-para-a-maternidade-maria-do-amparo\/gutemberg-amparo\/\" rel=\"attachment wp-att-58757\"><img fetchpriority=\"high\" decoding=\"async\" class=\"wp-image-58757\" src=\"https:\/\/www.blogsoestado.com\/danielmatos\/files\/2018\/12\/gutemberg-amparo.jpg\" alt=\"\" width=\"450\" height=\"300\" \/><\/a><figcaption id=\"caption-attachment-58757\" class=\"wp-caption-text\">Em pronunciamento na tribuna da C\u00e2mara, vereador Dr. Gutemberg pediu solu\u00e7\u00e3o urgente para a situa\u00e7\u00e3o da maternidade<\/figcaption><\/figure>\n<p>&#8220;A Maternidade Maria do Amparo, localizada no bairro Anil, est\u00e1 prestes a fechar as portas, devido aos motivos financeiros&#8221;, destaca o vereador Dr. Gutemberg. Em pronunciamento na C\u00e2mara Municipal de S\u00e3o Lu\u00eds, nesta ter\u00e7a-feira (11), o parlamentar solicitou aos secret\u00e1rios de sa\u00fade do Munic\u00edpio, Lula Filho, e do Governo do Estado, Carlos Lula, medidas de urg\u00eancia para preservar o funcionamento da maternidade, que presta importantes servi\u00e7os de sa\u00fade para a popula\u00e7\u00e3o maranhense.<\/p>\n<p>A maternidade Maria do Amparo tem 37 anos de cria\u00e7\u00e3o. Nesse per\u00edodo j\u00e1 fez mais de 100 mil partos. Segundo o vereador Dr. Gutemberg, a maternidade que \u00e9 conveniada com o SUS, recebe por m\u00eas pela sua produ\u00e7\u00e3o, aproximadamente R$ 150 mil, valor que n\u00e3o cobre a folha de profissionais, os materiais para os servi\u00e7os, n\u00e3o cobre as despesas. A maternidade conta ainda com uma expressiva ajuda do Governo do Estado, que \u00e9 o &#8216;Kit M\u00e9dico&#8217;, valor para pagar anestesistas,obstetras e pediatras.<\/p>\n<p>&#8220;A dire\u00e7\u00e3o da maternidade recebeu um aviso da empresa que gerencia repasses para aquela casa, informando a suspens\u00e3o desse &#8216;Kit M\u00e9dico&#8217;, e que s\u00f3 alguns profissionais poderiam ser pagos. Isso acontecendo decreta o fechamento da maternidade. S\u00e3o Lu\u00eds tem duas maternidades de alta complexidade: a Marly Sarney e a Materno Infantil do Hospital Universit\u00e1rio. E temos outras maternidade de risco habitual. Com o fechamento da maternidade Maria do Amparo, o que era dif\u00edcil, fica ainda muito mais.&#8221;, afirma Dr. Gutemberg.<\/p>\n<p>Ao final do pronunciamento, Dr. Gutemberg fez um apelo. &#8220;Governador Fl\u00e1vio Dino, secret\u00e1rio Carlos Lula, Prefeito Edivaldo Holanda e secret\u00e1rio Lula Filho, a maternidade Maria do Amparo \u00e9 muito importante, \u00e9 hist\u00f3rica no Maranh\u00e3o. Em nome de mais de um milh\u00e3o de maranhenses, n\u00e3o deixem essa maternidade fechar&#8221;, solicita vereador Dr. Gutemberg.<\/p>\n","protected":false},"excerpt":{"rendered":"<p>&#8220;A Maternidade Maria do Amparo, localizada no bairro Anil, est\u00e1 prestes a fechar as portas, devido aos motivos financeiros&#8221;, destaca [&hellip;]<\/p>\n","protected":false},"author":0,"featured_media":0,"comment_status":"open","ping_status":"open","sticky":false,"template":"","format":"standard","meta":{"site-sidebar-layout":"default","site-content-layout":"","ast-site-content-layout":"default","site-content-style":"default","site-sidebar-style":"default","ast-global-header-display":"","ast-banner-title-visibility":"","ast-main-header-display":"","ast-hfb-above-header-display":"","ast-hfb-below-header-display":"","ast-hfb-mobile-header-display":"","site-post-title":"","ast-breadcrumbs-content":"","ast-featured-img":"","footer-sml-layout":"","ast-disable-related-posts":"","theme-transparent-header-meta":"","adv-header-id-meta":"","stick-header-meta":"","header-above-stick-meta":"","header-main-stick-meta":"","header-below-stick-meta":"","astra-migrate-meta-layouts":"default","ast-page-background-enabled":"default","ast-page-background-meta":{"desktop":{"background-color":"var(--ast-global-color-5)","background-image":"","background-repeat":"repeat","background-position":"center center","background-size":"auto","background-attachment":"scroll","background-type":"","background-media":"","overlay-type":"","overlay-color":"","overlay-opacity":"","overlay-gradient":""},"tablet":{"background-color":"","background-image":"","background-repeat":"repeat","background-position":"center center","background-size":"auto","background-attachment":"scroll","background-type":"","background-media":"","overlay-type":"","overlay-color":"","overlay-opacity":"","overlay-gradient":""},"mobile":{"background-color":"","background-image":"","background-repeat":"repeat","background-position":"center center","background-size":"auto","background-attachment":"scroll","background-type":"","background-media":"","overlay-type":"","overlay-color":"","overlay-opacity":"","overlay-gradient":""}},"ast-content-background-meta":{"desktop":{"background-color":"var(--ast-global-color-4)","background-image":"","background-repeat":"repeat","background-position":"center center","background-size":"auto","background-attachment":"scroll","background-type":"","background-media":"","overlay-type":"","overlay-color":"","overlay-opacity":"","overlay-gradient":""},"tablet":{"background-color":"var(--ast-global-color-4)","background-image":"","background-repeat":"repeat","background-position":"center center","background-size":"auto","background-attachment":"scroll","background-type":"","background-media":"","overlay-type":"","overlay-color":"","overlay-opacity":"","overlay-gradient":""},"mobile":{"background-color":"var(--ast-global-color-4)","background-image":"","background-repeat":"repeat","background-position":"center center","background-size":"auto","background-attachment":"scroll","background-type":"","background-media":"","overlay-type":"","overlay-color":"","overlay-opacity":"","overlay-gradient":""}},"footnotes":""},"categories":[1],"tags":[],"class_list":["post-58756","post","type-post","status-publish","format-standard","hentry","category-sem-categoria"],"yoast_head":"<!-- This site is optimized with the Yoast SEO plugin v26.6 - https:\/\/yoast.com\/wordpress\/plugins\/seo\/ -->\n<title>Vereador Dr. Gutemberg solicita medidas de urg\u00eancia para a Maternidade Maria do Amparo - Daniel Matos<\/title>\n<meta name=\"robots\" content=\"index, follow, max-snippet:-1, max-image-preview:large, max-video-preview:-1\" \/>\n<link rel=\"canonical\" href=\"https:\/\/www.blogsoestado.com\/danielmatos\/vereador-dr-gutemberg-solicita-medidas-de-urgencia-para-a-maternidade-maria-do-amparo\/\" \/>\n<meta property=\"og:locale\" content=\"pt_BR\" \/>\n<meta property=\"og:type\" content=\"article\" \/>\n<meta property=\"og:title\" content=\"Vereador Dr. Gutemberg solicita medidas de urg\u00eancia para a Maternidade Maria do Amparo - Daniel Matos\" \/>\n<meta property=\"og:description\" content=\"&#8220;A Maternidade Maria do Amparo, localizada no bairro Anil, est\u00e1 prestes a fechar as portas, devido aos motivos financeiros&#8221;, destaca [&hellip;]\" \/>\n<meta property=\"og:url\" content=\"https:\/\/www.blogsoestado.com\/danielmatos\/vereador-dr-gutemberg-solicita-medidas-de-urgencia-para-a-maternidade-maria-do-amparo\/\" \/>\n<meta property=\"og:site_name\" content=\"Daniel Matos\" \/>\n<meta property=\"article:published_time\" content=\"2018-12-11T22:08:11+00:00\" \/>\n<meta property=\"og:image\" content=\"https:\/\/www.blogsoestado.com\/danielmatos\/files\/2018\/12\/gutemberg-amparo.jpg\" \/>\n<meta name=\"twitter:card\" content=\"summary_large_image\" \/>\n<meta name=\"twitter:label1\" content=\"Est. tempo de leitura\" \/>\n\t<meta name=\"twitter:data1\" content=\"2 minutos\" \/>\n<script type=\"application\/ld+json\" class=\"yoast-schema-graph\">{\"@context\":\"https:\/\/schema.org\",\"@graph\":[{\"@type\":\"WebPage\",\"@id\":\"https:\/\/www.blogsoestado.com\/danielmatos\/vereador-dr-gutemberg-solicita-medidas-de-urgencia-para-a-maternidade-maria-do-amparo\/\",\"url\":\"https:\/\/www.blogsoestado.com\/danielmatos\/vereador-dr-gutemberg-solicita-medidas-de-urgencia-para-a-maternidade-maria-do-amparo\/\",\"name\":\"Vereador Dr. Gutemberg solicita medidas de urg\u00eancia para a Maternidade Maria do Amparo - Daniel Matos\",\"isPartOf\":{\"@id\":\"https:\/\/www.blogsoestado.com\/danielmatos\/#website\"},\"primaryImageOfPage\":{\"@id\":\"https:\/\/www.blogsoestado.com\/danielmatos\/vereador-dr-gutemberg-solicita-medidas-de-urgencia-para-a-maternidade-maria-do-amparo\/#primaryimage\"},\"image\":{\"@id\":\"https:\/\/www.blogsoestado.com\/danielmatos\/vereador-dr-gutemberg-solicita-medidas-de-urgencia-para-a-maternidade-maria-do-amparo\/#primaryimage\"},\"thumbnailUrl\":\"https:\/\/www.blogsoestado.com\/danielmatos\/files\/2018\/12\/gutemberg-amparo.jpg\",\"datePublished\":\"2018-12-11T22:08:11+00:00\",\"author\":{\"@id\":\"\"},\"breadcrumb\":{\"@id\":\"https:\/\/www.blogsoestado.com\/danielmatos\/vereador-dr-gutemberg-solicita-medidas-de-urgencia-para-a-maternidade-maria-do-amparo\/#breadcrumb\"},\"inLanguage\":\"pt-BR\",\"potentialAction\":[{\"@type\":\"ReadAction\",\"target\":[\"https:\/\/www.blogsoestado.com\/danielmatos\/vereador-dr-gutemberg-solicita-medidas-de-urgencia-para-a-maternidade-maria-do-amparo\/\"]}]},{\"@type\":\"ImageObject\",\"inLanguage\":\"pt-BR\",\"@id\":\"https:\/\/www.blogsoestado.com\/danielmatos\/vereador-dr-gutemberg-solicita-medidas-de-urgencia-para-a-maternidade-maria-do-amparo\/#primaryimage\",\"url\":\"https:\/\/www.blogsoestado.com\/danielmatos\/files\/2018\/12\/gutemberg-amparo.jpg\",\"contentUrl\":\"https:\/\/www.blogsoestado.com\/danielmatos\/files\/2018\/12\/gutemberg-amparo.jpg\"},{\"@type\":\"BreadcrumbList\",\"@id\":\"https:\/\/www.blogsoestado.com\/danielmatos\/vereador-dr-gutemberg-solicita-medidas-de-urgencia-para-a-maternidade-maria-do-amparo\/#breadcrumb\",\"itemListElement\":[{\"@type\":\"ListItem\",\"position\":1,\"name\":\"In\u00edcio\",\"item\":\"https:\/\/www.blogsoestado.com\/danielmatos\/\"},{\"@type\":\"ListItem\",\"position\":2,\"name\":\"Vereador Dr. Gutemberg solicita medidas de urg\u00eancia para a Maternidade Maria do Amparo\"}]},{\"@type\":\"WebSite\",\"@id\":\"https:\/\/www.blogsoestado.com\/danielmatos\/#website\",\"url\":\"https:\/\/www.blogsoestado.com\/danielmatos\/\",\"name\":\"Daniel Matos\",\"description\":\"\",\"potentialAction\":[{\"@type\":\"SearchAction\",\"target\":{\"@type\":\"EntryPoint\",\"urlTemplate\":\"https:\/\/www.blogsoestado.com\/danielmatos\/?s={search_term_string}\"},\"query-input\":{\"@type\":\"PropertyValueSpecification\",\"valueRequired\":true,\"valueName\":\"search_term_string\"}}],\"inLanguage\":\"pt-BR\"}]}<\/script>\n<!-- \/ Yoast SEO plugin. -->","yoast_head_json":{"title":"Vereador Dr. Gutemberg solicita medidas de urg\u00eancia para a Maternidade Maria do Amparo - Daniel Matos","robots":{"index":"index","follow":"follow","max-snippet":"max-snippet:-1","max-image-preview":"max-image-preview:large","max-video-preview":"max-video-preview:-1"},"canonical":"https:\/\/www.blogsoestado.com\/danielmatos\/vereador-dr-gutemberg-solicita-medidas-de-urgencia-para-a-maternidade-maria-do-amparo\/","og_locale":"pt_BR","og_type":"article","og_title":"Vereador Dr. Gutemberg solicita medidas de urg\u00eancia para a Maternidade Maria do Amparo - Daniel Matos","og_description":"&#8220;A Maternidade Maria do Amparo, localizada no bairro Anil, est\u00e1 prestes a fechar as portas, devido aos motivos financeiros&#8221;, destaca [&hellip;]","og_url":"https:\/\/www.blogsoestado.com\/danielmatos\/vereador-dr-gutemberg-solicita-medidas-de-urgencia-para-a-maternidade-maria-do-amparo\/","og_site_name":"Daniel Matos","article_published_time":"2018-12-11T22:08:11+00:00","og_image":[{"url":"https:\/\/www.blogsoestado.com\/danielmatos\/files\/2018\/12\/gutemberg-amparo.jpg","type":"","width":"","height":""}],"twitter_card":"summary_large_image","twitter_misc":{"Est. tempo de leitura":"2 minutos"},"schema":{"@context":"https:\/\/schema.org","@graph":[{"@type":"WebPage","@id":"https:\/\/www.blogsoestado.com\/danielmatos\/vereador-dr-gutemberg-solicita-medidas-de-urgencia-para-a-maternidade-maria-do-amparo\/","url":"https:\/\/www.blogsoestado.com\/danielmatos\/vereador-dr-gutemberg-solicita-medidas-de-urgencia-para-a-maternidade-maria-do-amparo\/","name":"Vereador Dr. Gutemberg solicita medidas de urg\u00eancia para a Maternidade Maria do Amparo - Daniel Matos","isPartOf":{"@id":"https:\/\/www.blogsoestado.com\/danielmatos\/#website"},"primaryImageOfPage":{"@id":"https:\/\/www.blogsoestado.com\/danielmatos\/vereador-dr-gutemberg-solicita-medidas-de-urgencia-para-a-maternidade-maria-do-amparo\/#primaryimage"},"image":{"@id":"https:\/\/www.blogsoestado.com\/danielmatos\/vereador-dr-gutemberg-solicita-medidas-de-urgencia-para-a-maternidade-maria-do-amparo\/#primaryimage"},"thumbnailUrl":"https:\/\/www.blogsoestado.com\/danielmatos\/files\/2018\/12\/gutemberg-amparo.jpg","datePublished":"2018-12-11T22:08:11+00:00","author":{"@id":""},"breadcrumb":{"@id":"https:\/\/www.blogsoestado.com\/danielmatos\/vereador-dr-gutemberg-solicita-medidas-de-urgencia-para-a-maternidade-maria-do-amparo\/#breadcrumb"},"inLanguage":"pt-BR","potentialAction":[{"@type":"ReadAction","target":["https:\/\/www.blogsoestado.com\/danielmatos\/vereador-dr-gutemberg-solicita-medidas-de-urgencia-para-a-maternidade-maria-do-amparo\/"]}]},{"@type":"ImageObject","inLanguage":"pt-BR","@id":"https:\/\/www.blogsoestado.com\/danielmatos\/vereador-dr-gutemberg-solicita-medidas-de-urgencia-para-a-maternidade-maria-do-amparo\/#primaryimage","url":"https:\/\/www.blogsoestado.com\/danielmatos\/files\/2018\/12\/gutemberg-amparo.jpg","contentUrl":"https:\/\/www.blogsoestado.com\/danielmatos\/files\/2018\/12\/gutemberg-amparo.jpg"},{"@type":"BreadcrumbList","@id":"https:\/\/www.blogsoestado.com\/danielmatos\/vereador-dr-gutemberg-solicita-medidas-de-urgencia-para-a-maternidade-maria-do-amparo\/#breadcrumb","itemListElement":[{"@type":"ListItem","position":1,"name":"In\u00edcio","item":"https:\/\/www.blogsoestado.com\/danielmatos\/"},{"@type":"ListItem","position":2,"name":"Vereador Dr. Gutemberg solicita medidas de urg\u00eancia para a Maternidade Maria do Amparo"}]},{"@type":"WebSite","@id":"https:\/\/www.blogsoestado.com\/danielmatos\/#website","url":"https:\/\/www.blogsoestado.com\/danielmatos\/","name":"Daniel Matos","description":"","potentialAction":[{"@type":"SearchAction","target":{"@type":"EntryPoint","urlTemplate":"https:\/\/www.blogsoestado.com\/danielmatos\/?s={search_term_string}"},"query-input":{"@type":"PropertyValueSpecification","valueRequired":true,"valueName":"search_term_string"}}],"inLanguage":"pt-BR"}]}},"jetpack_featured_media_url":"","_links":{"self":[{"href":"https:\/\/www.blogsoestado.com\/danielmatos\/wp-json\/wp\/v2\/posts\/58756","targetHints":{"allow":["GET"]}}],"collection":[{"href":"https:\/\/www.blogsoestado.com\/danielmatos\/wp-json\/wp\/v2\/posts"}],"about":[{"href":"https:\/\/www.blogsoestado.com\/danielmatos\/wp-json\/wp\/v2\/types\/post"}],"replies":[{"embeddable":true,"href":"https:\/\/www.blogsoestado.com\/danielmatos\/wp-json\/wp\/v2\/comments?post=58756"}],"version-history":[{"count":0,"href":"https:\/\/www.blogsoestado.com\/danielmatos\/wp-json\/wp\/v2\/posts\/58756\/revisions"}],"wp:attachment":[{"href":"https:\/\/www.blogsoestado.com\/danielmatos\/wp-json\/wp\/v2\/media?parent=58756"}],"wp:term":[{"taxonomy":"category","embeddable":true,"href":"https:\/\/www.blogsoestado.com\/danielmatos\/wp-json\/wp\/v2\/categories?post=58756"},{"taxonomy":"post_tag","embeddable":true,"href":"https:\/\/www.blogsoestado.com\/danielmatos\/wp-json\/wp\/v2\/tags?post=58756"}],"curies":[{"name":"wp","href":"https:\/\/api.w.org\/{rel}","templated":true}]}}