{"id":58779,"date":"2018-12-12T11:11:00","date_gmt":"2018-12-12T14:11:00","guid":{"rendered":"https:\/\/www.blogsoestado.com\/danielmatos\/?p=58779"},"modified":"2018-12-12T11:11:00","modified_gmt":"2018-12-12T14:11:00","slug":"contagem-regressiva-para-a-abertura-do-objetivo-sao-luis","status":"publish","type":"post","link":"https:\/\/www.blogsoestado.com\/danielmatos\/contagem-regressiva-para-a-abertura-do-objetivo-sao-luis\/","title":{"rendered":"Contagem regressiva para a abertura do Objetivo S\u00e3o Lu\u00eds"},"content":{"rendered":"<figure id=\"attachment_58780\" aria-describedby=\"caption-attachment-58780\" style=\"width: 650px\" class=\"wp-caption aligncenter\"><a href=\"https:\/\/www.blogsoestado.com\/danielmatos\/2018\/12\/12\/contagem-regressiva-para-a-abertura-do-objetivo-sao-luis\/objetivo-inaugura\/\" rel=\"attachment wp-att-58780\"><img fetchpriority=\"high\" decoding=\"async\" class=\"wp-image-58780\" src=\"https:\/\/www.blogsoestado.com\/danielmatos\/files\/2018\/12\/objetivo-inaugura.jpg\" alt=\"\" width=\"650\" height=\"650\" \/><\/a><figcaption id=\"caption-attachment-58780\" class=\"wp-caption-text\">Equipe de linha de frente do Col\u00e9gio Objetivo S\u00e3o Lu\u00eds: Ricardo e Michele Carreira, Felipe e Paolo Mussal\u00e9m<\/figcaption><\/figure>\n<p>Os empres\u00e1rios Felipe Mussal\u00e9m, Ricardo Carreira, Paolo Mussal\u00e9m e Michele Carreira, diretores do Col\u00e9gio Objetivo S\u00e3o Lu\u00eds, est\u00e3o na contagem regressiva para a abertura dos port\u00f5es da institui\u00e7\u00e3o, no m\u00eas de janeiro. As matr\u00edculas seguem abertas.<\/p>\n<p>A expectativa \u00e9 grande para que a escola que tem uma hist\u00f3ria de vit\u00f3rias no Exame Nacional do Ensino M\u00e9dio entre em a\u00e7\u00e3o no Maranh\u00e3o, gerenciada por duas fam\u00edlias com um portf\u00f3lio tamb\u00e9m de destaque no cen\u00e1rio educacional no estado.<\/p>\n<p>A escola ser\u00e1 a representante maranhense da bandeira com mais de 500 unidades espalhadas em diversas cidades do Brasil. O Objetivo, como se sabe, \u00e9 uma das maiores organiza\u00e7\u00f5es privadas educacionais e na capital est\u00e1 instalada no bairro Angelim, no mesmo pr\u00e9dio da Faculdade de Neg\u00f3cios Faene, dirigida por Ricardo Andr\u00e9 Carreira e Michele Carreira.<\/p>\n<p>Os irm\u00e3os Felipe e Paolo Mussal\u00e9m, por sua vez, s\u00e3o de outra fam\u00edlia, ligada ao Grupo Santa F\u00e9.<\/p>\n","protected":false},"excerpt":{"rendered":"<p>Os empres\u00e1rios Felipe Mussal\u00e9m, Ricardo Carreira, Paolo Mussal\u00e9m e Michele Carreira, diretores do Col\u00e9gio Objetivo S\u00e3o Lu\u00eds, est\u00e3o na contagem [&hellip;]<\/p>\n","protected":false},"author":0,"featured_media":0,"comment_status":"open","ping_status":"open","sticky":false,"template":"","format":"standard","meta":{"site-sidebar-layout":"default","site-content-layout":"","ast-site-content-layout":"default","site-content-style":"default","site-sidebar-style":"default","ast-global-header-display":"","ast-banner-title-visibility":"","ast-main-header-display":"","ast-hfb-above-header-display":"","ast-hfb-below-header-display":"","ast-hfb-mobile-header-display":"","site-post-title":"","ast-breadcrumbs-content":"","ast-featured-img":"","footer-sml-layout":"","ast-disable-related-posts":"","theme-transparent-header-meta":"","adv-header-id-meta":"","stick-header-meta":"","header-above-stick-meta":"","header-main-stick-meta":"","header-below-stick-meta":"","astra-migrate-meta-layouts":"default","ast-page-background-enabled":"default","ast-page-background-meta":{"desktop":{"background-color":"var(--ast-global-color-5)","background-image":"","background-repeat":"repeat","background-position":"center center","background-size":"auto","background-attachment":"scroll","background-type":"","background-media":"","overlay-type":"","overlay-color":"","overlay-opacity":"","overlay-gradient":""},"tablet":{"background-color":"","background-image":"","background-repeat":"repeat","background-position":"center center","background-size":"auto","background-attachment":"scroll","background-type":"","background-media":"","overlay-type":"","overlay-color":"","overlay-opacity":"","overlay-gradient":""},"mobile":{"background-color":"","background-image":"","background-repeat":"repeat","background-position":"center center","background-size":"auto","background-attachment":"scroll","background-type":"","background-media":"","overlay-type":"","overlay-color":"","overlay-opacity":"","overlay-gradient":""}},"ast-content-background-meta":{"desktop":{"background-color":"var(--ast-global-color-4)","background-image":"","background-repeat":"repeat","background-position":"center center","background-size":"auto","background-attachment":"scroll","background-type":"","background-media":"","overlay-type":"","overlay-color":"","overlay-opacity":"","overlay-gradient":""},"tablet":{"background-color":"var(--ast-global-color-4)","background-image":"","background-repeat":"repeat","background-position":"center center","background-size":"auto","background-attachment":"scroll","background-type":"","background-media":"","overlay-type":"","overlay-color":"","overlay-opacity":"","overlay-gradient":""},"mobile":{"background-color":"var(--ast-global-color-4)","background-image":"","background-repeat":"repeat","background-position":"center center","background-size":"auto","background-attachment":"scroll","background-type":"","background-media":"","overlay-type":"","overlay-color":"","overlay-opacity":"","overlay-gradient":""}},"footnotes":""},"categories":[1],"tags":[],"class_list":["post-58779","post","type-post","status-publish","format-standard","hentry","category-sem-categoria"],"yoast_head":"<!-- This site is optimized with the Yoast SEO plugin v26.6 - https:\/\/yoast.com\/wordpress\/plugins\/seo\/ -->\n<title>Contagem regressiva para a abertura do Objetivo S\u00e3o Lu\u00eds - Daniel Matos<\/title>\n<meta name=\"robots\" content=\"index, follow, max-snippet:-1, max-image-preview:large, max-video-preview:-1\" \/>\n<link rel=\"canonical\" href=\"https:\/\/www.blogsoestado.com\/danielmatos\/contagem-regressiva-para-a-abertura-do-objetivo-sao-luis\/\" \/>\n<meta property=\"og:locale\" content=\"pt_BR\" \/>\n<meta property=\"og:type\" content=\"article\" \/>\n<meta property=\"og:title\" content=\"Contagem regressiva para a abertura do Objetivo S\u00e3o Lu\u00eds - Daniel Matos\" \/>\n<meta property=\"og:description\" content=\"Os empres\u00e1rios Felipe Mussal\u00e9m, Ricardo Carreira, Paolo Mussal\u00e9m e Michele Carreira, diretores do Col\u00e9gio Objetivo S\u00e3o Lu\u00eds, est\u00e3o na contagem [&hellip;]\" \/>\n<meta property=\"og:url\" content=\"https:\/\/www.blogsoestado.com\/danielmatos\/contagem-regressiva-para-a-abertura-do-objetivo-sao-luis\/\" \/>\n<meta property=\"og:site_name\" content=\"Daniel Matos\" \/>\n<meta property=\"article:published_time\" content=\"2018-12-12T14:11:00+00:00\" \/>\n<meta property=\"og:image\" content=\"https:\/\/www.blogsoestado.com\/danielmatos\/files\/2018\/12\/objetivo-inaugura.jpg\" \/>\n<meta name=\"twitter:card\" content=\"summary_large_image\" \/>\n<meta name=\"twitter:label1\" content=\"Est. tempo de leitura\" \/>\n\t<meta name=\"twitter:data1\" content=\"1 minuto\" \/>\n<script type=\"application\/ld+json\" class=\"yoast-schema-graph\">{\"@context\":\"https:\/\/schema.org\",\"@graph\":[{\"@type\":\"WebPage\",\"@id\":\"https:\/\/www.blogsoestado.com\/danielmatos\/contagem-regressiva-para-a-abertura-do-objetivo-sao-luis\/\",\"url\":\"https:\/\/www.blogsoestado.com\/danielmatos\/contagem-regressiva-para-a-abertura-do-objetivo-sao-luis\/\",\"name\":\"Contagem regressiva para a abertura do Objetivo S\u00e3o Lu\u00eds - Daniel Matos\",\"isPartOf\":{\"@id\":\"https:\/\/www.blogsoestado.com\/danielmatos\/#website\"},\"primaryImageOfPage\":{\"@id\":\"https:\/\/www.blogsoestado.com\/danielmatos\/contagem-regressiva-para-a-abertura-do-objetivo-sao-luis\/#primaryimage\"},\"image\":{\"@id\":\"https:\/\/www.blogsoestado.com\/danielmatos\/contagem-regressiva-para-a-abertura-do-objetivo-sao-luis\/#primaryimage\"},\"thumbnailUrl\":\"https:\/\/www.blogsoestado.com\/danielmatos\/files\/2018\/12\/objetivo-inaugura.jpg\",\"datePublished\":\"2018-12-12T14:11:00+00:00\",\"author\":{\"@id\":\"\"},\"breadcrumb\":{\"@id\":\"https:\/\/www.blogsoestado.com\/danielmatos\/contagem-regressiva-para-a-abertura-do-objetivo-sao-luis\/#breadcrumb\"},\"inLanguage\":\"pt-BR\",\"potentialAction\":[{\"@type\":\"ReadAction\",\"target\":[\"https:\/\/www.blogsoestado.com\/danielmatos\/contagem-regressiva-para-a-abertura-do-objetivo-sao-luis\/\"]}]},{\"@type\":\"ImageObject\",\"inLanguage\":\"pt-BR\",\"@id\":\"https:\/\/www.blogsoestado.com\/danielmatos\/contagem-regressiva-para-a-abertura-do-objetivo-sao-luis\/#primaryimage\",\"url\":\"https:\/\/www.blogsoestado.com\/danielmatos\/files\/2018\/12\/objetivo-inaugura.jpg\",\"contentUrl\":\"https:\/\/www.blogsoestado.com\/danielmatos\/files\/2018\/12\/objetivo-inaugura.jpg\"},{\"@type\":\"BreadcrumbList\",\"@id\":\"https:\/\/www.blogsoestado.com\/danielmatos\/contagem-regressiva-para-a-abertura-do-objetivo-sao-luis\/#breadcrumb\",\"itemListElement\":[{\"@type\":\"ListItem\",\"position\":1,\"name\":\"In\u00edcio\",\"item\":\"https:\/\/www.blogsoestado.com\/danielmatos\/\"},{\"@type\":\"ListItem\",\"position\":2,\"name\":\"Contagem regressiva para a abertura do Objetivo S\u00e3o Lu\u00eds\"}]},{\"@type\":\"WebSite\",\"@id\":\"https:\/\/www.blogsoestado.com\/danielmatos\/#website\",\"url\":\"https:\/\/www.blogsoestado.com\/danielmatos\/\",\"name\":\"Daniel Matos\",\"description\":\"\",\"potentialAction\":[{\"@type\":\"SearchAction\",\"target\":{\"@type\":\"EntryPoint\",\"urlTemplate\":\"https:\/\/www.blogsoestado.com\/danielmatos\/?s={search_term_string}\"},\"query-input\":{\"@type\":\"PropertyValueSpecification\",\"valueRequired\":true,\"valueName\":\"search_term_string\"}}],\"inLanguage\":\"pt-BR\"}]}<\/script>\n<!-- \/ Yoast SEO plugin. -->","yoast_head_json":{"title":"Contagem regressiva para a abertura do Objetivo S\u00e3o Lu\u00eds - Daniel Matos","robots":{"index":"index","follow":"follow","max-snippet":"max-snippet:-1","max-image-preview":"max-image-preview:large","max-video-preview":"max-video-preview:-1"},"canonical":"https:\/\/www.blogsoestado.com\/danielmatos\/contagem-regressiva-para-a-abertura-do-objetivo-sao-luis\/","og_locale":"pt_BR","og_type":"article","og_title":"Contagem regressiva para a abertura do Objetivo S\u00e3o Lu\u00eds - Daniel Matos","og_description":"Os empres\u00e1rios Felipe Mussal\u00e9m, Ricardo Carreira, Paolo Mussal\u00e9m e Michele Carreira, diretores do Col\u00e9gio Objetivo S\u00e3o Lu\u00eds, est\u00e3o na contagem [&hellip;]","og_url":"https:\/\/www.blogsoestado.com\/danielmatos\/contagem-regressiva-para-a-abertura-do-objetivo-sao-luis\/","og_site_name":"Daniel Matos","article_published_time":"2018-12-12T14:11:00+00:00","og_image":[{"url":"https:\/\/www.blogsoestado.com\/danielmatos\/files\/2018\/12\/objetivo-inaugura.jpg","type":"","width":"","height":""}],"twitter_card":"summary_large_image","twitter_misc":{"Est. tempo de leitura":"1 minuto"},"schema":{"@context":"https:\/\/schema.org","@graph":[{"@type":"WebPage","@id":"https:\/\/www.blogsoestado.com\/danielmatos\/contagem-regressiva-para-a-abertura-do-objetivo-sao-luis\/","url":"https:\/\/www.blogsoestado.com\/danielmatos\/contagem-regressiva-para-a-abertura-do-objetivo-sao-luis\/","name":"Contagem regressiva para a abertura do Objetivo S\u00e3o Lu\u00eds - Daniel Matos","isPartOf":{"@id":"https:\/\/www.blogsoestado.com\/danielmatos\/#website"},"primaryImageOfPage":{"@id":"https:\/\/www.blogsoestado.com\/danielmatos\/contagem-regressiva-para-a-abertura-do-objetivo-sao-luis\/#primaryimage"},"image":{"@id":"https:\/\/www.blogsoestado.com\/danielmatos\/contagem-regressiva-para-a-abertura-do-objetivo-sao-luis\/#primaryimage"},"thumbnailUrl":"https:\/\/www.blogsoestado.com\/danielmatos\/files\/2018\/12\/objetivo-inaugura.jpg","datePublished":"2018-12-12T14:11:00+00:00","author":{"@id":""},"breadcrumb":{"@id":"https:\/\/www.blogsoestado.com\/danielmatos\/contagem-regressiva-para-a-abertura-do-objetivo-sao-luis\/#breadcrumb"},"inLanguage":"pt-BR","potentialAction":[{"@type":"ReadAction","target":["https:\/\/www.blogsoestado.com\/danielmatos\/contagem-regressiva-para-a-abertura-do-objetivo-sao-luis\/"]}]},{"@type":"ImageObject","inLanguage":"pt-BR","@id":"https:\/\/www.blogsoestado.com\/danielmatos\/contagem-regressiva-para-a-abertura-do-objetivo-sao-luis\/#primaryimage","url":"https:\/\/www.blogsoestado.com\/danielmatos\/files\/2018\/12\/objetivo-inaugura.jpg","contentUrl":"https:\/\/www.blogsoestado.com\/danielmatos\/files\/2018\/12\/objetivo-inaugura.jpg"},{"@type":"BreadcrumbList","@id":"https:\/\/www.blogsoestado.com\/danielmatos\/contagem-regressiva-para-a-abertura-do-objetivo-sao-luis\/#breadcrumb","itemListElement":[{"@type":"ListItem","position":1,"name":"In\u00edcio","item":"https:\/\/www.blogsoestado.com\/danielmatos\/"},{"@type":"ListItem","position":2,"name":"Contagem regressiva para a abertura do Objetivo S\u00e3o Lu\u00eds"}]},{"@type":"WebSite","@id":"https:\/\/www.blogsoestado.com\/danielmatos\/#website","url":"https:\/\/www.blogsoestado.com\/danielmatos\/","name":"Daniel Matos","description":"","potentialAction":[{"@type":"SearchAction","target":{"@type":"EntryPoint","urlTemplate":"https:\/\/www.blogsoestado.com\/danielmatos\/?s={search_term_string}"},"query-input":{"@type":"PropertyValueSpecification","valueRequired":true,"valueName":"search_term_string"}}],"inLanguage":"pt-BR"}]}},"jetpack_featured_media_url":"","_links":{"self":[{"href":"https:\/\/www.blogsoestado.com\/danielmatos\/wp-json\/wp\/v2\/posts\/58779","targetHints":{"allow":["GET"]}}],"collection":[{"href":"https:\/\/www.blogsoestado.com\/danielmatos\/wp-json\/wp\/v2\/posts"}],"about":[{"href":"https:\/\/www.blogsoestado.com\/danielmatos\/wp-json\/wp\/v2\/types\/post"}],"replies":[{"embeddable":true,"href":"https:\/\/www.blogsoestado.com\/danielmatos\/wp-json\/wp\/v2\/comments?post=58779"}],"version-history":[{"count":0,"href":"https:\/\/www.blogsoestado.com\/danielmatos\/wp-json\/wp\/v2\/posts\/58779\/revisions"}],"wp:attachment":[{"href":"https:\/\/www.blogsoestado.com\/danielmatos\/wp-json\/wp\/v2\/media?parent=58779"}],"wp:term":[{"taxonomy":"category","embeddable":true,"href":"https:\/\/www.blogsoestado.com\/danielmatos\/wp-json\/wp\/v2\/categories?post=58779"},{"taxonomy":"post_tag","embeddable":true,"href":"https:\/\/www.blogsoestado.com\/danielmatos\/wp-json\/wp\/v2\/tags?post=58779"}],"curies":[{"name":"wp","href":"https:\/\/api.w.org\/{rel}","templated":true}]}}