{"id":58783,"date":"2018-12-12T12:50:49","date_gmt":"2018-12-12T15:50:49","guid":{"rendered":"https:\/\/www.blogsoestado.com\/danielmatos\/?p=58783"},"modified":"2018-12-12T12:50:49","modified_gmt":"2018-12-12T15:50:49","slug":"internautas-preferem-ver-bolsonaro-recebendo-faixa-presidencial-a-ir-a-posse-de-flavio-dino","status":"publish","type":"post","link":"https:\/\/www.blogsoestado.com\/danielmatos\/internautas-preferem-ver-bolsonaro-recebendo-faixa-presidencial-a-ir-a-posse-de-flavio-dino\/","title":{"rendered":"Internautas preferem ver Bolsonaro recebendo faixa presidencial a ir \u00e0 posse de Fl\u00e1vio Dino"},"content":{"rendered":"<figure id=\"attachment_58784\" aria-describedby=\"caption-attachment-58784\" style=\"width: 650px\" class=\"wp-caption aligncenter\"><a href=\"https:\/\/www.blogsoestado.com\/danielmatos\/2018\/12\/12\/internautas-recusam-convite-para-posse-de-flavio-dino-e-diz-que-preferem-a-de-bolsonaro\/posse-recusa\/\" rel=\"attachment wp-att-58784\"><img fetchpriority=\"high\" decoding=\"async\" class=\"wp-image-58784\" src=\"https:\/\/www.blogsoestado.com\/danielmatos\/files\/2018\/12\/posse-recusa.jpg\" alt=\"\" width=\"650\" height=\"433\" \/><\/a><figcaption id=\"caption-attachment-58784\" class=\"wp-caption-text\">Convite feito em redes sociais para a posse de Fl\u00e1vio Dino n\u00e3o foi bem recebido por muitos<\/figcaption><\/figure>\n<p>O governador Fl\u00e1vio Dino (PCdoB) foi surpreendido com sucessivas recusas ao convite que fez, via redes sociais, para a sua posse, no pr\u00f3ximo dia 1\u00ba, no Pal\u00e1cio dos Le\u00f5es. <em>&#8220;Dia 1\u00ba de janeiro, em S\u00e3o Lu\u00eds, haver\u00e1 a nossa posse no 2\u00ba mandato \u00e0 frente do \u2066@GovernoMA\u2069. Ser\u00e1 uma bela festa, animada e repleta de esperan\u00e7a. Todos convidados&#8221;<\/em>, escreveu o comunista.<\/p>\n<p>Em vez de atender ao chamado de Fl\u00e1vio Dino para a a cerim\u00f4nia, muitos seguidores declaram ter interesse mesmo na solenidade em que o presidente eleito Jair Messias Bolsonaro (PSL) ser\u00e1 empossado, na mesma data e praticamente no mesmo hor\u00e1rio.<\/p>\n<p>Dentre as respostas ao convite de Fl\u00e1vio Dino predominaram mensagens como a do internauta mauricio_brito1987, que escreveu o seguinte: <em>&#8220;prefiro a posse do presidente eleito do que a posse de um comunista&#8221;<\/em>. O seguidor kdu.alves foi ainda mais incisivo: <em>&#8220;Posse de vdd ser\u00e1 em Bras\u00edlia, do melhor presidente q o Brasil j\u00e1 teve&#8221;<\/em>.<\/p>\n<p>A internauta katianelouzeiro tamb\u00e9m frustrou a expectativa do governador reeleito de ter seu convite prontamente aceito. <em>&#8220;Que pena! N\u00e3o tenho motivos pra me alegrar nesse dia com sua posse. Quanto ao meu presidente, ser\u00e1 uma honra assistir, mesmo de longe&#8221;<\/em>, registrou.&#8221;<\/p>\n<p><strong>Reivindica\u00e7\u00f5es<\/strong><\/p>\n<p>Houve tamb\u00e9m quem aproveitasse o convite para a posse de Fl\u00e1vio Dino para reivindicar a\u00e7\u00f5es nas \u00e1reas de sa\u00fade, educa\u00e7\u00e3o, infraestrutura e seguran\u00e7a p\u00fablica. Candidatos aprovados em concursos p\u00fablicos, como o da Pol\u00edcia Militar, usaram o espa\u00e7o para cobrar suas nomea\u00e7\u00f5es. Foi o que fez o internauta jonatasdaniel_. <em>&#8220;\u00d3timo, muito bom, parab\u00e9ns. Agora e a nomea\u00e7\u00e3o e cursos dos subejudeces PMMA 2012, que t\u00eam liminar pra serem executadas, egressos no curso de forma\u00e7\u00e3o e consequentemente nomeados e trabalhando, mas QUANDO SER\u00c1? @flaviodino65&#8221;<\/em>.<\/p>\n<p>Apelos e cr\u00edticas em rela\u00e7\u00e3o ao recentemente aumento de imposto aprovado pela Assembleia Legislativa, a pedido do governador, tamb\u00e9m foram feitas em resposta ao convite para a posse. <em>&#8220;Esperamos que pense melhor esses impostos. N\u00e3o existe estado recuperado se o cidad\u00e3o est\u00e1 quebrado!&#8221;<\/em>, apelou a internauta sther_bass. <em>&#8220;Eu que n\u00e3o quero pagar conta e impostos para os outros, pois o seu governador aumentou tudo, para satisfazer a vontade pr\u00f3pria&#8221;<\/em>, condenou o perfil direitaarariense.<\/p>\n<p>Pelo visto, o povo n\u00e3o tem dado tanta import\u00e2ncia \u00e0 posse de Fl\u00e1vio Dino para o segundo mandato. Enquanto uns preferem prestigiar o ato em que Bolsonaro, desafeto do comunista, receber\u00e1 a faixa presidencial, outros, em vez de sinalizar positivamente ao convite, aproveitam para cobrar as melhorias que o comunista prometeu desde sempre, mas at\u00e9 hoje n\u00e3o foi capaz de implementar.<\/p>\n","protected":false},"excerpt":{"rendered":"<p>O governador Fl\u00e1vio Dino (PCdoB) foi surpreendido com sucessivas recusas ao convite que fez, via redes sociais, para a sua [&hellip;]<\/p>\n","protected":false},"author":0,"featured_media":0,"comment_status":"open","ping_status":"open","sticky":false,"template":"","format":"standard","meta":{"site-sidebar-layout":"default","site-content-layout":"","ast-site-content-layout":"default","site-content-style":"default","site-sidebar-style":"default","ast-global-header-display":"","ast-banner-title-visibility":"","ast-main-header-display":"","ast-hfb-above-header-display":"","ast-hfb-below-header-display":"","ast-hfb-mobile-header-display":"","site-post-title":"","ast-breadcrumbs-content":"","ast-featured-img":"","footer-sml-layout":"","ast-disable-related-posts":"","theme-transparent-header-meta":"","adv-header-id-meta":"","stick-header-meta":"","header-above-stick-meta":"","header-main-stick-meta":"","header-below-stick-meta":"","astra-migrate-meta-layouts":"default","ast-page-background-enabled":"default","ast-page-background-meta":{"desktop":{"background-color":"var(--ast-global-color-5)","background-image":"","background-repeat":"repeat","background-position":"center center","background-size":"auto","background-attachment":"scroll","background-type":"","background-media":"","overlay-type":"","overlay-color":"","overlay-opacity":"","overlay-gradient":""},"tablet":{"background-color":"","background-image":"","background-repeat":"repeat","background-position":"center center","background-size":"auto","background-attachment":"scroll","background-type":"","background-media":"","overlay-type":"","overlay-color":"","overlay-opacity":"","overlay-gradient":""},"mobile":{"background-color":"","background-image":"","background-repeat":"repeat","background-position":"center center","background-size":"auto","background-attachment":"scroll","background-type":"","background-media":"","overlay-type":"","overlay-color":"","overlay-opacity":"","overlay-gradient":""}},"ast-content-background-meta":{"desktop":{"background-color":"var(--ast-global-color-4)","background-image":"","background-repeat":"repeat","background-position":"center center","background-size":"auto","background-attachment":"scroll","background-type":"","background-media":"","overlay-type":"","overlay-color":"","overlay-opacity":"","overlay-gradient":""},"tablet":{"background-color":"var(--ast-global-color-4)","background-image":"","background-repeat":"repeat","background-position":"center center","background-size":"auto","background-attachment":"scroll","background-type":"","background-media":"","overlay-type":"","overlay-color":"","overlay-opacity":"","overlay-gradient":""},"mobile":{"background-color":"var(--ast-global-color-4)","background-image":"","background-repeat":"repeat","background-position":"center center","background-size":"auto","background-attachment":"scroll","background-type":"","background-media":"","overlay-type":"","overlay-color":"","overlay-opacity":"","overlay-gradient":""}},"footnotes":""},"categories":[1],"tags":[],"class_list":["post-58783","post","type-post","status-publish","format-standard","hentry","category-sem-categoria"],"yoast_head":"<!-- This site is optimized with the Yoast SEO plugin v26.6 - https:\/\/yoast.com\/wordpress\/plugins\/seo\/ -->\n<title>Internautas preferem ver Bolsonaro recebendo faixa presidencial a ir \u00e0 posse de Fl\u00e1vio Dino - Daniel Matos<\/title>\n<meta name=\"robots\" content=\"index, follow, max-snippet:-1, max-image-preview:large, max-video-preview:-1\" \/>\n<link rel=\"canonical\" href=\"https:\/\/www.blogsoestado.com\/danielmatos\/internautas-preferem-ver-bolsonaro-recebendo-faixa-presidencial-a-ir-a-posse-de-flavio-dino\/\" \/>\n<meta property=\"og:locale\" content=\"pt_BR\" \/>\n<meta property=\"og:type\" content=\"article\" \/>\n<meta property=\"og:title\" content=\"Internautas preferem ver Bolsonaro recebendo faixa presidencial a ir \u00e0 posse de Fl\u00e1vio Dino - Daniel Matos\" \/>\n<meta property=\"og:description\" content=\"O governador Fl\u00e1vio Dino (PCdoB) foi surpreendido com sucessivas recusas ao convite que fez, via redes sociais, para a sua [&hellip;]\" \/>\n<meta property=\"og:url\" content=\"https:\/\/www.blogsoestado.com\/danielmatos\/internautas-preferem-ver-bolsonaro-recebendo-faixa-presidencial-a-ir-a-posse-de-flavio-dino\/\" \/>\n<meta property=\"og:site_name\" content=\"Daniel Matos\" \/>\n<meta property=\"article:published_time\" content=\"2018-12-12T15:50:49+00:00\" \/>\n<meta property=\"og:image\" content=\"https:\/\/www.blogsoestado.com\/danielmatos\/files\/2018\/12\/posse-recusa.jpg\" \/>\n<meta name=\"twitter:card\" content=\"summary_large_image\" \/>\n<meta name=\"twitter:label1\" content=\"Est. tempo de leitura\" \/>\n\t<meta name=\"twitter:data1\" content=\"2 minutos\" \/>\n<script type=\"application\/ld+json\" class=\"yoast-schema-graph\">{\"@context\":\"https:\/\/schema.org\",\"@graph\":[{\"@type\":\"WebPage\",\"@id\":\"https:\/\/www.blogsoestado.com\/danielmatos\/internautas-preferem-ver-bolsonaro-recebendo-faixa-presidencial-a-ir-a-posse-de-flavio-dino\/\",\"url\":\"https:\/\/www.blogsoestado.com\/danielmatos\/internautas-preferem-ver-bolsonaro-recebendo-faixa-presidencial-a-ir-a-posse-de-flavio-dino\/\",\"name\":\"Internautas preferem ver Bolsonaro recebendo faixa presidencial a ir \u00e0 posse de Fl\u00e1vio Dino - Daniel Matos\",\"isPartOf\":{\"@id\":\"https:\/\/www.blogsoestado.com\/danielmatos\/#website\"},\"primaryImageOfPage\":{\"@id\":\"https:\/\/www.blogsoestado.com\/danielmatos\/internautas-preferem-ver-bolsonaro-recebendo-faixa-presidencial-a-ir-a-posse-de-flavio-dino\/#primaryimage\"},\"image\":{\"@id\":\"https:\/\/www.blogsoestado.com\/danielmatos\/internautas-preferem-ver-bolsonaro-recebendo-faixa-presidencial-a-ir-a-posse-de-flavio-dino\/#primaryimage\"},\"thumbnailUrl\":\"https:\/\/www.blogsoestado.com\/danielmatos\/files\/2018\/12\/posse-recusa.jpg\",\"datePublished\":\"2018-12-12T15:50:49+00:00\",\"author\":{\"@id\":\"\"},\"breadcrumb\":{\"@id\":\"https:\/\/www.blogsoestado.com\/danielmatos\/internautas-preferem-ver-bolsonaro-recebendo-faixa-presidencial-a-ir-a-posse-de-flavio-dino\/#breadcrumb\"},\"inLanguage\":\"pt-BR\",\"potentialAction\":[{\"@type\":\"ReadAction\",\"target\":[\"https:\/\/www.blogsoestado.com\/danielmatos\/internautas-preferem-ver-bolsonaro-recebendo-faixa-presidencial-a-ir-a-posse-de-flavio-dino\/\"]}]},{\"@type\":\"ImageObject\",\"inLanguage\":\"pt-BR\",\"@id\":\"https:\/\/www.blogsoestado.com\/danielmatos\/internautas-preferem-ver-bolsonaro-recebendo-faixa-presidencial-a-ir-a-posse-de-flavio-dino\/#primaryimage\",\"url\":\"https:\/\/www.blogsoestado.com\/danielmatos\/files\/2018\/12\/posse-recusa.jpg\",\"contentUrl\":\"https:\/\/www.blogsoestado.com\/danielmatos\/files\/2018\/12\/posse-recusa.jpg\"},{\"@type\":\"BreadcrumbList\",\"@id\":\"https:\/\/www.blogsoestado.com\/danielmatos\/internautas-preferem-ver-bolsonaro-recebendo-faixa-presidencial-a-ir-a-posse-de-flavio-dino\/#breadcrumb\",\"itemListElement\":[{\"@type\":\"ListItem\",\"position\":1,\"name\":\"In\u00edcio\",\"item\":\"https:\/\/www.blogsoestado.com\/danielmatos\/\"},{\"@type\":\"ListItem\",\"position\":2,\"name\":\"Internautas preferem ver Bolsonaro recebendo faixa presidencial a ir \u00e0 posse de Fl\u00e1vio Dino\"}]},{\"@type\":\"WebSite\",\"@id\":\"https:\/\/www.blogsoestado.com\/danielmatos\/#website\",\"url\":\"https:\/\/www.blogsoestado.com\/danielmatos\/\",\"name\":\"Daniel Matos\",\"description\":\"\",\"potentialAction\":[{\"@type\":\"SearchAction\",\"target\":{\"@type\":\"EntryPoint\",\"urlTemplate\":\"https:\/\/www.blogsoestado.com\/danielmatos\/?s={search_term_string}\"},\"query-input\":{\"@type\":\"PropertyValueSpecification\",\"valueRequired\":true,\"valueName\":\"search_term_string\"}}],\"inLanguage\":\"pt-BR\"}]}<\/script>\n<!-- \/ Yoast SEO plugin. -->","yoast_head_json":{"title":"Internautas preferem ver Bolsonaro recebendo faixa presidencial a ir \u00e0 posse de Fl\u00e1vio Dino - Daniel Matos","robots":{"index":"index","follow":"follow","max-snippet":"max-snippet:-1","max-image-preview":"max-image-preview:large","max-video-preview":"max-video-preview:-1"},"canonical":"https:\/\/www.blogsoestado.com\/danielmatos\/internautas-preferem-ver-bolsonaro-recebendo-faixa-presidencial-a-ir-a-posse-de-flavio-dino\/","og_locale":"pt_BR","og_type":"article","og_title":"Internautas preferem ver Bolsonaro recebendo faixa presidencial a ir \u00e0 posse de Fl\u00e1vio Dino - Daniel Matos","og_description":"O governador Fl\u00e1vio Dino (PCdoB) foi surpreendido com sucessivas recusas ao convite que fez, via redes sociais, para a sua [&hellip;]","og_url":"https:\/\/www.blogsoestado.com\/danielmatos\/internautas-preferem-ver-bolsonaro-recebendo-faixa-presidencial-a-ir-a-posse-de-flavio-dino\/","og_site_name":"Daniel Matos","article_published_time":"2018-12-12T15:50:49+00:00","og_image":[{"url":"https:\/\/www.blogsoestado.com\/danielmatos\/files\/2018\/12\/posse-recusa.jpg","type":"","width":"","height":""}],"twitter_card":"summary_large_image","twitter_misc":{"Est. tempo de leitura":"2 minutos"},"schema":{"@context":"https:\/\/schema.org","@graph":[{"@type":"WebPage","@id":"https:\/\/www.blogsoestado.com\/danielmatos\/internautas-preferem-ver-bolsonaro-recebendo-faixa-presidencial-a-ir-a-posse-de-flavio-dino\/","url":"https:\/\/www.blogsoestado.com\/danielmatos\/internautas-preferem-ver-bolsonaro-recebendo-faixa-presidencial-a-ir-a-posse-de-flavio-dino\/","name":"Internautas preferem ver Bolsonaro recebendo faixa presidencial a ir \u00e0 posse de Fl\u00e1vio Dino - Daniel Matos","isPartOf":{"@id":"https:\/\/www.blogsoestado.com\/danielmatos\/#website"},"primaryImageOfPage":{"@id":"https:\/\/www.blogsoestado.com\/danielmatos\/internautas-preferem-ver-bolsonaro-recebendo-faixa-presidencial-a-ir-a-posse-de-flavio-dino\/#primaryimage"},"image":{"@id":"https:\/\/www.blogsoestado.com\/danielmatos\/internautas-preferem-ver-bolsonaro-recebendo-faixa-presidencial-a-ir-a-posse-de-flavio-dino\/#primaryimage"},"thumbnailUrl":"https:\/\/www.blogsoestado.com\/danielmatos\/files\/2018\/12\/posse-recusa.jpg","datePublished":"2018-12-12T15:50:49+00:00","author":{"@id":""},"breadcrumb":{"@id":"https:\/\/www.blogsoestado.com\/danielmatos\/internautas-preferem-ver-bolsonaro-recebendo-faixa-presidencial-a-ir-a-posse-de-flavio-dino\/#breadcrumb"},"inLanguage":"pt-BR","potentialAction":[{"@type":"ReadAction","target":["https:\/\/www.blogsoestado.com\/danielmatos\/internautas-preferem-ver-bolsonaro-recebendo-faixa-presidencial-a-ir-a-posse-de-flavio-dino\/"]}]},{"@type":"ImageObject","inLanguage":"pt-BR","@id":"https:\/\/www.blogsoestado.com\/danielmatos\/internautas-preferem-ver-bolsonaro-recebendo-faixa-presidencial-a-ir-a-posse-de-flavio-dino\/#primaryimage","url":"https:\/\/www.blogsoestado.com\/danielmatos\/files\/2018\/12\/posse-recusa.jpg","contentUrl":"https:\/\/www.blogsoestado.com\/danielmatos\/files\/2018\/12\/posse-recusa.jpg"},{"@type":"BreadcrumbList","@id":"https:\/\/www.blogsoestado.com\/danielmatos\/internautas-preferem-ver-bolsonaro-recebendo-faixa-presidencial-a-ir-a-posse-de-flavio-dino\/#breadcrumb","itemListElement":[{"@type":"ListItem","position":1,"name":"In\u00edcio","item":"https:\/\/www.blogsoestado.com\/danielmatos\/"},{"@type":"ListItem","position":2,"name":"Internautas preferem ver Bolsonaro recebendo faixa presidencial a ir \u00e0 posse de Fl\u00e1vio Dino"}]},{"@type":"WebSite","@id":"https:\/\/www.blogsoestado.com\/danielmatos\/#website","url":"https:\/\/www.blogsoestado.com\/danielmatos\/","name":"Daniel Matos","description":"","potentialAction":[{"@type":"SearchAction","target":{"@type":"EntryPoint","urlTemplate":"https:\/\/www.blogsoestado.com\/danielmatos\/?s={search_term_string}"},"query-input":{"@type":"PropertyValueSpecification","valueRequired":true,"valueName":"search_term_string"}}],"inLanguage":"pt-BR"}]}},"jetpack_featured_media_url":"","_links":{"self":[{"href":"https:\/\/www.blogsoestado.com\/danielmatos\/wp-json\/wp\/v2\/posts\/58783","targetHints":{"allow":["GET"]}}],"collection":[{"href":"https:\/\/www.blogsoestado.com\/danielmatos\/wp-json\/wp\/v2\/posts"}],"about":[{"href":"https:\/\/www.blogsoestado.com\/danielmatos\/wp-json\/wp\/v2\/types\/post"}],"replies":[{"embeddable":true,"href":"https:\/\/www.blogsoestado.com\/danielmatos\/wp-json\/wp\/v2\/comments?post=58783"}],"version-history":[{"count":0,"href":"https:\/\/www.blogsoestado.com\/danielmatos\/wp-json\/wp\/v2\/posts\/58783\/revisions"}],"wp:attachment":[{"href":"https:\/\/www.blogsoestado.com\/danielmatos\/wp-json\/wp\/v2\/media?parent=58783"}],"wp:term":[{"taxonomy":"category","embeddable":true,"href":"https:\/\/www.blogsoestado.com\/danielmatos\/wp-json\/wp\/v2\/categories?post=58783"},{"taxonomy":"post_tag","embeddable":true,"href":"https:\/\/www.blogsoestado.com\/danielmatos\/wp-json\/wp\/v2\/tags?post=58783"}],"curies":[{"name":"wp","href":"https:\/\/api.w.org\/{rel}","templated":true}]}}