{"id":58794,"date":"2018-12-12T16:19:39","date_gmt":"2018-12-12T19:19:39","guid":{"rendered":"https:\/\/www.blogsoestado.com\/danielmatos\/?p=58794"},"modified":"2018-12-12T16:19:39","modified_gmt":"2018-12-12T19:19:39","slug":"vereador-marcial-lima-propoe-campanha-em-favor-da-maternidade-maria-do-amparo","status":"publish","type":"post","link":"https:\/\/www.blogsoestado.com\/danielmatos\/vereador-marcial-lima-propoe-campanha-em-favor-da-maternidade-maria-do-amparo\/","title":{"rendered":"Vereador Marcial Lima prop\u00f5e campanha em favor da Maternidade Maria do Amparo"},"content":{"rendered":"<figure id=\"attachment_58795\" aria-describedby=\"caption-attachment-58795\" style=\"width: 396px\" class=\"wp-caption alignright\"><a href=\"https:\/\/www.blogsoestado.com\/danielmatos\/2018\/12\/12\/vereador-marcial-lima-propoe-campanha-em-favor-da-maternidade-maria-do-amparo\/marcial-amparo\/\" rel=\"attachment wp-att-58795\"><img fetchpriority=\"high\" decoding=\"async\" class=\"size-full wp-image-58795\" src=\"https:\/\/www.blogsoestado.com\/danielmatos\/files\/2018\/12\/marcial-amparo.jpg\" alt=\"\" width=\"396\" height=\"286\" \/><\/a><figcaption id=\"caption-attachment-58795\" class=\"wp-caption-text\">Vereador Marcial Lima apela aos governantes para que mantenham a maternidade em funcionamento<\/figcaption><\/figure>\n<p>O vereador Marcial Lima (PRTB) prop\u00f4s uma campanha em favor da Maternidade Maria do Amparo, no bairro Anil, que suspendeu as interna\u00e7\u00f5es ap\u00f3s o corte da verba para pagamento de sal\u00e1rios a pediatras e anestesistas determinado pela Secretaria de Estado da Sa\u00fade (SES). Ele lamentou a situa\u00e7\u00e3o e disse que a interrup\u00e7\u00e3o dos atendimentos pegou a popula\u00e7\u00e3o de surpresa.<\/p>\n<p>&#8220;N\u00e3o posso me omitir como cidad\u00e3o. N\u00f3s precisamos debater esse assunto, j\u00e1 tratado na C\u00e2mara Municipal&#8221;, defendeu. Ele sugere que a quest\u00e3o seja discutida de forma democr\u00e1tica, nas redes sociais e nos ve\u00edculos de comunica\u00e7\u00e3o, para tentar chamar a aten\u00e7\u00e3o e sensibilizar o Governo do Estado. &#8220;O aux\u00edlio financeiro repassado pela SES \u00e0 maternidade \u00e9 de cerca de R$ 200 mil e que esse recurso \u00e9 usado para o pagamento a m\u00e9dicos especialista&#8221;, informou.<\/p>\n<p>O vereador tamb\u00e9m conclamou a Prefeitura de S\u00e3o Lu\u00eds a se mobilizar tamb\u00e9m para evitar que a Maternidade Maria do Amparo suspensa os atendimentos. &#8220;S\u00e3o cerca de 200 mulheres gestantes por m\u00eas que ter\u00e3o que procurar outras unidades de sa\u00fade que ofere\u00e7am as mesmas especialidades, caso a Maria do Amparo deixe de atend\u00ea-las&#8221;, alertou.<\/p>\n<p>Marcial Lima questionou o fato de o an\u00fancio do corte de recursos para a maternidade s\u00f3 ter sido anunciado depois das elei\u00e7\u00f5es. &#8220;Por que s\u00f3 agora existe essa dificuldade?&#8221;, indagou.<\/p>\n<p>Assista ao v\u00eddeo:<\/p>\n<div class=\"fb-video\" data-allowfullscreen=\"true\" data-href=\"https:\/\/www.facebook.com\/marciallima2\/videos\/1016523448555870\/\" style=\"background-color: #fff; display: inline-block;\"><\/div>\n","protected":false},"excerpt":{"rendered":"<p>O vereador Marcial Lima (PRTB) prop\u00f4s uma campanha em favor da Maternidade Maria do Amparo, no bairro Anil, que suspendeu [&hellip;]<\/p>\n","protected":false},"author":0,"featured_media":0,"comment_status":"open","ping_status":"open","sticky":false,"template":"","format":"standard","meta":{"site-sidebar-layout":"default","site-content-layout":"","ast-site-content-layout":"default","site-content-style":"default","site-sidebar-style":"default","ast-global-header-display":"","ast-banner-title-visibility":"","ast-main-header-display":"","ast-hfb-above-header-display":"","ast-hfb-below-header-display":"","ast-hfb-mobile-header-display":"","site-post-title":"","ast-breadcrumbs-content":"","ast-featured-img":"","footer-sml-layout":"","ast-disable-related-posts":"","theme-transparent-header-meta":"","adv-header-id-meta":"","stick-header-meta":"","header-above-stick-meta":"","header-main-stick-meta":"","header-below-stick-meta":"","astra-migrate-meta-layouts":"default","ast-page-background-enabled":"default","ast-page-background-meta":{"desktop":{"background-color":"var(--ast-global-color-5)","background-image":"","background-repeat":"repeat","background-position":"center center","background-size":"auto","background-attachment":"scroll","background-type":"","background-media":"","overlay-type":"","overlay-color":"","overlay-opacity":"","overlay-gradient":""},"tablet":{"background-color":"","background-image":"","background-repeat":"repeat","background-position":"center center","background-size":"auto","background-attachment":"scroll","background-type":"","background-media":"","overlay-type":"","overlay-color":"","overlay-opacity":"","overlay-gradient":""},"mobile":{"background-color":"","background-image":"","background-repeat":"repeat","background-position":"center center","background-size":"auto","background-attachment":"scroll","background-type":"","background-media":"","overlay-type":"","overlay-color":"","overlay-opacity":"","overlay-gradient":""}},"ast-content-background-meta":{"desktop":{"background-color":"var(--ast-global-color-4)","background-image":"","background-repeat":"repeat","background-position":"center center","background-size":"auto","background-attachment":"scroll","background-type":"","background-media":"","overlay-type":"","overlay-color":"","overlay-opacity":"","overlay-gradient":""},"tablet":{"background-color":"var(--ast-global-color-4)","background-image":"","background-repeat":"repeat","background-position":"center center","background-size":"auto","background-attachment":"scroll","background-type":"","background-media":"","overlay-type":"","overlay-color":"","overlay-opacity":"","overlay-gradient":""},"mobile":{"background-color":"var(--ast-global-color-4)","background-image":"","background-repeat":"repeat","background-position":"center center","background-size":"auto","background-attachment":"scroll","background-type":"","background-media":"","overlay-type":"","overlay-color":"","overlay-opacity":"","overlay-gradient":""}},"footnotes":""},"categories":[1],"tags":[],"class_list":["post-58794","post","type-post","status-publish","format-standard","hentry","category-sem-categoria"],"yoast_head":"<!-- This site is optimized with the Yoast SEO plugin v26.6 - https:\/\/yoast.com\/wordpress\/plugins\/seo\/ -->\n<title>Vereador Marcial Lima prop\u00f5e campanha em favor da Maternidade Maria do Amparo - Daniel Matos<\/title>\n<meta name=\"robots\" content=\"index, follow, max-snippet:-1, max-image-preview:large, max-video-preview:-1\" \/>\n<link rel=\"canonical\" href=\"https:\/\/www.blogsoestado.com\/danielmatos\/vereador-marcial-lima-propoe-campanha-em-favor-da-maternidade-maria-do-amparo\/\" \/>\n<meta property=\"og:locale\" content=\"pt_BR\" \/>\n<meta property=\"og:type\" content=\"article\" \/>\n<meta property=\"og:title\" content=\"Vereador Marcial Lima prop\u00f5e campanha em favor da Maternidade Maria do Amparo - Daniel Matos\" \/>\n<meta property=\"og:description\" content=\"O vereador Marcial Lima (PRTB) prop\u00f4s uma campanha em favor da Maternidade Maria do Amparo, no bairro Anil, que suspendeu [&hellip;]\" \/>\n<meta property=\"og:url\" content=\"https:\/\/www.blogsoestado.com\/danielmatos\/vereador-marcial-lima-propoe-campanha-em-favor-da-maternidade-maria-do-amparo\/\" \/>\n<meta property=\"og:site_name\" content=\"Daniel Matos\" \/>\n<meta property=\"article:published_time\" content=\"2018-12-12T19:19:39+00:00\" \/>\n<meta property=\"og:image\" content=\"https:\/\/www.blogsoestado.com\/danielmatos\/files\/2018\/12\/marcial-amparo.jpg\" \/>\n<meta name=\"twitter:card\" content=\"summary_large_image\" \/>\n<meta name=\"twitter:label1\" content=\"Est. tempo de leitura\" \/>\n\t<meta name=\"twitter:data1\" content=\"1 minuto\" \/>\n<script type=\"application\/ld+json\" class=\"yoast-schema-graph\">{\"@context\":\"https:\/\/schema.org\",\"@graph\":[{\"@type\":\"WebPage\",\"@id\":\"https:\/\/www.blogsoestado.com\/danielmatos\/vereador-marcial-lima-propoe-campanha-em-favor-da-maternidade-maria-do-amparo\/\",\"url\":\"https:\/\/www.blogsoestado.com\/danielmatos\/vereador-marcial-lima-propoe-campanha-em-favor-da-maternidade-maria-do-amparo\/\",\"name\":\"Vereador Marcial Lima prop\u00f5e campanha em favor da Maternidade Maria do Amparo - Daniel Matos\",\"isPartOf\":{\"@id\":\"https:\/\/www.blogsoestado.com\/danielmatos\/#website\"},\"primaryImageOfPage\":{\"@id\":\"https:\/\/www.blogsoestado.com\/danielmatos\/vereador-marcial-lima-propoe-campanha-em-favor-da-maternidade-maria-do-amparo\/#primaryimage\"},\"image\":{\"@id\":\"https:\/\/www.blogsoestado.com\/danielmatos\/vereador-marcial-lima-propoe-campanha-em-favor-da-maternidade-maria-do-amparo\/#primaryimage\"},\"thumbnailUrl\":\"https:\/\/www.blogsoestado.com\/danielmatos\/files\/2018\/12\/marcial-amparo.jpg\",\"datePublished\":\"2018-12-12T19:19:39+00:00\",\"author\":{\"@id\":\"\"},\"breadcrumb\":{\"@id\":\"https:\/\/www.blogsoestado.com\/danielmatos\/vereador-marcial-lima-propoe-campanha-em-favor-da-maternidade-maria-do-amparo\/#breadcrumb\"},\"inLanguage\":\"pt-BR\",\"potentialAction\":[{\"@type\":\"ReadAction\",\"target\":[\"https:\/\/www.blogsoestado.com\/danielmatos\/vereador-marcial-lima-propoe-campanha-em-favor-da-maternidade-maria-do-amparo\/\"]}]},{\"@type\":\"ImageObject\",\"inLanguage\":\"pt-BR\",\"@id\":\"https:\/\/www.blogsoestado.com\/danielmatos\/vereador-marcial-lima-propoe-campanha-em-favor-da-maternidade-maria-do-amparo\/#primaryimage\",\"url\":\"https:\/\/www.blogsoestado.com\/danielmatos\/files\/2018\/12\/marcial-amparo.jpg\",\"contentUrl\":\"https:\/\/www.blogsoestado.com\/danielmatos\/files\/2018\/12\/marcial-amparo.jpg\"},{\"@type\":\"BreadcrumbList\",\"@id\":\"https:\/\/www.blogsoestado.com\/danielmatos\/vereador-marcial-lima-propoe-campanha-em-favor-da-maternidade-maria-do-amparo\/#breadcrumb\",\"itemListElement\":[{\"@type\":\"ListItem\",\"position\":1,\"name\":\"In\u00edcio\",\"item\":\"https:\/\/www.blogsoestado.com\/danielmatos\/\"},{\"@type\":\"ListItem\",\"position\":2,\"name\":\"Vereador Marcial Lima prop\u00f5e campanha em favor da Maternidade Maria do Amparo\"}]},{\"@type\":\"WebSite\",\"@id\":\"https:\/\/www.blogsoestado.com\/danielmatos\/#website\",\"url\":\"https:\/\/www.blogsoestado.com\/danielmatos\/\",\"name\":\"Daniel Matos\",\"description\":\"\",\"potentialAction\":[{\"@type\":\"SearchAction\",\"target\":{\"@type\":\"EntryPoint\",\"urlTemplate\":\"https:\/\/www.blogsoestado.com\/danielmatos\/?s={search_term_string}\"},\"query-input\":{\"@type\":\"PropertyValueSpecification\",\"valueRequired\":true,\"valueName\":\"search_term_string\"}}],\"inLanguage\":\"pt-BR\"}]}<\/script>\n<!-- \/ Yoast SEO plugin. -->","yoast_head_json":{"title":"Vereador Marcial Lima prop\u00f5e campanha em favor da Maternidade Maria do Amparo - Daniel Matos","robots":{"index":"index","follow":"follow","max-snippet":"max-snippet:-1","max-image-preview":"max-image-preview:large","max-video-preview":"max-video-preview:-1"},"canonical":"https:\/\/www.blogsoestado.com\/danielmatos\/vereador-marcial-lima-propoe-campanha-em-favor-da-maternidade-maria-do-amparo\/","og_locale":"pt_BR","og_type":"article","og_title":"Vereador Marcial Lima prop\u00f5e campanha em favor da Maternidade Maria do Amparo - Daniel Matos","og_description":"O vereador Marcial Lima (PRTB) prop\u00f4s uma campanha em favor da Maternidade Maria do Amparo, no bairro Anil, que suspendeu [&hellip;]","og_url":"https:\/\/www.blogsoestado.com\/danielmatos\/vereador-marcial-lima-propoe-campanha-em-favor-da-maternidade-maria-do-amparo\/","og_site_name":"Daniel Matos","article_published_time":"2018-12-12T19:19:39+00:00","og_image":[{"url":"https:\/\/www.blogsoestado.com\/danielmatos\/files\/2018\/12\/marcial-amparo.jpg","type":"","width":"","height":""}],"twitter_card":"summary_large_image","twitter_misc":{"Est. tempo de leitura":"1 minuto"},"schema":{"@context":"https:\/\/schema.org","@graph":[{"@type":"WebPage","@id":"https:\/\/www.blogsoestado.com\/danielmatos\/vereador-marcial-lima-propoe-campanha-em-favor-da-maternidade-maria-do-amparo\/","url":"https:\/\/www.blogsoestado.com\/danielmatos\/vereador-marcial-lima-propoe-campanha-em-favor-da-maternidade-maria-do-amparo\/","name":"Vereador Marcial Lima prop\u00f5e campanha em favor da Maternidade Maria do Amparo - Daniel Matos","isPartOf":{"@id":"https:\/\/www.blogsoestado.com\/danielmatos\/#website"},"primaryImageOfPage":{"@id":"https:\/\/www.blogsoestado.com\/danielmatos\/vereador-marcial-lima-propoe-campanha-em-favor-da-maternidade-maria-do-amparo\/#primaryimage"},"image":{"@id":"https:\/\/www.blogsoestado.com\/danielmatos\/vereador-marcial-lima-propoe-campanha-em-favor-da-maternidade-maria-do-amparo\/#primaryimage"},"thumbnailUrl":"https:\/\/www.blogsoestado.com\/danielmatos\/files\/2018\/12\/marcial-amparo.jpg","datePublished":"2018-12-12T19:19:39+00:00","author":{"@id":""},"breadcrumb":{"@id":"https:\/\/www.blogsoestado.com\/danielmatos\/vereador-marcial-lima-propoe-campanha-em-favor-da-maternidade-maria-do-amparo\/#breadcrumb"},"inLanguage":"pt-BR","potentialAction":[{"@type":"ReadAction","target":["https:\/\/www.blogsoestado.com\/danielmatos\/vereador-marcial-lima-propoe-campanha-em-favor-da-maternidade-maria-do-amparo\/"]}]},{"@type":"ImageObject","inLanguage":"pt-BR","@id":"https:\/\/www.blogsoestado.com\/danielmatos\/vereador-marcial-lima-propoe-campanha-em-favor-da-maternidade-maria-do-amparo\/#primaryimage","url":"https:\/\/www.blogsoestado.com\/danielmatos\/files\/2018\/12\/marcial-amparo.jpg","contentUrl":"https:\/\/www.blogsoestado.com\/danielmatos\/files\/2018\/12\/marcial-amparo.jpg"},{"@type":"BreadcrumbList","@id":"https:\/\/www.blogsoestado.com\/danielmatos\/vereador-marcial-lima-propoe-campanha-em-favor-da-maternidade-maria-do-amparo\/#breadcrumb","itemListElement":[{"@type":"ListItem","position":1,"name":"In\u00edcio","item":"https:\/\/www.blogsoestado.com\/danielmatos\/"},{"@type":"ListItem","position":2,"name":"Vereador Marcial Lima prop\u00f5e campanha em favor da Maternidade Maria do Amparo"}]},{"@type":"WebSite","@id":"https:\/\/www.blogsoestado.com\/danielmatos\/#website","url":"https:\/\/www.blogsoestado.com\/danielmatos\/","name":"Daniel Matos","description":"","potentialAction":[{"@type":"SearchAction","target":{"@type":"EntryPoint","urlTemplate":"https:\/\/www.blogsoestado.com\/danielmatos\/?s={search_term_string}"},"query-input":{"@type":"PropertyValueSpecification","valueRequired":true,"valueName":"search_term_string"}}],"inLanguage":"pt-BR"}]}},"jetpack_featured_media_url":"","_links":{"self":[{"href":"https:\/\/www.blogsoestado.com\/danielmatos\/wp-json\/wp\/v2\/posts\/58794","targetHints":{"allow":["GET"]}}],"collection":[{"href":"https:\/\/www.blogsoestado.com\/danielmatos\/wp-json\/wp\/v2\/posts"}],"about":[{"href":"https:\/\/www.blogsoestado.com\/danielmatos\/wp-json\/wp\/v2\/types\/post"}],"replies":[{"embeddable":true,"href":"https:\/\/www.blogsoestado.com\/danielmatos\/wp-json\/wp\/v2\/comments?post=58794"}],"version-history":[{"count":0,"href":"https:\/\/www.blogsoestado.com\/danielmatos\/wp-json\/wp\/v2\/posts\/58794\/revisions"}],"wp:attachment":[{"href":"https:\/\/www.blogsoestado.com\/danielmatos\/wp-json\/wp\/v2\/media?parent=58794"}],"wp:term":[{"taxonomy":"category","embeddable":true,"href":"https:\/\/www.blogsoestado.com\/danielmatos\/wp-json\/wp\/v2\/categories?post=58794"},{"taxonomy":"post_tag","embeddable":true,"href":"https:\/\/www.blogsoestado.com\/danielmatos\/wp-json\/wp\/v2\/tags?post=58794"}],"curies":[{"name":"wp","href":"https:\/\/api.w.org\/{rel}","templated":true}]}}