{"id":58800,"date":"2018-12-12T19:22:16","date_gmt":"2018-12-12T22:22:16","guid":{"rendered":"https:\/\/www.blogsoestado.com\/danielmatos\/?p=58800"},"modified":"2018-12-12T19:22:16","modified_gmt":"2018-12-12T22:22:16","slug":"edivaldo-anuncia-para-o-dia-20-o-pagamento-da-2a-parcela-do-13o-salario","status":"publish","type":"post","link":"https:\/\/www.blogsoestado.com\/danielmatos\/edivaldo-anuncia-para-o-dia-20-o-pagamento-da-2a-parcela-do-13o-salario\/","title":{"rendered":"Edivaldo anuncia para o dia 20 o pagamento da 2\u00aa parcela do 13\u00ba sal\u00e1rio"},"content":{"rendered":"<figure id=\"attachment_58801\" aria-describedby=\"caption-attachment-58801\" style=\"width: 450px\" class=\"wp-caption alignleft\"><a href=\"https:\/\/www.blogsoestado.com\/danielmatos\/2018\/12\/12\/edivaldo-anuncia-para-o-dia-20-o-pagamento-da-2a-parcela-do-13o-salario\/edivaldo-decimo\/\" rel=\"attachment wp-att-58801\"><img fetchpriority=\"high\" decoding=\"async\" class=\"wp-image-58801\" src=\"https:\/\/www.blogsoestado.com\/danielmatos\/files\/2018\/12\/edivaldo-decimo.jpg\" alt=\"\" width=\"450\" height=\"300\" \/><\/a><figcaption id=\"caption-attachment-58801\" class=\"wp-caption-text\">Prefeito Edivaldo Holanda J\u00fanior mais uma vez honrou compromisso com o funcionalismo<\/figcaption><\/figure>\n<p>O prefeito Edivaldo Holanda Junior (PDT) anunciou nesta quarta-feira (12), em suas redes sociais, a data do pagamento da segunda parcela do 13\u00ba sal\u00e1rio, que estar\u00e1 na conta dos servidores municipais no dia 20 deste m\u00eas. O pedetista j\u00e1 havia antecipado no m\u00eas de julho a primeira parcela, mesmo com a op\u00e7\u00e3o de pagar integralmente o valor apenas no fim do ano.<\/p>\n<p>\u201cFico muito feliz que a nossa gest\u00e3o, mesmo neste cen\u00e1rio de crise nacional, esteja cumprindo com rigor mais esse compromisso. O pagamento do sal\u00e1rio em dia valoriza o servidor e aquece ainda mais a economia da capital neste per\u00edodo de festividades\u201d, publicou o prefeito em seus perfis nas redes sociais.<\/p>\n<p>A antecipa\u00e7\u00e3o da primeira parcela em julho e o pagamento em dia da segunda neste m\u00eas de dezembro demonstra mais uma vez o compromisso do prefeito Edivaldo com o servidor municipal, uma das marcas da sua gest\u00e3o, que encerra o ano sem ter tido qualquer atraso nos sal\u00e1rios, tendo inclusive na maioria dos meses adiantado o dinheiro nas contas dos funcion\u00e1rios p\u00fablicos.<\/p>\n<figure id=\"attachment_58802\" aria-describedby=\"caption-attachment-58802\" style=\"width: 650px\" class=\"wp-caption aligncenter\"><a href=\"https:\/\/www.blogsoestado.com\/danielmatos\/2018\/12\/12\/edivaldo-anuncia-para-o-dia-20-o-pagamento-da-2a-parcela-do-13o-salario\/edivaldo-decimo2\/\" rel=\"attachment wp-att-58802\"><img decoding=\"async\" class=\"wp-image-58802\" src=\"https:\/\/www.blogsoestado.com\/danielmatos\/files\/2018\/12\/edivaldo-decimo2.jpg\" alt=\"\" width=\"650\" height=\"321\" \/><\/a><figcaption id=\"caption-attachment-58802\" class=\"wp-caption-text\">An\u00fancio de pagamento do 13\u00ba sal\u00e1rios aos servidores feito pelo prefeito em rede social<\/figcaption><\/figure>\n<p>A gest\u00e3o do prefeito Edivaldo est\u00e1 na contram\u00e3o de outras cidades e estados que n\u00e3o conseguiram honrar os seus compromissos salariais, sobretudo por causa da queda progressiva dos repasses federais, resultado da crise em que vive o pa\u00eds. \u00c9 o caso das Prefeituras de Natal, Aracaju e Macei\u00f3 (sem previs\u00e3o de pagamento at\u00e9 o momento) e a do Rio de Janeiro (ainda vai pagar a primeira parcela do benef\u00edcio).<\/p>\n<p>Com a administra\u00e7\u00e3o respons\u00e1vel e planejada, o pedetista se destaca entre os gestores que conseguiram manter as contas em dia. Mesmo isso sendo uma obriga\u00e7\u00e3o das gest\u00f5es p\u00fablicas, diante do cen\u00e1rio em que vive o pa\u00eds, o feito merece ser evidenciado, ainda mais neste per\u00edodo de fim de ano, em que se espera uma economia aquecida e seguindo em curva ascendente.<\/p>\n","protected":false},"excerpt":{"rendered":"<p>O prefeito Edivaldo Holanda Junior (PDT) anunciou nesta quarta-feira (12), em suas redes sociais, a data do pagamento da segunda [&hellip;]<\/p>\n","protected":false},"author":0,"featured_media":0,"comment_status":"open","ping_status":"open","sticky":false,"template":"","format":"standard","meta":{"site-sidebar-layout":"default","site-content-layout":"","ast-site-content-layout":"default","site-content-style":"default","site-sidebar-style":"default","ast-global-header-display":"","ast-banner-title-visibility":"","ast-main-header-display":"","ast-hfb-above-header-display":"","ast-hfb-below-header-display":"","ast-hfb-mobile-header-display":"","site-post-title":"","ast-breadcrumbs-content":"","ast-featured-img":"","footer-sml-layout":"","ast-disable-related-posts":"","theme-transparent-header-meta":"","adv-header-id-meta":"","stick-header-meta":"","header-above-stick-meta":"","header-main-stick-meta":"","header-below-stick-meta":"","astra-migrate-meta-layouts":"default","ast-page-background-enabled":"default","ast-page-background-meta":{"desktop":{"background-color":"var(--ast-global-color-5)","background-image":"","background-repeat":"repeat","background-position":"center center","background-size":"auto","background-attachment":"scroll","background-type":"","background-media":"","overlay-type":"","overlay-color":"","overlay-opacity":"","overlay-gradient":""},"tablet":{"background-color":"","background-image":"","background-repeat":"repeat","background-position":"center center","background-size":"auto","background-attachment":"scroll","background-type":"","background-media":"","overlay-type":"","overlay-color":"","overlay-opacity":"","overlay-gradient":""},"mobile":{"background-color":"","background-image":"","background-repeat":"repeat","background-position":"center center","background-size":"auto","background-attachment":"scroll","background-type":"","background-media":"","overlay-type":"","overlay-color":"","overlay-opacity":"","overlay-gradient":""}},"ast-content-background-meta":{"desktop":{"background-color":"var(--ast-global-color-4)","background-image":"","background-repeat":"repeat","background-position":"center center","background-size":"auto","background-attachment":"scroll","background-type":"","background-media":"","overlay-type":"","overlay-color":"","overlay-opacity":"","overlay-gradient":""},"tablet":{"background-color":"var(--ast-global-color-4)","background-image":"","background-repeat":"repeat","background-position":"center center","background-size":"auto","background-attachment":"scroll","background-type":"","background-media":"","overlay-type":"","overlay-color":"","overlay-opacity":"","overlay-gradient":""},"mobile":{"background-color":"var(--ast-global-color-4)","background-image":"","background-repeat":"repeat","background-position":"center center","background-size":"auto","background-attachment":"scroll","background-type":"","background-media":"","overlay-type":"","overlay-color":"","overlay-opacity":"","overlay-gradient":""}},"footnotes":""},"categories":[1],"tags":[],"class_list":["post-58800","post","type-post","status-publish","format-standard","hentry","category-sem-categoria"],"yoast_head":"<!-- This site is optimized with the Yoast SEO plugin v26.6 - https:\/\/yoast.com\/wordpress\/plugins\/seo\/ -->\n<title>Edivaldo anuncia para o dia 20 o pagamento da 2\u00aa parcela do 13\u00ba sal\u00e1rio - Daniel Matos<\/title>\n<meta name=\"robots\" content=\"index, follow, max-snippet:-1, max-image-preview:large, max-video-preview:-1\" \/>\n<link rel=\"canonical\" href=\"https:\/\/www.blogsoestado.com\/danielmatos\/edivaldo-anuncia-para-o-dia-20-o-pagamento-da-2a-parcela-do-13o-salario\/\" \/>\n<meta property=\"og:locale\" content=\"pt_BR\" \/>\n<meta property=\"og:type\" content=\"article\" \/>\n<meta property=\"og:title\" content=\"Edivaldo anuncia para o dia 20 o pagamento da 2\u00aa parcela do 13\u00ba sal\u00e1rio - Daniel Matos\" \/>\n<meta property=\"og:description\" content=\"O prefeito Edivaldo Holanda Junior (PDT) anunciou nesta quarta-feira (12), em suas redes sociais, a data do pagamento da segunda [&hellip;]\" \/>\n<meta property=\"og:url\" content=\"https:\/\/www.blogsoestado.com\/danielmatos\/edivaldo-anuncia-para-o-dia-20-o-pagamento-da-2a-parcela-do-13o-salario\/\" \/>\n<meta property=\"og:site_name\" content=\"Daniel Matos\" \/>\n<meta property=\"article:published_time\" content=\"2018-12-12T22:22:16+00:00\" \/>\n<meta property=\"og:image\" content=\"https:\/\/www.blogsoestado.com\/danielmatos\/files\/2018\/12\/edivaldo-decimo.jpg\" \/>\n<meta name=\"twitter:card\" content=\"summary_large_image\" \/>\n<meta name=\"twitter:label1\" content=\"Est. tempo de leitura\" \/>\n\t<meta name=\"twitter:data1\" content=\"2 minutos\" \/>\n<script type=\"application\/ld+json\" class=\"yoast-schema-graph\">{\"@context\":\"https:\/\/schema.org\",\"@graph\":[{\"@type\":\"WebPage\",\"@id\":\"https:\/\/www.blogsoestado.com\/danielmatos\/edivaldo-anuncia-para-o-dia-20-o-pagamento-da-2a-parcela-do-13o-salario\/\",\"url\":\"https:\/\/www.blogsoestado.com\/danielmatos\/edivaldo-anuncia-para-o-dia-20-o-pagamento-da-2a-parcela-do-13o-salario\/\",\"name\":\"Edivaldo anuncia para o dia 20 o pagamento da 2\u00aa parcela do 13\u00ba sal\u00e1rio - Daniel Matos\",\"isPartOf\":{\"@id\":\"https:\/\/www.blogsoestado.com\/danielmatos\/#website\"},\"primaryImageOfPage\":{\"@id\":\"https:\/\/www.blogsoestado.com\/danielmatos\/edivaldo-anuncia-para-o-dia-20-o-pagamento-da-2a-parcela-do-13o-salario\/#primaryimage\"},\"image\":{\"@id\":\"https:\/\/www.blogsoestado.com\/danielmatos\/edivaldo-anuncia-para-o-dia-20-o-pagamento-da-2a-parcela-do-13o-salario\/#primaryimage\"},\"thumbnailUrl\":\"https:\/\/www.blogsoestado.com\/danielmatos\/files\/2018\/12\/edivaldo-decimo.jpg\",\"datePublished\":\"2018-12-12T22:22:16+00:00\",\"author\":{\"@id\":\"\"},\"breadcrumb\":{\"@id\":\"https:\/\/www.blogsoestado.com\/danielmatos\/edivaldo-anuncia-para-o-dia-20-o-pagamento-da-2a-parcela-do-13o-salario\/#breadcrumb\"},\"inLanguage\":\"pt-BR\",\"potentialAction\":[{\"@type\":\"ReadAction\",\"target\":[\"https:\/\/www.blogsoestado.com\/danielmatos\/edivaldo-anuncia-para-o-dia-20-o-pagamento-da-2a-parcela-do-13o-salario\/\"]}]},{\"@type\":\"ImageObject\",\"inLanguage\":\"pt-BR\",\"@id\":\"https:\/\/www.blogsoestado.com\/danielmatos\/edivaldo-anuncia-para-o-dia-20-o-pagamento-da-2a-parcela-do-13o-salario\/#primaryimage\",\"url\":\"https:\/\/www.blogsoestado.com\/danielmatos\/files\/2018\/12\/edivaldo-decimo.jpg\",\"contentUrl\":\"https:\/\/www.blogsoestado.com\/danielmatos\/files\/2018\/12\/edivaldo-decimo.jpg\"},{\"@type\":\"BreadcrumbList\",\"@id\":\"https:\/\/www.blogsoestado.com\/danielmatos\/edivaldo-anuncia-para-o-dia-20-o-pagamento-da-2a-parcela-do-13o-salario\/#breadcrumb\",\"itemListElement\":[{\"@type\":\"ListItem\",\"position\":1,\"name\":\"In\u00edcio\",\"item\":\"https:\/\/www.blogsoestado.com\/danielmatos\/\"},{\"@type\":\"ListItem\",\"position\":2,\"name\":\"Edivaldo anuncia para o dia 20 o pagamento da 2\u00aa parcela do 13\u00ba sal\u00e1rio\"}]},{\"@type\":\"WebSite\",\"@id\":\"https:\/\/www.blogsoestado.com\/danielmatos\/#website\",\"url\":\"https:\/\/www.blogsoestado.com\/danielmatos\/\",\"name\":\"Daniel Matos\",\"description\":\"\",\"potentialAction\":[{\"@type\":\"SearchAction\",\"target\":{\"@type\":\"EntryPoint\",\"urlTemplate\":\"https:\/\/www.blogsoestado.com\/danielmatos\/?s={search_term_string}\"},\"query-input\":{\"@type\":\"PropertyValueSpecification\",\"valueRequired\":true,\"valueName\":\"search_term_string\"}}],\"inLanguage\":\"pt-BR\"}]}<\/script>\n<!-- \/ Yoast SEO plugin. -->","yoast_head_json":{"title":"Edivaldo anuncia para o dia 20 o pagamento da 2\u00aa parcela do 13\u00ba sal\u00e1rio - Daniel Matos","robots":{"index":"index","follow":"follow","max-snippet":"max-snippet:-1","max-image-preview":"max-image-preview:large","max-video-preview":"max-video-preview:-1"},"canonical":"https:\/\/www.blogsoestado.com\/danielmatos\/edivaldo-anuncia-para-o-dia-20-o-pagamento-da-2a-parcela-do-13o-salario\/","og_locale":"pt_BR","og_type":"article","og_title":"Edivaldo anuncia para o dia 20 o pagamento da 2\u00aa parcela do 13\u00ba sal\u00e1rio - Daniel Matos","og_description":"O prefeito Edivaldo Holanda Junior (PDT) anunciou nesta quarta-feira (12), em suas redes sociais, a data do pagamento da segunda [&hellip;]","og_url":"https:\/\/www.blogsoestado.com\/danielmatos\/edivaldo-anuncia-para-o-dia-20-o-pagamento-da-2a-parcela-do-13o-salario\/","og_site_name":"Daniel Matos","article_published_time":"2018-12-12T22:22:16+00:00","og_image":[{"url":"https:\/\/www.blogsoestado.com\/danielmatos\/files\/2018\/12\/edivaldo-decimo.jpg","type":"","width":"","height":""}],"twitter_card":"summary_large_image","twitter_misc":{"Est. tempo de leitura":"2 minutos"},"schema":{"@context":"https:\/\/schema.org","@graph":[{"@type":"WebPage","@id":"https:\/\/www.blogsoestado.com\/danielmatos\/edivaldo-anuncia-para-o-dia-20-o-pagamento-da-2a-parcela-do-13o-salario\/","url":"https:\/\/www.blogsoestado.com\/danielmatos\/edivaldo-anuncia-para-o-dia-20-o-pagamento-da-2a-parcela-do-13o-salario\/","name":"Edivaldo anuncia para o dia 20 o pagamento da 2\u00aa parcela do 13\u00ba sal\u00e1rio - Daniel Matos","isPartOf":{"@id":"https:\/\/www.blogsoestado.com\/danielmatos\/#website"},"primaryImageOfPage":{"@id":"https:\/\/www.blogsoestado.com\/danielmatos\/edivaldo-anuncia-para-o-dia-20-o-pagamento-da-2a-parcela-do-13o-salario\/#primaryimage"},"image":{"@id":"https:\/\/www.blogsoestado.com\/danielmatos\/edivaldo-anuncia-para-o-dia-20-o-pagamento-da-2a-parcela-do-13o-salario\/#primaryimage"},"thumbnailUrl":"https:\/\/www.blogsoestado.com\/danielmatos\/files\/2018\/12\/edivaldo-decimo.jpg","datePublished":"2018-12-12T22:22:16+00:00","author":{"@id":""},"breadcrumb":{"@id":"https:\/\/www.blogsoestado.com\/danielmatos\/edivaldo-anuncia-para-o-dia-20-o-pagamento-da-2a-parcela-do-13o-salario\/#breadcrumb"},"inLanguage":"pt-BR","potentialAction":[{"@type":"ReadAction","target":["https:\/\/www.blogsoestado.com\/danielmatos\/edivaldo-anuncia-para-o-dia-20-o-pagamento-da-2a-parcela-do-13o-salario\/"]}]},{"@type":"ImageObject","inLanguage":"pt-BR","@id":"https:\/\/www.blogsoestado.com\/danielmatos\/edivaldo-anuncia-para-o-dia-20-o-pagamento-da-2a-parcela-do-13o-salario\/#primaryimage","url":"https:\/\/www.blogsoestado.com\/danielmatos\/files\/2018\/12\/edivaldo-decimo.jpg","contentUrl":"https:\/\/www.blogsoestado.com\/danielmatos\/files\/2018\/12\/edivaldo-decimo.jpg"},{"@type":"BreadcrumbList","@id":"https:\/\/www.blogsoestado.com\/danielmatos\/edivaldo-anuncia-para-o-dia-20-o-pagamento-da-2a-parcela-do-13o-salario\/#breadcrumb","itemListElement":[{"@type":"ListItem","position":1,"name":"In\u00edcio","item":"https:\/\/www.blogsoestado.com\/danielmatos\/"},{"@type":"ListItem","position":2,"name":"Edivaldo anuncia para o dia 20 o pagamento da 2\u00aa parcela do 13\u00ba sal\u00e1rio"}]},{"@type":"WebSite","@id":"https:\/\/www.blogsoestado.com\/danielmatos\/#website","url":"https:\/\/www.blogsoestado.com\/danielmatos\/","name":"Daniel Matos","description":"","potentialAction":[{"@type":"SearchAction","target":{"@type":"EntryPoint","urlTemplate":"https:\/\/www.blogsoestado.com\/danielmatos\/?s={search_term_string}"},"query-input":{"@type":"PropertyValueSpecification","valueRequired":true,"valueName":"search_term_string"}}],"inLanguage":"pt-BR"}]}},"jetpack_featured_media_url":"","_links":{"self":[{"href":"https:\/\/www.blogsoestado.com\/danielmatos\/wp-json\/wp\/v2\/posts\/58800","targetHints":{"allow":["GET"]}}],"collection":[{"href":"https:\/\/www.blogsoestado.com\/danielmatos\/wp-json\/wp\/v2\/posts"}],"about":[{"href":"https:\/\/www.blogsoestado.com\/danielmatos\/wp-json\/wp\/v2\/types\/post"}],"replies":[{"embeddable":true,"href":"https:\/\/www.blogsoestado.com\/danielmatos\/wp-json\/wp\/v2\/comments?post=58800"}],"version-history":[{"count":0,"href":"https:\/\/www.blogsoestado.com\/danielmatos\/wp-json\/wp\/v2\/posts\/58800\/revisions"}],"wp:attachment":[{"href":"https:\/\/www.blogsoestado.com\/danielmatos\/wp-json\/wp\/v2\/media?parent=58800"}],"wp:term":[{"taxonomy":"category","embeddable":true,"href":"https:\/\/www.blogsoestado.com\/danielmatos\/wp-json\/wp\/v2\/categories?post=58800"},{"taxonomy":"post_tag","embeddable":true,"href":"https:\/\/www.blogsoestado.com\/danielmatos\/wp-json\/wp\/v2\/tags?post=58800"}],"curies":[{"name":"wp","href":"https:\/\/api.w.org\/{rel}","templated":true}]}}