{"id":58808,"date":"2018-12-13T18:23:56","date_gmt":"2018-12-13T21:23:56","guid":{"rendered":"https:\/\/www.blogsoestado.com\/danielmatos\/?p=58808"},"modified":"2018-12-13T18:23:56","modified_gmt":"2018-12-13T21:23:56","slug":"de-pires-na-mao-mas-sem-perder-a-grosseria","status":"publish","type":"post","link":"https:\/\/www.blogsoestado.com\/danielmatos\/de-pires-na-mao-mas-sem-perder-a-grosseria\/","title":{"rendered":"De pires na m\u00e3o, mas sem perder a grosseria"},"content":{"rendered":"<figure id=\"attachment_58835\" aria-describedby=\"caption-attachment-58835\" style=\"width: 650px\" class=\"wp-caption aligncenter\"><a href=\"https:\/\/www.blogsoestado.com\/danielmatos\/2018\/12\/13\/de-pires-na-mao-mas-sem-perder-a-grosseria\/dino-temer\/\" rel=\"attachment wp-att-58835\"><img fetchpriority=\"high\" decoding=\"async\" class=\"wp-image-58835\" src=\"https:\/\/www.blogsoestado.com\/danielmatos\/files\/2018\/12\/dino-temer.jpg\" alt=\"\" width=\"650\" height=\"444\" \/><\/a><figcaption id=\"caption-attachment-58835\" class=\"wp-caption-text\">Fl\u00e1vio Dino faz cara de poucos amigos e mal consegue encarar Michel Temer ao sentar-se \u00e0 mesa com o presidente para discutir aux\u00edlio federal ao Maranh\u00e3o<\/figcaption><\/figure>\n<p>O governador Fl\u00e1vio Dino (PCdoB) teve que se render \u00e0 for\u00e7a do Governo Federal e participou, pela primeira vez, mesmo a contragosto, de uma reuni\u00e3o com o presidente da Rep\u00fablica, Michel Temer (MDB). No encontro entre o chefe da na\u00e7\u00e3o e os governadores, foram discutidas formas de aux\u00edlio federal aos estados mergulhados em crise financeira.<\/p>\n<p>Mesmo de pires na m\u00e3o, o comunista fez quest\u00e3o de reafirmar que faz oposi\u00e7\u00e3o a Michel Temer, como mostra a cara de poucos amigos que ele fez ao sentar \u00e0 mesa com o desafeto.<\/p>\n<p>Sem conseguir superar as diverg\u00eancias no campo pol\u00edtico, Dino caminha para um desempenho ainda mais desastroso na rela\u00e7\u00e3o institucional com a Uni\u00e3o quando houver a sucess\u00e3o presidencial e Jair Messias Bolsonaro &#8211; que j\u00e1 demostrou publicamente sua antipatia pelo governador, com a devida rec\u00edproca do comunista &#8211; assumir o poder.<\/p>\n<p>A n\u00e3o ser que um ou mais interlocutores se proponham a apaziguar os \u00e2nimos e sejam h\u00e1beis o suficiente para ter \u00eaxito nessa dif\u00edcil miss\u00e3o.<\/p>\n","protected":false},"excerpt":{"rendered":"<p>O governador Fl\u00e1vio Dino (PCdoB) teve que se render \u00e0 for\u00e7a do Governo Federal e participou, pela primeira vez, mesmo [&hellip;]<\/p>\n","protected":false},"author":0,"featured_media":0,"comment_status":"open","ping_status":"open","sticky":false,"template":"","format":"standard","meta":{"site-sidebar-layout":"default","site-content-layout":"","ast-site-content-layout":"default","site-content-style":"default","site-sidebar-style":"default","ast-global-header-display":"","ast-banner-title-visibility":"","ast-main-header-display":"","ast-hfb-above-header-display":"","ast-hfb-below-header-display":"","ast-hfb-mobile-header-display":"","site-post-title":"","ast-breadcrumbs-content":"","ast-featured-img":"","footer-sml-layout":"","ast-disable-related-posts":"","theme-transparent-header-meta":"","adv-header-id-meta":"","stick-header-meta":"","header-above-stick-meta":"","header-main-stick-meta":"","header-below-stick-meta":"","astra-migrate-meta-layouts":"default","ast-page-background-enabled":"default","ast-page-background-meta":{"desktop":{"background-color":"var(--ast-global-color-5)","background-image":"","background-repeat":"repeat","background-position":"center center","background-size":"auto","background-attachment":"scroll","background-type":"","background-media":"","overlay-type":"","overlay-color":"","overlay-opacity":"","overlay-gradient":""},"tablet":{"background-color":"","background-image":"","background-repeat":"repeat","background-position":"center center","background-size":"auto","background-attachment":"scroll","background-type":"","background-media":"","overlay-type":"","overlay-color":"","overlay-opacity":"","overlay-gradient":""},"mobile":{"background-color":"","background-image":"","background-repeat":"repeat","background-position":"center center","background-size":"auto","background-attachment":"scroll","background-type":"","background-media":"","overlay-type":"","overlay-color":"","overlay-opacity":"","overlay-gradient":""}},"ast-content-background-meta":{"desktop":{"background-color":"var(--ast-global-color-4)","background-image":"","background-repeat":"repeat","background-position":"center center","background-size":"auto","background-attachment":"scroll","background-type":"","background-media":"","overlay-type":"","overlay-color":"","overlay-opacity":"","overlay-gradient":""},"tablet":{"background-color":"var(--ast-global-color-4)","background-image":"","background-repeat":"repeat","background-position":"center center","background-size":"auto","background-attachment":"scroll","background-type":"","background-media":"","overlay-type":"","overlay-color":"","overlay-opacity":"","overlay-gradient":""},"mobile":{"background-color":"var(--ast-global-color-4)","background-image":"","background-repeat":"repeat","background-position":"center center","background-size":"auto","background-attachment":"scroll","background-type":"","background-media":"","overlay-type":"","overlay-color":"","overlay-opacity":"","overlay-gradient":""}},"footnotes":""},"categories":[1],"tags":[],"class_list":["post-58808","post","type-post","status-publish","format-standard","hentry","category-sem-categoria"],"yoast_head":"<!-- This site is optimized with the Yoast SEO plugin v26.6 - https:\/\/yoast.com\/wordpress\/plugins\/seo\/ -->\n<title>De pires na m\u00e3o, mas sem perder a grosseria - Daniel Matos<\/title>\n<meta name=\"robots\" content=\"index, follow, max-snippet:-1, max-image-preview:large, max-video-preview:-1\" \/>\n<link rel=\"canonical\" href=\"https:\/\/www.blogsoestado.com\/danielmatos\/de-pires-na-mao-mas-sem-perder-a-grosseria\/\" \/>\n<meta property=\"og:locale\" content=\"pt_BR\" \/>\n<meta property=\"og:type\" content=\"article\" \/>\n<meta property=\"og:title\" content=\"De pires na m\u00e3o, mas sem perder a grosseria - Daniel Matos\" \/>\n<meta property=\"og:description\" content=\"O governador Fl\u00e1vio Dino (PCdoB) teve que se render \u00e0 for\u00e7a do Governo Federal e participou, pela primeira vez, mesmo [&hellip;]\" \/>\n<meta property=\"og:url\" content=\"https:\/\/www.blogsoestado.com\/danielmatos\/de-pires-na-mao-mas-sem-perder-a-grosseria\/\" \/>\n<meta property=\"og:site_name\" content=\"Daniel Matos\" \/>\n<meta property=\"article:published_time\" content=\"2018-12-13T21:23:56+00:00\" \/>\n<meta property=\"og:image\" content=\"https:\/\/www.blogsoestado.com\/danielmatos\/files\/2018\/12\/dino-temer.jpg\" \/>\n<meta name=\"twitter:card\" content=\"summary_large_image\" \/>\n<meta name=\"twitter:label1\" content=\"Est. tempo de leitura\" \/>\n\t<meta name=\"twitter:data1\" content=\"1 minuto\" \/>\n<script type=\"application\/ld+json\" class=\"yoast-schema-graph\">{\"@context\":\"https:\/\/schema.org\",\"@graph\":[{\"@type\":\"WebPage\",\"@id\":\"https:\/\/www.blogsoestado.com\/danielmatos\/de-pires-na-mao-mas-sem-perder-a-grosseria\/\",\"url\":\"https:\/\/www.blogsoestado.com\/danielmatos\/de-pires-na-mao-mas-sem-perder-a-grosseria\/\",\"name\":\"De pires na m\u00e3o, mas sem perder a grosseria - Daniel Matos\",\"isPartOf\":{\"@id\":\"https:\/\/www.blogsoestado.com\/danielmatos\/#website\"},\"primaryImageOfPage\":{\"@id\":\"https:\/\/www.blogsoestado.com\/danielmatos\/de-pires-na-mao-mas-sem-perder-a-grosseria\/#primaryimage\"},\"image\":{\"@id\":\"https:\/\/www.blogsoestado.com\/danielmatos\/de-pires-na-mao-mas-sem-perder-a-grosseria\/#primaryimage\"},\"thumbnailUrl\":\"https:\/\/www.blogsoestado.com\/danielmatos\/files\/2018\/12\/dino-temer.jpg\",\"datePublished\":\"2018-12-13T21:23:56+00:00\",\"author\":{\"@id\":\"\"},\"breadcrumb\":{\"@id\":\"https:\/\/www.blogsoestado.com\/danielmatos\/de-pires-na-mao-mas-sem-perder-a-grosseria\/#breadcrumb\"},\"inLanguage\":\"pt-BR\",\"potentialAction\":[{\"@type\":\"ReadAction\",\"target\":[\"https:\/\/www.blogsoestado.com\/danielmatos\/de-pires-na-mao-mas-sem-perder-a-grosseria\/\"]}]},{\"@type\":\"ImageObject\",\"inLanguage\":\"pt-BR\",\"@id\":\"https:\/\/www.blogsoestado.com\/danielmatos\/de-pires-na-mao-mas-sem-perder-a-grosseria\/#primaryimage\",\"url\":\"https:\/\/www.blogsoestado.com\/danielmatos\/files\/2018\/12\/dino-temer.jpg\",\"contentUrl\":\"https:\/\/www.blogsoestado.com\/danielmatos\/files\/2018\/12\/dino-temer.jpg\"},{\"@type\":\"BreadcrumbList\",\"@id\":\"https:\/\/www.blogsoestado.com\/danielmatos\/de-pires-na-mao-mas-sem-perder-a-grosseria\/#breadcrumb\",\"itemListElement\":[{\"@type\":\"ListItem\",\"position\":1,\"name\":\"In\u00edcio\",\"item\":\"https:\/\/www.blogsoestado.com\/danielmatos\/\"},{\"@type\":\"ListItem\",\"position\":2,\"name\":\"De pires na m\u00e3o, mas sem perder a grosseria\"}]},{\"@type\":\"WebSite\",\"@id\":\"https:\/\/www.blogsoestado.com\/danielmatos\/#website\",\"url\":\"https:\/\/www.blogsoestado.com\/danielmatos\/\",\"name\":\"Daniel Matos\",\"description\":\"\",\"potentialAction\":[{\"@type\":\"SearchAction\",\"target\":{\"@type\":\"EntryPoint\",\"urlTemplate\":\"https:\/\/www.blogsoestado.com\/danielmatos\/?s={search_term_string}\"},\"query-input\":{\"@type\":\"PropertyValueSpecification\",\"valueRequired\":true,\"valueName\":\"search_term_string\"}}],\"inLanguage\":\"pt-BR\"}]}<\/script>\n<!-- \/ Yoast SEO plugin. -->","yoast_head_json":{"title":"De pires na m\u00e3o, mas sem perder a grosseria - Daniel Matos","robots":{"index":"index","follow":"follow","max-snippet":"max-snippet:-1","max-image-preview":"max-image-preview:large","max-video-preview":"max-video-preview:-1"},"canonical":"https:\/\/www.blogsoestado.com\/danielmatos\/de-pires-na-mao-mas-sem-perder-a-grosseria\/","og_locale":"pt_BR","og_type":"article","og_title":"De pires na m\u00e3o, mas sem perder a grosseria - Daniel Matos","og_description":"O governador Fl\u00e1vio Dino (PCdoB) teve que se render \u00e0 for\u00e7a do Governo Federal e participou, pela primeira vez, mesmo [&hellip;]","og_url":"https:\/\/www.blogsoestado.com\/danielmatos\/de-pires-na-mao-mas-sem-perder-a-grosseria\/","og_site_name":"Daniel Matos","article_published_time":"2018-12-13T21:23:56+00:00","og_image":[{"url":"https:\/\/www.blogsoestado.com\/danielmatos\/files\/2018\/12\/dino-temer.jpg","type":"","width":"","height":""}],"twitter_card":"summary_large_image","twitter_misc":{"Est. tempo de leitura":"1 minuto"},"schema":{"@context":"https:\/\/schema.org","@graph":[{"@type":"WebPage","@id":"https:\/\/www.blogsoestado.com\/danielmatos\/de-pires-na-mao-mas-sem-perder-a-grosseria\/","url":"https:\/\/www.blogsoestado.com\/danielmatos\/de-pires-na-mao-mas-sem-perder-a-grosseria\/","name":"De pires na m\u00e3o, mas sem perder a grosseria - Daniel Matos","isPartOf":{"@id":"https:\/\/www.blogsoestado.com\/danielmatos\/#website"},"primaryImageOfPage":{"@id":"https:\/\/www.blogsoestado.com\/danielmatos\/de-pires-na-mao-mas-sem-perder-a-grosseria\/#primaryimage"},"image":{"@id":"https:\/\/www.blogsoestado.com\/danielmatos\/de-pires-na-mao-mas-sem-perder-a-grosseria\/#primaryimage"},"thumbnailUrl":"https:\/\/www.blogsoestado.com\/danielmatos\/files\/2018\/12\/dino-temer.jpg","datePublished":"2018-12-13T21:23:56+00:00","author":{"@id":""},"breadcrumb":{"@id":"https:\/\/www.blogsoestado.com\/danielmatos\/de-pires-na-mao-mas-sem-perder-a-grosseria\/#breadcrumb"},"inLanguage":"pt-BR","potentialAction":[{"@type":"ReadAction","target":["https:\/\/www.blogsoestado.com\/danielmatos\/de-pires-na-mao-mas-sem-perder-a-grosseria\/"]}]},{"@type":"ImageObject","inLanguage":"pt-BR","@id":"https:\/\/www.blogsoestado.com\/danielmatos\/de-pires-na-mao-mas-sem-perder-a-grosseria\/#primaryimage","url":"https:\/\/www.blogsoestado.com\/danielmatos\/files\/2018\/12\/dino-temer.jpg","contentUrl":"https:\/\/www.blogsoestado.com\/danielmatos\/files\/2018\/12\/dino-temer.jpg"},{"@type":"BreadcrumbList","@id":"https:\/\/www.blogsoestado.com\/danielmatos\/de-pires-na-mao-mas-sem-perder-a-grosseria\/#breadcrumb","itemListElement":[{"@type":"ListItem","position":1,"name":"In\u00edcio","item":"https:\/\/www.blogsoestado.com\/danielmatos\/"},{"@type":"ListItem","position":2,"name":"De pires na m\u00e3o, mas sem perder a grosseria"}]},{"@type":"WebSite","@id":"https:\/\/www.blogsoestado.com\/danielmatos\/#website","url":"https:\/\/www.blogsoestado.com\/danielmatos\/","name":"Daniel Matos","description":"","potentialAction":[{"@type":"SearchAction","target":{"@type":"EntryPoint","urlTemplate":"https:\/\/www.blogsoestado.com\/danielmatos\/?s={search_term_string}"},"query-input":{"@type":"PropertyValueSpecification","valueRequired":true,"valueName":"search_term_string"}}],"inLanguage":"pt-BR"}]}},"jetpack_featured_media_url":"","_links":{"self":[{"href":"https:\/\/www.blogsoestado.com\/danielmatos\/wp-json\/wp\/v2\/posts\/58808","targetHints":{"allow":["GET"]}}],"collection":[{"href":"https:\/\/www.blogsoestado.com\/danielmatos\/wp-json\/wp\/v2\/posts"}],"about":[{"href":"https:\/\/www.blogsoestado.com\/danielmatos\/wp-json\/wp\/v2\/types\/post"}],"replies":[{"embeddable":true,"href":"https:\/\/www.blogsoestado.com\/danielmatos\/wp-json\/wp\/v2\/comments?post=58808"}],"version-history":[{"count":0,"href":"https:\/\/www.blogsoestado.com\/danielmatos\/wp-json\/wp\/v2\/posts\/58808\/revisions"}],"wp:attachment":[{"href":"https:\/\/www.blogsoestado.com\/danielmatos\/wp-json\/wp\/v2\/media?parent=58808"}],"wp:term":[{"taxonomy":"category","embeddable":true,"href":"https:\/\/www.blogsoestado.com\/danielmatos\/wp-json\/wp\/v2\/categories?post=58808"},{"taxonomy":"post_tag","embeddable":true,"href":"https:\/\/www.blogsoestado.com\/danielmatos\/wp-json\/wp\/v2\/tags?post=58808"}],"curies":[{"name":"wp","href":"https:\/\/api.w.org\/{rel}","templated":true}]}}