{"id":58810,"date":"2018-12-13T11:27:49","date_gmt":"2018-12-13T14:27:49","guid":{"rendered":"https:\/\/www.blogsoestado.com\/danielmatos\/?p=58810"},"modified":"2018-12-13T11:27:49","modified_gmt":"2018-12-13T14:27:49","slug":"pedro-lucas-fernandes-e-aclamado-lider-do-ptb-na-camara-para-2019","status":"publish","type":"post","link":"https:\/\/www.blogsoestado.com\/danielmatos\/pedro-lucas-fernandes-e-aclamado-lider-do-ptb-na-camara-para-2019\/","title":{"rendered":"Pedro Lucas Fernandes \u00e9 aclamado l\u00edder do PTB na C\u00e2mara para 2019"},"content":{"rendered":"<figure id=\"attachment_58812\" aria-describedby=\"caption-attachment-58812\" style=\"width: 650px\" class=\"wp-caption aligncenter\"><a href=\"https:\/\/www.blogsoestado.com\/danielmatos\/2018\/12\/13\/pedro-lucas-fernandes-e-aclamado-lider-do-ptb-na-camara-para-2019\/pedro-ptb\/\" rel=\"attachment wp-att-58812\"><img fetchpriority=\"high\" decoding=\"async\" class=\"size-full wp-image-58812\" src=\"https:\/\/www.blogsoestado.com\/danielmatos\/files\/2018\/12\/pedro-ptb.jpg\" alt=\"\" width=\"650\" height=\"433\" \/><\/a><figcaption id=\"caption-attachment-58812\" class=\"wp-caption-text\">Pedro Lucas Fernandes entre o presidente nacional do PTB, Roberto Jefferson, e o deputado Jovair Arantes, l\u00edder da bancada do partido na C\u00e2mara Federal<\/figcaption><\/figure>\n<p>O deputado eleito Pedro Lucas Fernandes (PTB-MA) foi escolhido l\u00edder do partido na C\u00e2mara para o ano de 2019. A escolha foi feita por aclama\u00e7\u00e3o pelos deputados federais do partido que tomar\u00e3o posse em 1\u00ba de fevereiro do ano que vem.<\/p>\n<p>A reuni\u00e3o ocorreu na sede do PTB em Bras\u00edlia e contou com a participa\u00e7\u00e3o do atual l\u00edder da bancada, Jovair Arantes (GO), do presidente nacional do PTB, Roberto Jefferson, e de deputados da atual bancada na C\u00e2mara.<\/p>\n<p>\u201c\u00c9 uma satisfa\u00e7\u00e3o muito grande ter Pedro Lucas Fernandes me sucedendo na lideran\u00e7a que ocupei por tantos anos\u201d, declarou Jovair Arantes. Disse ainda que, apesar de jovem, a bancada dos novos deputados deu uma prova de maturidade ao escolher o futuro l\u00edder por aclama\u00e7\u00e3o e debatendo a import\u00e2ncia do partido no Parlamento.<\/p>\n<p>Para Roberto Jefferson, a escolha de Pedro Lucas \u201cfortaleceu a bancada que, apesar de pequena, demonstra consenso e qualidade\u201d.<\/p>\n<p>Assim que foi aclamado, Pedro Lucas Fernandes afirmou que pretende contribuir para fortalecer o PTB na C\u00e2mara e manter di\u00e1logo aberto com os demais partidos representados na Casa.<\/p>\n<p>\u201cO PTB n\u00e3o \u00e9 um partido qualquer. O PTB tem hist\u00f3ria, tem futuro e agora ser\u00e1 composto por 10 novos parlamentares que v\u00eam com muita energia\u201d, disse o futuro l\u00edder.<\/p>\n<p><strong>Uni\u00e3o<\/strong><\/p>\n<p>Para 2019, Pedro Lucas Fernandes quer manter o PTB na C\u00e2mara unido, embora saiba que possa haver diverg\u00eancias na bancada. Para resolver os problemas, defende o debate com o objetivo de chegar a um consenso.<\/p>\n<p>\u201cO debate \u00e9 salutar dentro da lideran\u00e7a, mas espero que possamos votar unidos. At\u00e9 agora, \u00e9 uma bancada pequena, de 10 parlamentares. Ent\u00e3o, temos que buscar essa unifica\u00e7\u00e3o constantemente, para que o partido n\u00e3o se divida e possa ter o espa\u00e7o que merece\u201d, afirmou.<\/p>\n<p><strong>Altern\u00e2ncia de poder<\/strong><\/p>\n<p>O futuro l\u00edder do PTB na C\u00e2mara tamb\u00e9m disse que vai manter o que foi acordado com os futuros deputados: altern\u00e2ncia de poder na lideran\u00e7a. A cada ano, o partido ter\u00e1 um novo l\u00edder.<br \/>\nA ideia \u00e9 oxigenar a lideran\u00e7a e permitir essa rotatividade entre os deputados.<\/p>\n<p>\u201cNeste primeiro ano, estarei ouvindo todos e levando a melhor proposta para o bem do PTB e para o bem do Brasil\u201d, destacou.<\/p>\n<p><strong>Transpar\u00eancia<\/strong><\/p>\n<p>Pedro Lucas tamb\u00e9m assumiu o compromisso de fazer uma lideran\u00e7a com base na transpar\u00eancia, ouvindo todos os demais deputados do PTB e colocando em discuss\u00e3o as melhores ideias.<\/p>\n<p>E disse que pretende, neste ano de lideran\u00e7a, aproximar ainda mais os cidad\u00e3os de todos os cantos do Brasil das vota\u00e7\u00f5es que ser\u00e3o feitas na C\u00e2mara dos Deputados em 2019.<\/p>\n<p><strong>Biografia<\/strong><\/p>\n<p>Vereador de S\u00e3o Lu\u00eds (MA) por dois mandatos consecutivos, Pedro Lucas Fernandes foi eleito deputado federal com 111.538 votos.\u00c9 administrador de empresas e especialista em Planejamento Governamental. Tamb\u00e9m \u00e9 filho do deputado federal Pedro Fernandes (PTB-MA).<\/p>\n<p>Pedro Lucas foi presidente da Ag\u00eancia Executiva Metropolitana (Agem), criada por lei estadual em 2015 para gerir a Regi\u00e3o Metropolitana da Grande S\u00e3o Lu\u00eds, que engloba Alc\u00e2ntara, Axix\u00e1, Bacabeira, Cachoeira Grande, Icatu, Morros, Presidente Juscelino, Pa\u00e7o do Lumiar, Raposa, Ros\u00e1rio, Santa Rita, S\u00e3o Jos\u00e9 de Ribamar e S\u00e3o Lu\u00eds.<\/p>\n","protected":false},"excerpt":{"rendered":"<p>O deputado eleito Pedro Lucas Fernandes (PTB-MA) foi escolhido l\u00edder do partido na C\u00e2mara para o ano de 2019. A [&hellip;]<\/p>\n","protected":false},"author":0,"featured_media":0,"comment_status":"open","ping_status":"open","sticky":false,"template":"","format":"standard","meta":{"site-sidebar-layout":"default","site-content-layout":"","ast-site-content-layout":"default","site-content-style":"default","site-sidebar-style":"default","ast-global-header-display":"","ast-banner-title-visibility":"","ast-main-header-display":"","ast-hfb-above-header-display":"","ast-hfb-below-header-display":"","ast-hfb-mobile-header-display":"","site-post-title":"","ast-breadcrumbs-content":"","ast-featured-img":"","footer-sml-layout":"","ast-disable-related-posts":"","theme-transparent-header-meta":"","adv-header-id-meta":"","stick-header-meta":"","header-above-stick-meta":"","header-main-stick-meta":"","header-below-stick-meta":"","astra-migrate-meta-layouts":"default","ast-page-background-enabled":"default","ast-page-background-meta":{"desktop":{"background-color":"var(--ast-global-color-5)","background-image":"","background-repeat":"repeat","background-position":"center center","background-size":"auto","background-attachment":"scroll","background-type":"","background-media":"","overlay-type":"","overlay-color":"","overlay-opacity":"","overlay-gradient":""},"tablet":{"background-color":"","background-image":"","background-repeat":"repeat","background-position":"center center","background-size":"auto","background-attachment":"scroll","background-type":"","background-media":"","overlay-type":"","overlay-color":"","overlay-opacity":"","overlay-gradient":""},"mobile":{"background-color":"","background-image":"","background-repeat":"repeat","background-position":"center center","background-size":"auto","background-attachment":"scroll","background-type":"","background-media":"","overlay-type":"","overlay-color":"","overlay-opacity":"","overlay-gradient":""}},"ast-content-background-meta":{"desktop":{"background-color":"var(--ast-global-color-4)","background-image":"","background-repeat":"repeat","background-position":"center center","background-size":"auto","background-attachment":"scroll","background-type":"","background-media":"","overlay-type":"","overlay-color":"","overlay-opacity":"","overlay-gradient":""},"tablet":{"background-color":"var(--ast-global-color-4)","background-image":"","background-repeat":"repeat","background-position":"center center","background-size":"auto","background-attachment":"scroll","background-type":"","background-media":"","overlay-type":"","overlay-color":"","overlay-opacity":"","overlay-gradient":""},"mobile":{"background-color":"var(--ast-global-color-4)","background-image":"","background-repeat":"repeat","background-position":"center center","background-size":"auto","background-attachment":"scroll","background-type":"","background-media":"","overlay-type":"","overlay-color":"","overlay-opacity":"","overlay-gradient":""}},"footnotes":""},"categories":[1],"tags":[],"class_list":["post-58810","post","type-post","status-publish","format-standard","hentry","category-sem-categoria"],"yoast_head":"<!-- This site is optimized with the Yoast SEO plugin v26.6 - https:\/\/yoast.com\/wordpress\/plugins\/seo\/ -->\n<title>Pedro Lucas Fernandes \u00e9 aclamado l\u00edder do PTB na C\u00e2mara para 2019 - Daniel Matos<\/title>\n<meta name=\"robots\" content=\"index, follow, max-snippet:-1, max-image-preview:large, max-video-preview:-1\" \/>\n<link rel=\"canonical\" href=\"https:\/\/www.blogsoestado.com\/danielmatos\/pedro-lucas-fernandes-e-aclamado-lider-do-ptb-na-camara-para-2019\/\" \/>\n<meta property=\"og:locale\" content=\"pt_BR\" \/>\n<meta property=\"og:type\" content=\"article\" \/>\n<meta property=\"og:title\" content=\"Pedro Lucas Fernandes \u00e9 aclamado l\u00edder do PTB na C\u00e2mara para 2019 - Daniel Matos\" \/>\n<meta property=\"og:description\" content=\"O deputado eleito Pedro Lucas Fernandes (PTB-MA) foi escolhido l\u00edder do partido na C\u00e2mara para o ano de 2019. A [&hellip;]\" \/>\n<meta property=\"og:url\" content=\"https:\/\/www.blogsoestado.com\/danielmatos\/pedro-lucas-fernandes-e-aclamado-lider-do-ptb-na-camara-para-2019\/\" \/>\n<meta property=\"og:site_name\" content=\"Daniel Matos\" \/>\n<meta property=\"article:published_time\" content=\"2018-12-13T14:27:49+00:00\" \/>\n<meta property=\"og:image\" content=\"https:\/\/www.blogsoestado.com\/danielmatos\/files\/2018\/12\/pedro-ptb.jpg\" \/>\n<meta name=\"twitter:card\" content=\"summary_large_image\" \/>\n<meta name=\"twitter:label1\" content=\"Est. tempo de leitura\" \/>\n\t<meta name=\"twitter:data1\" content=\"3 minutos\" \/>\n<script type=\"application\/ld+json\" class=\"yoast-schema-graph\">{\"@context\":\"https:\/\/schema.org\",\"@graph\":[{\"@type\":\"WebPage\",\"@id\":\"https:\/\/www.blogsoestado.com\/danielmatos\/pedro-lucas-fernandes-e-aclamado-lider-do-ptb-na-camara-para-2019\/\",\"url\":\"https:\/\/www.blogsoestado.com\/danielmatos\/pedro-lucas-fernandes-e-aclamado-lider-do-ptb-na-camara-para-2019\/\",\"name\":\"Pedro Lucas Fernandes \u00e9 aclamado l\u00edder do PTB na C\u00e2mara para 2019 - Daniel Matos\",\"isPartOf\":{\"@id\":\"https:\/\/www.blogsoestado.com\/danielmatos\/#website\"},\"primaryImageOfPage\":{\"@id\":\"https:\/\/www.blogsoestado.com\/danielmatos\/pedro-lucas-fernandes-e-aclamado-lider-do-ptb-na-camara-para-2019\/#primaryimage\"},\"image\":{\"@id\":\"https:\/\/www.blogsoestado.com\/danielmatos\/pedro-lucas-fernandes-e-aclamado-lider-do-ptb-na-camara-para-2019\/#primaryimage\"},\"thumbnailUrl\":\"https:\/\/www.blogsoestado.com\/danielmatos\/files\/2018\/12\/pedro-ptb.jpg\",\"datePublished\":\"2018-12-13T14:27:49+00:00\",\"author\":{\"@id\":\"\"},\"breadcrumb\":{\"@id\":\"https:\/\/www.blogsoestado.com\/danielmatos\/pedro-lucas-fernandes-e-aclamado-lider-do-ptb-na-camara-para-2019\/#breadcrumb\"},\"inLanguage\":\"pt-BR\",\"potentialAction\":[{\"@type\":\"ReadAction\",\"target\":[\"https:\/\/www.blogsoestado.com\/danielmatos\/pedro-lucas-fernandes-e-aclamado-lider-do-ptb-na-camara-para-2019\/\"]}]},{\"@type\":\"ImageObject\",\"inLanguage\":\"pt-BR\",\"@id\":\"https:\/\/www.blogsoestado.com\/danielmatos\/pedro-lucas-fernandes-e-aclamado-lider-do-ptb-na-camara-para-2019\/#primaryimage\",\"url\":\"https:\/\/www.blogsoestado.com\/danielmatos\/files\/2018\/12\/pedro-ptb.jpg\",\"contentUrl\":\"https:\/\/www.blogsoestado.com\/danielmatos\/files\/2018\/12\/pedro-ptb.jpg\"},{\"@type\":\"BreadcrumbList\",\"@id\":\"https:\/\/www.blogsoestado.com\/danielmatos\/pedro-lucas-fernandes-e-aclamado-lider-do-ptb-na-camara-para-2019\/#breadcrumb\",\"itemListElement\":[{\"@type\":\"ListItem\",\"position\":1,\"name\":\"In\u00edcio\",\"item\":\"https:\/\/www.blogsoestado.com\/danielmatos\/\"},{\"@type\":\"ListItem\",\"position\":2,\"name\":\"Pedro Lucas Fernandes \u00e9 aclamado l\u00edder do PTB na C\u00e2mara para 2019\"}]},{\"@type\":\"WebSite\",\"@id\":\"https:\/\/www.blogsoestado.com\/danielmatos\/#website\",\"url\":\"https:\/\/www.blogsoestado.com\/danielmatos\/\",\"name\":\"Daniel Matos\",\"description\":\"\",\"potentialAction\":[{\"@type\":\"SearchAction\",\"target\":{\"@type\":\"EntryPoint\",\"urlTemplate\":\"https:\/\/www.blogsoestado.com\/danielmatos\/?s={search_term_string}\"},\"query-input\":{\"@type\":\"PropertyValueSpecification\",\"valueRequired\":true,\"valueName\":\"search_term_string\"}}],\"inLanguage\":\"pt-BR\"}]}<\/script>\n<!-- \/ Yoast SEO plugin. -->","yoast_head_json":{"title":"Pedro Lucas Fernandes \u00e9 aclamado l\u00edder do PTB na C\u00e2mara para 2019 - Daniel Matos","robots":{"index":"index","follow":"follow","max-snippet":"max-snippet:-1","max-image-preview":"max-image-preview:large","max-video-preview":"max-video-preview:-1"},"canonical":"https:\/\/www.blogsoestado.com\/danielmatos\/pedro-lucas-fernandes-e-aclamado-lider-do-ptb-na-camara-para-2019\/","og_locale":"pt_BR","og_type":"article","og_title":"Pedro Lucas Fernandes \u00e9 aclamado l\u00edder do PTB na C\u00e2mara para 2019 - Daniel Matos","og_description":"O deputado eleito Pedro Lucas Fernandes (PTB-MA) foi escolhido l\u00edder do partido na C\u00e2mara para o ano de 2019. A [&hellip;]","og_url":"https:\/\/www.blogsoestado.com\/danielmatos\/pedro-lucas-fernandes-e-aclamado-lider-do-ptb-na-camara-para-2019\/","og_site_name":"Daniel Matos","article_published_time":"2018-12-13T14:27:49+00:00","og_image":[{"url":"https:\/\/www.blogsoestado.com\/danielmatos\/files\/2018\/12\/pedro-ptb.jpg","type":"","width":"","height":""}],"twitter_card":"summary_large_image","twitter_misc":{"Est. tempo de leitura":"3 minutos"},"schema":{"@context":"https:\/\/schema.org","@graph":[{"@type":"WebPage","@id":"https:\/\/www.blogsoestado.com\/danielmatos\/pedro-lucas-fernandes-e-aclamado-lider-do-ptb-na-camara-para-2019\/","url":"https:\/\/www.blogsoestado.com\/danielmatos\/pedro-lucas-fernandes-e-aclamado-lider-do-ptb-na-camara-para-2019\/","name":"Pedro Lucas Fernandes \u00e9 aclamado l\u00edder do PTB na C\u00e2mara para 2019 - Daniel Matos","isPartOf":{"@id":"https:\/\/www.blogsoestado.com\/danielmatos\/#website"},"primaryImageOfPage":{"@id":"https:\/\/www.blogsoestado.com\/danielmatos\/pedro-lucas-fernandes-e-aclamado-lider-do-ptb-na-camara-para-2019\/#primaryimage"},"image":{"@id":"https:\/\/www.blogsoestado.com\/danielmatos\/pedro-lucas-fernandes-e-aclamado-lider-do-ptb-na-camara-para-2019\/#primaryimage"},"thumbnailUrl":"https:\/\/www.blogsoestado.com\/danielmatos\/files\/2018\/12\/pedro-ptb.jpg","datePublished":"2018-12-13T14:27:49+00:00","author":{"@id":""},"breadcrumb":{"@id":"https:\/\/www.blogsoestado.com\/danielmatos\/pedro-lucas-fernandes-e-aclamado-lider-do-ptb-na-camara-para-2019\/#breadcrumb"},"inLanguage":"pt-BR","potentialAction":[{"@type":"ReadAction","target":["https:\/\/www.blogsoestado.com\/danielmatos\/pedro-lucas-fernandes-e-aclamado-lider-do-ptb-na-camara-para-2019\/"]}]},{"@type":"ImageObject","inLanguage":"pt-BR","@id":"https:\/\/www.blogsoestado.com\/danielmatos\/pedro-lucas-fernandes-e-aclamado-lider-do-ptb-na-camara-para-2019\/#primaryimage","url":"https:\/\/www.blogsoestado.com\/danielmatos\/files\/2018\/12\/pedro-ptb.jpg","contentUrl":"https:\/\/www.blogsoestado.com\/danielmatos\/files\/2018\/12\/pedro-ptb.jpg"},{"@type":"BreadcrumbList","@id":"https:\/\/www.blogsoestado.com\/danielmatos\/pedro-lucas-fernandes-e-aclamado-lider-do-ptb-na-camara-para-2019\/#breadcrumb","itemListElement":[{"@type":"ListItem","position":1,"name":"In\u00edcio","item":"https:\/\/www.blogsoestado.com\/danielmatos\/"},{"@type":"ListItem","position":2,"name":"Pedro Lucas Fernandes \u00e9 aclamado l\u00edder do PTB na C\u00e2mara para 2019"}]},{"@type":"WebSite","@id":"https:\/\/www.blogsoestado.com\/danielmatos\/#website","url":"https:\/\/www.blogsoestado.com\/danielmatos\/","name":"Daniel Matos","description":"","potentialAction":[{"@type":"SearchAction","target":{"@type":"EntryPoint","urlTemplate":"https:\/\/www.blogsoestado.com\/danielmatos\/?s={search_term_string}"},"query-input":{"@type":"PropertyValueSpecification","valueRequired":true,"valueName":"search_term_string"}}],"inLanguage":"pt-BR"}]}},"jetpack_featured_media_url":"","_links":{"self":[{"href":"https:\/\/www.blogsoestado.com\/danielmatos\/wp-json\/wp\/v2\/posts\/58810","targetHints":{"allow":["GET"]}}],"collection":[{"href":"https:\/\/www.blogsoestado.com\/danielmatos\/wp-json\/wp\/v2\/posts"}],"about":[{"href":"https:\/\/www.blogsoestado.com\/danielmatos\/wp-json\/wp\/v2\/types\/post"}],"replies":[{"embeddable":true,"href":"https:\/\/www.blogsoestado.com\/danielmatos\/wp-json\/wp\/v2\/comments?post=58810"}],"version-history":[{"count":0,"href":"https:\/\/www.blogsoestado.com\/danielmatos\/wp-json\/wp\/v2\/posts\/58810\/revisions"}],"wp:attachment":[{"href":"https:\/\/www.blogsoestado.com\/danielmatos\/wp-json\/wp\/v2\/media?parent=58810"}],"wp:term":[{"taxonomy":"category","embeddable":true,"href":"https:\/\/www.blogsoestado.com\/danielmatos\/wp-json\/wp\/v2\/categories?post=58810"},{"taxonomy":"post_tag","embeddable":true,"href":"https:\/\/www.blogsoestado.com\/danielmatos\/wp-json\/wp\/v2\/tags?post=58810"}],"curies":[{"name":"wp","href":"https:\/\/api.w.org\/{rel}","templated":true}]}}