{"id":58815,"date":"2018-12-13T11:51:24","date_gmt":"2018-12-13T14:51:24","guid":{"rendered":"https:\/\/www.blogsoestado.com\/danielmatos\/?p=58815"},"modified":"2018-12-13T11:51:24","modified_gmt":"2018-12-13T14:51:24","slug":"emendas-de-cezar-bombeiro-ao-orcamento-contemplam-os-bairros-liberdade-e-residencial-500-anos","status":"publish","type":"post","link":"https:\/\/www.blogsoestado.com\/danielmatos\/emendas-de-cezar-bombeiro-ao-orcamento-contemplam-os-bairros-liberdade-e-residencial-500-anos\/","title":{"rendered":"Emendas de C\u00e9zar Bombeiro ao or\u00e7amento contemplam os bairros Liberdade e Residencial 500 Anos"},"content":{"rendered":"<figure id=\"attachment_58816\" aria-describedby=\"caption-attachment-58816\" style=\"width: 450px\" class=\"wp-caption alignright\"><a href=\"https:\/\/www.blogsoestado.com\/danielmatos\/2018\/12\/13\/emendas-de-cezar-bombeiro-ao-orcamento-contemplam-os-bairros-liberdade-e-residencial-500-anos\/bombeiro-emendas\/\" rel=\"attachment wp-att-58816\"><img fetchpriority=\"high\" decoding=\"async\" class=\"wp-image-58816\" src=\"https:\/\/www.blogsoestado.com\/danielmatos\/files\/2018\/12\/bombeiro-emendas.jpg\" alt=\"\" width=\"450\" height=\"300\" \/><\/a><figcaption id=\"caption-attachment-58816\" class=\"wp-caption-text\">Vereador C\u00e9zar Bombeiros apresentou emendas que representar\u00e3o melhorias para a popula\u00e7\u00e3o<\/figcaption><\/figure>\n<p>O vereador C\u00e9zar Bombeiro (PSD) encaminhou emendas ao or\u00e7amento do Munic\u00edpio, que ser\u00e1 votado na C\u00e2mara de S\u00e3o Lu\u00eds. O parlamentar pediu a inclus\u00e3o de obras de cobertura de galerias no bairro Liberdade, com or\u00e7amento estabelecido em R$ 400 mil; asfalto no Residencial 500 Anos, no bairro Jardim S\u00e3o Crist\u00f3v\u00e3o II, no valor de R$ 300 mil; wi-fi no Mercado da Liberdade, ao custo de R$ 100 mil, al\u00e9m de R$ 200 mil para a recupera\u00e7\u00e3o geral do telhado e pintura no Col\u00e9gio M\u00e1rio Andreazza, na Liberdade.<\/p>\n<p>C\u00e9zar Bombeiro diz que as emendas apresentadas se destinam a servi\u00e7os emergenciais que j\u00e1 poderiam ter sido feitos pelo poder p\u00fablico. A cobertura das galerias ser\u00e1 de fundamental import\u00e2ncia e preven\u00e7\u00e3o a doen\u00e7as, haja vista que atualmente elas se tornam verdadeiros criadouros do mosquito Aedes egypti, transmissor da dengue, zika e chikungunya, o que exp\u00f5e as fam\u00edlias ao risco de contrair doen\u00e7as todos os dias do ano.<\/p>\n<p>Quanto \u00e0 escola M\u00e1rio Andreazza, funciona em um pr\u00e9dio que faz parte da mem\u00f3ria, que sediou a administra\u00e7\u00e3o do antigo matadouro. Em rela\u00e7\u00e3o ao asfaltamento para o Residencial 500 Anos, \u00e9 uma aspira\u00e7\u00e3o popular das fam\u00edlias que moram no local e, finalmente, o wi-fi para o mercado da Liberdade \u00e9 de grande import\u00e2ncia para os feirantes e para milhares de pessoas que fazem compras todos os dias na feira. &#8220;Inclusive, o mercado \u00e9 uma importante atra\u00e7\u00e3o para os bairros Camboa, F\u00e9 em Deus, Monte Castelo, Vila Passos e at\u00e9 para o Centro da capital&#8221;, observa C\u00e9zar Bombeiro.<\/p>\n","protected":false},"excerpt":{"rendered":"<p>O vereador C\u00e9zar Bombeiro (PSD) encaminhou emendas ao or\u00e7amento do Munic\u00edpio, que ser\u00e1 votado na C\u00e2mara de S\u00e3o Lu\u00eds. O [&hellip;]<\/p>\n","protected":false},"author":0,"featured_media":0,"comment_status":"open","ping_status":"open","sticky":false,"template":"","format":"standard","meta":{"site-sidebar-layout":"default","site-content-layout":"","ast-site-content-layout":"default","site-content-style":"default","site-sidebar-style":"default","ast-global-header-display":"","ast-banner-title-visibility":"","ast-main-header-display":"","ast-hfb-above-header-display":"","ast-hfb-below-header-display":"","ast-hfb-mobile-header-display":"","site-post-title":"","ast-breadcrumbs-content":"","ast-featured-img":"","footer-sml-layout":"","ast-disable-related-posts":"","theme-transparent-header-meta":"","adv-header-id-meta":"","stick-header-meta":"","header-above-stick-meta":"","header-main-stick-meta":"","header-below-stick-meta":"","astra-migrate-meta-layouts":"default","ast-page-background-enabled":"default","ast-page-background-meta":{"desktop":{"background-color":"var(--ast-global-color-5)","background-image":"","background-repeat":"repeat","background-position":"center center","background-size":"auto","background-attachment":"scroll","background-type":"","background-media":"","overlay-type":"","overlay-color":"","overlay-opacity":"","overlay-gradient":""},"tablet":{"background-color":"","background-image":"","background-repeat":"repeat","background-position":"center center","background-size":"auto","background-attachment":"scroll","background-type":"","background-media":"","overlay-type":"","overlay-color":"","overlay-opacity":"","overlay-gradient":""},"mobile":{"background-color":"","background-image":"","background-repeat":"repeat","background-position":"center center","background-size":"auto","background-attachment":"scroll","background-type":"","background-media":"","overlay-type":"","overlay-color":"","overlay-opacity":"","overlay-gradient":""}},"ast-content-background-meta":{"desktop":{"background-color":"var(--ast-global-color-4)","background-image":"","background-repeat":"repeat","background-position":"center center","background-size":"auto","background-attachment":"scroll","background-type":"","background-media":"","overlay-type":"","overlay-color":"","overlay-opacity":"","overlay-gradient":""},"tablet":{"background-color":"var(--ast-global-color-4)","background-image":"","background-repeat":"repeat","background-position":"center center","background-size":"auto","background-attachment":"scroll","background-type":"","background-media":"","overlay-type":"","overlay-color":"","overlay-opacity":"","overlay-gradient":""},"mobile":{"background-color":"var(--ast-global-color-4)","background-image":"","background-repeat":"repeat","background-position":"center center","background-size":"auto","background-attachment":"scroll","background-type":"","background-media":"","overlay-type":"","overlay-color":"","overlay-opacity":"","overlay-gradient":""}},"footnotes":""},"categories":[1],"tags":[],"class_list":["post-58815","post","type-post","status-publish","format-standard","hentry","category-sem-categoria"],"yoast_head":"<!-- This site is optimized with the Yoast SEO plugin v26.6 - https:\/\/yoast.com\/wordpress\/plugins\/seo\/ -->\n<title>Emendas de C\u00e9zar Bombeiro ao or\u00e7amento contemplam os bairros Liberdade e Residencial 500 Anos - Daniel Matos<\/title>\n<meta name=\"robots\" content=\"index, follow, max-snippet:-1, max-image-preview:large, max-video-preview:-1\" \/>\n<link rel=\"canonical\" href=\"https:\/\/www.blogsoestado.com\/danielmatos\/emendas-de-cezar-bombeiro-ao-orcamento-contemplam-os-bairros-liberdade-e-residencial-500-anos\/\" \/>\n<meta property=\"og:locale\" content=\"pt_BR\" \/>\n<meta property=\"og:type\" content=\"article\" \/>\n<meta property=\"og:title\" content=\"Emendas de C\u00e9zar Bombeiro ao or\u00e7amento contemplam os bairros Liberdade e Residencial 500 Anos - Daniel Matos\" \/>\n<meta property=\"og:description\" content=\"O vereador C\u00e9zar Bombeiro (PSD) encaminhou emendas ao or\u00e7amento do Munic\u00edpio, que ser\u00e1 votado na C\u00e2mara de S\u00e3o Lu\u00eds. O [&hellip;]\" \/>\n<meta property=\"og:url\" content=\"https:\/\/www.blogsoestado.com\/danielmatos\/emendas-de-cezar-bombeiro-ao-orcamento-contemplam-os-bairros-liberdade-e-residencial-500-anos\/\" \/>\n<meta property=\"og:site_name\" content=\"Daniel Matos\" \/>\n<meta property=\"article:published_time\" content=\"2018-12-13T14:51:24+00:00\" \/>\n<meta property=\"og:image\" content=\"https:\/\/www.blogsoestado.com\/danielmatos\/files\/2018\/12\/bombeiro-emendas.jpg\" \/>\n<meta name=\"twitter:card\" content=\"summary_large_image\" \/>\n<meta name=\"twitter:label1\" content=\"Est. tempo de leitura\" \/>\n\t<meta name=\"twitter:data1\" content=\"1 minuto\" \/>\n<script type=\"application\/ld+json\" class=\"yoast-schema-graph\">{\"@context\":\"https:\/\/schema.org\",\"@graph\":[{\"@type\":\"WebPage\",\"@id\":\"https:\/\/www.blogsoestado.com\/danielmatos\/emendas-de-cezar-bombeiro-ao-orcamento-contemplam-os-bairros-liberdade-e-residencial-500-anos\/\",\"url\":\"https:\/\/www.blogsoestado.com\/danielmatos\/emendas-de-cezar-bombeiro-ao-orcamento-contemplam-os-bairros-liberdade-e-residencial-500-anos\/\",\"name\":\"Emendas de C\u00e9zar Bombeiro ao or\u00e7amento contemplam os bairros Liberdade e Residencial 500 Anos - Daniel Matos\",\"isPartOf\":{\"@id\":\"https:\/\/www.blogsoestado.com\/danielmatos\/#website\"},\"primaryImageOfPage\":{\"@id\":\"https:\/\/www.blogsoestado.com\/danielmatos\/emendas-de-cezar-bombeiro-ao-orcamento-contemplam-os-bairros-liberdade-e-residencial-500-anos\/#primaryimage\"},\"image\":{\"@id\":\"https:\/\/www.blogsoestado.com\/danielmatos\/emendas-de-cezar-bombeiro-ao-orcamento-contemplam-os-bairros-liberdade-e-residencial-500-anos\/#primaryimage\"},\"thumbnailUrl\":\"https:\/\/www.blogsoestado.com\/danielmatos\/files\/2018\/12\/bombeiro-emendas.jpg\",\"datePublished\":\"2018-12-13T14:51:24+00:00\",\"author\":{\"@id\":\"\"},\"breadcrumb\":{\"@id\":\"https:\/\/www.blogsoestado.com\/danielmatos\/emendas-de-cezar-bombeiro-ao-orcamento-contemplam-os-bairros-liberdade-e-residencial-500-anos\/#breadcrumb\"},\"inLanguage\":\"pt-BR\",\"potentialAction\":[{\"@type\":\"ReadAction\",\"target\":[\"https:\/\/www.blogsoestado.com\/danielmatos\/emendas-de-cezar-bombeiro-ao-orcamento-contemplam-os-bairros-liberdade-e-residencial-500-anos\/\"]}]},{\"@type\":\"ImageObject\",\"inLanguage\":\"pt-BR\",\"@id\":\"https:\/\/www.blogsoestado.com\/danielmatos\/emendas-de-cezar-bombeiro-ao-orcamento-contemplam-os-bairros-liberdade-e-residencial-500-anos\/#primaryimage\",\"url\":\"https:\/\/www.blogsoestado.com\/danielmatos\/files\/2018\/12\/bombeiro-emendas.jpg\",\"contentUrl\":\"https:\/\/www.blogsoestado.com\/danielmatos\/files\/2018\/12\/bombeiro-emendas.jpg\"},{\"@type\":\"BreadcrumbList\",\"@id\":\"https:\/\/www.blogsoestado.com\/danielmatos\/emendas-de-cezar-bombeiro-ao-orcamento-contemplam-os-bairros-liberdade-e-residencial-500-anos\/#breadcrumb\",\"itemListElement\":[{\"@type\":\"ListItem\",\"position\":1,\"name\":\"In\u00edcio\",\"item\":\"https:\/\/www.blogsoestado.com\/danielmatos\/\"},{\"@type\":\"ListItem\",\"position\":2,\"name\":\"Emendas de C\u00e9zar Bombeiro ao or\u00e7amento contemplam os bairros Liberdade e Residencial 500 Anos\"}]},{\"@type\":\"WebSite\",\"@id\":\"https:\/\/www.blogsoestado.com\/danielmatos\/#website\",\"url\":\"https:\/\/www.blogsoestado.com\/danielmatos\/\",\"name\":\"Daniel Matos\",\"description\":\"\",\"potentialAction\":[{\"@type\":\"SearchAction\",\"target\":{\"@type\":\"EntryPoint\",\"urlTemplate\":\"https:\/\/www.blogsoestado.com\/danielmatos\/?s={search_term_string}\"},\"query-input\":{\"@type\":\"PropertyValueSpecification\",\"valueRequired\":true,\"valueName\":\"search_term_string\"}}],\"inLanguage\":\"pt-BR\"}]}<\/script>\n<!-- \/ Yoast SEO plugin. -->","yoast_head_json":{"title":"Emendas de C\u00e9zar Bombeiro ao or\u00e7amento contemplam os bairros Liberdade e Residencial 500 Anos - Daniel Matos","robots":{"index":"index","follow":"follow","max-snippet":"max-snippet:-1","max-image-preview":"max-image-preview:large","max-video-preview":"max-video-preview:-1"},"canonical":"https:\/\/www.blogsoestado.com\/danielmatos\/emendas-de-cezar-bombeiro-ao-orcamento-contemplam-os-bairros-liberdade-e-residencial-500-anos\/","og_locale":"pt_BR","og_type":"article","og_title":"Emendas de C\u00e9zar Bombeiro ao or\u00e7amento contemplam os bairros Liberdade e Residencial 500 Anos - Daniel Matos","og_description":"O vereador C\u00e9zar Bombeiro (PSD) encaminhou emendas ao or\u00e7amento do Munic\u00edpio, que ser\u00e1 votado na C\u00e2mara de S\u00e3o Lu\u00eds. O [&hellip;]","og_url":"https:\/\/www.blogsoestado.com\/danielmatos\/emendas-de-cezar-bombeiro-ao-orcamento-contemplam-os-bairros-liberdade-e-residencial-500-anos\/","og_site_name":"Daniel Matos","article_published_time":"2018-12-13T14:51:24+00:00","og_image":[{"url":"https:\/\/www.blogsoestado.com\/danielmatos\/files\/2018\/12\/bombeiro-emendas.jpg","type":"","width":"","height":""}],"twitter_card":"summary_large_image","twitter_misc":{"Est. tempo de leitura":"1 minuto"},"schema":{"@context":"https:\/\/schema.org","@graph":[{"@type":"WebPage","@id":"https:\/\/www.blogsoestado.com\/danielmatos\/emendas-de-cezar-bombeiro-ao-orcamento-contemplam-os-bairros-liberdade-e-residencial-500-anos\/","url":"https:\/\/www.blogsoestado.com\/danielmatos\/emendas-de-cezar-bombeiro-ao-orcamento-contemplam-os-bairros-liberdade-e-residencial-500-anos\/","name":"Emendas de C\u00e9zar Bombeiro ao or\u00e7amento contemplam os bairros Liberdade e Residencial 500 Anos - Daniel Matos","isPartOf":{"@id":"https:\/\/www.blogsoestado.com\/danielmatos\/#website"},"primaryImageOfPage":{"@id":"https:\/\/www.blogsoestado.com\/danielmatos\/emendas-de-cezar-bombeiro-ao-orcamento-contemplam-os-bairros-liberdade-e-residencial-500-anos\/#primaryimage"},"image":{"@id":"https:\/\/www.blogsoestado.com\/danielmatos\/emendas-de-cezar-bombeiro-ao-orcamento-contemplam-os-bairros-liberdade-e-residencial-500-anos\/#primaryimage"},"thumbnailUrl":"https:\/\/www.blogsoestado.com\/danielmatos\/files\/2018\/12\/bombeiro-emendas.jpg","datePublished":"2018-12-13T14:51:24+00:00","author":{"@id":""},"breadcrumb":{"@id":"https:\/\/www.blogsoestado.com\/danielmatos\/emendas-de-cezar-bombeiro-ao-orcamento-contemplam-os-bairros-liberdade-e-residencial-500-anos\/#breadcrumb"},"inLanguage":"pt-BR","potentialAction":[{"@type":"ReadAction","target":["https:\/\/www.blogsoestado.com\/danielmatos\/emendas-de-cezar-bombeiro-ao-orcamento-contemplam-os-bairros-liberdade-e-residencial-500-anos\/"]}]},{"@type":"ImageObject","inLanguage":"pt-BR","@id":"https:\/\/www.blogsoestado.com\/danielmatos\/emendas-de-cezar-bombeiro-ao-orcamento-contemplam-os-bairros-liberdade-e-residencial-500-anos\/#primaryimage","url":"https:\/\/www.blogsoestado.com\/danielmatos\/files\/2018\/12\/bombeiro-emendas.jpg","contentUrl":"https:\/\/www.blogsoestado.com\/danielmatos\/files\/2018\/12\/bombeiro-emendas.jpg"},{"@type":"BreadcrumbList","@id":"https:\/\/www.blogsoestado.com\/danielmatos\/emendas-de-cezar-bombeiro-ao-orcamento-contemplam-os-bairros-liberdade-e-residencial-500-anos\/#breadcrumb","itemListElement":[{"@type":"ListItem","position":1,"name":"In\u00edcio","item":"https:\/\/www.blogsoestado.com\/danielmatos\/"},{"@type":"ListItem","position":2,"name":"Emendas de C\u00e9zar Bombeiro ao or\u00e7amento contemplam os bairros Liberdade e Residencial 500 Anos"}]},{"@type":"WebSite","@id":"https:\/\/www.blogsoestado.com\/danielmatos\/#website","url":"https:\/\/www.blogsoestado.com\/danielmatos\/","name":"Daniel Matos","description":"","potentialAction":[{"@type":"SearchAction","target":{"@type":"EntryPoint","urlTemplate":"https:\/\/www.blogsoestado.com\/danielmatos\/?s={search_term_string}"},"query-input":{"@type":"PropertyValueSpecification","valueRequired":true,"valueName":"search_term_string"}}],"inLanguage":"pt-BR"}]}},"jetpack_featured_media_url":"","_links":{"self":[{"href":"https:\/\/www.blogsoestado.com\/danielmatos\/wp-json\/wp\/v2\/posts\/58815","targetHints":{"allow":["GET"]}}],"collection":[{"href":"https:\/\/www.blogsoestado.com\/danielmatos\/wp-json\/wp\/v2\/posts"}],"about":[{"href":"https:\/\/www.blogsoestado.com\/danielmatos\/wp-json\/wp\/v2\/types\/post"}],"replies":[{"embeddable":true,"href":"https:\/\/www.blogsoestado.com\/danielmatos\/wp-json\/wp\/v2\/comments?post=58815"}],"version-history":[{"count":0,"href":"https:\/\/www.blogsoestado.com\/danielmatos\/wp-json\/wp\/v2\/posts\/58815\/revisions"}],"wp:attachment":[{"href":"https:\/\/www.blogsoestado.com\/danielmatos\/wp-json\/wp\/v2\/media?parent=58815"}],"wp:term":[{"taxonomy":"category","embeddable":true,"href":"https:\/\/www.blogsoestado.com\/danielmatos\/wp-json\/wp\/v2\/categories?post=58815"},{"taxonomy":"post_tag","embeddable":true,"href":"https:\/\/www.blogsoestado.com\/danielmatos\/wp-json\/wp\/v2\/tags?post=58815"}],"curies":[{"name":"wp","href":"https:\/\/api.w.org\/{rel}","templated":true}]}}