{"id":58822,"date":"2018-12-13T13:30:12","date_gmt":"2018-12-13T16:30:12","guid":{"rendered":"https:\/\/www.blogsoestado.com\/danielmatos\/?p=58822"},"modified":"2018-12-13T13:30:12","modified_gmt":"2018-12-13T16:30:12","slug":"governo-comete-improbidade-com-recursos-do-fundeb-afirma-cesar-pires","status":"publish","type":"post","link":"https:\/\/www.blogsoestado.com\/danielmatos\/governo-comete-improbidade-com-recursos-do-fundeb-afirma-cesar-pires\/","title":{"rendered":"Governo comete improbidade com recursos do Fundeb, afirma C\u00e9sar Pires"},"content":{"rendered":"<figure id=\"attachment_58823\" aria-describedby=\"caption-attachment-58823\" style=\"width: 450px\" class=\"wp-caption alignright\"><a href=\"https:\/\/www.blogsoestado.com\/danielmatos\/?attachment_id=58823\" rel=\"attachment wp-att-58823\"><img fetchpriority=\"high\" decoding=\"async\" class=\"wp-image-58823\" src=\"https:\/\/www.blogsoestado.com\/danielmatos\/files\/2018\/12\/Cesar-Fundeb.jpg\" alt=\"\" width=\"450\" height=\"300\" \/><\/a><figcaption id=\"caption-attachment-58823\" class=\"wp-caption-text\">C\u00e9sar Belo acusa Fl\u00e1vio Dino de cometer aberra\u00e7\u00e3o administrativa, vedada pela Constitui\u00e7\u00e3o<\/figcaption><\/figure>\n<p>O deputado C\u00e9sar Pires alertou, da tribuna da Assembleia Legislativa, que o governo Fl\u00e1vio Dino est\u00e1 retirando recursos Fundo de Manuten\u00e7\u00e3o e Desenvolvimento da Educa\u00e7\u00e3o B\u00e1sica e de Valoriza\u00e7\u00e3o dos Profissionais da Educa\u00e7\u00e3o (Fundeb) para cobrir o rombo do Fundo Estadual de Pens\u00f5es e Aposentadorias (FEPA). Para o parlamentar, essa \u00e9 uma grave improbidade administrativa que precisa ser investigada pelos \u00f3rg\u00e3os competentes.<\/p>\n<p>Com base em dados oficiais, C\u00e9sar Pires informou que a contribui\u00e7\u00e3o dos servidores gera uma receita anual de R$ 660 milh\u00f5es para o FEPA, que somada \u00e0 contribui\u00e7\u00e3o do Estado, em torno de R$ 814 milh\u00f5es, chega \u00e0 arrecada\u00e7\u00e3o de R$ 1,475 bilh\u00e3o. \u201cS\u00f3 que a despesa anual da Previd\u00eancia estadual \u00e9 de R$ 2,476 bilh\u00f5es, um d\u00e9ficit de R$ 1 bilh\u00e3o entre a receita e a despesa. O FEPA quebrou e est\u00e3o cometendo improbidade administrativa ao usar recursos do Fundeb para tentar cobrir o rombo previdenci\u00e1rio\u201d, denunciou ele.<\/p>\n<p>Segundo C\u00e9sar Pires, o governo Fl\u00e1vio Dino transferiu para o FEPA R$ 100 milh\u00f5es do Fundeb, que deveriam garantir melhorias salariais para os professores do ensino m\u00e9dio, e mais R$ 16 milh\u00f5es do ensino superior, impondo perdas \u00e0 produ\u00e7\u00e3o cient\u00edfica da Universidade Estadual. \u201cVolto a reafirmar aos professores da rede estadual que eles est\u00e3o ganhando menos porque o Estado est\u00e1 subtraindo direito l\u00edquido e certo assegurados pelo FUNDEB, e o mesmo ocorre com os docentes da UEMA e da UEMASul\u201d, ressaltou<\/p>\n<p>Para o parlamentar, \u201co que estamos assistindo \u00e9 uma aberra\u00e7\u00e3o administrativa, vedada pelos artigos 37 e 40 da Constitui\u00e7\u00e3o Federal, nos artigos 70 e 71 da Lei de Diretrizes e Bases da Educa\u00e7\u00e3o (LDB) e tamb\u00e9m na Lei 11.494\/2007. O governo gastou mais do que recebeu, n\u00e3o tem mais capacidade de endividamento, acabou a liquidez do Estado\u201d.<\/p>\n<p>O deputado tamb\u00e9m acrescentou ter sido informado que parte da contribui\u00e7\u00e3o previdenci\u00e1ria recolhida dos servidores estaduais n\u00e3o tem sido repassada ao FEPA, desde agosto. \u201cE onde est\u00e1 o Minist\u00e9rio P\u00fablico que n\u00e3o interv\u00e9m? O Governo usa dinheiro do Fundo de Manuten\u00e7\u00e3o do Ensino B\u00e1sico para pagar a Previd\u00eancia. O que est\u00e1 acontecendo no Maranh\u00e3o \u00e9 um crime e, portanto, merece a apura\u00e7\u00e3o dos \u00f3rg\u00e3os de fiscaliza\u00e7\u00e3o\u201d, finalizou C\u00e9sar Pires.<\/p>\n","protected":false},"excerpt":{"rendered":"<p>O deputado C\u00e9sar Pires alertou, da tribuna da Assembleia Legislativa, que o governo Fl\u00e1vio Dino est\u00e1 retirando recursos Fundo de [&hellip;]<\/p>\n","protected":false},"author":0,"featured_media":0,"comment_status":"open","ping_status":"open","sticky":false,"template":"","format":"standard","meta":{"site-sidebar-layout":"default","site-content-layout":"","ast-site-content-layout":"default","site-content-style":"default","site-sidebar-style":"default","ast-global-header-display":"","ast-banner-title-visibility":"","ast-main-header-display":"","ast-hfb-above-header-display":"","ast-hfb-below-header-display":"","ast-hfb-mobile-header-display":"","site-post-title":"","ast-breadcrumbs-content":"","ast-featured-img":"","footer-sml-layout":"","ast-disable-related-posts":"","theme-transparent-header-meta":"","adv-header-id-meta":"","stick-header-meta":"","header-above-stick-meta":"","header-main-stick-meta":"","header-below-stick-meta":"","astra-migrate-meta-layouts":"default","ast-page-background-enabled":"default","ast-page-background-meta":{"desktop":{"background-color":"var(--ast-global-color-5)","background-image":"","background-repeat":"repeat","background-position":"center center","background-size":"auto","background-attachment":"scroll","background-type":"","background-media":"","overlay-type":"","overlay-color":"","overlay-opacity":"","overlay-gradient":""},"tablet":{"background-color":"","background-image":"","background-repeat":"repeat","background-position":"center center","background-size":"auto","background-attachment":"scroll","background-type":"","background-media":"","overlay-type":"","overlay-color":"","overlay-opacity":"","overlay-gradient":""},"mobile":{"background-color":"","background-image":"","background-repeat":"repeat","background-position":"center center","background-size":"auto","background-attachment":"scroll","background-type":"","background-media":"","overlay-type":"","overlay-color":"","overlay-opacity":"","overlay-gradient":""}},"ast-content-background-meta":{"desktop":{"background-color":"var(--ast-global-color-4)","background-image":"","background-repeat":"repeat","background-position":"center center","background-size":"auto","background-attachment":"scroll","background-type":"","background-media":"","overlay-type":"","overlay-color":"","overlay-opacity":"","overlay-gradient":""},"tablet":{"background-color":"var(--ast-global-color-4)","background-image":"","background-repeat":"repeat","background-position":"center center","background-size":"auto","background-attachment":"scroll","background-type":"","background-media":"","overlay-type":"","overlay-color":"","overlay-opacity":"","overlay-gradient":""},"mobile":{"background-color":"var(--ast-global-color-4)","background-image":"","background-repeat":"repeat","background-position":"center center","background-size":"auto","background-attachment":"scroll","background-type":"","background-media":"","overlay-type":"","overlay-color":"","overlay-opacity":"","overlay-gradient":""}},"footnotes":""},"categories":[1],"tags":[],"class_list":["post-58822","post","type-post","status-publish","format-standard","hentry","category-sem-categoria"],"yoast_head":"<!-- This site is optimized with the Yoast SEO plugin v26.6 - https:\/\/yoast.com\/wordpress\/plugins\/seo\/ -->\n<title>Governo comete improbidade com recursos do Fundeb, afirma C\u00e9sar Pires - Daniel Matos<\/title>\n<meta name=\"robots\" content=\"index, follow, max-snippet:-1, max-image-preview:large, max-video-preview:-1\" \/>\n<link rel=\"canonical\" href=\"https:\/\/www.blogsoestado.com\/danielmatos\/governo-comete-improbidade-com-recursos-do-fundeb-afirma-cesar-pires\/\" \/>\n<meta property=\"og:locale\" content=\"pt_BR\" \/>\n<meta property=\"og:type\" content=\"article\" \/>\n<meta property=\"og:title\" content=\"Governo comete improbidade com recursos do Fundeb, afirma C\u00e9sar Pires - Daniel Matos\" \/>\n<meta property=\"og:description\" content=\"O deputado C\u00e9sar Pires alertou, da tribuna da Assembleia Legislativa, que o governo Fl\u00e1vio Dino est\u00e1 retirando recursos Fundo de [&hellip;]\" \/>\n<meta property=\"og:url\" content=\"https:\/\/www.blogsoestado.com\/danielmatos\/governo-comete-improbidade-com-recursos-do-fundeb-afirma-cesar-pires\/\" \/>\n<meta property=\"og:site_name\" content=\"Daniel Matos\" \/>\n<meta property=\"article:published_time\" content=\"2018-12-13T16:30:12+00:00\" \/>\n<meta property=\"og:image\" content=\"https:\/\/www.blogsoestado.com\/danielmatos\/files\/2018\/12\/Cesar-Fundeb.jpg\" \/>\n<meta name=\"twitter:card\" content=\"summary_large_image\" \/>\n<meta name=\"twitter:label1\" content=\"Est. tempo de leitura\" \/>\n\t<meta name=\"twitter:data1\" content=\"2 minutos\" \/>\n<script type=\"application\/ld+json\" class=\"yoast-schema-graph\">{\"@context\":\"https:\/\/schema.org\",\"@graph\":[{\"@type\":\"WebPage\",\"@id\":\"https:\/\/www.blogsoestado.com\/danielmatos\/governo-comete-improbidade-com-recursos-do-fundeb-afirma-cesar-pires\/\",\"url\":\"https:\/\/www.blogsoestado.com\/danielmatos\/governo-comete-improbidade-com-recursos-do-fundeb-afirma-cesar-pires\/\",\"name\":\"Governo comete improbidade com recursos do Fundeb, afirma C\u00e9sar Pires - Daniel Matos\",\"isPartOf\":{\"@id\":\"https:\/\/www.blogsoestado.com\/danielmatos\/#website\"},\"primaryImageOfPage\":{\"@id\":\"https:\/\/www.blogsoestado.com\/danielmatos\/governo-comete-improbidade-com-recursos-do-fundeb-afirma-cesar-pires\/#primaryimage\"},\"image\":{\"@id\":\"https:\/\/www.blogsoestado.com\/danielmatos\/governo-comete-improbidade-com-recursos-do-fundeb-afirma-cesar-pires\/#primaryimage\"},\"thumbnailUrl\":\"https:\/\/www.blogsoestado.com\/danielmatos\/files\/2018\/12\/Cesar-Fundeb.jpg\",\"datePublished\":\"2018-12-13T16:30:12+00:00\",\"author\":{\"@id\":\"\"},\"breadcrumb\":{\"@id\":\"https:\/\/www.blogsoestado.com\/danielmatos\/governo-comete-improbidade-com-recursos-do-fundeb-afirma-cesar-pires\/#breadcrumb\"},\"inLanguage\":\"pt-BR\",\"potentialAction\":[{\"@type\":\"ReadAction\",\"target\":[\"https:\/\/www.blogsoestado.com\/danielmatos\/governo-comete-improbidade-com-recursos-do-fundeb-afirma-cesar-pires\/\"]}]},{\"@type\":\"ImageObject\",\"inLanguage\":\"pt-BR\",\"@id\":\"https:\/\/www.blogsoestado.com\/danielmatos\/governo-comete-improbidade-com-recursos-do-fundeb-afirma-cesar-pires\/#primaryimage\",\"url\":\"https:\/\/www.blogsoestado.com\/danielmatos\/files\/2018\/12\/Cesar-Fundeb.jpg\",\"contentUrl\":\"https:\/\/www.blogsoestado.com\/danielmatos\/files\/2018\/12\/Cesar-Fundeb.jpg\"},{\"@type\":\"BreadcrumbList\",\"@id\":\"https:\/\/www.blogsoestado.com\/danielmatos\/governo-comete-improbidade-com-recursos-do-fundeb-afirma-cesar-pires\/#breadcrumb\",\"itemListElement\":[{\"@type\":\"ListItem\",\"position\":1,\"name\":\"In\u00edcio\",\"item\":\"https:\/\/www.blogsoestado.com\/danielmatos\/\"},{\"@type\":\"ListItem\",\"position\":2,\"name\":\"Governo comete improbidade com recursos do Fundeb, afirma C\u00e9sar Pires\"}]},{\"@type\":\"WebSite\",\"@id\":\"https:\/\/www.blogsoestado.com\/danielmatos\/#website\",\"url\":\"https:\/\/www.blogsoestado.com\/danielmatos\/\",\"name\":\"Daniel Matos\",\"description\":\"\",\"potentialAction\":[{\"@type\":\"SearchAction\",\"target\":{\"@type\":\"EntryPoint\",\"urlTemplate\":\"https:\/\/www.blogsoestado.com\/danielmatos\/?s={search_term_string}\"},\"query-input\":{\"@type\":\"PropertyValueSpecification\",\"valueRequired\":true,\"valueName\":\"search_term_string\"}}],\"inLanguage\":\"pt-BR\"}]}<\/script>\n<!-- \/ Yoast SEO plugin. -->","yoast_head_json":{"title":"Governo comete improbidade com recursos do Fundeb, afirma C\u00e9sar Pires - Daniel Matos","robots":{"index":"index","follow":"follow","max-snippet":"max-snippet:-1","max-image-preview":"max-image-preview:large","max-video-preview":"max-video-preview:-1"},"canonical":"https:\/\/www.blogsoestado.com\/danielmatos\/governo-comete-improbidade-com-recursos-do-fundeb-afirma-cesar-pires\/","og_locale":"pt_BR","og_type":"article","og_title":"Governo comete improbidade com recursos do Fundeb, afirma C\u00e9sar Pires - Daniel Matos","og_description":"O deputado C\u00e9sar Pires alertou, da tribuna da Assembleia Legislativa, que o governo Fl\u00e1vio Dino est\u00e1 retirando recursos Fundo de [&hellip;]","og_url":"https:\/\/www.blogsoestado.com\/danielmatos\/governo-comete-improbidade-com-recursos-do-fundeb-afirma-cesar-pires\/","og_site_name":"Daniel Matos","article_published_time":"2018-12-13T16:30:12+00:00","og_image":[{"url":"https:\/\/www.blogsoestado.com\/danielmatos\/files\/2018\/12\/Cesar-Fundeb.jpg","type":"","width":"","height":""}],"twitter_card":"summary_large_image","twitter_misc":{"Est. tempo de leitura":"2 minutos"},"schema":{"@context":"https:\/\/schema.org","@graph":[{"@type":"WebPage","@id":"https:\/\/www.blogsoestado.com\/danielmatos\/governo-comete-improbidade-com-recursos-do-fundeb-afirma-cesar-pires\/","url":"https:\/\/www.blogsoestado.com\/danielmatos\/governo-comete-improbidade-com-recursos-do-fundeb-afirma-cesar-pires\/","name":"Governo comete improbidade com recursos do Fundeb, afirma C\u00e9sar Pires - Daniel Matos","isPartOf":{"@id":"https:\/\/www.blogsoestado.com\/danielmatos\/#website"},"primaryImageOfPage":{"@id":"https:\/\/www.blogsoestado.com\/danielmatos\/governo-comete-improbidade-com-recursos-do-fundeb-afirma-cesar-pires\/#primaryimage"},"image":{"@id":"https:\/\/www.blogsoestado.com\/danielmatos\/governo-comete-improbidade-com-recursos-do-fundeb-afirma-cesar-pires\/#primaryimage"},"thumbnailUrl":"https:\/\/www.blogsoestado.com\/danielmatos\/files\/2018\/12\/Cesar-Fundeb.jpg","datePublished":"2018-12-13T16:30:12+00:00","author":{"@id":""},"breadcrumb":{"@id":"https:\/\/www.blogsoestado.com\/danielmatos\/governo-comete-improbidade-com-recursos-do-fundeb-afirma-cesar-pires\/#breadcrumb"},"inLanguage":"pt-BR","potentialAction":[{"@type":"ReadAction","target":["https:\/\/www.blogsoestado.com\/danielmatos\/governo-comete-improbidade-com-recursos-do-fundeb-afirma-cesar-pires\/"]}]},{"@type":"ImageObject","inLanguage":"pt-BR","@id":"https:\/\/www.blogsoestado.com\/danielmatos\/governo-comete-improbidade-com-recursos-do-fundeb-afirma-cesar-pires\/#primaryimage","url":"https:\/\/www.blogsoestado.com\/danielmatos\/files\/2018\/12\/Cesar-Fundeb.jpg","contentUrl":"https:\/\/www.blogsoestado.com\/danielmatos\/files\/2018\/12\/Cesar-Fundeb.jpg"},{"@type":"BreadcrumbList","@id":"https:\/\/www.blogsoestado.com\/danielmatos\/governo-comete-improbidade-com-recursos-do-fundeb-afirma-cesar-pires\/#breadcrumb","itemListElement":[{"@type":"ListItem","position":1,"name":"In\u00edcio","item":"https:\/\/www.blogsoestado.com\/danielmatos\/"},{"@type":"ListItem","position":2,"name":"Governo comete improbidade com recursos do Fundeb, afirma C\u00e9sar Pires"}]},{"@type":"WebSite","@id":"https:\/\/www.blogsoestado.com\/danielmatos\/#website","url":"https:\/\/www.blogsoestado.com\/danielmatos\/","name":"Daniel Matos","description":"","potentialAction":[{"@type":"SearchAction","target":{"@type":"EntryPoint","urlTemplate":"https:\/\/www.blogsoestado.com\/danielmatos\/?s={search_term_string}"},"query-input":{"@type":"PropertyValueSpecification","valueRequired":true,"valueName":"search_term_string"}}],"inLanguage":"pt-BR"}]}},"jetpack_featured_media_url":"","_links":{"self":[{"href":"https:\/\/www.blogsoestado.com\/danielmatos\/wp-json\/wp\/v2\/posts\/58822","targetHints":{"allow":["GET"]}}],"collection":[{"href":"https:\/\/www.blogsoestado.com\/danielmatos\/wp-json\/wp\/v2\/posts"}],"about":[{"href":"https:\/\/www.blogsoestado.com\/danielmatos\/wp-json\/wp\/v2\/types\/post"}],"replies":[{"embeddable":true,"href":"https:\/\/www.blogsoestado.com\/danielmatos\/wp-json\/wp\/v2\/comments?post=58822"}],"version-history":[{"count":0,"href":"https:\/\/www.blogsoestado.com\/danielmatos\/wp-json\/wp\/v2\/posts\/58822\/revisions"}],"wp:attachment":[{"href":"https:\/\/www.blogsoestado.com\/danielmatos\/wp-json\/wp\/v2\/media?parent=58822"}],"wp:term":[{"taxonomy":"category","embeddable":true,"href":"https:\/\/www.blogsoestado.com\/danielmatos\/wp-json\/wp\/v2\/categories?post=58822"},{"taxonomy":"post_tag","embeddable":true,"href":"https:\/\/www.blogsoestado.com\/danielmatos\/wp-json\/wp\/v2\/tags?post=58822"}],"curies":[{"name":"wp","href":"https:\/\/api.w.org\/{rel}","templated":true}]}}