{"id":58830,"date":"2018-12-13T20:00:39","date_gmt":"2018-12-13T23:00:39","guid":{"rendered":"https:\/\/www.blogsoestado.com\/danielmatos\/?p=58830"},"modified":"2018-12-13T20:00:39","modified_gmt":"2018-12-13T23:00:39","slug":"ze-inacio-exalta-os-70-anos-da-declaracao-universal-dos-direitos-humanos-em-discurso-na-assembleia","status":"publish","type":"post","link":"https:\/\/www.blogsoestado.com\/danielmatos\/ze-inacio-exalta-os-70-anos-da-declaracao-universal-dos-direitos-humanos-em-discurso-na-assembleia\/","title":{"rendered":"Z\u00e9 In\u00e1cio exalta os 70 anos da Declara\u00e7\u00e3o Universal dos Direitos Humanos em discurso na Assembleia"},"content":{"rendered":"<figure id=\"attachment_58831\" aria-describedby=\"caption-attachment-58831\" style=\"width: 450px\" class=\"wp-caption alignleft\"><a href=\"https:\/\/www.blogsoestado.com\/danielmatos\/?attachment_id=58831\" rel=\"attachment wp-att-58831\"><img fetchpriority=\"high\" decoding=\"async\" class=\"wp-image-58831\" src=\"https:\/\/www.blogsoestado.com\/danielmatos\/files\/2018\/12\/inacio-humano.jpg\" alt=\"\" width=\"450\" height=\"298\" \/><\/a><figcaption id=\"caption-attachment-58831\" class=\"wp-caption-text\">Para Z\u00e9 In\u00e1cio, \u00e9 preciso avan\u00e7ar na garantia de direitos relacionados \u00e0 vida<\/figcaption><\/figure>\n<p>O deputado estadual Z\u00e9 In\u00e1cio (PT) exaltou, em discurso na \u00faltima ter\u00e7a-feira (11), na tribuna da Assembleia Legislativa, os 70 anos da Declara\u00e7\u00e3o Universal dos Direitos Humanos, aprovada pelos estados-membros da Organiza\u00e7\u00e3o Na\u00e7\u00f5es Unidas (ONU), incluindo o Brasil, tr\u00eas anos ap\u00f3s o fim da Segunda Guerra Mundial.<\/p>\n<p>A Declara\u00e7\u00e3o Universal de Direitos Humanos serve de base a todas as na\u00e7\u00f5es do mundo, e seus princ\u00edpios b\u00e1sicos: dignidade da pessoa humana, liberdade de express\u00e3o, contra tratamento desumano e degradante, contra a escravid\u00e3o, contra distin\u00e7\u00e3o de ra\u00e7a, cor, sexo, religi\u00e3o, comp\u00f5em os fundamentos da nossa Constitui\u00e7\u00e3o.<\/p>\n<p>\u201cMuita coisa mudou, mas como militante dessa causa, reconhe\u00e7o que precisamos avan\u00e7ar na garantia de direitos relacionados \u00e0 vida, \u00e0 seguran\u00e7a, \u00e0 liberdade, \u00e0 dignidade da pessoa humana, a n\u00e3o ter tratamento desigual pela cor, garantir o respeito \u00e0 diversidade, o direito de poder de ir e vir, e sobretudo o direito da livre manifesta\u00e7\u00e3o de pensamento. Ent\u00e3o, nesse sentido, eu n\u00e3o poderia deixar de subir nesta tribuna e realizar este discurso\u201d, disse Z\u00e9 In\u00e1cio.<\/p>\n<p>E esses princ\u00edpios norteadores tamb\u00e9m admitem a presun\u00e7\u00e3o da inoc\u00eancia e s\u00e3o contra as pris\u00f5es pol\u00edticas. \u201cE hoje n\u00f3s convivemos no Brasil com um preso pol\u00edtico, que \u00e9 o presidente Lula, que foi interditado para n\u00e3o ter o direito de concorrer \u00e0s elei\u00e7\u00f5es. Infelizmente, ainda estamos retroagindo quanto a declara\u00e7\u00e3o de Direitos Humanos, quando as pessoas acham natural conviver, com a tortura. \u00c9 o que n\u00f3s vivenciamos, no processo eleitoral, em que o povo brasileiro elegeu um presidente da rep\u00fablica que exalta a tortura e os torturadores\u201d, enfatizou.<\/p>\n<p>Para Z\u00e9 In\u00e1cio, diante desse cen\u00e1rio, dessa conjuntura, quanto a um presidente que desconhece a Declara\u00e7\u00e3o dos Direitos Humanos, e vai guiar, conduzir a na\u00e7\u00e3o, aqueles que acreditam na luta em defesa dos direitos humanit\u00e1rios precisam resistir. \u201cPara isso, o povo brasileiro tem que se organizar e resistir. Resistir para que a gente n\u00e3o venha a retroceder, mas avan\u00e7ar na conquista de mais direitos e para uma sociedade igualit\u00e1ria com liberdade, paz e harmonia entre os povos\u201d, disse.<\/p>\n<p>Em destaque a essa data, Z\u00e9 In\u00e1cio enfatizou o evento realizado ontem pelo Governo do Estado por meio da Secretaria de Direitos Humanos e Participa\u00e7\u00e3o Popular (SEDIHPOP), que lan\u00e7ou o pr\u00eamio \u201cMagno Cruz\u201d, fundador do Centro de Cultura Negra e militante em defesa dos direitos humanos, uma justa homenagem que ir\u00e1 reconhecer os ativistas pela sua atua\u00e7\u00e3o no estado do Maranh\u00e3o em defesa da crian\u00e7a, do adolescente, do idoso, das pessoas com defici\u00eancia, daqueles que lutam contra o racismo, pelo combate ao trabalho escravo e viol\u00eancia contra a mulher.<\/p>\n","protected":false},"excerpt":{"rendered":"<p>O deputado estadual Z\u00e9 In\u00e1cio (PT) exaltou, em discurso na \u00faltima ter\u00e7a-feira (11), na tribuna da Assembleia Legislativa, os 70 [&hellip;]<\/p>\n","protected":false},"author":0,"featured_media":0,"comment_status":"open","ping_status":"open","sticky":false,"template":"","format":"standard","meta":{"site-sidebar-layout":"default","site-content-layout":"","ast-site-content-layout":"default","site-content-style":"default","site-sidebar-style":"default","ast-global-header-display":"","ast-banner-title-visibility":"","ast-main-header-display":"","ast-hfb-above-header-display":"","ast-hfb-below-header-display":"","ast-hfb-mobile-header-display":"","site-post-title":"","ast-breadcrumbs-content":"","ast-featured-img":"","footer-sml-layout":"","ast-disable-related-posts":"","theme-transparent-header-meta":"","adv-header-id-meta":"","stick-header-meta":"","header-above-stick-meta":"","header-main-stick-meta":"","header-below-stick-meta":"","astra-migrate-meta-layouts":"default","ast-page-background-enabled":"default","ast-page-background-meta":{"desktop":{"background-color":"var(--ast-global-color-5)","background-image":"","background-repeat":"repeat","background-position":"center center","background-size":"auto","background-attachment":"scroll","background-type":"","background-media":"","overlay-type":"","overlay-color":"","overlay-opacity":"","overlay-gradient":""},"tablet":{"background-color":"","background-image":"","background-repeat":"repeat","background-position":"center center","background-size":"auto","background-attachment":"scroll","background-type":"","background-media":"","overlay-type":"","overlay-color":"","overlay-opacity":"","overlay-gradient":""},"mobile":{"background-color":"","background-image":"","background-repeat":"repeat","background-position":"center center","background-size":"auto","background-attachment":"scroll","background-type":"","background-media":"","overlay-type":"","overlay-color":"","overlay-opacity":"","overlay-gradient":""}},"ast-content-background-meta":{"desktop":{"background-color":"var(--ast-global-color-4)","background-image":"","background-repeat":"repeat","background-position":"center center","background-size":"auto","background-attachment":"scroll","background-type":"","background-media":"","overlay-type":"","overlay-color":"","overlay-opacity":"","overlay-gradient":""},"tablet":{"background-color":"var(--ast-global-color-4)","background-image":"","background-repeat":"repeat","background-position":"center center","background-size":"auto","background-attachment":"scroll","background-type":"","background-media":"","overlay-type":"","overlay-color":"","overlay-opacity":"","overlay-gradient":""},"mobile":{"background-color":"var(--ast-global-color-4)","background-image":"","background-repeat":"repeat","background-position":"center center","background-size":"auto","background-attachment":"scroll","background-type":"","background-media":"","overlay-type":"","overlay-color":"","overlay-opacity":"","overlay-gradient":""}},"footnotes":""},"categories":[1],"tags":[],"class_list":["post-58830","post","type-post","status-publish","format-standard","hentry","category-sem-categoria"],"yoast_head":"<!-- This site is optimized with the Yoast SEO plugin v26.6 - https:\/\/yoast.com\/wordpress\/plugins\/seo\/ -->\n<title>Z\u00e9 In\u00e1cio exalta os 70 anos da Declara\u00e7\u00e3o Universal dos Direitos Humanos em discurso na Assembleia - Daniel Matos<\/title>\n<meta name=\"robots\" content=\"index, follow, max-snippet:-1, max-image-preview:large, max-video-preview:-1\" \/>\n<link rel=\"canonical\" href=\"https:\/\/www.blogsoestado.com\/danielmatos\/ze-inacio-exalta-os-70-anos-da-declaracao-universal-dos-direitos-humanos-em-discurso-na-assembleia\/\" \/>\n<meta property=\"og:locale\" content=\"pt_BR\" \/>\n<meta property=\"og:type\" content=\"article\" \/>\n<meta property=\"og:title\" content=\"Z\u00e9 In\u00e1cio exalta os 70 anos da Declara\u00e7\u00e3o Universal dos Direitos Humanos em discurso na Assembleia - Daniel Matos\" \/>\n<meta property=\"og:description\" content=\"O deputado estadual Z\u00e9 In\u00e1cio (PT) exaltou, em discurso na \u00faltima ter\u00e7a-feira (11), na tribuna da Assembleia Legislativa, os 70 [&hellip;]\" \/>\n<meta property=\"og:url\" content=\"https:\/\/www.blogsoestado.com\/danielmatos\/ze-inacio-exalta-os-70-anos-da-declaracao-universal-dos-direitos-humanos-em-discurso-na-assembleia\/\" \/>\n<meta property=\"og:site_name\" content=\"Daniel Matos\" \/>\n<meta property=\"article:published_time\" content=\"2018-12-13T23:00:39+00:00\" \/>\n<meta property=\"og:image\" content=\"https:\/\/www.blogsoestado.com\/danielmatos\/files\/2018\/12\/inacio-humano.jpg\" \/>\n<meta name=\"twitter:card\" content=\"summary_large_image\" \/>\n<meta name=\"twitter:label1\" content=\"Est. tempo de leitura\" \/>\n\t<meta name=\"twitter:data1\" content=\"2 minutos\" \/>\n<script type=\"application\/ld+json\" class=\"yoast-schema-graph\">{\"@context\":\"https:\/\/schema.org\",\"@graph\":[{\"@type\":\"WebPage\",\"@id\":\"https:\/\/www.blogsoestado.com\/danielmatos\/ze-inacio-exalta-os-70-anos-da-declaracao-universal-dos-direitos-humanos-em-discurso-na-assembleia\/\",\"url\":\"https:\/\/www.blogsoestado.com\/danielmatos\/ze-inacio-exalta-os-70-anos-da-declaracao-universal-dos-direitos-humanos-em-discurso-na-assembleia\/\",\"name\":\"Z\u00e9 In\u00e1cio exalta os 70 anos da Declara\u00e7\u00e3o Universal dos Direitos Humanos em discurso na Assembleia - Daniel Matos\",\"isPartOf\":{\"@id\":\"https:\/\/www.blogsoestado.com\/danielmatos\/#website\"},\"primaryImageOfPage\":{\"@id\":\"https:\/\/www.blogsoestado.com\/danielmatos\/ze-inacio-exalta-os-70-anos-da-declaracao-universal-dos-direitos-humanos-em-discurso-na-assembleia\/#primaryimage\"},\"image\":{\"@id\":\"https:\/\/www.blogsoestado.com\/danielmatos\/ze-inacio-exalta-os-70-anos-da-declaracao-universal-dos-direitos-humanos-em-discurso-na-assembleia\/#primaryimage\"},\"thumbnailUrl\":\"https:\/\/www.blogsoestado.com\/danielmatos\/files\/2018\/12\/inacio-humano.jpg\",\"datePublished\":\"2018-12-13T23:00:39+00:00\",\"author\":{\"@id\":\"\"},\"breadcrumb\":{\"@id\":\"https:\/\/www.blogsoestado.com\/danielmatos\/ze-inacio-exalta-os-70-anos-da-declaracao-universal-dos-direitos-humanos-em-discurso-na-assembleia\/#breadcrumb\"},\"inLanguage\":\"pt-BR\",\"potentialAction\":[{\"@type\":\"ReadAction\",\"target\":[\"https:\/\/www.blogsoestado.com\/danielmatos\/ze-inacio-exalta-os-70-anos-da-declaracao-universal-dos-direitos-humanos-em-discurso-na-assembleia\/\"]}]},{\"@type\":\"ImageObject\",\"inLanguage\":\"pt-BR\",\"@id\":\"https:\/\/www.blogsoestado.com\/danielmatos\/ze-inacio-exalta-os-70-anos-da-declaracao-universal-dos-direitos-humanos-em-discurso-na-assembleia\/#primaryimage\",\"url\":\"https:\/\/www.blogsoestado.com\/danielmatos\/files\/2018\/12\/inacio-humano.jpg\",\"contentUrl\":\"https:\/\/www.blogsoestado.com\/danielmatos\/files\/2018\/12\/inacio-humano.jpg\"},{\"@type\":\"BreadcrumbList\",\"@id\":\"https:\/\/www.blogsoestado.com\/danielmatos\/ze-inacio-exalta-os-70-anos-da-declaracao-universal-dos-direitos-humanos-em-discurso-na-assembleia\/#breadcrumb\",\"itemListElement\":[{\"@type\":\"ListItem\",\"position\":1,\"name\":\"In\u00edcio\",\"item\":\"https:\/\/www.blogsoestado.com\/danielmatos\/\"},{\"@type\":\"ListItem\",\"position\":2,\"name\":\"Z\u00e9 In\u00e1cio exalta os 70 anos da Declara\u00e7\u00e3o Universal dos Direitos Humanos em discurso na Assembleia\"}]},{\"@type\":\"WebSite\",\"@id\":\"https:\/\/www.blogsoestado.com\/danielmatos\/#website\",\"url\":\"https:\/\/www.blogsoestado.com\/danielmatos\/\",\"name\":\"Daniel Matos\",\"description\":\"\",\"potentialAction\":[{\"@type\":\"SearchAction\",\"target\":{\"@type\":\"EntryPoint\",\"urlTemplate\":\"https:\/\/www.blogsoestado.com\/danielmatos\/?s={search_term_string}\"},\"query-input\":{\"@type\":\"PropertyValueSpecification\",\"valueRequired\":true,\"valueName\":\"search_term_string\"}}],\"inLanguage\":\"pt-BR\"}]}<\/script>\n<!-- \/ Yoast SEO plugin. -->","yoast_head_json":{"title":"Z\u00e9 In\u00e1cio exalta os 70 anos da Declara\u00e7\u00e3o Universal dos Direitos Humanos em discurso na Assembleia - Daniel Matos","robots":{"index":"index","follow":"follow","max-snippet":"max-snippet:-1","max-image-preview":"max-image-preview:large","max-video-preview":"max-video-preview:-1"},"canonical":"https:\/\/www.blogsoestado.com\/danielmatos\/ze-inacio-exalta-os-70-anos-da-declaracao-universal-dos-direitos-humanos-em-discurso-na-assembleia\/","og_locale":"pt_BR","og_type":"article","og_title":"Z\u00e9 In\u00e1cio exalta os 70 anos da Declara\u00e7\u00e3o Universal dos Direitos Humanos em discurso na Assembleia - Daniel Matos","og_description":"O deputado estadual Z\u00e9 In\u00e1cio (PT) exaltou, em discurso na \u00faltima ter\u00e7a-feira (11), na tribuna da Assembleia Legislativa, os 70 [&hellip;]","og_url":"https:\/\/www.blogsoestado.com\/danielmatos\/ze-inacio-exalta-os-70-anos-da-declaracao-universal-dos-direitos-humanos-em-discurso-na-assembleia\/","og_site_name":"Daniel Matos","article_published_time":"2018-12-13T23:00:39+00:00","og_image":[{"url":"https:\/\/www.blogsoestado.com\/danielmatos\/files\/2018\/12\/inacio-humano.jpg","type":"","width":"","height":""}],"twitter_card":"summary_large_image","twitter_misc":{"Est. tempo de leitura":"2 minutos"},"schema":{"@context":"https:\/\/schema.org","@graph":[{"@type":"WebPage","@id":"https:\/\/www.blogsoestado.com\/danielmatos\/ze-inacio-exalta-os-70-anos-da-declaracao-universal-dos-direitos-humanos-em-discurso-na-assembleia\/","url":"https:\/\/www.blogsoestado.com\/danielmatos\/ze-inacio-exalta-os-70-anos-da-declaracao-universal-dos-direitos-humanos-em-discurso-na-assembleia\/","name":"Z\u00e9 In\u00e1cio exalta os 70 anos da Declara\u00e7\u00e3o Universal dos Direitos Humanos em discurso na Assembleia - Daniel Matos","isPartOf":{"@id":"https:\/\/www.blogsoestado.com\/danielmatos\/#website"},"primaryImageOfPage":{"@id":"https:\/\/www.blogsoestado.com\/danielmatos\/ze-inacio-exalta-os-70-anos-da-declaracao-universal-dos-direitos-humanos-em-discurso-na-assembleia\/#primaryimage"},"image":{"@id":"https:\/\/www.blogsoestado.com\/danielmatos\/ze-inacio-exalta-os-70-anos-da-declaracao-universal-dos-direitos-humanos-em-discurso-na-assembleia\/#primaryimage"},"thumbnailUrl":"https:\/\/www.blogsoestado.com\/danielmatos\/files\/2018\/12\/inacio-humano.jpg","datePublished":"2018-12-13T23:00:39+00:00","author":{"@id":""},"breadcrumb":{"@id":"https:\/\/www.blogsoestado.com\/danielmatos\/ze-inacio-exalta-os-70-anos-da-declaracao-universal-dos-direitos-humanos-em-discurso-na-assembleia\/#breadcrumb"},"inLanguage":"pt-BR","potentialAction":[{"@type":"ReadAction","target":["https:\/\/www.blogsoestado.com\/danielmatos\/ze-inacio-exalta-os-70-anos-da-declaracao-universal-dos-direitos-humanos-em-discurso-na-assembleia\/"]}]},{"@type":"ImageObject","inLanguage":"pt-BR","@id":"https:\/\/www.blogsoestado.com\/danielmatos\/ze-inacio-exalta-os-70-anos-da-declaracao-universal-dos-direitos-humanos-em-discurso-na-assembleia\/#primaryimage","url":"https:\/\/www.blogsoestado.com\/danielmatos\/files\/2018\/12\/inacio-humano.jpg","contentUrl":"https:\/\/www.blogsoestado.com\/danielmatos\/files\/2018\/12\/inacio-humano.jpg"},{"@type":"BreadcrumbList","@id":"https:\/\/www.blogsoestado.com\/danielmatos\/ze-inacio-exalta-os-70-anos-da-declaracao-universal-dos-direitos-humanos-em-discurso-na-assembleia\/#breadcrumb","itemListElement":[{"@type":"ListItem","position":1,"name":"In\u00edcio","item":"https:\/\/www.blogsoestado.com\/danielmatos\/"},{"@type":"ListItem","position":2,"name":"Z\u00e9 In\u00e1cio exalta os 70 anos da Declara\u00e7\u00e3o Universal dos Direitos Humanos em discurso na Assembleia"}]},{"@type":"WebSite","@id":"https:\/\/www.blogsoestado.com\/danielmatos\/#website","url":"https:\/\/www.blogsoestado.com\/danielmatos\/","name":"Daniel Matos","description":"","potentialAction":[{"@type":"SearchAction","target":{"@type":"EntryPoint","urlTemplate":"https:\/\/www.blogsoestado.com\/danielmatos\/?s={search_term_string}"},"query-input":{"@type":"PropertyValueSpecification","valueRequired":true,"valueName":"search_term_string"}}],"inLanguage":"pt-BR"}]}},"jetpack_featured_media_url":"","_links":{"self":[{"href":"https:\/\/www.blogsoestado.com\/danielmatos\/wp-json\/wp\/v2\/posts\/58830","targetHints":{"allow":["GET"]}}],"collection":[{"href":"https:\/\/www.blogsoestado.com\/danielmatos\/wp-json\/wp\/v2\/posts"}],"about":[{"href":"https:\/\/www.blogsoestado.com\/danielmatos\/wp-json\/wp\/v2\/types\/post"}],"replies":[{"embeddable":true,"href":"https:\/\/www.blogsoestado.com\/danielmatos\/wp-json\/wp\/v2\/comments?post=58830"}],"version-history":[{"count":0,"href":"https:\/\/www.blogsoestado.com\/danielmatos\/wp-json\/wp\/v2\/posts\/58830\/revisions"}],"wp:attachment":[{"href":"https:\/\/www.blogsoestado.com\/danielmatos\/wp-json\/wp\/v2\/media?parent=58830"}],"wp:term":[{"taxonomy":"category","embeddable":true,"href":"https:\/\/www.blogsoestado.com\/danielmatos\/wp-json\/wp\/v2\/categories?post=58830"},{"taxonomy":"post_tag","embeddable":true,"href":"https:\/\/www.blogsoestado.com\/danielmatos\/wp-json\/wp\/v2\/tags?post=58830"}],"curies":[{"name":"wp","href":"https:\/\/api.w.org\/{rel}","templated":true}]}}