{"id":58846,"date":"2018-12-14T12:33:43","date_gmt":"2018-12-14T15:33:43","guid":{"rendered":"https:\/\/www.blogsoestado.com\/danielmatos\/?p=58846"},"modified":"2018-12-14T12:33:43","modified_gmt":"2018-12-14T15:33:43","slug":"rodoviarios-e-empresarios-do-transporte-se-reunirao-segunda-feira-em-busca-de-conciliacao-para-evitar-greve","status":"publish","type":"post","link":"https:\/\/www.blogsoestado.com\/danielmatos\/rodoviarios-e-empresarios-do-transporte-se-reunirao-segunda-feira-em-busca-de-conciliacao-para-evitar-greve\/","title":{"rendered":"Rodovi\u00e1rios e empres\u00e1rios do transporte se reunir\u00e3o segunda-feira em busca de concilia\u00e7\u00e3o para evitar greve"},"content":{"rendered":"<figure id=\"attachment_58847\" aria-describedby=\"caption-attachment-58847\" style=\"width: 450px\" class=\"wp-caption alignright\"><a href=\"https:\/\/www.blogsoestado.com\/danielmatos\/2018\/12\/14\/rodoviarios-e-empresarios-do-transporte-se-reunirao-segunda-feira-em-busca-de-conciliacao-para-evitar-greve\/desembargador-gerson\/\" rel=\"attachment wp-att-58847\"><img fetchpriority=\"high\" decoding=\"async\" class=\"wp-image-58847\" src=\"https:\/\/www.blogsoestado.com\/danielmatos\/files\/2018\/12\/desembargador-gerson.jpg\" alt=\"\" width=\"450\" height=\"376\" \/><\/a><figcaption id=\"caption-attachment-58847\" class=\"wp-caption-text\">Desembargador Gerson de Oliveira vai tentar mediar conflito entre patr\u00f5es e empregados<\/figcaption><\/figure>\n<p>O desembargador Gerson de Oliveira, do Tribunal Regional do Trabalho da 16\u00aa Regi\u00e3o (TRT-MA), determinou, nesta quinta-feira (13\/12), a realiza\u00e7\u00e3o, no dia 17\/12, \u00e0s 9h, em seu Gabinete, de uma audi\u00eancia conciliat\u00f3ria com as partes envolvidas no movimento grevista anunciado pelo Sindicato dos Trabalhadores em Transporte Rodovi\u00e1rio no Estado do Maranh\u00e3o (STTREMA) para acontecer na pr\u00f3xima segunda-feira (17\/12), \u00e0 00h00. Em virtude de a greve pretender iniciar antes, portanto, do hor\u00e1rio marcado para a audi\u00eancia de concilia\u00e7\u00e3o, o desembargador, por cautela, determinou a suspens\u00e3o de qualquer paralisa\u00e7\u00e3o no per\u00edodo que antecede \u00e0 realiza\u00e7\u00e3o da audi\u00eancia conciliat\u00f3ria.<\/p>\n<p>A suspens\u00e3o tempor\u00e1ria do movimento grevista foi motivada pelo fato de o desembargador Gerson de Oliveira entender a import\u00e2ncia e a relev\u00e2ncia do tema objeto da a\u00e7\u00e3o em apre\u00e7o, uma vez que o transporte p\u00fablico \u00e9 servi\u00e7o essencial para a comunidade.<\/p>\n<p>Essa determina\u00e7\u00e3o n\u00e3o est\u00e1 relacionada a qualquer decis\u00e3o preliminar, pois o m\u00e9rito da a\u00e7\u00e3o ainda n\u00e3o foi analisado. A audi\u00eancia conciliat\u00f3ria confirmada para a pr\u00f3xima segunda-feira visa a, justamente, que as partes cheguem a um consenso e evitem maiores preju\u00edzos \u00e0 popula\u00e7\u00e3o.<\/p>\n<p>A decis\u00e3o do magistrado foi proferida por meio de despacho na A\u00e7\u00e3o Declarat\u00f3ria cumulada com Obriga\u00e7\u00e3o de Fazer e N\u00e3o Fazer, com pedido de tutela de urg\u00eancia antecedente inautida altera pars, ajuizada pelo Munic\u00edpio de S\u00e3o Lu\u00eds em desfavor do STTREMA, do Sindicato das Empresas de Transporte de Passageiros de S\u00e3o Lu\u00eds (SET), do Cons\u00f3cio Central Ltda, do Cons\u00f3rcio Via SL Ltda, do Cons\u00f3rcio Upaon A\u00e7u Ltda e da Via\u00e7\u00e3o Primor Ltda.<\/p>\n<p>As partes j\u00e1 foram notificadas e o Minist\u00e9rio P\u00fablico do Trabalho do Maranh\u00e3o (MPT-MA), oficiado.<\/p>\n<p><strong>Fonte:<\/strong> Tribunal Regional do Trabalho (TRT-MA)<\/p>\n","protected":false},"excerpt":{"rendered":"<p>O desembargador Gerson de Oliveira, do Tribunal Regional do Trabalho da 16\u00aa Regi\u00e3o (TRT-MA), determinou, nesta quinta-feira (13\/12), a realiza\u00e7\u00e3o, [&hellip;]<\/p>\n","protected":false},"author":0,"featured_media":0,"comment_status":"open","ping_status":"open","sticky":false,"template":"","format":"standard","meta":{"site-sidebar-layout":"default","site-content-layout":"","ast-site-content-layout":"default","site-content-style":"default","site-sidebar-style":"default","ast-global-header-display":"","ast-banner-title-visibility":"","ast-main-header-display":"","ast-hfb-above-header-display":"","ast-hfb-below-header-display":"","ast-hfb-mobile-header-display":"","site-post-title":"","ast-breadcrumbs-content":"","ast-featured-img":"","footer-sml-layout":"","ast-disable-related-posts":"","theme-transparent-header-meta":"","adv-header-id-meta":"","stick-header-meta":"","header-above-stick-meta":"","header-main-stick-meta":"","header-below-stick-meta":"","astra-migrate-meta-layouts":"default","ast-page-background-enabled":"default","ast-page-background-meta":{"desktop":{"background-color":"var(--ast-global-color-5)","background-image":"","background-repeat":"repeat","background-position":"center center","background-size":"auto","background-attachment":"scroll","background-type":"","background-media":"","overlay-type":"","overlay-color":"","overlay-opacity":"","overlay-gradient":""},"tablet":{"background-color":"","background-image":"","background-repeat":"repeat","background-position":"center center","background-size":"auto","background-attachment":"scroll","background-type":"","background-media":"","overlay-type":"","overlay-color":"","overlay-opacity":"","overlay-gradient":""},"mobile":{"background-color":"","background-image":"","background-repeat":"repeat","background-position":"center center","background-size":"auto","background-attachment":"scroll","background-type":"","background-media":"","overlay-type":"","overlay-color":"","overlay-opacity":"","overlay-gradient":""}},"ast-content-background-meta":{"desktop":{"background-color":"var(--ast-global-color-4)","background-image":"","background-repeat":"repeat","background-position":"center center","background-size":"auto","background-attachment":"scroll","background-type":"","background-media":"","overlay-type":"","overlay-color":"","overlay-opacity":"","overlay-gradient":""},"tablet":{"background-color":"var(--ast-global-color-4)","background-image":"","background-repeat":"repeat","background-position":"center center","background-size":"auto","background-attachment":"scroll","background-type":"","background-media":"","overlay-type":"","overlay-color":"","overlay-opacity":"","overlay-gradient":""},"mobile":{"background-color":"var(--ast-global-color-4)","background-image":"","background-repeat":"repeat","background-position":"center center","background-size":"auto","background-attachment":"scroll","background-type":"","background-media":"","overlay-type":"","overlay-color":"","overlay-opacity":"","overlay-gradient":""}},"footnotes":""},"categories":[1],"tags":[],"class_list":["post-58846","post","type-post","status-publish","format-standard","hentry","category-sem-categoria"],"yoast_head":"<!-- This site is optimized with the Yoast SEO plugin v26.6 - https:\/\/yoast.com\/wordpress\/plugins\/seo\/ -->\n<title>Rodovi\u00e1rios e empres\u00e1rios do transporte se reunir\u00e3o segunda-feira em busca de concilia\u00e7\u00e3o para evitar greve - Daniel Matos<\/title>\n<meta name=\"robots\" content=\"index, follow, max-snippet:-1, max-image-preview:large, max-video-preview:-1\" \/>\n<link rel=\"canonical\" href=\"https:\/\/www.blogsoestado.com\/danielmatos\/rodoviarios-e-empresarios-do-transporte-se-reunirao-segunda-feira-em-busca-de-conciliacao-para-evitar-greve\/\" \/>\n<meta property=\"og:locale\" content=\"pt_BR\" \/>\n<meta property=\"og:type\" content=\"article\" \/>\n<meta property=\"og:title\" content=\"Rodovi\u00e1rios e empres\u00e1rios do transporte se reunir\u00e3o segunda-feira em busca de concilia\u00e7\u00e3o para evitar greve - Daniel Matos\" \/>\n<meta property=\"og:description\" content=\"O desembargador Gerson de Oliveira, do Tribunal Regional do Trabalho da 16\u00aa Regi\u00e3o (TRT-MA), determinou, nesta quinta-feira (13\/12), a realiza\u00e7\u00e3o, [&hellip;]\" \/>\n<meta property=\"og:url\" content=\"https:\/\/www.blogsoestado.com\/danielmatos\/rodoviarios-e-empresarios-do-transporte-se-reunirao-segunda-feira-em-busca-de-conciliacao-para-evitar-greve\/\" \/>\n<meta property=\"og:site_name\" content=\"Daniel Matos\" \/>\n<meta property=\"article:published_time\" content=\"2018-12-14T15:33:43+00:00\" \/>\n<meta property=\"og:image\" content=\"https:\/\/www.blogsoestado.com\/danielmatos\/files\/2018\/12\/desembargador-gerson.jpg\" \/>\n<meta name=\"twitter:card\" content=\"summary_large_image\" \/>\n<meta name=\"twitter:label1\" content=\"Est. tempo de leitura\" \/>\n\t<meta name=\"twitter:data1\" content=\"2 minutos\" \/>\n<script type=\"application\/ld+json\" class=\"yoast-schema-graph\">{\"@context\":\"https:\/\/schema.org\",\"@graph\":[{\"@type\":\"WebPage\",\"@id\":\"https:\/\/www.blogsoestado.com\/danielmatos\/rodoviarios-e-empresarios-do-transporte-se-reunirao-segunda-feira-em-busca-de-conciliacao-para-evitar-greve\/\",\"url\":\"https:\/\/www.blogsoestado.com\/danielmatos\/rodoviarios-e-empresarios-do-transporte-se-reunirao-segunda-feira-em-busca-de-conciliacao-para-evitar-greve\/\",\"name\":\"Rodovi\u00e1rios e empres\u00e1rios do transporte se reunir\u00e3o segunda-feira em busca de concilia\u00e7\u00e3o para evitar greve - Daniel Matos\",\"isPartOf\":{\"@id\":\"https:\/\/www.blogsoestado.com\/danielmatos\/#website\"},\"primaryImageOfPage\":{\"@id\":\"https:\/\/www.blogsoestado.com\/danielmatos\/rodoviarios-e-empresarios-do-transporte-se-reunirao-segunda-feira-em-busca-de-conciliacao-para-evitar-greve\/#primaryimage\"},\"image\":{\"@id\":\"https:\/\/www.blogsoestado.com\/danielmatos\/rodoviarios-e-empresarios-do-transporte-se-reunirao-segunda-feira-em-busca-de-conciliacao-para-evitar-greve\/#primaryimage\"},\"thumbnailUrl\":\"https:\/\/www.blogsoestado.com\/danielmatos\/files\/2018\/12\/desembargador-gerson.jpg\",\"datePublished\":\"2018-12-14T15:33:43+00:00\",\"author\":{\"@id\":\"\"},\"breadcrumb\":{\"@id\":\"https:\/\/www.blogsoestado.com\/danielmatos\/rodoviarios-e-empresarios-do-transporte-se-reunirao-segunda-feira-em-busca-de-conciliacao-para-evitar-greve\/#breadcrumb\"},\"inLanguage\":\"pt-BR\",\"potentialAction\":[{\"@type\":\"ReadAction\",\"target\":[\"https:\/\/www.blogsoestado.com\/danielmatos\/rodoviarios-e-empresarios-do-transporte-se-reunirao-segunda-feira-em-busca-de-conciliacao-para-evitar-greve\/\"]}]},{\"@type\":\"ImageObject\",\"inLanguage\":\"pt-BR\",\"@id\":\"https:\/\/www.blogsoestado.com\/danielmatos\/rodoviarios-e-empresarios-do-transporte-se-reunirao-segunda-feira-em-busca-de-conciliacao-para-evitar-greve\/#primaryimage\",\"url\":\"https:\/\/www.blogsoestado.com\/danielmatos\/files\/2018\/12\/desembargador-gerson.jpg\",\"contentUrl\":\"https:\/\/www.blogsoestado.com\/danielmatos\/files\/2018\/12\/desembargador-gerson.jpg\"},{\"@type\":\"BreadcrumbList\",\"@id\":\"https:\/\/www.blogsoestado.com\/danielmatos\/rodoviarios-e-empresarios-do-transporte-se-reunirao-segunda-feira-em-busca-de-conciliacao-para-evitar-greve\/#breadcrumb\",\"itemListElement\":[{\"@type\":\"ListItem\",\"position\":1,\"name\":\"In\u00edcio\",\"item\":\"https:\/\/www.blogsoestado.com\/danielmatos\/\"},{\"@type\":\"ListItem\",\"position\":2,\"name\":\"Rodovi\u00e1rios e empres\u00e1rios do transporte se reunir\u00e3o segunda-feira em busca de concilia\u00e7\u00e3o para evitar greve\"}]},{\"@type\":\"WebSite\",\"@id\":\"https:\/\/www.blogsoestado.com\/danielmatos\/#website\",\"url\":\"https:\/\/www.blogsoestado.com\/danielmatos\/\",\"name\":\"Daniel Matos\",\"description\":\"\",\"potentialAction\":[{\"@type\":\"SearchAction\",\"target\":{\"@type\":\"EntryPoint\",\"urlTemplate\":\"https:\/\/www.blogsoestado.com\/danielmatos\/?s={search_term_string}\"},\"query-input\":{\"@type\":\"PropertyValueSpecification\",\"valueRequired\":true,\"valueName\":\"search_term_string\"}}],\"inLanguage\":\"pt-BR\"}]}<\/script>\n<!-- \/ Yoast SEO plugin. -->","yoast_head_json":{"title":"Rodovi\u00e1rios e empres\u00e1rios do transporte se reunir\u00e3o segunda-feira em busca de concilia\u00e7\u00e3o para evitar greve - Daniel Matos","robots":{"index":"index","follow":"follow","max-snippet":"max-snippet:-1","max-image-preview":"max-image-preview:large","max-video-preview":"max-video-preview:-1"},"canonical":"https:\/\/www.blogsoestado.com\/danielmatos\/rodoviarios-e-empresarios-do-transporte-se-reunirao-segunda-feira-em-busca-de-conciliacao-para-evitar-greve\/","og_locale":"pt_BR","og_type":"article","og_title":"Rodovi\u00e1rios e empres\u00e1rios do transporte se reunir\u00e3o segunda-feira em busca de concilia\u00e7\u00e3o para evitar greve - Daniel Matos","og_description":"O desembargador Gerson de Oliveira, do Tribunal Regional do Trabalho da 16\u00aa Regi\u00e3o (TRT-MA), determinou, nesta quinta-feira (13\/12), a realiza\u00e7\u00e3o, [&hellip;]","og_url":"https:\/\/www.blogsoestado.com\/danielmatos\/rodoviarios-e-empresarios-do-transporte-se-reunirao-segunda-feira-em-busca-de-conciliacao-para-evitar-greve\/","og_site_name":"Daniel Matos","article_published_time":"2018-12-14T15:33:43+00:00","og_image":[{"url":"https:\/\/www.blogsoestado.com\/danielmatos\/files\/2018\/12\/desembargador-gerson.jpg","type":"","width":"","height":""}],"twitter_card":"summary_large_image","twitter_misc":{"Est. tempo de leitura":"2 minutos"},"schema":{"@context":"https:\/\/schema.org","@graph":[{"@type":"WebPage","@id":"https:\/\/www.blogsoestado.com\/danielmatos\/rodoviarios-e-empresarios-do-transporte-se-reunirao-segunda-feira-em-busca-de-conciliacao-para-evitar-greve\/","url":"https:\/\/www.blogsoestado.com\/danielmatos\/rodoviarios-e-empresarios-do-transporte-se-reunirao-segunda-feira-em-busca-de-conciliacao-para-evitar-greve\/","name":"Rodovi\u00e1rios e empres\u00e1rios do transporte se reunir\u00e3o segunda-feira em busca de concilia\u00e7\u00e3o para evitar greve - Daniel Matos","isPartOf":{"@id":"https:\/\/www.blogsoestado.com\/danielmatos\/#website"},"primaryImageOfPage":{"@id":"https:\/\/www.blogsoestado.com\/danielmatos\/rodoviarios-e-empresarios-do-transporte-se-reunirao-segunda-feira-em-busca-de-conciliacao-para-evitar-greve\/#primaryimage"},"image":{"@id":"https:\/\/www.blogsoestado.com\/danielmatos\/rodoviarios-e-empresarios-do-transporte-se-reunirao-segunda-feira-em-busca-de-conciliacao-para-evitar-greve\/#primaryimage"},"thumbnailUrl":"https:\/\/www.blogsoestado.com\/danielmatos\/files\/2018\/12\/desembargador-gerson.jpg","datePublished":"2018-12-14T15:33:43+00:00","author":{"@id":""},"breadcrumb":{"@id":"https:\/\/www.blogsoestado.com\/danielmatos\/rodoviarios-e-empresarios-do-transporte-se-reunirao-segunda-feira-em-busca-de-conciliacao-para-evitar-greve\/#breadcrumb"},"inLanguage":"pt-BR","potentialAction":[{"@type":"ReadAction","target":["https:\/\/www.blogsoestado.com\/danielmatos\/rodoviarios-e-empresarios-do-transporte-se-reunirao-segunda-feira-em-busca-de-conciliacao-para-evitar-greve\/"]}]},{"@type":"ImageObject","inLanguage":"pt-BR","@id":"https:\/\/www.blogsoestado.com\/danielmatos\/rodoviarios-e-empresarios-do-transporte-se-reunirao-segunda-feira-em-busca-de-conciliacao-para-evitar-greve\/#primaryimage","url":"https:\/\/www.blogsoestado.com\/danielmatos\/files\/2018\/12\/desembargador-gerson.jpg","contentUrl":"https:\/\/www.blogsoestado.com\/danielmatos\/files\/2018\/12\/desembargador-gerson.jpg"},{"@type":"BreadcrumbList","@id":"https:\/\/www.blogsoestado.com\/danielmatos\/rodoviarios-e-empresarios-do-transporte-se-reunirao-segunda-feira-em-busca-de-conciliacao-para-evitar-greve\/#breadcrumb","itemListElement":[{"@type":"ListItem","position":1,"name":"In\u00edcio","item":"https:\/\/www.blogsoestado.com\/danielmatos\/"},{"@type":"ListItem","position":2,"name":"Rodovi\u00e1rios e empres\u00e1rios do transporte se reunir\u00e3o segunda-feira em busca de concilia\u00e7\u00e3o para evitar greve"}]},{"@type":"WebSite","@id":"https:\/\/www.blogsoestado.com\/danielmatos\/#website","url":"https:\/\/www.blogsoestado.com\/danielmatos\/","name":"Daniel Matos","description":"","potentialAction":[{"@type":"SearchAction","target":{"@type":"EntryPoint","urlTemplate":"https:\/\/www.blogsoestado.com\/danielmatos\/?s={search_term_string}"},"query-input":{"@type":"PropertyValueSpecification","valueRequired":true,"valueName":"search_term_string"}}],"inLanguage":"pt-BR"}]}},"jetpack_featured_media_url":"","_links":{"self":[{"href":"https:\/\/www.blogsoestado.com\/danielmatos\/wp-json\/wp\/v2\/posts\/58846","targetHints":{"allow":["GET"]}}],"collection":[{"href":"https:\/\/www.blogsoestado.com\/danielmatos\/wp-json\/wp\/v2\/posts"}],"about":[{"href":"https:\/\/www.blogsoestado.com\/danielmatos\/wp-json\/wp\/v2\/types\/post"}],"replies":[{"embeddable":true,"href":"https:\/\/www.blogsoestado.com\/danielmatos\/wp-json\/wp\/v2\/comments?post=58846"}],"version-history":[{"count":0,"href":"https:\/\/www.blogsoestado.com\/danielmatos\/wp-json\/wp\/v2\/posts\/58846\/revisions"}],"wp:attachment":[{"href":"https:\/\/www.blogsoestado.com\/danielmatos\/wp-json\/wp\/v2\/media?parent=58846"}],"wp:term":[{"taxonomy":"category","embeddable":true,"href":"https:\/\/www.blogsoestado.com\/danielmatos\/wp-json\/wp\/v2\/categories?post=58846"},{"taxonomy":"post_tag","embeddable":true,"href":"https:\/\/www.blogsoestado.com\/danielmatos\/wp-json\/wp\/v2\/tags?post=58846"}],"curies":[{"name":"wp","href":"https:\/\/api.w.org\/{rel}","templated":true}]}}