{"id":58880,"date":"2018-12-17T13:19:13","date_gmt":"2018-12-17T16:19:13","guid":{"rendered":"https:\/\/www.blogsoestado.com\/danielmatos\/?p=58880"},"modified":"2018-12-17T13:19:13","modified_gmt":"2018-12-17T16:19:13","slug":"instituto-cuidar-realiza-acao-social-em-igreja-evangelica-no-alto-do-parana-em-paco-do-lumiar","status":"publish","type":"post","link":"https:\/\/www.blogsoestado.com\/danielmatos\/instituto-cuidar-realiza-acao-social-em-igreja-evangelica-no-alto-do-parana-em-paco-do-lumiar\/","title":{"rendered":"Instituto Cuidar realiza a\u00e7\u00e3o social em igreja evang\u00e9lica no Alto do Paran\u00e3, em Pa\u00e7o do Lumiar"},"content":{"rendered":"<figure id=\"attachment_58881\" aria-describedby=\"caption-attachment-58881\" style=\"width: 650px\" class=\"wp-caption aligncenter\"><a href=\"https:\/\/www.blogsoestado.com\/danielmatos\/2018\/12\/17\/instituto-cuidar-realiza-acao-social-em-igreja-evangelica-no-alto-do-parana-em-paco-do-lumiar\/cefran-ad\/\" rel=\"attachment wp-att-58881\"><img fetchpriority=\"high\" decoding=\"async\" class=\"wp-image-58881\" src=\"https:\/\/www.blogsoestado.com\/danielmatos\/files\/2018\/12\/cefran-ad.jpg\" alt=\"\" width=\"650\" height=\"488\" \/><\/a><figcaption id=\"caption-attachment-58881\" class=\"wp-caption-text\">Membros da Assembleia de Deus com representantes do Instituto Cuidar na a\u00e7\u00e3o social<\/figcaption><\/figure>\n<p>O Instituto Cuidar, organiza\u00e7\u00e3o filantr\u00f3pica de Pa\u00e7o do Lumiar, realizou, no \u00faltimo s\u00e1bado (15), a sua primeira a\u00e7\u00e3o social na igreja Assembleia de Deus \u00c1rea 45, no Alto do Paran\u00e3.<\/p>\n<p>Com o lema &#8221; Acolhendo com Amor&#8221;, o instituto atendeu a mais de 500 pessoas da comunidade e adjac\u00eancias, entre crian\u00e7as, adultos e idosos, com a entrega de cestas b\u00e1sicas e brinquedos, e ainda muitas atividades l\u00fadicas.<\/p>\n<figure id=\"attachment_58882\" aria-describedby=\"caption-attachment-58882\" style=\"width: 650px\" class=\"wp-caption aligncenter\"><a href=\"https:\/\/www.blogsoestado.com\/danielmatos\/2018\/12\/17\/instituto-cuidar-realiza-acao-social-em-igreja-evangelica-no-alto-do-parana-em-paco-do-lumiar\/cefran-ad2\/\" rel=\"attachment wp-att-58882\"><img decoding=\"async\" class=\"wp-image-58882\" src=\"https:\/\/www.blogsoestado.com\/danielmatos\/files\/2018\/12\/cefran-ad2.jpg\" alt=\"\" width=\"650\" height=\"867\" \/><\/a><figcaption id=\"caption-attachment-58882\" class=\"wp-caption-text\">Crian\u00e7as beneficiadas pela a\u00e7\u00e3o social demonstraram alegria por receberem aux\u00edlio do instituto<\/figcaption><\/figure>\n<p>Para a moradora Irene Luz, 50 anos, &#8220;a a\u00e7\u00e3o social prop\u00f4s a participa\u00e7\u00e3o de muita gente. Nossas crian\u00e7as, por exemplo, se divertiram bastante com as brincadeiras. Foi super importante porque a comunidade tem suas dificuldades, e n\u00f3s fomos acolhidos neste dia por esse grupo. Que tenham mais a\u00e7\u00f5es&#8221;.<\/p>\n<figure id=\"attachment_58883\" aria-describedby=\"caption-attachment-58883\" style=\"width: 650px\" class=\"wp-caption aligncenter\"><a href=\"https:\/\/www.blogsoestado.com\/danielmatos\/2018\/12\/17\/instituto-cuidar-realiza-acao-social-em-igreja-evangelica-no-alto-do-parana-em-paco-do-lumiar\/cefran-ad3\/\" rel=\"attachment wp-att-58883\"><img decoding=\"async\" class=\"wp-image-58883\" src=\"https:\/\/www.blogsoestado.com\/danielmatos\/files\/2018\/12\/cefran-ad3.jpg\" alt=\"\" width=\"650\" height=\"867\" \/><\/a><figcaption id=\"caption-attachment-58883\" class=\"wp-caption-text\">O ex-prefeito e empres\u00e1rio da \u00e1rea de educa\u00e7\u00e3o Josemar Sobreiro entrega cesta b\u00e1sica a uma integrante da igreja<\/figcaption><\/figure>\n<p>O Instituto Cuidar \u00e9 formado por empres\u00e1rios, profissionais de diversas \u00e1reas, e lideran\u00e7as comunit\u00e1rias e religiosas de Pa\u00e7o do Lumiar, com o objetivo de proporcionar o bem estar ao pr\u00f3ximo, atendendo \u00e0 demandas existentes e emergentes de comunidades carentes.<\/p>\n<figure id=\"attachment_58884\" aria-describedby=\"caption-attachment-58884\" style=\"width: 650px\" class=\"wp-caption aligncenter\"><a href=\"https:\/\/www.blogsoestado.com\/danielmatos\/2018\/12\/17\/instituto-cuidar-realiza-acao-social-em-igreja-evangelica-no-alto-do-parana-em-paco-do-lumiar\/cefran-ad4\/\" rel=\"attachment wp-att-58884\"><img loading=\"lazy\" decoding=\"async\" class=\"wp-image-58884\" src=\"https:\/\/www.blogsoestado.com\/danielmatos\/files\/2018\/12\/cefran-ad4.jpg\" alt=\"\" width=\"650\" height=\"867\" \/><\/a><figcaption id=\"caption-attachment-58884\" class=\"wp-caption-text\">Professora Ivone Oliveira, em gesto de solidariedade, doa cesta b\u00e1sica durante a a\u00e7\u00e3o social<\/figcaption><\/figure>\n<p>Para a professora Karla Maria, membro do Cuidar, &#8220;o instituto existe com a ideia de um olhar solid\u00e1rio e de amor ao pr\u00f3ximo. Com a chegada do Natal, \u00e9poca de reflex\u00e3o, o Instituto Cuidar iniciou as suas atividades com a miss\u00e3o de estender \u00e0s m\u00e3os aos mais necessitados do nosso munic\u00edpio&#8221;.<\/p>\n<p>Outras a\u00e7\u00f5es ser\u00e3o realizadas no munic\u00edpio, ampliando a oferta de servi\u00e7os diversos \u00e0s comunidades.<\/p>\n","protected":false},"excerpt":{"rendered":"<p>O Instituto Cuidar, organiza\u00e7\u00e3o filantr\u00f3pica de Pa\u00e7o do Lumiar, realizou, no \u00faltimo s\u00e1bado (15), a sua primeira a\u00e7\u00e3o social na [&hellip;]<\/p>\n","protected":false},"author":0,"featured_media":0,"comment_status":"open","ping_status":"open","sticky":false,"template":"","format":"standard","meta":{"site-sidebar-layout":"default","site-content-layout":"","ast-site-content-layout":"default","site-content-style":"default","site-sidebar-style":"default","ast-global-header-display":"","ast-banner-title-visibility":"","ast-main-header-display":"","ast-hfb-above-header-display":"","ast-hfb-below-header-display":"","ast-hfb-mobile-header-display":"","site-post-title":"","ast-breadcrumbs-content":"","ast-featured-img":"","footer-sml-layout":"","ast-disable-related-posts":"","theme-transparent-header-meta":"","adv-header-id-meta":"","stick-header-meta":"","header-above-stick-meta":"","header-main-stick-meta":"","header-below-stick-meta":"","astra-migrate-meta-layouts":"default","ast-page-background-enabled":"default","ast-page-background-meta":{"desktop":{"background-color":"var(--ast-global-color-5)","background-image":"","background-repeat":"repeat","background-position":"center center","background-size":"auto","background-attachment":"scroll","background-type":"","background-media":"","overlay-type":"","overlay-color":"","overlay-opacity":"","overlay-gradient":""},"tablet":{"background-color":"","background-image":"","background-repeat":"repeat","background-position":"center center","background-size":"auto","background-attachment":"scroll","background-type":"","background-media":"","overlay-type":"","overlay-color":"","overlay-opacity":"","overlay-gradient":""},"mobile":{"background-color":"","background-image":"","background-repeat":"repeat","background-position":"center center","background-size":"auto","background-attachment":"scroll","background-type":"","background-media":"","overlay-type":"","overlay-color":"","overlay-opacity":"","overlay-gradient":""}},"ast-content-background-meta":{"desktop":{"background-color":"var(--ast-global-color-4)","background-image":"","background-repeat":"repeat","background-position":"center center","background-size":"auto","background-attachment":"scroll","background-type":"","background-media":"","overlay-type":"","overlay-color":"","overlay-opacity":"","overlay-gradient":""},"tablet":{"background-color":"var(--ast-global-color-4)","background-image":"","background-repeat":"repeat","background-position":"center center","background-size":"auto","background-attachment":"scroll","background-type":"","background-media":"","overlay-type":"","overlay-color":"","overlay-opacity":"","overlay-gradient":""},"mobile":{"background-color":"var(--ast-global-color-4)","background-image":"","background-repeat":"repeat","background-position":"center center","background-size":"auto","background-attachment":"scroll","background-type":"","background-media":"","overlay-type":"","overlay-color":"","overlay-opacity":"","overlay-gradient":""}},"footnotes":""},"categories":[1],"tags":[],"class_list":["post-58880","post","type-post","status-publish","format-standard","hentry","category-sem-categoria"],"yoast_head":"<!-- This site is optimized with the Yoast SEO plugin v26.6 - https:\/\/yoast.com\/wordpress\/plugins\/seo\/ -->\n<title>Instituto Cuidar realiza a\u00e7\u00e3o social em igreja evang\u00e9lica no Alto do Paran\u00e3, em Pa\u00e7o do Lumiar - Daniel Matos<\/title>\n<meta name=\"robots\" content=\"index, follow, max-snippet:-1, max-image-preview:large, max-video-preview:-1\" \/>\n<link rel=\"canonical\" href=\"https:\/\/www.blogsoestado.com\/danielmatos\/instituto-cuidar-realiza-acao-social-em-igreja-evangelica-no-alto-do-parana-em-paco-do-lumiar\/\" \/>\n<meta property=\"og:locale\" content=\"pt_BR\" \/>\n<meta property=\"og:type\" content=\"article\" \/>\n<meta property=\"og:title\" content=\"Instituto Cuidar realiza a\u00e7\u00e3o social em igreja evang\u00e9lica no Alto do Paran\u00e3, em Pa\u00e7o do Lumiar - Daniel Matos\" \/>\n<meta property=\"og:description\" content=\"O Instituto Cuidar, organiza\u00e7\u00e3o filantr\u00f3pica de Pa\u00e7o do Lumiar, realizou, no \u00faltimo s\u00e1bado (15), a sua primeira a\u00e7\u00e3o social na [&hellip;]\" \/>\n<meta property=\"og:url\" content=\"https:\/\/www.blogsoestado.com\/danielmatos\/instituto-cuidar-realiza-acao-social-em-igreja-evangelica-no-alto-do-parana-em-paco-do-lumiar\/\" \/>\n<meta property=\"og:site_name\" content=\"Daniel Matos\" \/>\n<meta property=\"article:published_time\" content=\"2018-12-17T16:19:13+00:00\" \/>\n<meta property=\"og:image\" content=\"https:\/\/www.blogsoestado.com\/danielmatos\/files\/2018\/12\/cefran-ad.jpg\" \/>\n<meta name=\"twitter:card\" content=\"summary_large_image\" \/>\n<meta name=\"twitter:label1\" content=\"Est. tempo de leitura\" \/>\n\t<meta name=\"twitter:data1\" content=\"2 minutos\" \/>\n<script type=\"application\/ld+json\" class=\"yoast-schema-graph\">{\"@context\":\"https:\/\/schema.org\",\"@graph\":[{\"@type\":\"WebPage\",\"@id\":\"https:\/\/www.blogsoestado.com\/danielmatos\/instituto-cuidar-realiza-acao-social-em-igreja-evangelica-no-alto-do-parana-em-paco-do-lumiar\/\",\"url\":\"https:\/\/www.blogsoestado.com\/danielmatos\/instituto-cuidar-realiza-acao-social-em-igreja-evangelica-no-alto-do-parana-em-paco-do-lumiar\/\",\"name\":\"Instituto Cuidar realiza a\u00e7\u00e3o social em igreja evang\u00e9lica no Alto do Paran\u00e3, em Pa\u00e7o do Lumiar - Daniel Matos\",\"isPartOf\":{\"@id\":\"https:\/\/www.blogsoestado.com\/danielmatos\/#website\"},\"primaryImageOfPage\":{\"@id\":\"https:\/\/www.blogsoestado.com\/danielmatos\/instituto-cuidar-realiza-acao-social-em-igreja-evangelica-no-alto-do-parana-em-paco-do-lumiar\/#primaryimage\"},\"image\":{\"@id\":\"https:\/\/www.blogsoestado.com\/danielmatos\/instituto-cuidar-realiza-acao-social-em-igreja-evangelica-no-alto-do-parana-em-paco-do-lumiar\/#primaryimage\"},\"thumbnailUrl\":\"https:\/\/www.blogsoestado.com\/danielmatos\/files\/2018\/12\/cefran-ad.jpg\",\"datePublished\":\"2018-12-17T16:19:13+00:00\",\"author\":{\"@id\":\"\"},\"breadcrumb\":{\"@id\":\"https:\/\/www.blogsoestado.com\/danielmatos\/instituto-cuidar-realiza-acao-social-em-igreja-evangelica-no-alto-do-parana-em-paco-do-lumiar\/#breadcrumb\"},\"inLanguage\":\"pt-BR\",\"potentialAction\":[{\"@type\":\"ReadAction\",\"target\":[\"https:\/\/www.blogsoestado.com\/danielmatos\/instituto-cuidar-realiza-acao-social-em-igreja-evangelica-no-alto-do-parana-em-paco-do-lumiar\/\"]}]},{\"@type\":\"ImageObject\",\"inLanguage\":\"pt-BR\",\"@id\":\"https:\/\/www.blogsoestado.com\/danielmatos\/instituto-cuidar-realiza-acao-social-em-igreja-evangelica-no-alto-do-parana-em-paco-do-lumiar\/#primaryimage\",\"url\":\"https:\/\/www.blogsoestado.com\/danielmatos\/files\/2018\/12\/cefran-ad.jpg\",\"contentUrl\":\"https:\/\/www.blogsoestado.com\/danielmatos\/files\/2018\/12\/cefran-ad.jpg\"},{\"@type\":\"BreadcrumbList\",\"@id\":\"https:\/\/www.blogsoestado.com\/danielmatos\/instituto-cuidar-realiza-acao-social-em-igreja-evangelica-no-alto-do-parana-em-paco-do-lumiar\/#breadcrumb\",\"itemListElement\":[{\"@type\":\"ListItem\",\"position\":1,\"name\":\"In\u00edcio\",\"item\":\"https:\/\/www.blogsoestado.com\/danielmatos\/\"},{\"@type\":\"ListItem\",\"position\":2,\"name\":\"Instituto Cuidar realiza a\u00e7\u00e3o social em igreja evang\u00e9lica no Alto do Paran\u00e3, em Pa\u00e7o do Lumiar\"}]},{\"@type\":\"WebSite\",\"@id\":\"https:\/\/www.blogsoestado.com\/danielmatos\/#website\",\"url\":\"https:\/\/www.blogsoestado.com\/danielmatos\/\",\"name\":\"Daniel Matos\",\"description\":\"\",\"potentialAction\":[{\"@type\":\"SearchAction\",\"target\":{\"@type\":\"EntryPoint\",\"urlTemplate\":\"https:\/\/www.blogsoestado.com\/danielmatos\/?s={search_term_string}\"},\"query-input\":{\"@type\":\"PropertyValueSpecification\",\"valueRequired\":true,\"valueName\":\"search_term_string\"}}],\"inLanguage\":\"pt-BR\"}]}<\/script>\n<!-- \/ Yoast SEO plugin. -->","yoast_head_json":{"title":"Instituto Cuidar realiza a\u00e7\u00e3o social em igreja evang\u00e9lica no Alto do Paran\u00e3, em Pa\u00e7o do Lumiar - Daniel Matos","robots":{"index":"index","follow":"follow","max-snippet":"max-snippet:-1","max-image-preview":"max-image-preview:large","max-video-preview":"max-video-preview:-1"},"canonical":"https:\/\/www.blogsoestado.com\/danielmatos\/instituto-cuidar-realiza-acao-social-em-igreja-evangelica-no-alto-do-parana-em-paco-do-lumiar\/","og_locale":"pt_BR","og_type":"article","og_title":"Instituto Cuidar realiza a\u00e7\u00e3o social em igreja evang\u00e9lica no Alto do Paran\u00e3, em Pa\u00e7o do Lumiar - Daniel Matos","og_description":"O Instituto Cuidar, organiza\u00e7\u00e3o filantr\u00f3pica de Pa\u00e7o do Lumiar, realizou, no \u00faltimo s\u00e1bado (15), a sua primeira a\u00e7\u00e3o social na [&hellip;]","og_url":"https:\/\/www.blogsoestado.com\/danielmatos\/instituto-cuidar-realiza-acao-social-em-igreja-evangelica-no-alto-do-parana-em-paco-do-lumiar\/","og_site_name":"Daniel Matos","article_published_time":"2018-12-17T16:19:13+00:00","og_image":[{"url":"https:\/\/www.blogsoestado.com\/danielmatos\/files\/2018\/12\/cefran-ad.jpg","type":"","width":"","height":""}],"twitter_card":"summary_large_image","twitter_misc":{"Est. tempo de leitura":"2 minutos"},"schema":{"@context":"https:\/\/schema.org","@graph":[{"@type":"WebPage","@id":"https:\/\/www.blogsoestado.com\/danielmatos\/instituto-cuidar-realiza-acao-social-em-igreja-evangelica-no-alto-do-parana-em-paco-do-lumiar\/","url":"https:\/\/www.blogsoestado.com\/danielmatos\/instituto-cuidar-realiza-acao-social-em-igreja-evangelica-no-alto-do-parana-em-paco-do-lumiar\/","name":"Instituto Cuidar realiza a\u00e7\u00e3o social em igreja evang\u00e9lica no Alto do Paran\u00e3, em Pa\u00e7o do Lumiar - Daniel Matos","isPartOf":{"@id":"https:\/\/www.blogsoestado.com\/danielmatos\/#website"},"primaryImageOfPage":{"@id":"https:\/\/www.blogsoestado.com\/danielmatos\/instituto-cuidar-realiza-acao-social-em-igreja-evangelica-no-alto-do-parana-em-paco-do-lumiar\/#primaryimage"},"image":{"@id":"https:\/\/www.blogsoestado.com\/danielmatos\/instituto-cuidar-realiza-acao-social-em-igreja-evangelica-no-alto-do-parana-em-paco-do-lumiar\/#primaryimage"},"thumbnailUrl":"https:\/\/www.blogsoestado.com\/danielmatos\/files\/2018\/12\/cefran-ad.jpg","datePublished":"2018-12-17T16:19:13+00:00","author":{"@id":""},"breadcrumb":{"@id":"https:\/\/www.blogsoestado.com\/danielmatos\/instituto-cuidar-realiza-acao-social-em-igreja-evangelica-no-alto-do-parana-em-paco-do-lumiar\/#breadcrumb"},"inLanguage":"pt-BR","potentialAction":[{"@type":"ReadAction","target":["https:\/\/www.blogsoestado.com\/danielmatos\/instituto-cuidar-realiza-acao-social-em-igreja-evangelica-no-alto-do-parana-em-paco-do-lumiar\/"]}]},{"@type":"ImageObject","inLanguage":"pt-BR","@id":"https:\/\/www.blogsoestado.com\/danielmatos\/instituto-cuidar-realiza-acao-social-em-igreja-evangelica-no-alto-do-parana-em-paco-do-lumiar\/#primaryimage","url":"https:\/\/www.blogsoestado.com\/danielmatos\/files\/2018\/12\/cefran-ad.jpg","contentUrl":"https:\/\/www.blogsoestado.com\/danielmatos\/files\/2018\/12\/cefran-ad.jpg"},{"@type":"BreadcrumbList","@id":"https:\/\/www.blogsoestado.com\/danielmatos\/instituto-cuidar-realiza-acao-social-em-igreja-evangelica-no-alto-do-parana-em-paco-do-lumiar\/#breadcrumb","itemListElement":[{"@type":"ListItem","position":1,"name":"In\u00edcio","item":"https:\/\/www.blogsoestado.com\/danielmatos\/"},{"@type":"ListItem","position":2,"name":"Instituto Cuidar realiza a\u00e7\u00e3o social em igreja evang\u00e9lica no Alto do Paran\u00e3, em Pa\u00e7o do Lumiar"}]},{"@type":"WebSite","@id":"https:\/\/www.blogsoestado.com\/danielmatos\/#website","url":"https:\/\/www.blogsoestado.com\/danielmatos\/","name":"Daniel Matos","description":"","potentialAction":[{"@type":"SearchAction","target":{"@type":"EntryPoint","urlTemplate":"https:\/\/www.blogsoestado.com\/danielmatos\/?s={search_term_string}"},"query-input":{"@type":"PropertyValueSpecification","valueRequired":true,"valueName":"search_term_string"}}],"inLanguage":"pt-BR"}]}},"jetpack_featured_media_url":"","_links":{"self":[{"href":"https:\/\/www.blogsoestado.com\/danielmatos\/wp-json\/wp\/v2\/posts\/58880","targetHints":{"allow":["GET"]}}],"collection":[{"href":"https:\/\/www.blogsoestado.com\/danielmatos\/wp-json\/wp\/v2\/posts"}],"about":[{"href":"https:\/\/www.blogsoestado.com\/danielmatos\/wp-json\/wp\/v2\/types\/post"}],"replies":[{"embeddable":true,"href":"https:\/\/www.blogsoestado.com\/danielmatos\/wp-json\/wp\/v2\/comments?post=58880"}],"version-history":[{"count":0,"href":"https:\/\/www.blogsoestado.com\/danielmatos\/wp-json\/wp\/v2\/posts\/58880\/revisions"}],"wp:attachment":[{"href":"https:\/\/www.blogsoestado.com\/danielmatos\/wp-json\/wp\/v2\/media?parent=58880"}],"wp:term":[{"taxonomy":"category","embeddable":true,"href":"https:\/\/www.blogsoestado.com\/danielmatos\/wp-json\/wp\/v2\/categories?post=58880"},{"taxonomy":"post_tag","embeddable":true,"href":"https:\/\/www.blogsoestado.com\/danielmatos\/wp-json\/wp\/v2\/tags?post=58880"}],"curies":[{"name":"wp","href":"https:\/\/api.w.org\/{rel}","templated":true}]}}