{"id":58887,"date":"2018-12-17T17:12:45","date_gmt":"2018-12-17T20:12:45","guid":{"rendered":"https:\/\/www.blogsoestado.com\/danielmatos\/?p=58887"},"modified":"2018-12-17T17:12:45","modified_gmt":"2018-12-17T20:12:45","slug":"governistas-rejeitaram-r-5-milhoes-para-combater-estragos-das-chuvas-em-sao-luis","status":"publish","type":"post","link":"https:\/\/www.blogsoestado.com\/danielmatos\/governistas-rejeitaram-r-5-milhoes-para-combater-estragos-das-chuvas-em-sao-luis\/","title":{"rendered":"Governistas rejeitaram R$ 5 milh\u00f5es para combater estragos das chuvas em S\u00e3o Lu\u00eds"},"content":{"rendered":"<figure id=\"attachment_58888\" aria-describedby=\"caption-attachment-58888\" style=\"width: 450px\" class=\"wp-caption alignleft\"><a href=\"https:\/\/www.blogsoestado.com\/danielmatos\/2018\/12\/17\/governistas-rejeitaram-r-5-milhoes-para-combater-estragos-das-chuvas-em-sao-luis\/adriano-enchentes\/\" rel=\"attachment wp-att-58888\"><img fetchpriority=\"high\" decoding=\"async\" class=\"wp-image-58888\" src=\"https:\/\/www.blogsoestado.com\/danielmatos\/files\/2018\/12\/adriano-enchentes.jpg\" alt=\"\" width=\"450\" height=\"298\" \/><\/a><figcaption id=\"caption-attachment-58888\" class=\"wp-caption-text\">Adriano analisou o or\u00e7amento e percebeu o que chamou de absurdo<\/figcaption><\/figure>\n<p>Prejudicando centenas de pessoas neste per\u00edodo de chuvas que se inicia, a bancada do governo comunista, por unanimidade, votou contra a Emenda n\u00ba 227, de autoria do deputado estadual Adriano Sarney (PV), ao Projeto de Lei Or\u00e7ament\u00e1ria (PLOA 2019), votado na semana passada na Assembleia Legislativa, que destinava R$ 5 milh\u00f5es para a cidade de S\u00e3o Lu\u00eds. Os recursos seriam aplicados em obras de manuten\u00e7\u00e3o e preven\u00e7\u00e3o aos efeitos danosos das chuvas, como alagamentos e deslizamentos.<\/p>\n<p>Adriano explicou que os recursos para o munic\u00edpio de S\u00e3o Lu\u00eds seriam realocados da Secretaria de Governo (Segov), cuja previs\u00e3o or\u00e7ament\u00e1ria para 2019 \u00e9 de mais de R$ 70 milh\u00f5es.<\/p>\n<p>\u201c\u00c9 nosso dever discutir a melhor forma de aplica\u00e7\u00e3o das reservas e das finan\u00e7as do Estado. Portanto, analisei o or\u00e7amento e percebi este absurdo que \u00e9 uma secretaria estadual, que na pr\u00e1tica tem servido para o governo defender seus interesses pol\u00edticos, tenha uma fatia t\u00e3o gorda do or\u00e7amento estadual, enquanto \u00e1reas priorit\u00e1rias para o cidad\u00e3o de bem fiquem \u00e0 m\u00edngua, como \u00e9 o caso de a\u00e7\u00f5es de combate aos efeitos danosos das chuvas\u201d, disse.<\/p>\n","protected":false},"excerpt":{"rendered":"<p>Prejudicando centenas de pessoas neste per\u00edodo de chuvas que se inicia, a bancada do governo comunista, por unanimidade, votou contra [&hellip;]<\/p>\n","protected":false},"author":0,"featured_media":0,"comment_status":"open","ping_status":"open","sticky":false,"template":"","format":"standard","meta":{"site-sidebar-layout":"default","site-content-layout":"","ast-site-content-layout":"default","site-content-style":"default","site-sidebar-style":"default","ast-global-header-display":"","ast-banner-title-visibility":"","ast-main-header-display":"","ast-hfb-above-header-display":"","ast-hfb-below-header-display":"","ast-hfb-mobile-header-display":"","site-post-title":"","ast-breadcrumbs-content":"","ast-featured-img":"","footer-sml-layout":"","ast-disable-related-posts":"","theme-transparent-header-meta":"","adv-header-id-meta":"","stick-header-meta":"","header-above-stick-meta":"","header-main-stick-meta":"","header-below-stick-meta":"","astra-migrate-meta-layouts":"default","ast-page-background-enabled":"default","ast-page-background-meta":{"desktop":{"background-color":"var(--ast-global-color-5)","background-image":"","background-repeat":"repeat","background-position":"center center","background-size":"auto","background-attachment":"scroll","background-type":"","background-media":"","overlay-type":"","overlay-color":"","overlay-opacity":"","overlay-gradient":""},"tablet":{"background-color":"","background-image":"","background-repeat":"repeat","background-position":"center center","background-size":"auto","background-attachment":"scroll","background-type":"","background-media":"","overlay-type":"","overlay-color":"","overlay-opacity":"","overlay-gradient":""},"mobile":{"background-color":"","background-image":"","background-repeat":"repeat","background-position":"center center","background-size":"auto","background-attachment":"scroll","background-type":"","background-media":"","overlay-type":"","overlay-color":"","overlay-opacity":"","overlay-gradient":""}},"ast-content-background-meta":{"desktop":{"background-color":"var(--ast-global-color-4)","background-image":"","background-repeat":"repeat","background-position":"center center","background-size":"auto","background-attachment":"scroll","background-type":"","background-media":"","overlay-type":"","overlay-color":"","overlay-opacity":"","overlay-gradient":""},"tablet":{"background-color":"var(--ast-global-color-4)","background-image":"","background-repeat":"repeat","background-position":"center center","background-size":"auto","background-attachment":"scroll","background-type":"","background-media":"","overlay-type":"","overlay-color":"","overlay-opacity":"","overlay-gradient":""},"mobile":{"background-color":"var(--ast-global-color-4)","background-image":"","background-repeat":"repeat","background-position":"center center","background-size":"auto","background-attachment":"scroll","background-type":"","background-media":"","overlay-type":"","overlay-color":"","overlay-opacity":"","overlay-gradient":""}},"footnotes":""},"categories":[1],"tags":[],"class_list":["post-58887","post","type-post","status-publish","format-standard","hentry","category-sem-categoria"],"yoast_head":"<!-- This site is optimized with the Yoast SEO plugin v26.6 - https:\/\/yoast.com\/wordpress\/plugins\/seo\/ -->\n<title>Governistas rejeitaram R$ 5 milh\u00f5es para combater estragos das chuvas em S\u00e3o Lu\u00eds - Daniel Matos<\/title>\n<meta name=\"robots\" content=\"index, follow, max-snippet:-1, max-image-preview:large, max-video-preview:-1\" \/>\n<link rel=\"canonical\" href=\"https:\/\/www.blogsoestado.com\/danielmatos\/governistas-rejeitaram-r-5-milhoes-para-combater-estragos-das-chuvas-em-sao-luis\/\" \/>\n<meta property=\"og:locale\" content=\"pt_BR\" \/>\n<meta property=\"og:type\" content=\"article\" \/>\n<meta property=\"og:title\" content=\"Governistas rejeitaram R$ 5 milh\u00f5es para combater estragos das chuvas em S\u00e3o Lu\u00eds - Daniel Matos\" \/>\n<meta property=\"og:description\" content=\"Prejudicando centenas de pessoas neste per\u00edodo de chuvas que se inicia, a bancada do governo comunista, por unanimidade, votou contra [&hellip;]\" \/>\n<meta property=\"og:url\" content=\"https:\/\/www.blogsoestado.com\/danielmatos\/governistas-rejeitaram-r-5-milhoes-para-combater-estragos-das-chuvas-em-sao-luis\/\" \/>\n<meta property=\"og:site_name\" content=\"Daniel Matos\" \/>\n<meta property=\"article:published_time\" content=\"2018-12-17T20:12:45+00:00\" \/>\n<meta property=\"og:image\" content=\"https:\/\/www.blogsoestado.com\/danielmatos\/files\/2018\/12\/adriano-enchentes.jpg\" \/>\n<meta name=\"twitter:card\" content=\"summary_large_image\" \/>\n<meta name=\"twitter:label1\" content=\"Est. tempo de leitura\" \/>\n\t<meta name=\"twitter:data1\" content=\"1 minuto\" \/>\n<script type=\"application\/ld+json\" class=\"yoast-schema-graph\">{\"@context\":\"https:\/\/schema.org\",\"@graph\":[{\"@type\":\"WebPage\",\"@id\":\"https:\/\/www.blogsoestado.com\/danielmatos\/governistas-rejeitaram-r-5-milhoes-para-combater-estragos-das-chuvas-em-sao-luis\/\",\"url\":\"https:\/\/www.blogsoestado.com\/danielmatos\/governistas-rejeitaram-r-5-milhoes-para-combater-estragos-das-chuvas-em-sao-luis\/\",\"name\":\"Governistas rejeitaram R$ 5 milh\u00f5es para combater estragos das chuvas em S\u00e3o Lu\u00eds - Daniel Matos\",\"isPartOf\":{\"@id\":\"https:\/\/www.blogsoestado.com\/danielmatos\/#website\"},\"primaryImageOfPage\":{\"@id\":\"https:\/\/www.blogsoestado.com\/danielmatos\/governistas-rejeitaram-r-5-milhoes-para-combater-estragos-das-chuvas-em-sao-luis\/#primaryimage\"},\"image\":{\"@id\":\"https:\/\/www.blogsoestado.com\/danielmatos\/governistas-rejeitaram-r-5-milhoes-para-combater-estragos-das-chuvas-em-sao-luis\/#primaryimage\"},\"thumbnailUrl\":\"https:\/\/www.blogsoestado.com\/danielmatos\/files\/2018\/12\/adriano-enchentes.jpg\",\"datePublished\":\"2018-12-17T20:12:45+00:00\",\"author\":{\"@id\":\"\"},\"breadcrumb\":{\"@id\":\"https:\/\/www.blogsoestado.com\/danielmatos\/governistas-rejeitaram-r-5-milhoes-para-combater-estragos-das-chuvas-em-sao-luis\/#breadcrumb\"},\"inLanguage\":\"pt-BR\",\"potentialAction\":[{\"@type\":\"ReadAction\",\"target\":[\"https:\/\/www.blogsoestado.com\/danielmatos\/governistas-rejeitaram-r-5-milhoes-para-combater-estragos-das-chuvas-em-sao-luis\/\"]}]},{\"@type\":\"ImageObject\",\"inLanguage\":\"pt-BR\",\"@id\":\"https:\/\/www.blogsoestado.com\/danielmatos\/governistas-rejeitaram-r-5-milhoes-para-combater-estragos-das-chuvas-em-sao-luis\/#primaryimage\",\"url\":\"https:\/\/www.blogsoestado.com\/danielmatos\/files\/2018\/12\/adriano-enchentes.jpg\",\"contentUrl\":\"https:\/\/www.blogsoestado.com\/danielmatos\/files\/2018\/12\/adriano-enchentes.jpg\"},{\"@type\":\"BreadcrumbList\",\"@id\":\"https:\/\/www.blogsoestado.com\/danielmatos\/governistas-rejeitaram-r-5-milhoes-para-combater-estragos-das-chuvas-em-sao-luis\/#breadcrumb\",\"itemListElement\":[{\"@type\":\"ListItem\",\"position\":1,\"name\":\"In\u00edcio\",\"item\":\"https:\/\/www.blogsoestado.com\/danielmatos\/\"},{\"@type\":\"ListItem\",\"position\":2,\"name\":\"Governistas rejeitaram R$ 5 milh\u00f5es para combater estragos das chuvas em S\u00e3o Lu\u00eds\"}]},{\"@type\":\"WebSite\",\"@id\":\"https:\/\/www.blogsoestado.com\/danielmatos\/#website\",\"url\":\"https:\/\/www.blogsoestado.com\/danielmatos\/\",\"name\":\"Daniel Matos\",\"description\":\"\",\"potentialAction\":[{\"@type\":\"SearchAction\",\"target\":{\"@type\":\"EntryPoint\",\"urlTemplate\":\"https:\/\/www.blogsoestado.com\/danielmatos\/?s={search_term_string}\"},\"query-input\":{\"@type\":\"PropertyValueSpecification\",\"valueRequired\":true,\"valueName\":\"search_term_string\"}}],\"inLanguage\":\"pt-BR\"}]}<\/script>\n<!-- \/ Yoast SEO plugin. -->","yoast_head_json":{"title":"Governistas rejeitaram R$ 5 milh\u00f5es para combater estragos das chuvas em S\u00e3o Lu\u00eds - Daniel Matos","robots":{"index":"index","follow":"follow","max-snippet":"max-snippet:-1","max-image-preview":"max-image-preview:large","max-video-preview":"max-video-preview:-1"},"canonical":"https:\/\/www.blogsoestado.com\/danielmatos\/governistas-rejeitaram-r-5-milhoes-para-combater-estragos-das-chuvas-em-sao-luis\/","og_locale":"pt_BR","og_type":"article","og_title":"Governistas rejeitaram R$ 5 milh\u00f5es para combater estragos das chuvas em S\u00e3o Lu\u00eds - Daniel Matos","og_description":"Prejudicando centenas de pessoas neste per\u00edodo de chuvas que se inicia, a bancada do governo comunista, por unanimidade, votou contra [&hellip;]","og_url":"https:\/\/www.blogsoestado.com\/danielmatos\/governistas-rejeitaram-r-5-milhoes-para-combater-estragos-das-chuvas-em-sao-luis\/","og_site_name":"Daniel Matos","article_published_time":"2018-12-17T20:12:45+00:00","og_image":[{"url":"https:\/\/www.blogsoestado.com\/danielmatos\/files\/2018\/12\/adriano-enchentes.jpg","type":"","width":"","height":""}],"twitter_card":"summary_large_image","twitter_misc":{"Est. tempo de leitura":"1 minuto"},"schema":{"@context":"https:\/\/schema.org","@graph":[{"@type":"WebPage","@id":"https:\/\/www.blogsoestado.com\/danielmatos\/governistas-rejeitaram-r-5-milhoes-para-combater-estragos-das-chuvas-em-sao-luis\/","url":"https:\/\/www.blogsoestado.com\/danielmatos\/governistas-rejeitaram-r-5-milhoes-para-combater-estragos-das-chuvas-em-sao-luis\/","name":"Governistas rejeitaram R$ 5 milh\u00f5es para combater estragos das chuvas em S\u00e3o Lu\u00eds - Daniel Matos","isPartOf":{"@id":"https:\/\/www.blogsoestado.com\/danielmatos\/#website"},"primaryImageOfPage":{"@id":"https:\/\/www.blogsoestado.com\/danielmatos\/governistas-rejeitaram-r-5-milhoes-para-combater-estragos-das-chuvas-em-sao-luis\/#primaryimage"},"image":{"@id":"https:\/\/www.blogsoestado.com\/danielmatos\/governistas-rejeitaram-r-5-milhoes-para-combater-estragos-das-chuvas-em-sao-luis\/#primaryimage"},"thumbnailUrl":"https:\/\/www.blogsoestado.com\/danielmatos\/files\/2018\/12\/adriano-enchentes.jpg","datePublished":"2018-12-17T20:12:45+00:00","author":{"@id":""},"breadcrumb":{"@id":"https:\/\/www.blogsoestado.com\/danielmatos\/governistas-rejeitaram-r-5-milhoes-para-combater-estragos-das-chuvas-em-sao-luis\/#breadcrumb"},"inLanguage":"pt-BR","potentialAction":[{"@type":"ReadAction","target":["https:\/\/www.blogsoestado.com\/danielmatos\/governistas-rejeitaram-r-5-milhoes-para-combater-estragos-das-chuvas-em-sao-luis\/"]}]},{"@type":"ImageObject","inLanguage":"pt-BR","@id":"https:\/\/www.blogsoestado.com\/danielmatos\/governistas-rejeitaram-r-5-milhoes-para-combater-estragos-das-chuvas-em-sao-luis\/#primaryimage","url":"https:\/\/www.blogsoestado.com\/danielmatos\/files\/2018\/12\/adriano-enchentes.jpg","contentUrl":"https:\/\/www.blogsoestado.com\/danielmatos\/files\/2018\/12\/adriano-enchentes.jpg"},{"@type":"BreadcrumbList","@id":"https:\/\/www.blogsoestado.com\/danielmatos\/governistas-rejeitaram-r-5-milhoes-para-combater-estragos-das-chuvas-em-sao-luis\/#breadcrumb","itemListElement":[{"@type":"ListItem","position":1,"name":"In\u00edcio","item":"https:\/\/www.blogsoestado.com\/danielmatos\/"},{"@type":"ListItem","position":2,"name":"Governistas rejeitaram R$ 5 milh\u00f5es para combater estragos das chuvas em S\u00e3o Lu\u00eds"}]},{"@type":"WebSite","@id":"https:\/\/www.blogsoestado.com\/danielmatos\/#website","url":"https:\/\/www.blogsoestado.com\/danielmatos\/","name":"Daniel Matos","description":"","potentialAction":[{"@type":"SearchAction","target":{"@type":"EntryPoint","urlTemplate":"https:\/\/www.blogsoestado.com\/danielmatos\/?s={search_term_string}"},"query-input":{"@type":"PropertyValueSpecification","valueRequired":true,"valueName":"search_term_string"}}],"inLanguage":"pt-BR"}]}},"jetpack_featured_media_url":"","_links":{"self":[{"href":"https:\/\/www.blogsoestado.com\/danielmatos\/wp-json\/wp\/v2\/posts\/58887","targetHints":{"allow":["GET"]}}],"collection":[{"href":"https:\/\/www.blogsoestado.com\/danielmatos\/wp-json\/wp\/v2\/posts"}],"about":[{"href":"https:\/\/www.blogsoestado.com\/danielmatos\/wp-json\/wp\/v2\/types\/post"}],"replies":[{"embeddable":true,"href":"https:\/\/www.blogsoestado.com\/danielmatos\/wp-json\/wp\/v2\/comments?post=58887"}],"version-history":[{"count":0,"href":"https:\/\/www.blogsoestado.com\/danielmatos\/wp-json\/wp\/v2\/posts\/58887\/revisions"}],"wp:attachment":[{"href":"https:\/\/www.blogsoestado.com\/danielmatos\/wp-json\/wp\/v2\/media?parent=58887"}],"wp:term":[{"taxonomy":"category","embeddable":true,"href":"https:\/\/www.blogsoestado.com\/danielmatos\/wp-json\/wp\/v2\/categories?post=58887"},{"taxonomy":"post_tag","embeddable":true,"href":"https:\/\/www.blogsoestado.com\/danielmatos\/wp-json\/wp\/v2\/tags?post=58887"}],"curies":[{"name":"wp","href":"https:\/\/api.w.org\/{rel}","templated":true}]}}