{"id":58891,"date":"2018-12-17T18:01:36","date_gmt":"2018-12-17T21:01:36","guid":{"rendered":"https:\/\/www.blogsoestado.com\/danielmatos\/?p=58891"},"modified":"2018-12-17T18:01:36","modified_gmt":"2018-12-17T21:01:36","slug":"tj-ma-nega-pedido-de-reconsideracao-de-tutela-de-urgencia-solicitada-pela-pge-na-acao-dos-217","status":"publish","type":"post","link":"https:\/\/www.blogsoestado.com\/danielmatos\/tj-ma-nega-pedido-de-reconsideracao-de-tutela-de-urgencia-solicitada-pela-pge-na-acao-dos-217\/","title":{"rendered":"TJ-MA nega pedido de reconsidera\u00e7\u00e3o de tutela de urg\u00eancia solicitada pela PGE na a\u00e7\u00e3o dos 21,7%"},"content":{"rendered":"<figure id=\"attachment_58858\" aria-describedby=\"caption-attachment-58858\" style=\"width: 450px\" class=\"wp-caption alignright\"><a href=\"https:\/\/www.blogsoestado.com\/danielmatos\/2018\/12\/14\/sindicato-diz-que-procurador-tentar-justificar-decreto-inconstitucional-acusando-servidores-de-fraude\/rodrigo-flavio\/\" rel=\"attachment wp-att-58858\"><img fetchpriority=\"high\" decoding=\"async\" class=\"wp-image-58858\" src=\"https:\/\/www.blogsoestado.com\/danielmatos\/files\/2018\/12\/rodrigo-flavio.jpg\" alt=\"\" width=\"450\" height=\"250\" \/><\/a><figcaption id=\"caption-attachment-58858\" class=\"wp-caption-text\">Rodrigo Maia segue orienta\u00e7\u00e3o de Fl\u00e1vio Dino e tenta barrar pagamentos a servidores pela via judicial<\/figcaption><\/figure>\n<p>Tentando emplacar mais uma de suas artimanhas contra os servidores p\u00fablicos, a Procuradoria Geral do Estado (PGE) entrou com pedido de reconsidera\u00e7\u00e3o de decis\u00e3o, proferida pelo desembargador Jos\u00e9 de Ribamar Castro, a respeito da concess\u00e3o de tutela de urg\u00eancia para suspender a execu\u00e7\u00e3o das senten\u00e7as na a\u00e7\u00e3o dos 21,7%. H\u00e1 pouco mais de uma semana, o magistrado, que \u00e9 relator da A\u00e7\u00e3o Rescis\u00f3ria impetrada pelo Estado, proferiu despacho onde diz que s\u00f3 se manifestar\u00e1 a respeito da concess\u00e3o, ou n\u00e3o, da tutela ap\u00f3s intima\u00e7\u00e3o e posterior contesta\u00e7\u00e3o do SINTSEP sobre o pedido.<\/p>\n<p>Na quarta-feira (12), o procurador-geral do Estado, Rodrigo Maia, entrou com pedido de reconsidera\u00e7\u00e3o da decis\u00e3o, alegando a exist\u00eancia de execu\u00e7\u00f5es em duplicidade ou, at\u00e9 mesmo, em triplicidade, o que, segundo ele, poderia onerar os cofres p\u00fablicos. A PGE pretendia que o magistrado, antes mesmo da manifesta\u00e7\u00e3o do SINTSEP para a forma\u00e7\u00e3o do contradit\u00f3rio, concedesse a tutela de urg\u00eancia e, consequentemente, a suspens\u00e3o da execu\u00e7\u00e3o das senten\u00e7as. O desembargador negou o pedido e reafirmou que s\u00f3 ir\u00e1 decidir ap\u00f3s ouvir o SINTSEP.<\/p>\n<p>Confira o despacho:<\/p>\n<p><a href=\"https:\/\/www.blogsoestado.com\/danielmatos\/2018\/12\/17\/tj-ma-nega-pedido-de-reconsideracao-de-tutela-de-urgencia-solicitada-pela-pge-na-acao-dos-217\/tj-nao-reconsidera\/\" rel=\"attachment wp-att-58892\"><img decoding=\"async\" class=\"aligncenter size-full wp-image-58892\" src=\"https:\/\/www.blogsoestado.com\/danielmatos\/files\/2018\/12\/tj-nao-reconsidera.jpeg\" alt=\"\" width=\"682\" height=\"1024\" \/><\/a><\/p>\n","protected":false},"excerpt":{"rendered":"<p>Tentando emplacar mais uma de suas artimanhas contra os servidores p\u00fablicos, a Procuradoria Geral do Estado (PGE) entrou com pedido [&hellip;]<\/p>\n","protected":false},"author":0,"featured_media":0,"comment_status":"open","ping_status":"open","sticky":false,"template":"","format":"standard","meta":{"site-sidebar-layout":"default","site-content-layout":"","ast-site-content-layout":"default","site-content-style":"default","site-sidebar-style":"default","ast-global-header-display":"","ast-banner-title-visibility":"","ast-main-header-display":"","ast-hfb-above-header-display":"","ast-hfb-below-header-display":"","ast-hfb-mobile-header-display":"","site-post-title":"","ast-breadcrumbs-content":"","ast-featured-img":"","footer-sml-layout":"","ast-disable-related-posts":"","theme-transparent-header-meta":"","adv-header-id-meta":"","stick-header-meta":"","header-above-stick-meta":"","header-main-stick-meta":"","header-below-stick-meta":"","astra-migrate-meta-layouts":"default","ast-page-background-enabled":"default","ast-page-background-meta":{"desktop":{"background-color":"var(--ast-global-color-5)","background-image":"","background-repeat":"repeat","background-position":"center center","background-size":"auto","background-attachment":"scroll","background-type":"","background-media":"","overlay-type":"","overlay-color":"","overlay-opacity":"","overlay-gradient":""},"tablet":{"background-color":"","background-image":"","background-repeat":"repeat","background-position":"center center","background-size":"auto","background-attachment":"scroll","background-type":"","background-media":"","overlay-type":"","overlay-color":"","overlay-opacity":"","overlay-gradient":""},"mobile":{"background-color":"","background-image":"","background-repeat":"repeat","background-position":"center center","background-size":"auto","background-attachment":"scroll","background-type":"","background-media":"","overlay-type":"","overlay-color":"","overlay-opacity":"","overlay-gradient":""}},"ast-content-background-meta":{"desktop":{"background-color":"var(--ast-global-color-4)","background-image":"","background-repeat":"repeat","background-position":"center center","background-size":"auto","background-attachment":"scroll","background-type":"","background-media":"","overlay-type":"","overlay-color":"","overlay-opacity":"","overlay-gradient":""},"tablet":{"background-color":"var(--ast-global-color-4)","background-image":"","background-repeat":"repeat","background-position":"center center","background-size":"auto","background-attachment":"scroll","background-type":"","background-media":"","overlay-type":"","overlay-color":"","overlay-opacity":"","overlay-gradient":""},"mobile":{"background-color":"var(--ast-global-color-4)","background-image":"","background-repeat":"repeat","background-position":"center center","background-size":"auto","background-attachment":"scroll","background-type":"","background-media":"","overlay-type":"","overlay-color":"","overlay-opacity":"","overlay-gradient":""}},"footnotes":""},"categories":[1],"tags":[],"class_list":["post-58891","post","type-post","status-publish","format-standard","hentry","category-sem-categoria"],"yoast_head":"<!-- This site is optimized with the Yoast SEO plugin v26.6 - https:\/\/yoast.com\/wordpress\/plugins\/seo\/ -->\n<title>TJ-MA nega pedido de reconsidera\u00e7\u00e3o de tutela de urg\u00eancia solicitada pela PGE na a\u00e7\u00e3o dos 21,7% - Daniel Matos<\/title>\n<meta name=\"robots\" content=\"index, follow, max-snippet:-1, max-image-preview:large, max-video-preview:-1\" \/>\n<link rel=\"canonical\" href=\"https:\/\/www.blogsoestado.com\/danielmatos\/tj-ma-nega-pedido-de-reconsideracao-de-tutela-de-urgencia-solicitada-pela-pge-na-acao-dos-217\/\" \/>\n<meta property=\"og:locale\" content=\"pt_BR\" \/>\n<meta property=\"og:type\" content=\"article\" \/>\n<meta property=\"og:title\" content=\"TJ-MA nega pedido de reconsidera\u00e7\u00e3o de tutela de urg\u00eancia solicitada pela PGE na a\u00e7\u00e3o dos 21,7% - Daniel Matos\" \/>\n<meta property=\"og:description\" content=\"Tentando emplacar mais uma de suas artimanhas contra os servidores p\u00fablicos, a Procuradoria Geral do Estado (PGE) entrou com pedido [&hellip;]\" \/>\n<meta property=\"og:url\" content=\"https:\/\/www.blogsoestado.com\/danielmatos\/tj-ma-nega-pedido-de-reconsideracao-de-tutela-de-urgencia-solicitada-pela-pge-na-acao-dos-217\/\" \/>\n<meta property=\"og:site_name\" content=\"Daniel Matos\" \/>\n<meta property=\"article:published_time\" content=\"2018-12-17T21:01:36+00:00\" \/>\n<meta property=\"og:image\" content=\"https:\/\/www.blogsoestado.com\/danielmatos\/files\/2018\/12\/rodrigo-flavio.jpg\" \/>\n<meta name=\"twitter:card\" content=\"summary_large_image\" \/>\n<meta name=\"twitter:label1\" content=\"Est. tempo de leitura\" \/>\n\t<meta name=\"twitter:data1\" content=\"1 minuto\" \/>\n<script type=\"application\/ld+json\" class=\"yoast-schema-graph\">{\"@context\":\"https:\/\/schema.org\",\"@graph\":[{\"@type\":\"WebPage\",\"@id\":\"https:\/\/www.blogsoestado.com\/danielmatos\/tj-ma-nega-pedido-de-reconsideracao-de-tutela-de-urgencia-solicitada-pela-pge-na-acao-dos-217\/\",\"url\":\"https:\/\/www.blogsoestado.com\/danielmatos\/tj-ma-nega-pedido-de-reconsideracao-de-tutela-de-urgencia-solicitada-pela-pge-na-acao-dos-217\/\",\"name\":\"TJ-MA nega pedido de reconsidera\u00e7\u00e3o de tutela de urg\u00eancia solicitada pela PGE na a\u00e7\u00e3o dos 21,7% - Daniel Matos\",\"isPartOf\":{\"@id\":\"https:\/\/www.blogsoestado.com\/danielmatos\/#website\"},\"primaryImageOfPage\":{\"@id\":\"https:\/\/www.blogsoestado.com\/danielmatos\/tj-ma-nega-pedido-de-reconsideracao-de-tutela-de-urgencia-solicitada-pela-pge-na-acao-dos-217\/#primaryimage\"},\"image\":{\"@id\":\"https:\/\/www.blogsoestado.com\/danielmatos\/tj-ma-nega-pedido-de-reconsideracao-de-tutela-de-urgencia-solicitada-pela-pge-na-acao-dos-217\/#primaryimage\"},\"thumbnailUrl\":\"https:\/\/www.blogsoestado.com\/danielmatos\/files\/2018\/12\/rodrigo-flavio.jpg\",\"datePublished\":\"2018-12-17T21:01:36+00:00\",\"author\":{\"@id\":\"\"},\"breadcrumb\":{\"@id\":\"https:\/\/www.blogsoestado.com\/danielmatos\/tj-ma-nega-pedido-de-reconsideracao-de-tutela-de-urgencia-solicitada-pela-pge-na-acao-dos-217\/#breadcrumb\"},\"inLanguage\":\"pt-BR\",\"potentialAction\":[{\"@type\":\"ReadAction\",\"target\":[\"https:\/\/www.blogsoestado.com\/danielmatos\/tj-ma-nega-pedido-de-reconsideracao-de-tutela-de-urgencia-solicitada-pela-pge-na-acao-dos-217\/\"]}]},{\"@type\":\"ImageObject\",\"inLanguage\":\"pt-BR\",\"@id\":\"https:\/\/www.blogsoestado.com\/danielmatos\/tj-ma-nega-pedido-de-reconsideracao-de-tutela-de-urgencia-solicitada-pela-pge-na-acao-dos-217\/#primaryimage\",\"url\":\"https:\/\/www.blogsoestado.com\/danielmatos\/files\/2018\/12\/rodrigo-flavio.jpg\",\"contentUrl\":\"https:\/\/www.blogsoestado.com\/danielmatos\/files\/2018\/12\/rodrigo-flavio.jpg\"},{\"@type\":\"BreadcrumbList\",\"@id\":\"https:\/\/www.blogsoestado.com\/danielmatos\/tj-ma-nega-pedido-de-reconsideracao-de-tutela-de-urgencia-solicitada-pela-pge-na-acao-dos-217\/#breadcrumb\",\"itemListElement\":[{\"@type\":\"ListItem\",\"position\":1,\"name\":\"In\u00edcio\",\"item\":\"https:\/\/www.blogsoestado.com\/danielmatos\/\"},{\"@type\":\"ListItem\",\"position\":2,\"name\":\"TJ-MA nega pedido de reconsidera\u00e7\u00e3o de tutela de urg\u00eancia solicitada pela PGE na a\u00e7\u00e3o dos 21,7%\"}]},{\"@type\":\"WebSite\",\"@id\":\"https:\/\/www.blogsoestado.com\/danielmatos\/#website\",\"url\":\"https:\/\/www.blogsoestado.com\/danielmatos\/\",\"name\":\"Daniel Matos\",\"description\":\"\",\"potentialAction\":[{\"@type\":\"SearchAction\",\"target\":{\"@type\":\"EntryPoint\",\"urlTemplate\":\"https:\/\/www.blogsoestado.com\/danielmatos\/?s={search_term_string}\"},\"query-input\":{\"@type\":\"PropertyValueSpecification\",\"valueRequired\":true,\"valueName\":\"search_term_string\"}}],\"inLanguage\":\"pt-BR\"}]}<\/script>\n<!-- \/ Yoast SEO plugin. -->","yoast_head_json":{"title":"TJ-MA nega pedido de reconsidera\u00e7\u00e3o de tutela de urg\u00eancia solicitada pela PGE na a\u00e7\u00e3o dos 21,7% - Daniel Matos","robots":{"index":"index","follow":"follow","max-snippet":"max-snippet:-1","max-image-preview":"max-image-preview:large","max-video-preview":"max-video-preview:-1"},"canonical":"https:\/\/www.blogsoestado.com\/danielmatos\/tj-ma-nega-pedido-de-reconsideracao-de-tutela-de-urgencia-solicitada-pela-pge-na-acao-dos-217\/","og_locale":"pt_BR","og_type":"article","og_title":"TJ-MA nega pedido de reconsidera\u00e7\u00e3o de tutela de urg\u00eancia solicitada pela PGE na a\u00e7\u00e3o dos 21,7% - Daniel Matos","og_description":"Tentando emplacar mais uma de suas artimanhas contra os servidores p\u00fablicos, a Procuradoria Geral do Estado (PGE) entrou com pedido [&hellip;]","og_url":"https:\/\/www.blogsoestado.com\/danielmatos\/tj-ma-nega-pedido-de-reconsideracao-de-tutela-de-urgencia-solicitada-pela-pge-na-acao-dos-217\/","og_site_name":"Daniel Matos","article_published_time":"2018-12-17T21:01:36+00:00","og_image":[{"url":"https:\/\/www.blogsoestado.com\/danielmatos\/files\/2018\/12\/rodrigo-flavio.jpg","type":"","width":"","height":""}],"twitter_card":"summary_large_image","twitter_misc":{"Est. tempo de leitura":"1 minuto"},"schema":{"@context":"https:\/\/schema.org","@graph":[{"@type":"WebPage","@id":"https:\/\/www.blogsoestado.com\/danielmatos\/tj-ma-nega-pedido-de-reconsideracao-de-tutela-de-urgencia-solicitada-pela-pge-na-acao-dos-217\/","url":"https:\/\/www.blogsoestado.com\/danielmatos\/tj-ma-nega-pedido-de-reconsideracao-de-tutela-de-urgencia-solicitada-pela-pge-na-acao-dos-217\/","name":"TJ-MA nega pedido de reconsidera\u00e7\u00e3o de tutela de urg\u00eancia solicitada pela PGE na a\u00e7\u00e3o dos 21,7% - Daniel Matos","isPartOf":{"@id":"https:\/\/www.blogsoestado.com\/danielmatos\/#website"},"primaryImageOfPage":{"@id":"https:\/\/www.blogsoestado.com\/danielmatos\/tj-ma-nega-pedido-de-reconsideracao-de-tutela-de-urgencia-solicitada-pela-pge-na-acao-dos-217\/#primaryimage"},"image":{"@id":"https:\/\/www.blogsoestado.com\/danielmatos\/tj-ma-nega-pedido-de-reconsideracao-de-tutela-de-urgencia-solicitada-pela-pge-na-acao-dos-217\/#primaryimage"},"thumbnailUrl":"https:\/\/www.blogsoestado.com\/danielmatos\/files\/2018\/12\/rodrigo-flavio.jpg","datePublished":"2018-12-17T21:01:36+00:00","author":{"@id":""},"breadcrumb":{"@id":"https:\/\/www.blogsoestado.com\/danielmatos\/tj-ma-nega-pedido-de-reconsideracao-de-tutela-de-urgencia-solicitada-pela-pge-na-acao-dos-217\/#breadcrumb"},"inLanguage":"pt-BR","potentialAction":[{"@type":"ReadAction","target":["https:\/\/www.blogsoestado.com\/danielmatos\/tj-ma-nega-pedido-de-reconsideracao-de-tutela-de-urgencia-solicitada-pela-pge-na-acao-dos-217\/"]}]},{"@type":"ImageObject","inLanguage":"pt-BR","@id":"https:\/\/www.blogsoestado.com\/danielmatos\/tj-ma-nega-pedido-de-reconsideracao-de-tutela-de-urgencia-solicitada-pela-pge-na-acao-dos-217\/#primaryimage","url":"https:\/\/www.blogsoestado.com\/danielmatos\/files\/2018\/12\/rodrigo-flavio.jpg","contentUrl":"https:\/\/www.blogsoestado.com\/danielmatos\/files\/2018\/12\/rodrigo-flavio.jpg"},{"@type":"BreadcrumbList","@id":"https:\/\/www.blogsoestado.com\/danielmatos\/tj-ma-nega-pedido-de-reconsideracao-de-tutela-de-urgencia-solicitada-pela-pge-na-acao-dos-217\/#breadcrumb","itemListElement":[{"@type":"ListItem","position":1,"name":"In\u00edcio","item":"https:\/\/www.blogsoestado.com\/danielmatos\/"},{"@type":"ListItem","position":2,"name":"TJ-MA nega pedido de reconsidera\u00e7\u00e3o de tutela de urg\u00eancia solicitada pela PGE na a\u00e7\u00e3o dos 21,7%"}]},{"@type":"WebSite","@id":"https:\/\/www.blogsoestado.com\/danielmatos\/#website","url":"https:\/\/www.blogsoestado.com\/danielmatos\/","name":"Daniel Matos","description":"","potentialAction":[{"@type":"SearchAction","target":{"@type":"EntryPoint","urlTemplate":"https:\/\/www.blogsoestado.com\/danielmatos\/?s={search_term_string}"},"query-input":{"@type":"PropertyValueSpecification","valueRequired":true,"valueName":"search_term_string"}}],"inLanguage":"pt-BR"}]}},"jetpack_featured_media_url":"","_links":{"self":[{"href":"https:\/\/www.blogsoestado.com\/danielmatos\/wp-json\/wp\/v2\/posts\/58891","targetHints":{"allow":["GET"]}}],"collection":[{"href":"https:\/\/www.blogsoestado.com\/danielmatos\/wp-json\/wp\/v2\/posts"}],"about":[{"href":"https:\/\/www.blogsoestado.com\/danielmatos\/wp-json\/wp\/v2\/types\/post"}],"replies":[{"embeddable":true,"href":"https:\/\/www.blogsoestado.com\/danielmatos\/wp-json\/wp\/v2\/comments?post=58891"}],"version-history":[{"count":0,"href":"https:\/\/www.blogsoestado.com\/danielmatos\/wp-json\/wp\/v2\/posts\/58891\/revisions"}],"wp:attachment":[{"href":"https:\/\/www.blogsoestado.com\/danielmatos\/wp-json\/wp\/v2\/media?parent=58891"}],"wp:term":[{"taxonomy":"category","embeddable":true,"href":"https:\/\/www.blogsoestado.com\/danielmatos\/wp-json\/wp\/v2\/categories?post=58891"},{"taxonomy":"post_tag","embeddable":true,"href":"https:\/\/www.blogsoestado.com\/danielmatos\/wp-json\/wp\/v2\/tags?post=58891"}],"curies":[{"name":"wp","href":"https:\/\/api.w.org\/{rel}","templated":true}]}}