{"id":58895,"date":"2018-12-18T09:49:46","date_gmt":"2018-12-18T12:49:46","guid":{"rendered":"https:\/\/www.blogsoestado.com\/danielmatos\/?p=58895"},"modified":"2018-12-18T09:49:46","modified_gmt":"2018-12-18T12:49:46","slug":"camara-municipal-de-sao-luis-condecora-personalidades-com-sua-maior-honraria","status":"publish","type":"post","link":"https:\/\/www.blogsoestado.com\/danielmatos\/camara-municipal-de-sao-luis-condecora-personalidades-com-sua-maior-honraria\/","title":{"rendered":"C\u00e2mara Municipal de S\u00e3o Lu\u00eds condecora personalidades com sua maior honraria"},"content":{"rendered":"<figure id=\"attachment_58896\" aria-describedby=\"caption-attachment-58896\" style=\"width: 650px\" class=\"wp-caption aligncenter\"><a href=\"https:\/\/www.blogsoestado.com\/danielmatos\/2018\/12\/18\/camara-municipal-de-sao-luis-condecora-personalidades-comsua-maior-honraria\/medalha-camara\/\" rel=\"attachment wp-att-58896\"><img fetchpriority=\"high\" decoding=\"async\" class=\"wp-image-58896\" src=\"https:\/\/www.blogsoestado.com\/danielmatos\/files\/2018\/12\/medalha-camara.jpg\" alt=\"\" width=\"650\" height=\"433\" \/><\/a><figcaption id=\"caption-attachment-58896\" class=\"wp-caption-text\">Vereadores posicionados na mesa, tendo ao centro o presidente da C\u00e2mara Municipal, Astro de Ogum, durante a cerim\u00f4nia de entrega da medalha<\/figcaption><\/figure>\n<p>Personalidades com atua\u00e7\u00e3o em diferentes segmentos foram condecoradas, ontem, em solenidade realizada no audit\u00f3rio da Federa\u00e7\u00e3o das Ind\u00fastrias do Maranh\u00e3o (Fiema), a medalha Sim\u00e3o Est\u00e1cio da Silveira, maior honraria concedida pela C\u00e2mara Municipal de S\u00e3o Lu\u00eds. A medalha \u00e9 destinada a agraciar cidad\u00e3os locais, nacionais e estranheiras com reconhecidos servi\u00e7os prestados \u00e0 cidade de S\u00e3o Lu\u00eds.<\/p>\n<figure id=\"attachment_58897\" aria-describedby=\"caption-attachment-58897\" style=\"width: 650px\" class=\"wp-caption aligncenter\"><a href=\"https:\/\/www.blogsoestado.com\/danielmatos\/2018\/12\/18\/camara-municipal-de-sao-luis-condecora-personalidades-comsua-maior-honraria\/medalha-camara2\/\" rel=\"attachment wp-att-58897\"><img decoding=\"async\" class=\"wp-image-58897\" src=\"https:\/\/www.blogsoestado.com\/danielmatos\/files\/2018\/12\/medalha-camara2.jpg\" alt=\"\" width=\"650\" height=\"433\" \/><\/a><figcaption id=\"caption-attachment-58897\" class=\"wp-caption-text\">Vereador Pav\u00e3o Filho discursou em nome de todos os membros da C\u00e2mara Municipal de S\u00e3o Lu\u00eds<\/figcaption><\/figure>\n<p>\u201cEste momento \u00e9 \u00edmpar, porque a C\u00e2mara Municipal de S\u00e3o Lu\u00eds faz um reconhecimento do trabalho realizado por diversas personalidades, indicada por cada um dos 31 vereadores\u201d, afirmou o vereador Pav\u00e3o Filho(PDT), que proferiu discurso representando todos os vereadores que comp\u00f5em o Legislativo ludovicense.<\/p>\n<p><strong>Transmiss\u00e3o<\/strong><\/p>\n<figure id=\"attachment_58898\" aria-describedby=\"caption-attachment-58898\" style=\"width: 650px\" class=\"wp-caption aligncenter\"><a href=\"https:\/\/www.blogsoestado.com\/danielmatos\/2018\/12\/18\/camara-municipal-de-sao-luis-condecora-personalidades-comsua-maior-honraria\/medalha-camara3\/\" rel=\"attachment wp-att-58898\"><img decoding=\"async\" class=\"wp-image-58898\" src=\"https:\/\/www.blogsoestado.com\/danielmatos\/files\/2018\/12\/medalha-camara3.jpg\" alt=\"\" width=\"650\" height=\"488\" \/><\/a><figcaption id=\"caption-attachment-58898\" class=\"wp-caption-text\">Personalidades condecoradas com a Medalha Sim\u00e3o Est\u00e1cio da Silveira com o vereador Josu\u00e9 Pinheiro<\/figcaption><\/figure>\n<p>Familiares, parentes e amigos dos homenageados que, neste momento, recebem a medalha Sim\u00e3o Est\u00e1cio da Silveira, a mais alta comenda oferecida pela C\u00e2mara Municipal de S\u00e3o Lu\u00eds, no audit\u00f3rio da Fiema, mas que n\u00e3o puderam se fazer presente na solenidade, que atrav\u00e9s das ondas da R\u00e1dio Educadora(560khz) AM, poder\u00e3o acompanhar a homenagem aos seus entes queridos. Sob o comando do jornalista M\u00e1rio Carvalho e os radialistas Juarez Sousa e Jonas Mendes, ambos da equipe de Comunica\u00e7\u00e3o da C\u00e2mara Municipal, o evento est\u00e1 sendo transmitindo para todo o Maranh\u00e3o e parte do Para.<\/p>\n<p>Durante cerim\u00f4nia de entrega da medalha Sim\u00e3o Est\u00e1cio da Silveira, o presidente do Tribunal de Contas do Estado do Maranh\u00e3o (TCE\/MA), conselheiro Caldas Furtado, discursou em nome dos homenageados da noite, e destacou a import\u00e2ncia da honraria, que reconhece as personalidades que se destacaram e contribu\u00edram para o desenvolvimento da cidade.<\/p>\n<figure id=\"attachment_58899\" aria-describedby=\"caption-attachment-58899\" style=\"width: 650px\" class=\"wp-caption aligncenter\"><a href=\"https:\/\/www.blogsoestado.com\/danielmatos\/2018\/12\/18\/camara-municipal-de-sao-luis-condecora-personalidades-comsua-maior-honraria\/medalha-camara4\/\" rel=\"attachment wp-att-58899\"><img loading=\"lazy\" decoding=\"async\" class=\"wp-image-58899\" src=\"https:\/\/www.blogsoestado.com\/danielmatos\/files\/2018\/12\/medalha-camara4.jpg\" alt=\"\" width=\"650\" height=\"867\" \/><\/a><figcaption id=\"caption-attachment-58899\" class=\"wp-caption-text\">Conselheiro Caldas Furtado, presidente do TCE\/MA, falou do seu trabalho \u00e0 frente da Corte de Contas<\/figcaption><\/figure>\n<p>Em seu pronunciamento, Caldas fez uma avalia\u00e7\u00e3o de sua gest\u00e3o \u00e0 frente da Corte de Contas com foco nos investimentos em tecnologia para melhorar a atua\u00e7\u00e3o do controle externo.<\/p>\n<p>Sob a reg\u00eancia do maestro Fernando Mouchreck, o coral de S\u00e3o Jo\u00e3o entoou com maestria o hino de Louva\u00e7\u00e3o a S\u00e3o Lu\u00eds, deixando ainda mais bonita a solenidade de entrega da condecora\u00e7\u00e3o.<\/p>\n","protected":false},"excerpt":{"rendered":"<p>Personalidades com atua\u00e7\u00e3o em diferentes segmentos foram condecoradas, ontem, em solenidade realizada no audit\u00f3rio da Federa\u00e7\u00e3o das Ind\u00fastrias do Maranh\u00e3o [&hellip;]<\/p>\n","protected":false},"author":0,"featured_media":0,"comment_status":"open","ping_status":"open","sticky":false,"template":"","format":"standard","meta":{"site-sidebar-layout":"default","site-content-layout":"","ast-site-content-layout":"default","site-content-style":"default","site-sidebar-style":"default","ast-global-header-display":"","ast-banner-title-visibility":"","ast-main-header-display":"","ast-hfb-above-header-display":"","ast-hfb-below-header-display":"","ast-hfb-mobile-header-display":"","site-post-title":"","ast-breadcrumbs-content":"","ast-featured-img":"","footer-sml-layout":"","ast-disable-related-posts":"","theme-transparent-header-meta":"","adv-header-id-meta":"","stick-header-meta":"","header-above-stick-meta":"","header-main-stick-meta":"","header-below-stick-meta":"","astra-migrate-meta-layouts":"default","ast-page-background-enabled":"default","ast-page-background-meta":{"desktop":{"background-color":"var(--ast-global-color-5)","background-image":"","background-repeat":"repeat","background-position":"center center","background-size":"auto","background-attachment":"scroll","background-type":"","background-media":"","overlay-type":"","overlay-color":"","overlay-opacity":"","overlay-gradient":""},"tablet":{"background-color":"","background-image":"","background-repeat":"repeat","background-position":"center center","background-size":"auto","background-attachment":"scroll","background-type":"","background-media":"","overlay-type":"","overlay-color":"","overlay-opacity":"","overlay-gradient":""},"mobile":{"background-color":"","background-image":"","background-repeat":"repeat","background-position":"center center","background-size":"auto","background-attachment":"scroll","background-type":"","background-media":"","overlay-type":"","overlay-color":"","overlay-opacity":"","overlay-gradient":""}},"ast-content-background-meta":{"desktop":{"background-color":"var(--ast-global-color-4)","background-image":"","background-repeat":"repeat","background-position":"center center","background-size":"auto","background-attachment":"scroll","background-type":"","background-media":"","overlay-type":"","overlay-color":"","overlay-opacity":"","overlay-gradient":""},"tablet":{"background-color":"var(--ast-global-color-4)","background-image":"","background-repeat":"repeat","background-position":"center center","background-size":"auto","background-attachment":"scroll","background-type":"","background-media":"","overlay-type":"","overlay-color":"","overlay-opacity":"","overlay-gradient":""},"mobile":{"background-color":"var(--ast-global-color-4)","background-image":"","background-repeat":"repeat","background-position":"center center","background-size":"auto","background-attachment":"scroll","background-type":"","background-media":"","overlay-type":"","overlay-color":"","overlay-opacity":"","overlay-gradient":""}},"footnotes":""},"categories":[1],"tags":[],"class_list":["post-58895","post","type-post","status-publish","format-standard","hentry","category-sem-categoria"],"yoast_head":"<!-- This site is optimized with the Yoast SEO plugin v26.6 - https:\/\/yoast.com\/wordpress\/plugins\/seo\/ -->\n<title>C\u00e2mara Municipal de S\u00e3o Lu\u00eds condecora personalidades com sua maior honraria - Daniel Matos<\/title>\n<meta name=\"robots\" content=\"index, follow, max-snippet:-1, max-image-preview:large, max-video-preview:-1\" \/>\n<link rel=\"canonical\" href=\"https:\/\/www.blogsoestado.com\/danielmatos\/camara-municipal-de-sao-luis-condecora-personalidades-com-sua-maior-honraria\/\" \/>\n<meta property=\"og:locale\" content=\"pt_BR\" \/>\n<meta property=\"og:type\" content=\"article\" \/>\n<meta property=\"og:title\" content=\"C\u00e2mara Municipal de S\u00e3o Lu\u00eds condecora personalidades com sua maior honraria - Daniel Matos\" \/>\n<meta property=\"og:description\" content=\"Personalidades com atua\u00e7\u00e3o em diferentes segmentos foram condecoradas, ontem, em solenidade realizada no audit\u00f3rio da Federa\u00e7\u00e3o das Ind\u00fastrias do Maranh\u00e3o [&hellip;]\" \/>\n<meta property=\"og:url\" content=\"https:\/\/www.blogsoestado.com\/danielmatos\/camara-municipal-de-sao-luis-condecora-personalidades-com-sua-maior-honraria\/\" \/>\n<meta property=\"og:site_name\" content=\"Daniel Matos\" \/>\n<meta property=\"article:published_time\" content=\"2018-12-18T12:49:46+00:00\" \/>\n<meta property=\"og:image\" content=\"https:\/\/www.blogsoestado.com\/danielmatos\/files\/2018\/12\/medalha-camara.jpg\" \/>\n<meta name=\"twitter:card\" content=\"summary_large_image\" \/>\n<meta name=\"twitter:label1\" content=\"Est. tempo de leitura\" \/>\n\t<meta name=\"twitter:data1\" content=\"2 minutos\" \/>\n<script type=\"application\/ld+json\" class=\"yoast-schema-graph\">{\"@context\":\"https:\/\/schema.org\",\"@graph\":[{\"@type\":\"WebPage\",\"@id\":\"https:\/\/www.blogsoestado.com\/danielmatos\/camara-municipal-de-sao-luis-condecora-personalidades-com-sua-maior-honraria\/\",\"url\":\"https:\/\/www.blogsoestado.com\/danielmatos\/camara-municipal-de-sao-luis-condecora-personalidades-com-sua-maior-honraria\/\",\"name\":\"C\u00e2mara Municipal de S\u00e3o Lu\u00eds condecora personalidades com sua maior honraria - Daniel Matos\",\"isPartOf\":{\"@id\":\"https:\/\/www.blogsoestado.com\/danielmatos\/#website\"},\"primaryImageOfPage\":{\"@id\":\"https:\/\/www.blogsoestado.com\/danielmatos\/camara-municipal-de-sao-luis-condecora-personalidades-com-sua-maior-honraria\/#primaryimage\"},\"image\":{\"@id\":\"https:\/\/www.blogsoestado.com\/danielmatos\/camara-municipal-de-sao-luis-condecora-personalidades-com-sua-maior-honraria\/#primaryimage\"},\"thumbnailUrl\":\"https:\/\/www.blogsoestado.com\/danielmatos\/files\/2018\/12\/medalha-camara.jpg\",\"datePublished\":\"2018-12-18T12:49:46+00:00\",\"author\":{\"@id\":\"\"},\"breadcrumb\":{\"@id\":\"https:\/\/www.blogsoestado.com\/danielmatos\/camara-municipal-de-sao-luis-condecora-personalidades-com-sua-maior-honraria\/#breadcrumb\"},\"inLanguage\":\"pt-BR\",\"potentialAction\":[{\"@type\":\"ReadAction\",\"target\":[\"https:\/\/www.blogsoestado.com\/danielmatos\/camara-municipal-de-sao-luis-condecora-personalidades-com-sua-maior-honraria\/\"]}]},{\"@type\":\"ImageObject\",\"inLanguage\":\"pt-BR\",\"@id\":\"https:\/\/www.blogsoestado.com\/danielmatos\/camara-municipal-de-sao-luis-condecora-personalidades-com-sua-maior-honraria\/#primaryimage\",\"url\":\"https:\/\/www.blogsoestado.com\/danielmatos\/files\/2018\/12\/medalha-camara.jpg\",\"contentUrl\":\"https:\/\/www.blogsoestado.com\/danielmatos\/files\/2018\/12\/medalha-camara.jpg\"},{\"@type\":\"BreadcrumbList\",\"@id\":\"https:\/\/www.blogsoestado.com\/danielmatos\/camara-municipal-de-sao-luis-condecora-personalidades-com-sua-maior-honraria\/#breadcrumb\",\"itemListElement\":[{\"@type\":\"ListItem\",\"position\":1,\"name\":\"In\u00edcio\",\"item\":\"https:\/\/www.blogsoestado.com\/danielmatos\/\"},{\"@type\":\"ListItem\",\"position\":2,\"name\":\"C\u00e2mara Municipal de S\u00e3o Lu\u00eds condecora personalidades com sua maior honraria\"}]},{\"@type\":\"WebSite\",\"@id\":\"https:\/\/www.blogsoestado.com\/danielmatos\/#website\",\"url\":\"https:\/\/www.blogsoestado.com\/danielmatos\/\",\"name\":\"Daniel Matos\",\"description\":\"\",\"potentialAction\":[{\"@type\":\"SearchAction\",\"target\":{\"@type\":\"EntryPoint\",\"urlTemplate\":\"https:\/\/www.blogsoestado.com\/danielmatos\/?s={search_term_string}\"},\"query-input\":{\"@type\":\"PropertyValueSpecification\",\"valueRequired\":true,\"valueName\":\"search_term_string\"}}],\"inLanguage\":\"pt-BR\"}]}<\/script>\n<!-- \/ Yoast SEO plugin. -->","yoast_head_json":{"title":"C\u00e2mara Municipal de S\u00e3o Lu\u00eds condecora personalidades com sua maior honraria - Daniel Matos","robots":{"index":"index","follow":"follow","max-snippet":"max-snippet:-1","max-image-preview":"max-image-preview:large","max-video-preview":"max-video-preview:-1"},"canonical":"https:\/\/www.blogsoestado.com\/danielmatos\/camara-municipal-de-sao-luis-condecora-personalidades-com-sua-maior-honraria\/","og_locale":"pt_BR","og_type":"article","og_title":"C\u00e2mara Municipal de S\u00e3o Lu\u00eds condecora personalidades com sua maior honraria - Daniel Matos","og_description":"Personalidades com atua\u00e7\u00e3o em diferentes segmentos foram condecoradas, ontem, em solenidade realizada no audit\u00f3rio da Federa\u00e7\u00e3o das Ind\u00fastrias do Maranh\u00e3o [&hellip;]","og_url":"https:\/\/www.blogsoestado.com\/danielmatos\/camara-municipal-de-sao-luis-condecora-personalidades-com-sua-maior-honraria\/","og_site_name":"Daniel Matos","article_published_time":"2018-12-18T12:49:46+00:00","og_image":[{"url":"https:\/\/www.blogsoestado.com\/danielmatos\/files\/2018\/12\/medalha-camara.jpg","type":"","width":"","height":""}],"twitter_card":"summary_large_image","twitter_misc":{"Est. tempo de leitura":"2 minutos"},"schema":{"@context":"https:\/\/schema.org","@graph":[{"@type":"WebPage","@id":"https:\/\/www.blogsoestado.com\/danielmatos\/camara-municipal-de-sao-luis-condecora-personalidades-com-sua-maior-honraria\/","url":"https:\/\/www.blogsoestado.com\/danielmatos\/camara-municipal-de-sao-luis-condecora-personalidades-com-sua-maior-honraria\/","name":"C\u00e2mara Municipal de S\u00e3o Lu\u00eds condecora personalidades com sua maior honraria - Daniel Matos","isPartOf":{"@id":"https:\/\/www.blogsoestado.com\/danielmatos\/#website"},"primaryImageOfPage":{"@id":"https:\/\/www.blogsoestado.com\/danielmatos\/camara-municipal-de-sao-luis-condecora-personalidades-com-sua-maior-honraria\/#primaryimage"},"image":{"@id":"https:\/\/www.blogsoestado.com\/danielmatos\/camara-municipal-de-sao-luis-condecora-personalidades-com-sua-maior-honraria\/#primaryimage"},"thumbnailUrl":"https:\/\/www.blogsoestado.com\/danielmatos\/files\/2018\/12\/medalha-camara.jpg","datePublished":"2018-12-18T12:49:46+00:00","author":{"@id":""},"breadcrumb":{"@id":"https:\/\/www.blogsoestado.com\/danielmatos\/camara-municipal-de-sao-luis-condecora-personalidades-com-sua-maior-honraria\/#breadcrumb"},"inLanguage":"pt-BR","potentialAction":[{"@type":"ReadAction","target":["https:\/\/www.blogsoestado.com\/danielmatos\/camara-municipal-de-sao-luis-condecora-personalidades-com-sua-maior-honraria\/"]}]},{"@type":"ImageObject","inLanguage":"pt-BR","@id":"https:\/\/www.blogsoestado.com\/danielmatos\/camara-municipal-de-sao-luis-condecora-personalidades-com-sua-maior-honraria\/#primaryimage","url":"https:\/\/www.blogsoestado.com\/danielmatos\/files\/2018\/12\/medalha-camara.jpg","contentUrl":"https:\/\/www.blogsoestado.com\/danielmatos\/files\/2018\/12\/medalha-camara.jpg"},{"@type":"BreadcrumbList","@id":"https:\/\/www.blogsoestado.com\/danielmatos\/camara-municipal-de-sao-luis-condecora-personalidades-com-sua-maior-honraria\/#breadcrumb","itemListElement":[{"@type":"ListItem","position":1,"name":"In\u00edcio","item":"https:\/\/www.blogsoestado.com\/danielmatos\/"},{"@type":"ListItem","position":2,"name":"C\u00e2mara Municipal de S\u00e3o Lu\u00eds condecora personalidades com sua maior honraria"}]},{"@type":"WebSite","@id":"https:\/\/www.blogsoestado.com\/danielmatos\/#website","url":"https:\/\/www.blogsoestado.com\/danielmatos\/","name":"Daniel Matos","description":"","potentialAction":[{"@type":"SearchAction","target":{"@type":"EntryPoint","urlTemplate":"https:\/\/www.blogsoestado.com\/danielmatos\/?s={search_term_string}"},"query-input":{"@type":"PropertyValueSpecification","valueRequired":true,"valueName":"search_term_string"}}],"inLanguage":"pt-BR"}]}},"jetpack_featured_media_url":"","_links":{"self":[{"href":"https:\/\/www.blogsoestado.com\/danielmatos\/wp-json\/wp\/v2\/posts\/58895","targetHints":{"allow":["GET"]}}],"collection":[{"href":"https:\/\/www.blogsoestado.com\/danielmatos\/wp-json\/wp\/v2\/posts"}],"about":[{"href":"https:\/\/www.blogsoestado.com\/danielmatos\/wp-json\/wp\/v2\/types\/post"}],"replies":[{"embeddable":true,"href":"https:\/\/www.blogsoestado.com\/danielmatos\/wp-json\/wp\/v2\/comments?post=58895"}],"version-history":[{"count":0,"href":"https:\/\/www.blogsoestado.com\/danielmatos\/wp-json\/wp\/v2\/posts\/58895\/revisions"}],"wp:attachment":[{"href":"https:\/\/www.blogsoestado.com\/danielmatos\/wp-json\/wp\/v2\/media?parent=58895"}],"wp:term":[{"taxonomy":"category","embeddable":true,"href":"https:\/\/www.blogsoestado.com\/danielmatos\/wp-json\/wp\/v2\/categories?post=58895"},{"taxonomy":"post_tag","embeddable":true,"href":"https:\/\/www.blogsoestado.com\/danielmatos\/wp-json\/wp\/v2\/tags?post=58895"}],"curies":[{"name":"wp","href":"https:\/\/api.w.org\/{rel}","templated":true}]}}