{"id":58903,"date":"2018-12-18T16:27:07","date_gmt":"2018-12-18T19:27:07","guid":{"rendered":"https:\/\/www.blogsoestado.com\/danielmatos\/?p=58903"},"modified":"2018-12-18T16:27:07","modified_gmt":"2018-12-18T19:27:07","slug":"sai-edital-do-primeiro-concurso-da-camara-de-sao-luis","status":"publish","type":"post","link":"https:\/\/www.blogsoestado.com\/danielmatos\/sai-edital-do-primeiro-concurso-da-camara-de-sao-luis\/","title":{"rendered":"Sai edital do primeiro concurso da C\u00e2mara de S\u00e3o Lu\u00eds"},"content":{"rendered":"<h2><span style=\"color: #ff0000;\">Inscri\u00e7\u00f5es poder\u00e3o ser realizadas entre 27 de dezembro de 2018 a 6 de fevereiro de 2019<\/span><\/h2>\n<figure id=\"attachment_58904\" aria-describedby=\"caption-attachment-58904\" style=\"width: 650px\" class=\"wp-caption aligncenter\"><a href=\"https:\/\/www.blogsoestado.com\/danielmatos\/2018\/12\/18\/sai-edital-do-primeiro-concurso-da-camara-de-sao-luis\/concurso-cmsl\/\" rel=\"attachment wp-att-58904\"><img fetchpriority=\"high\" decoding=\"async\" class=\"wp-image-58904\" src=\"https:\/\/www.blogsoestado.com\/danielmatos\/files\/2018\/12\/concurso-cmsl.jpg\" alt=\"\" width=\"650\" height=\"432\" \/><\/a><figcaption id=\"caption-attachment-58904\" class=\"wp-caption-text\">Presidente da C\u00e2mara, Astro de Ogum, e o juiz Douglas Martins no ato em que o edital do concurso foi lan\u00e7ado<\/figcaption><\/figure>\n<p>A partir da pr\u00f3xima quinta-feira, dia 27 de dezembro, a C\u00e2mara Municipal de S\u00e3o Lu\u00eds, estar\u00e1 recebendo as inscri\u00e7\u00f5es para o seu primeiro concurso\u00a0 p\u00fablico, que tem como objetivo preencher 114 vagas em cargos de n\u00edveis<br \/>\nm\u00e9dio e superior, mais 2 vagas para Procurador, al\u00e9m do cadastro de reserva. Os interessados t\u00eam at\u00e9 o dia 6 de fevereiro de 2019 para efetuar as inscri\u00e7\u00f5es. O sal\u00e1rio vai de R$ 1.251,73 a R$ 2.565,05, para os cargos de:<\/p>\n<p><strong>ENSINO SUPERIOR:<\/strong> Administrador (6), Analista de Inform\u00e1tica Legislativa\u00a0 (8), Analista Legislativo (32), Arquiteto (4), Assistente Social (4), Bibliotec\u00e1rio (4), Contador (4), Engenheiro Civil (4), Historiador (4),<br \/>\nJornalista (16), Psic\u00f3logo (4), Radialista (8), Rela\u00e7\u00f5es P\u00fablicas (4), Tecn\u00f3logo em Recursos Humanos (6) e Procurador (4).<\/p>\n<p><strong>ENSINO M\u00c9DIO:<\/strong> Assistente Administrativo (50), T\u00e9cnico em Assessoramento Legislativo (34), T\u00e9cnico em Comunica\u00e7\u00e3o Social \u2013 Divulga\u00e7\u00e3o Institucional (4), T\u00e9cnico em Comunica\u00e7\u00e3o Social \u2013 R\u00e1dio (4), T\u00e9cnico em Comunica\u00e7\u00e3o Social \u2013 Rela\u00e7\u00f5es P\u00fablicas (8), T\u00e9cnico em Comunica\u00e7\u00e3o Social \u2013 Rep\u00f3rter Fotogr\u00e1fico (4), T\u00e9cnico em Comunica\u00e7\u00e3o Social \u2013 Televis\u00e3o (4) e T\u00e9cnico em Inform\u00e1tica (12).<\/p>\n<p>Ser\u00e3o reservadas vagas para pessoas negras (pretos ou pardos), das vagas existentes e das que vierem a surgir durante o prazo de validade do concurso, para cada cargo.<\/p>\n<figure id=\"attachment_58905\" aria-describedby=\"caption-attachment-58905\" style=\"width: 450px\" class=\"wp-caption alignright\"><a href=\"https:\/\/www.blogsoestado.com\/danielmatos\/2018\/12\/18\/sai-edital-do-primeiro-concurso-da-camara-de-sao-luis\/astro-concurso18\/\" rel=\"attachment wp-att-58905\"><img decoding=\"async\" class=\"wp-image-58905\" src=\"https:\/\/www.blogsoestado.com\/danielmatos\/files\/2018\/12\/astro-concurso18.jpg\" alt=\"\" width=\"450\" height=\"299\" \/><\/a><figcaption id=\"caption-attachment-58905\" class=\"wp-caption-text\">Astro de Ogum com a representante da Funda\u00e7\u00e3o Sous\u00e2ndrade e o juiz Douglas Martins<\/figcaption><\/figure>\n<p>O valor da taxa de inscri\u00e7\u00e3o \u00e9 de R$ 75,00, para cargos de n\u00edvel m\u00e9dio e R$ 110,00, de n\u00edvel superior. A ficha para a confirma\u00e7\u00e3o da inscri\u00e7\u00e3o estar\u00e1 dispon\u00edvel nos endere\u00e7os eletr\u00f4nicos: <a href=\"http:\/\/www.fsadu.org.br\">www.fsadu.org.br<\/a> e <a href=\"http:\/\/www.sousandrade.org.br\">www.sousandrade.org.br<\/a>.<\/p>\n<p>O certame ser\u00e1 composto de prova escrita objetiva, a ser aplicada na data prov\u00e1vel de 17 de mar\u00e7o de 2019, na capital maranhense, al\u00e9m de prova de t\u00edtulos, para os cargos de n\u00edvel superior.<\/p>\n<p>O concurso ter\u00e1 validade de dois anos a contar da homologa\u00e7\u00e3o do certame, podendo ser prorrogado uma vez, por igual per\u00edodo, mediante ato da C\u00e2mara de S\u00e3o Lu\u00eds.<\/p>\n<p><strong>Concurso da C\u00e2mara de S\u00e3o Lu\u00ed<\/strong>s<\/p>\n<p><strong>Vagas:<\/strong> 114, mais 2 vagas para Procurador, al\u00e9m do cadastro de reserva<\/p>\n<p><strong>N\u00edveis:<\/strong> m\u00e9dio e superior<\/p>\n<p><strong>Sal\u00e1rios:<\/strong> R$ 1.251,73 a 2.565,05<\/p>\n<p><strong>Prazo de inscri\u00e7\u00e3o:<\/strong> at\u00e9 06 de fevereiro de 2019<\/p>\n<p><strong>Local de inscri\u00e7\u00e3o:<\/strong> site da organizadora, Funda\u00e7\u00e3o Sous\u00e2ndrade<\/p>\n<p><strong>Taxas de inscri\u00e7\u00e3o:<\/strong> R$ 75 (m\u00e9dio) e R$ 110 (superior)<\/p>\n<p><strong>Provas:<\/strong> 17 de mar\u00e7o de 2019<\/p>\n<p><strong>Clique <a href=\"http:\/\/chrome-extension:\/\/oemmndcbldboiebfnladdacbdfmadadm\/http:\/\/camara.slz.br\/wp-content\/uploads\/2018\/12\/1267_edital_abertura.pdf\">aqui<\/a> e acesse o Edital do concurso da C\u00e2mara de S\u00e3o Lu\u00eds.<\/strong><\/p>\n","protected":false},"excerpt":{"rendered":"<p>Inscri\u00e7\u00f5es poder\u00e3o ser realizadas entre 27 de dezembro de 2018 a 6 de fevereiro de 2019 A partir da pr\u00f3xima [&hellip;]<\/p>\n","protected":false},"author":0,"featured_media":0,"comment_status":"open","ping_status":"open","sticky":false,"template":"","format":"standard","meta":{"site-sidebar-layout":"default","site-content-layout":"","ast-site-content-layout":"default","site-content-style":"default","site-sidebar-style":"default","ast-global-header-display":"","ast-banner-title-visibility":"","ast-main-header-display":"","ast-hfb-above-header-display":"","ast-hfb-below-header-display":"","ast-hfb-mobile-header-display":"","site-post-title":"","ast-breadcrumbs-content":"","ast-featured-img":"","footer-sml-layout":"","ast-disable-related-posts":"","theme-transparent-header-meta":"","adv-header-id-meta":"","stick-header-meta":"","header-above-stick-meta":"","header-main-stick-meta":"","header-below-stick-meta":"","astra-migrate-meta-layouts":"default","ast-page-background-enabled":"default","ast-page-background-meta":{"desktop":{"background-color":"var(--ast-global-color-5)","background-image":"","background-repeat":"repeat","background-position":"center center","background-size":"auto","background-attachment":"scroll","background-type":"","background-media":"","overlay-type":"","overlay-color":"","overlay-opacity":"","overlay-gradient":""},"tablet":{"background-color":"","background-image":"","background-repeat":"repeat","background-position":"center center","background-size":"auto","background-attachment":"scroll","background-type":"","background-media":"","overlay-type":"","overlay-color":"","overlay-opacity":"","overlay-gradient":""},"mobile":{"background-color":"","background-image":"","background-repeat":"repeat","background-position":"center center","background-size":"auto","background-attachment":"scroll","background-type":"","background-media":"","overlay-type":"","overlay-color":"","overlay-opacity":"","overlay-gradient":""}},"ast-content-background-meta":{"desktop":{"background-color":"var(--ast-global-color-4)","background-image":"","background-repeat":"repeat","background-position":"center center","background-size":"auto","background-attachment":"scroll","background-type":"","background-media":"","overlay-type":"","overlay-color":"","overlay-opacity":"","overlay-gradient":""},"tablet":{"background-color":"var(--ast-global-color-4)","background-image":"","background-repeat":"repeat","background-position":"center center","background-size":"auto","background-attachment":"scroll","background-type":"","background-media":"","overlay-type":"","overlay-color":"","overlay-opacity":"","overlay-gradient":""},"mobile":{"background-color":"var(--ast-global-color-4)","background-image":"","background-repeat":"repeat","background-position":"center center","background-size":"auto","background-attachment":"scroll","background-type":"","background-media":"","overlay-type":"","overlay-color":"","overlay-opacity":"","overlay-gradient":""}},"footnotes":""},"categories":[1],"tags":[],"class_list":["post-58903","post","type-post","status-publish","format-standard","hentry","category-sem-categoria"],"yoast_head":"<!-- This site is optimized with the Yoast SEO plugin v26.6 - https:\/\/yoast.com\/wordpress\/plugins\/seo\/ -->\n<title>Sai edital do primeiro concurso da C\u00e2mara de S\u00e3o Lu\u00eds - Daniel Matos<\/title>\n<meta name=\"robots\" content=\"index, follow, max-snippet:-1, max-image-preview:large, max-video-preview:-1\" \/>\n<link rel=\"canonical\" href=\"https:\/\/www.blogsoestado.com\/danielmatos\/sai-edital-do-primeiro-concurso-da-camara-de-sao-luis\/\" \/>\n<meta property=\"og:locale\" content=\"pt_BR\" \/>\n<meta property=\"og:type\" content=\"article\" \/>\n<meta property=\"og:title\" content=\"Sai edital do primeiro concurso da C\u00e2mara de S\u00e3o Lu\u00eds - Daniel Matos\" \/>\n<meta property=\"og:description\" content=\"Inscri\u00e7\u00f5es poder\u00e3o ser realizadas entre 27 de dezembro de 2018 a 6 de fevereiro de 2019 A partir da pr\u00f3xima [&hellip;]\" \/>\n<meta property=\"og:url\" content=\"https:\/\/www.blogsoestado.com\/danielmatos\/sai-edital-do-primeiro-concurso-da-camara-de-sao-luis\/\" \/>\n<meta property=\"og:site_name\" content=\"Daniel Matos\" \/>\n<meta property=\"article:published_time\" content=\"2018-12-18T19:27:07+00:00\" \/>\n<meta property=\"og:image\" content=\"https:\/\/www.blogsoestado.com\/danielmatos\/files\/2018\/12\/concurso-cmsl.jpg\" \/>\n<meta name=\"twitter:card\" content=\"summary_large_image\" \/>\n<meta name=\"twitter:label1\" content=\"Est. tempo de leitura\" \/>\n\t<meta name=\"twitter:data1\" content=\"2 minutos\" \/>\n<script type=\"application\/ld+json\" class=\"yoast-schema-graph\">{\"@context\":\"https:\/\/schema.org\",\"@graph\":[{\"@type\":\"WebPage\",\"@id\":\"https:\/\/www.blogsoestado.com\/danielmatos\/sai-edital-do-primeiro-concurso-da-camara-de-sao-luis\/\",\"url\":\"https:\/\/www.blogsoestado.com\/danielmatos\/sai-edital-do-primeiro-concurso-da-camara-de-sao-luis\/\",\"name\":\"Sai edital do primeiro concurso da C\u00e2mara de S\u00e3o Lu\u00eds - Daniel Matos\",\"isPartOf\":{\"@id\":\"https:\/\/www.blogsoestado.com\/danielmatos\/#website\"},\"primaryImageOfPage\":{\"@id\":\"https:\/\/www.blogsoestado.com\/danielmatos\/sai-edital-do-primeiro-concurso-da-camara-de-sao-luis\/#primaryimage\"},\"image\":{\"@id\":\"https:\/\/www.blogsoestado.com\/danielmatos\/sai-edital-do-primeiro-concurso-da-camara-de-sao-luis\/#primaryimage\"},\"thumbnailUrl\":\"https:\/\/www.blogsoestado.com\/danielmatos\/files\/2018\/12\/concurso-cmsl.jpg\",\"datePublished\":\"2018-12-18T19:27:07+00:00\",\"author\":{\"@id\":\"\"},\"breadcrumb\":{\"@id\":\"https:\/\/www.blogsoestado.com\/danielmatos\/sai-edital-do-primeiro-concurso-da-camara-de-sao-luis\/#breadcrumb\"},\"inLanguage\":\"pt-BR\",\"potentialAction\":[{\"@type\":\"ReadAction\",\"target\":[\"https:\/\/www.blogsoestado.com\/danielmatos\/sai-edital-do-primeiro-concurso-da-camara-de-sao-luis\/\"]}]},{\"@type\":\"ImageObject\",\"inLanguage\":\"pt-BR\",\"@id\":\"https:\/\/www.blogsoestado.com\/danielmatos\/sai-edital-do-primeiro-concurso-da-camara-de-sao-luis\/#primaryimage\",\"url\":\"https:\/\/www.blogsoestado.com\/danielmatos\/files\/2018\/12\/concurso-cmsl.jpg\",\"contentUrl\":\"https:\/\/www.blogsoestado.com\/danielmatos\/files\/2018\/12\/concurso-cmsl.jpg\"},{\"@type\":\"BreadcrumbList\",\"@id\":\"https:\/\/www.blogsoestado.com\/danielmatos\/sai-edital-do-primeiro-concurso-da-camara-de-sao-luis\/#breadcrumb\",\"itemListElement\":[{\"@type\":\"ListItem\",\"position\":1,\"name\":\"In\u00edcio\",\"item\":\"https:\/\/www.blogsoestado.com\/danielmatos\/\"},{\"@type\":\"ListItem\",\"position\":2,\"name\":\"Sai edital do primeiro concurso da C\u00e2mara de S\u00e3o Lu\u00eds\"}]},{\"@type\":\"WebSite\",\"@id\":\"https:\/\/www.blogsoestado.com\/danielmatos\/#website\",\"url\":\"https:\/\/www.blogsoestado.com\/danielmatos\/\",\"name\":\"Daniel Matos\",\"description\":\"\",\"potentialAction\":[{\"@type\":\"SearchAction\",\"target\":{\"@type\":\"EntryPoint\",\"urlTemplate\":\"https:\/\/www.blogsoestado.com\/danielmatos\/?s={search_term_string}\"},\"query-input\":{\"@type\":\"PropertyValueSpecification\",\"valueRequired\":true,\"valueName\":\"search_term_string\"}}],\"inLanguage\":\"pt-BR\"}]}<\/script>\n<!-- \/ Yoast SEO plugin. -->","yoast_head_json":{"title":"Sai edital do primeiro concurso da C\u00e2mara de S\u00e3o Lu\u00eds - Daniel Matos","robots":{"index":"index","follow":"follow","max-snippet":"max-snippet:-1","max-image-preview":"max-image-preview:large","max-video-preview":"max-video-preview:-1"},"canonical":"https:\/\/www.blogsoestado.com\/danielmatos\/sai-edital-do-primeiro-concurso-da-camara-de-sao-luis\/","og_locale":"pt_BR","og_type":"article","og_title":"Sai edital do primeiro concurso da C\u00e2mara de S\u00e3o Lu\u00eds - Daniel Matos","og_description":"Inscri\u00e7\u00f5es poder\u00e3o ser realizadas entre 27 de dezembro de 2018 a 6 de fevereiro de 2019 A partir da pr\u00f3xima [&hellip;]","og_url":"https:\/\/www.blogsoestado.com\/danielmatos\/sai-edital-do-primeiro-concurso-da-camara-de-sao-luis\/","og_site_name":"Daniel Matos","article_published_time":"2018-12-18T19:27:07+00:00","og_image":[{"url":"https:\/\/www.blogsoestado.com\/danielmatos\/files\/2018\/12\/concurso-cmsl.jpg","type":"","width":"","height":""}],"twitter_card":"summary_large_image","twitter_misc":{"Est. tempo de leitura":"2 minutos"},"schema":{"@context":"https:\/\/schema.org","@graph":[{"@type":"WebPage","@id":"https:\/\/www.blogsoestado.com\/danielmatos\/sai-edital-do-primeiro-concurso-da-camara-de-sao-luis\/","url":"https:\/\/www.blogsoestado.com\/danielmatos\/sai-edital-do-primeiro-concurso-da-camara-de-sao-luis\/","name":"Sai edital do primeiro concurso da C\u00e2mara de S\u00e3o Lu\u00eds - Daniel Matos","isPartOf":{"@id":"https:\/\/www.blogsoestado.com\/danielmatos\/#website"},"primaryImageOfPage":{"@id":"https:\/\/www.blogsoestado.com\/danielmatos\/sai-edital-do-primeiro-concurso-da-camara-de-sao-luis\/#primaryimage"},"image":{"@id":"https:\/\/www.blogsoestado.com\/danielmatos\/sai-edital-do-primeiro-concurso-da-camara-de-sao-luis\/#primaryimage"},"thumbnailUrl":"https:\/\/www.blogsoestado.com\/danielmatos\/files\/2018\/12\/concurso-cmsl.jpg","datePublished":"2018-12-18T19:27:07+00:00","author":{"@id":""},"breadcrumb":{"@id":"https:\/\/www.blogsoestado.com\/danielmatos\/sai-edital-do-primeiro-concurso-da-camara-de-sao-luis\/#breadcrumb"},"inLanguage":"pt-BR","potentialAction":[{"@type":"ReadAction","target":["https:\/\/www.blogsoestado.com\/danielmatos\/sai-edital-do-primeiro-concurso-da-camara-de-sao-luis\/"]}]},{"@type":"ImageObject","inLanguage":"pt-BR","@id":"https:\/\/www.blogsoestado.com\/danielmatos\/sai-edital-do-primeiro-concurso-da-camara-de-sao-luis\/#primaryimage","url":"https:\/\/www.blogsoestado.com\/danielmatos\/files\/2018\/12\/concurso-cmsl.jpg","contentUrl":"https:\/\/www.blogsoestado.com\/danielmatos\/files\/2018\/12\/concurso-cmsl.jpg"},{"@type":"BreadcrumbList","@id":"https:\/\/www.blogsoestado.com\/danielmatos\/sai-edital-do-primeiro-concurso-da-camara-de-sao-luis\/#breadcrumb","itemListElement":[{"@type":"ListItem","position":1,"name":"In\u00edcio","item":"https:\/\/www.blogsoestado.com\/danielmatos\/"},{"@type":"ListItem","position":2,"name":"Sai edital do primeiro concurso da C\u00e2mara de S\u00e3o Lu\u00eds"}]},{"@type":"WebSite","@id":"https:\/\/www.blogsoestado.com\/danielmatos\/#website","url":"https:\/\/www.blogsoestado.com\/danielmatos\/","name":"Daniel Matos","description":"","potentialAction":[{"@type":"SearchAction","target":{"@type":"EntryPoint","urlTemplate":"https:\/\/www.blogsoestado.com\/danielmatos\/?s={search_term_string}"},"query-input":{"@type":"PropertyValueSpecification","valueRequired":true,"valueName":"search_term_string"}}],"inLanguage":"pt-BR"}]}},"jetpack_featured_media_url":"","_links":{"self":[{"href":"https:\/\/www.blogsoestado.com\/danielmatos\/wp-json\/wp\/v2\/posts\/58903","targetHints":{"allow":["GET"]}}],"collection":[{"href":"https:\/\/www.blogsoestado.com\/danielmatos\/wp-json\/wp\/v2\/posts"}],"about":[{"href":"https:\/\/www.blogsoestado.com\/danielmatos\/wp-json\/wp\/v2\/types\/post"}],"replies":[{"embeddable":true,"href":"https:\/\/www.blogsoestado.com\/danielmatos\/wp-json\/wp\/v2\/comments?post=58903"}],"version-history":[{"count":0,"href":"https:\/\/www.blogsoestado.com\/danielmatos\/wp-json\/wp\/v2\/posts\/58903\/revisions"}],"wp:attachment":[{"href":"https:\/\/www.blogsoestado.com\/danielmatos\/wp-json\/wp\/v2\/media?parent=58903"}],"wp:term":[{"taxonomy":"category","embeddable":true,"href":"https:\/\/www.blogsoestado.com\/danielmatos\/wp-json\/wp\/v2\/categories?post=58903"},{"taxonomy":"post_tag","embeddable":true,"href":"https:\/\/www.blogsoestado.com\/danielmatos\/wp-json\/wp\/v2\/tags?post=58903"}],"curies":[{"name":"wp","href":"https:\/\/api.w.org\/{rel}","templated":true}]}}