{"id":58908,"date":"2018-12-18T18:22:49","date_gmt":"2018-12-18T21:22:49","guid":{"rendered":"https:\/\/www.blogsoestado.com\/danielmatos\/?p=58908"},"modified":"2018-12-18T18:22:49","modified_gmt":"2018-12-18T21:22:49","slug":"ze-gentil-e-diplomado-deputado-estadual","status":"publish","type":"post","link":"https:\/\/www.blogsoestado.com\/danielmatos\/ze-gentil-e-diplomado-deputado-estadual\/","title":{"rendered":"Z\u00e9 Gentil \u00e9 diplomado deputado estadual"},"content":{"rendered":"<figure id=\"attachment_58909\" aria-describedby=\"caption-attachment-58909\" style=\"width: 365px\" class=\"wp-caption alignleft\"><a href=\"https:\/\/www.blogsoestado.com\/danielmatos\/2018\/12\/18\/ze-gentil-e-diplomado-deputado-estadual\/ze-gentil-diplomado2\/\" rel=\"attachment wp-att-58909\"><img fetchpriority=\"high\" decoding=\"async\" class=\"wp-image-58909 size-full\" src=\"https:\/\/www.blogsoestado.com\/danielmatos\/files\/2018\/12\/ze-gentil-diplomado2.jpg\" alt=\"\" width=\"365\" height=\"563\" \/><\/a><figcaption id=\"caption-attachment-58909\" class=\"wp-caption-text\">Z\u00e9 Gentil recebe o diploma de deputado estadual das m\u00e3os do desembargador Tyrone, acompanhado do prefeito F\u00e1bio Gentil, seu filho<\/figcaption><\/figure>\n<p>O deputado estadual eleito Z\u00e9 Gentil (PRB) foi diplomado nesta ter\u00e7a-feira (18), em cerim\u00f4nia no Centro de Conven\u00e7\u00f5es Pedro Neiva de Santana. Ele estava acompanhado do prefeito de Caxias, F\u00e1bio Gentil (PRB), seu filho. Foi a terceira diploma\u00e7\u00e3o de Z\u00e9 Gentil para ocupar vaga na Assembleia Legislativa. Nas d\u00e9cadas de 80 e 90 ele tamb\u00e9m foi eleito e exerceu com destaque cargo no parlamento estadual.<\/p>\n<p>Acompanhado no palanque pelo prefeito F\u00e1bio Gentil, Z\u00e9 Gentil recebeu o diploma das m\u00e3os do desembargador Tyrone Jos\u00e9 Silva, membro do Tribunal Regional Eleitoral (TRE-MA). Visivelmente emocionando, o experiente pol\u00edtico exibiu, sob aplausos, o diploma para a plateia que assistia ao ato.<\/p>\n<p>Eleito com mais de 62.351l votos, Z\u00e9 Gentil foi o quarto deputado estadual mais votado no Maranh\u00e3o na \u00faltima elei\u00e7\u00e3o.\u00a0Tamb\u00e9m foi o deputado estadual com melhor desempenhos nas urnas da hist\u00f3ria de Caxias, cidade que lhe deu 31.487 votos.<\/p>\n<p>Em julgamento realizado semana passada, Z\u00e9 Gentil teve sua presta\u00e7\u00e3o de contas de campanha aprovadas por unanimidade pelo TRE-MA, que desconsiderou a contesta\u00e7\u00e3o apresentada pelo Minist\u00e9rio P\u00fablico. Os ju\u00edzes da corte eleitoral entenderam que as alega\u00e7\u00f5es do MP n\u00e3o eram suficientes para desaprovar as contas do deputado eleito.<\/p>\n<p>Agora \u00e9 aguardar a posse, dia 1\u00ba de fevereiro de 2019, e dar in\u00edcio ao trabalho no parlamento em prol da popula\u00e7\u00e3o de Caxias e de todo o Maranh\u00e3o.<\/p>\n<p><strong>Assista ao v\u00eddeo:<\/strong><\/p>\n<div class=\"ast-oembed-container \" style=\"height: 100%;\"><iframe title=\"Blog caio hostilio\" width=\"500\" height=\"281\" src=\"https:\/\/www.youtube.com\/embed\/06Z1Zi3nI8E?feature=oembed\" frameborder=\"0\" allow=\"accelerometer; autoplay; clipboard-write; encrypted-media; gyroscope; picture-in-picture; web-share\" referrerpolicy=\"strict-origin-when-cross-origin\" allowfullscreen><\/iframe><\/div>\n","protected":false},"excerpt":{"rendered":"<p>O deputado estadual eleito Z\u00e9 Gentil (PRB) foi diplomado nesta ter\u00e7a-feira (18), em cerim\u00f4nia no Centro de Conven\u00e7\u00f5es Pedro Neiva [&hellip;]<\/p>\n","protected":false},"author":0,"featured_media":0,"comment_status":"open","ping_status":"open","sticky":false,"template":"","format":"standard","meta":{"site-sidebar-layout":"default","site-content-layout":"","ast-site-content-layout":"default","site-content-style":"default","site-sidebar-style":"default","ast-global-header-display":"","ast-banner-title-visibility":"","ast-main-header-display":"","ast-hfb-above-header-display":"","ast-hfb-below-header-display":"","ast-hfb-mobile-header-display":"","site-post-title":"","ast-breadcrumbs-content":"","ast-featured-img":"","footer-sml-layout":"","ast-disable-related-posts":"","theme-transparent-header-meta":"","adv-header-id-meta":"","stick-header-meta":"","header-above-stick-meta":"","header-main-stick-meta":"","header-below-stick-meta":"","astra-migrate-meta-layouts":"default","ast-page-background-enabled":"default","ast-page-background-meta":{"desktop":{"background-color":"var(--ast-global-color-5)","background-image":"","background-repeat":"repeat","background-position":"center center","background-size":"auto","background-attachment":"scroll","background-type":"","background-media":"","overlay-type":"","overlay-color":"","overlay-opacity":"","overlay-gradient":""},"tablet":{"background-color":"","background-image":"","background-repeat":"repeat","background-position":"center center","background-size":"auto","background-attachment":"scroll","background-type":"","background-media":"","overlay-type":"","overlay-color":"","overlay-opacity":"","overlay-gradient":""},"mobile":{"background-color":"","background-image":"","background-repeat":"repeat","background-position":"center center","background-size":"auto","background-attachment":"scroll","background-type":"","background-media":"","overlay-type":"","overlay-color":"","overlay-opacity":"","overlay-gradient":""}},"ast-content-background-meta":{"desktop":{"background-color":"var(--ast-global-color-4)","background-image":"","background-repeat":"repeat","background-position":"center center","background-size":"auto","background-attachment":"scroll","background-type":"","background-media":"","overlay-type":"","overlay-color":"","overlay-opacity":"","overlay-gradient":""},"tablet":{"background-color":"var(--ast-global-color-4)","background-image":"","background-repeat":"repeat","background-position":"center center","background-size":"auto","background-attachment":"scroll","background-type":"","background-media":"","overlay-type":"","overlay-color":"","overlay-opacity":"","overlay-gradient":""},"mobile":{"background-color":"var(--ast-global-color-4)","background-image":"","background-repeat":"repeat","background-position":"center center","background-size":"auto","background-attachment":"scroll","background-type":"","background-media":"","overlay-type":"","overlay-color":"","overlay-opacity":"","overlay-gradient":""}},"footnotes":""},"categories":[1],"tags":[],"class_list":["post-58908","post","type-post","status-publish","format-standard","hentry","category-sem-categoria"],"yoast_head":"<!-- This site is optimized with the Yoast SEO plugin v26.6 - https:\/\/yoast.com\/wordpress\/plugins\/seo\/ -->\n<title>Z\u00e9 Gentil \u00e9 diplomado deputado estadual - Daniel Matos<\/title>\n<meta name=\"robots\" content=\"index, follow, max-snippet:-1, max-image-preview:large, max-video-preview:-1\" \/>\n<link rel=\"canonical\" href=\"https:\/\/www.blogsoestado.com\/danielmatos\/ze-gentil-e-diplomado-deputado-estadual\/\" \/>\n<meta property=\"og:locale\" content=\"pt_BR\" \/>\n<meta property=\"og:type\" content=\"article\" \/>\n<meta property=\"og:title\" content=\"Z\u00e9 Gentil \u00e9 diplomado deputado estadual - Daniel Matos\" \/>\n<meta property=\"og:description\" content=\"O deputado estadual eleito Z\u00e9 Gentil (PRB) foi diplomado nesta ter\u00e7a-feira (18), em cerim\u00f4nia no Centro de Conven\u00e7\u00f5es Pedro Neiva [&hellip;]\" \/>\n<meta property=\"og:url\" content=\"https:\/\/www.blogsoestado.com\/danielmatos\/ze-gentil-e-diplomado-deputado-estadual\/\" \/>\n<meta property=\"og:site_name\" content=\"Daniel Matos\" \/>\n<meta property=\"article:published_time\" content=\"2018-12-18T21:22:49+00:00\" \/>\n<meta property=\"og:image\" content=\"https:\/\/www.blogsoestado.com\/danielmatos\/files\/2018\/12\/ze-gentil-diplomado2.jpg\" \/>\n<meta name=\"twitter:card\" content=\"summary_large_image\" \/>\n<meta name=\"twitter:label1\" content=\"Est. tempo de leitura\" \/>\n\t<meta name=\"twitter:data1\" content=\"1 minuto\" \/>\n<script type=\"application\/ld+json\" class=\"yoast-schema-graph\">{\"@context\":\"https:\/\/schema.org\",\"@graph\":[{\"@type\":\"WebPage\",\"@id\":\"https:\/\/www.blogsoestado.com\/danielmatos\/ze-gentil-e-diplomado-deputado-estadual\/\",\"url\":\"https:\/\/www.blogsoestado.com\/danielmatos\/ze-gentil-e-diplomado-deputado-estadual\/\",\"name\":\"Z\u00e9 Gentil \u00e9 diplomado deputado estadual - Daniel Matos\",\"isPartOf\":{\"@id\":\"https:\/\/www.blogsoestado.com\/danielmatos\/#website\"},\"primaryImageOfPage\":{\"@id\":\"https:\/\/www.blogsoestado.com\/danielmatos\/ze-gentil-e-diplomado-deputado-estadual\/#primaryimage\"},\"image\":{\"@id\":\"https:\/\/www.blogsoestado.com\/danielmatos\/ze-gentil-e-diplomado-deputado-estadual\/#primaryimage\"},\"thumbnailUrl\":\"https:\/\/www.blogsoestado.com\/danielmatos\/files\/2018\/12\/ze-gentil-diplomado2.jpg\",\"datePublished\":\"2018-12-18T21:22:49+00:00\",\"author\":{\"@id\":\"\"},\"breadcrumb\":{\"@id\":\"https:\/\/www.blogsoestado.com\/danielmatos\/ze-gentil-e-diplomado-deputado-estadual\/#breadcrumb\"},\"inLanguage\":\"pt-BR\",\"potentialAction\":[{\"@type\":\"ReadAction\",\"target\":[\"https:\/\/www.blogsoestado.com\/danielmatos\/ze-gentil-e-diplomado-deputado-estadual\/\"]}]},{\"@type\":\"ImageObject\",\"inLanguage\":\"pt-BR\",\"@id\":\"https:\/\/www.blogsoestado.com\/danielmatos\/ze-gentil-e-diplomado-deputado-estadual\/#primaryimage\",\"url\":\"https:\/\/www.blogsoestado.com\/danielmatos\/files\/2018\/12\/ze-gentil-diplomado2.jpg\",\"contentUrl\":\"https:\/\/www.blogsoestado.com\/danielmatos\/files\/2018\/12\/ze-gentil-diplomado2.jpg\"},{\"@type\":\"BreadcrumbList\",\"@id\":\"https:\/\/www.blogsoestado.com\/danielmatos\/ze-gentil-e-diplomado-deputado-estadual\/#breadcrumb\",\"itemListElement\":[{\"@type\":\"ListItem\",\"position\":1,\"name\":\"In\u00edcio\",\"item\":\"https:\/\/www.blogsoestado.com\/danielmatos\/\"},{\"@type\":\"ListItem\",\"position\":2,\"name\":\"Z\u00e9 Gentil \u00e9 diplomado deputado estadual\"}]},{\"@type\":\"WebSite\",\"@id\":\"https:\/\/www.blogsoestado.com\/danielmatos\/#website\",\"url\":\"https:\/\/www.blogsoestado.com\/danielmatos\/\",\"name\":\"Daniel Matos\",\"description\":\"\",\"potentialAction\":[{\"@type\":\"SearchAction\",\"target\":{\"@type\":\"EntryPoint\",\"urlTemplate\":\"https:\/\/www.blogsoestado.com\/danielmatos\/?s={search_term_string}\"},\"query-input\":{\"@type\":\"PropertyValueSpecification\",\"valueRequired\":true,\"valueName\":\"search_term_string\"}}],\"inLanguage\":\"pt-BR\"}]}<\/script>\n<!-- \/ Yoast SEO plugin. -->","yoast_head_json":{"title":"Z\u00e9 Gentil \u00e9 diplomado deputado estadual - Daniel Matos","robots":{"index":"index","follow":"follow","max-snippet":"max-snippet:-1","max-image-preview":"max-image-preview:large","max-video-preview":"max-video-preview:-1"},"canonical":"https:\/\/www.blogsoestado.com\/danielmatos\/ze-gentil-e-diplomado-deputado-estadual\/","og_locale":"pt_BR","og_type":"article","og_title":"Z\u00e9 Gentil \u00e9 diplomado deputado estadual - Daniel Matos","og_description":"O deputado estadual eleito Z\u00e9 Gentil (PRB) foi diplomado nesta ter\u00e7a-feira (18), em cerim\u00f4nia no Centro de Conven\u00e7\u00f5es Pedro Neiva [&hellip;]","og_url":"https:\/\/www.blogsoestado.com\/danielmatos\/ze-gentil-e-diplomado-deputado-estadual\/","og_site_name":"Daniel Matos","article_published_time":"2018-12-18T21:22:49+00:00","og_image":[{"url":"https:\/\/www.blogsoestado.com\/danielmatos\/files\/2018\/12\/ze-gentil-diplomado2.jpg","type":"","width":"","height":""}],"twitter_card":"summary_large_image","twitter_misc":{"Est. tempo de leitura":"1 minuto"},"schema":{"@context":"https:\/\/schema.org","@graph":[{"@type":"WebPage","@id":"https:\/\/www.blogsoestado.com\/danielmatos\/ze-gentil-e-diplomado-deputado-estadual\/","url":"https:\/\/www.blogsoestado.com\/danielmatos\/ze-gentil-e-diplomado-deputado-estadual\/","name":"Z\u00e9 Gentil \u00e9 diplomado deputado estadual - Daniel Matos","isPartOf":{"@id":"https:\/\/www.blogsoestado.com\/danielmatos\/#website"},"primaryImageOfPage":{"@id":"https:\/\/www.blogsoestado.com\/danielmatos\/ze-gentil-e-diplomado-deputado-estadual\/#primaryimage"},"image":{"@id":"https:\/\/www.blogsoestado.com\/danielmatos\/ze-gentil-e-diplomado-deputado-estadual\/#primaryimage"},"thumbnailUrl":"https:\/\/www.blogsoestado.com\/danielmatos\/files\/2018\/12\/ze-gentil-diplomado2.jpg","datePublished":"2018-12-18T21:22:49+00:00","author":{"@id":""},"breadcrumb":{"@id":"https:\/\/www.blogsoestado.com\/danielmatos\/ze-gentil-e-diplomado-deputado-estadual\/#breadcrumb"},"inLanguage":"pt-BR","potentialAction":[{"@type":"ReadAction","target":["https:\/\/www.blogsoestado.com\/danielmatos\/ze-gentil-e-diplomado-deputado-estadual\/"]}]},{"@type":"ImageObject","inLanguage":"pt-BR","@id":"https:\/\/www.blogsoestado.com\/danielmatos\/ze-gentil-e-diplomado-deputado-estadual\/#primaryimage","url":"https:\/\/www.blogsoestado.com\/danielmatos\/files\/2018\/12\/ze-gentil-diplomado2.jpg","contentUrl":"https:\/\/www.blogsoestado.com\/danielmatos\/files\/2018\/12\/ze-gentil-diplomado2.jpg"},{"@type":"BreadcrumbList","@id":"https:\/\/www.blogsoestado.com\/danielmatos\/ze-gentil-e-diplomado-deputado-estadual\/#breadcrumb","itemListElement":[{"@type":"ListItem","position":1,"name":"In\u00edcio","item":"https:\/\/www.blogsoestado.com\/danielmatos\/"},{"@type":"ListItem","position":2,"name":"Z\u00e9 Gentil \u00e9 diplomado deputado estadual"}]},{"@type":"WebSite","@id":"https:\/\/www.blogsoestado.com\/danielmatos\/#website","url":"https:\/\/www.blogsoestado.com\/danielmatos\/","name":"Daniel Matos","description":"","potentialAction":[{"@type":"SearchAction","target":{"@type":"EntryPoint","urlTemplate":"https:\/\/www.blogsoestado.com\/danielmatos\/?s={search_term_string}"},"query-input":{"@type":"PropertyValueSpecification","valueRequired":true,"valueName":"search_term_string"}}],"inLanguage":"pt-BR"}]}},"jetpack_featured_media_url":"","_links":{"self":[{"href":"https:\/\/www.blogsoestado.com\/danielmatos\/wp-json\/wp\/v2\/posts\/58908","targetHints":{"allow":["GET"]}}],"collection":[{"href":"https:\/\/www.blogsoestado.com\/danielmatos\/wp-json\/wp\/v2\/posts"}],"about":[{"href":"https:\/\/www.blogsoestado.com\/danielmatos\/wp-json\/wp\/v2\/types\/post"}],"replies":[{"embeddable":true,"href":"https:\/\/www.blogsoestado.com\/danielmatos\/wp-json\/wp\/v2\/comments?post=58908"}],"version-history":[{"count":0,"href":"https:\/\/www.blogsoestado.com\/danielmatos\/wp-json\/wp\/v2\/posts\/58908\/revisions"}],"wp:attachment":[{"href":"https:\/\/www.blogsoestado.com\/danielmatos\/wp-json\/wp\/v2\/media?parent=58908"}],"wp:term":[{"taxonomy":"category","embeddable":true,"href":"https:\/\/www.blogsoestado.com\/danielmatos\/wp-json\/wp\/v2\/categories?post=58908"},{"taxonomy":"post_tag","embeddable":true,"href":"https:\/\/www.blogsoestado.com\/danielmatos\/wp-json\/wp\/v2\/tags?post=58908"}],"curies":[{"name":"wp","href":"https:\/\/api.w.org\/{rel}","templated":true}]}}